{"id":98886,"date":"2025-12-16T19:28:13","date_gmt":"2025-12-17T00:28:13","guid":{"rendered":"https:\/\/inspectornocturno.com.mx\/?p=98886"},"modified":"2025-12-16T19:28:15","modified_gmt":"2025-12-17T00:28:15","slug":"impulsa-mara-lezama-el-reconocimiento-y-la-preservacion-de-la-cultura-maya-como-eje-de-bienestar-social","status":"publish","type":"post","link":"https:\/\/inspectornocturno.com.mx\/?p=98886","title":{"rendered":"IMPULSA MARA LEZAMA EL RECONOCIMIENTO Y LA PRESERVACI\u00d3N DE LA CULTURA MAYA COMO EJE DE BIENESTAR SOCIAL"},"content":{"rendered":"\n<p>\ud83d\udd3aEmotivo encuentro por el D\u00eda Nacional de la Cultura Maya reafirma el compromiso de poner al pueblo en el centro de las decisiones.<\/p>\n\n\n\n<p>Felipe Carrillo Puerto.- En el marco de la conmemoraci\u00f3n del D\u00eda Nacional de la Cultura Maya (\u201cU K\u2019iinbesa\u2019al U Noj K\u2019iinil Maaya Miatsi\u201d) en Felipe Carrillo Puerto, la gobernadora Mara Lezama Espinosa afirm\u00f3 que hoy la voz del pueblo Maya se respeta y se coloca en el centro de cualquiera de las decisiones.<\/p>\n\n\n\n<p>\u201cFirmamos un Acuerdo por el Bienestar y Desarrollo de Quintana Roo, y era justamente esto: visibilizar nuestra cultura Maya, portando esto que hacen nuestras artesanas, nuestros artesanos; promoviendo el urdido de hamacas, tallando en madera, lo que hacen todos los d\u00edas, y tambi\u00e9n logrando una prosperidad compartida; que deje de ser el centro del estado, la zona Maya, una regi\u00f3n en donde nada m\u00e1s ve\u00eda pasar la prosperidad y el \u00e9xito, y que se traduzca en bienestar para sus hogares\u201d, puntualiz\u00f3 la Gobernadora.<\/p>\n\n\n\n<p>Con la presencia de 490 dignatarias y dignatarios mayas de los cinco centros ceremoniales y las tres iglesias mayas del estado, la gobernadora de Quintana Roo inform\u00f3 que est\u00e1 muy avanzada la construcci\u00f3n de un nuevo hospital en Felipe Carrillo Puerto, de 60 camas, con el que por primera vez en la historia la zona Maya tendr\u00e1 un tom\u00f3grafo, densitometr\u00eda, rayos X.<\/p>\n\n\n\n<p>\u201cPor primera vez, ser\u00e1 un hospital de primer nivel, digno para la zona Maya, que esperamos terminar el pr\u00f3ximo a\u00f1o\u201d, agreg\u00f3 la Gobernadora al mencionar que ya se autoriz\u00f3 la creaci\u00f3n, en el hospital general, de un espacio de parto intercultural para las mujeres mayas.<\/p>\n\n\n\n<p>Por otra parte, dio a conocer que la Puerta al Mar tambi\u00e9n es una realidad y a punto de inaugurarlo.<\/p>\n\n\n\n<p>Este encuentro fue organizado a trav\u00e9s del Instituto para el Desarrollo del Pueblo Maya y las Comunidades Ind\u00edgenas del Estado, un espacio que permiti\u00f3 honrar a quienes mantienen vivas las tradiciones, la espiritualidad y la identidad del pueblo maya.<\/p>\n\n\n\n<p>La presencia de la Gobernadora marc\u00f3 un momento especial, al convivir y dialogar directamente con las y los dignatarios mayas y sus familias, quienes recibieron con alegr\u00eda su cercan\u00eda y reconocimiento, destac\u00f3 el titular del INMAYA, Enrique Chuc, al presentar la exposici\u00f3n de motivos resaltando el esfuerzo conjunto para fortalecer los espacios de preservaci\u00f3n cultural que sostienen la vida comunitaria del pueblo maya.<\/p>\n\n\n\n<p>Durante la jornada se realiz\u00f3 la entrega de apoyos a las y los representantes de los centros ceremoniales de Chancah Veracruz, La Cruz Parlante, Tixcacal Guardia, Chump\u00f3n y Tulum, as\u00ed como de las iglesias mayas de X-Yatil, Yaxley y Kantunilk\u00edn, reforzando una tradici\u00f3n que desde hace m\u00e1s de 25 a\u00f1os reconoce y respalda a quienes resguardan la espiritualidad, las ceremonias y la vida comunitaria del pueblo maya.<\/p>\n\n\n\n<p>El ambiente se llen\u00f3 de alegr\u00eda con la participaci\u00f3n del Coro Infantil SAYAB K\u2019AAY y la presentaci\u00f3n de danza folcl\u00f3rica, seguidas de un desayuno compartido entre la Gobernadora, las autoridades mayas y sus familias, en un gesto que refleja respeto, cercan\u00eda y reconocimiento mutuo.<\/p>\n","protected":false},"excerpt":{"rendered":"<p>\ud83d\udd3aEmotivo encuentro por el D\u00eda Nacional de la Cultura Maya reafirma el compromiso de poner al pueblo en el centro de las decisiones. Felipe Carrillo Puerto.- En el marco de la conmemoraci\u00f3n del D\u00eda Nacional de la Cultura Maya (\u201cU K\u2019iinbesa\u2019al U Noj K\u2019iinil Maaya Miatsi\u201d) en Felipe Carrillo Puerto, la gobernadora Mara Lezama Espinosa [&hellip;]<\/p>\n","protected":false},"author":7,"featured_media":98889,"comment_status":"closed","ping_status":"closed","sticky":false,"template":"","format":"standard","meta":{"footnotes":"","_wpscppro_dont_share_socialmedia":false,"_wpscppro_custom_social_share_image":0,"_facebook_share_type":"default","_twitter_share_type":"default","_linkedin_share_type":"default","_pinterest_share_type":"default","_linkedin_share_type_page":"default","_instagram_share_type":"default","_medium_share_type":"","_threads_share_type":"","_google_business_share_type":"","_selected_social_profile":[{"id":753595702106742800,"platform":"twitter","platformKey":0,"name":"InspectorNocturnoOficial","thumbnail_url":"http:\/\/pbs.twimg.com\/profile_images\/869067525337862144\/lyGXp0kf_normal.jpg","share_type":"default"}],"_wpsp_enable_custom_social_template":false,"_wpsp_social_scheduling":{"enabled":false,"datetime":null,"platforms":[],"status":"template_only","dateOption":"today","timeOption":"now","customDays":"","customHours":"","customDate":"","customTime":"","schedulingType":"absolute"},"_wpsp_active_default_template":true},"categories":[54,69,3],"tags":[],"class_list":["post-98886","post","type-post","status-publish","format-standard","has-post-thumbnail","hentry","category-felipe-carrillo-puerto","category-politica","category-quintana-roo"],"yoast_head":"<!-- This site is optimized with the Yoast SEO plugin v27.4 - https:\/\/yoast.com\/product\/yoast-seo-wordpress\/ -->\n<title>IMPULSA MARA LEZAMA EL RECONOCIMIENTO Y LA PRESERVACI\u00d3N DE LA CULTURA MAYA COMO EJE DE BIENESTAR SOCIAL - Inspector Nocturno<\/title>\n<meta name=\"robots\" content=\"index, follow, max-snippet:-1, max-image-preview:large, max-video-preview:-1\" \/>\n<link rel=\"canonical\" href=\"https:\/\/inspectornocturno.com.mx\/?p=98886\" \/>\n<meta property=\"og:locale\" content=\"es_ES\" \/>\n<meta property=\"og:type\" content=\"article\" \/>\n<meta property=\"og:title\" content=\"IMPULSA MARA LEZAMA EL RECONOCIMIENTO Y LA PRESERVACI\u00d3N DE LA CULTURA MAYA COMO EJE DE BIENESTAR SOCIAL - Inspector Nocturno\" \/>\n<meta property=\"og:description\" content=\"\ud83d\udd3aEmotivo encuentro por el D\u00eda Nacional de la Cultura Maya reafirma el compromiso de poner al pueblo en el centro de las decisiones. Felipe Carrillo Puerto.- En el marco de la conmemoraci\u00f3n del D\u00eda Nacional de la Cultura Maya (\u201cU K\u2019iinbesa\u2019al U Noj K\u2019iinil Maaya Miatsi\u201d) en Felipe Carrillo Puerto, la gobernadora Mara Lezama Espinosa [&hellip;]\" \/>\n<meta property=\"og:url\" content=\"https:\/\/inspectornocturno.com.mx\/?p=98886\" \/>\n<meta property=\"og:site_name\" content=\"Inspector Nocturno\" \/>\n<meta property=\"article:published_time\" content=\"2025-12-17T00:28:13+00:00\" \/>\n<meta property=\"article:modified_time\" content=\"2025-12-17T00:28:15+00:00\" \/>\n<meta property=\"og:image\" content=\"https:\/\/inspectornocturno.com.mx\/wp-content\/uploads\/2025\/12\/WhatsApp-Image-2025-12-16-at-4.55.09-PM-scaled.jpeg\" \/>\n\t<meta property=\"og:image:width\" content=\"900\" \/>\n\t<meta property=\"og:image:height\" content=\"478\" \/>\n\t<meta property=\"og:image:type\" content=\"image\/jpeg\" \/>\n<meta name=\"author\" content=\"Inspector Nocturno\" \/>\n<meta name=\"twitter:card\" content=\"summary_large_image\" \/>\n<script type=\"application\/ld+json\" class=\"yoast-schema-graph\">{\"@context\":\"https:\\\/\\\/schema.org\",\"@graph\":[{\"@type\":\"Article\",\"@id\":\"https:\\\/\\\/inspectornocturno.com.mx\\\/?p=98886#article\",\"isPartOf\":{\"@id\":\"https:\\\/\\\/inspectornocturno.com.mx\\\/?p=98886\"},\"author\":{\"name\":\"Inspector Nocturno\",\"@id\":\"https:\\\/\\\/inspectornocturno.com.mx\\\/#\\\/schema\\\/person\\\/969c25a2260bdff0de14d7ccb1e77752\"},\"headline\":\"IMPULSA MARA LEZAMA EL RECONOCIMIENTO Y LA PRESERVACI\u00d3N DE LA CULTURA MAYA COMO EJE DE BIENESTAR SOCIAL\",\"datePublished\":\"2025-12-17T00:28:13+00:00\",\"dateModified\":\"2025-12-17T00:28:15+00:00\",\"mainEntityOfPage\":{\"@id\":\"https:\\\/\\\/inspectornocturno.com.mx\\\/?p=98886\"},\"wordCount\":550,\"publisher\":{\"@id\":\"https:\\\/\\\/inspectornocturno.com.mx\\\/#\\\/schema\\\/person\\\/63eb343fea17271215b1dd2793b27897\"},\"image\":{\"@id\":\"https:\\\/\\\/inspectornocturno.com.mx\\\/?p=98886#primaryimage\"},\"thumbnailUrl\":\"https:\\\/\\\/inspectornocturno.com.mx\\\/wp-content\\\/uploads\\\/2025\\\/12\\\/WhatsApp-Image-2025-12-16-at-4.55.09-PM-scaled.jpeg\",\"articleSection\":[\"Felipe Carrillo Puerto\",\"Pol\u00edtica\",\"Quintana Roo\"],\"inLanguage\":\"es\"},{\"@type\":\"WebPage\",\"@id\":\"https:\\\/\\\/inspectornocturno.com.mx\\\/?p=98886\",\"url\":\"https:\\\/\\\/inspectornocturno.com.mx\\\/?p=98886\",\"name\":\"IMPULSA MARA LEZAMA EL RECONOCIMIENTO Y LA PRESERVACI\u00d3N DE LA CULTURA MAYA COMO EJE DE BIENESTAR SOCIAL - Inspector Nocturno\",\"isPartOf\":{\"@id\":\"https:\\\/\\\/inspectornocturno.com.mx\\\/#website\"},\"primaryImageOfPage\":{\"@id\":\"https:\\\/\\\/inspectornocturno.com.mx\\\/?p=98886#primaryimage\"},\"image\":{\"@id\":\"https:\\\/\\\/inspectornocturno.com.mx\\\/?p=98886#primaryimage\"},\"thumbnailUrl\":\"https:\\\/\\\/inspectornocturno.com.mx\\\/wp-content\\\/uploads\\\/2025\\\/12\\\/WhatsApp-Image-2025-12-16-at-4.55.09-PM-scaled.jpeg\",\"datePublished\":\"2025-12-17T00:28:13+00:00\",\"dateModified\":\"2025-12-17T00:28:15+00:00\",\"breadcrumb\":{\"@id\":\"https:\\\/\\\/inspectornocturno.com.mx\\\/?p=98886#breadcrumb\"},\"inLanguage\":\"es\",\"potentialAction\":[{\"@type\":\"ReadAction\",\"target\":[\"https:\\\/\\\/inspectornocturno.com.mx\\\/?p=98886\"]}]},{\"@type\":\"ImageObject\",\"inLanguage\":\"es\",\"@id\":\"https:\\\/\\\/inspectornocturno.com.mx\\\/?p=98886#primaryimage\",\"url\":\"https:\\\/\\\/inspectornocturno.com.mx\\\/wp-content\\\/uploads\\\/2025\\\/12\\\/WhatsApp-Image-2025-12-16-at-4.55.09-PM-scaled.jpeg\",\"contentUrl\":\"https:\\\/\\\/inspectornocturno.com.mx\\\/wp-content\\\/uploads\\\/2025\\\/12\\\/WhatsApp-Image-2025-12-16-at-4.55.09-PM-scaled.jpeg\",\"width\":900,\"height\":478},{\"@type\":\"BreadcrumbList\",\"@id\":\"https:\\\/\\\/inspectornocturno.com.mx\\\/?p=98886#breadcrumb\",\"itemListElement\":[{\"@type\":\"ListItem\",\"position\":1,\"name\":\"Portada\",\"item\":\"https:\\\/\\\/inspectornocturno.com.mx\\\/\"},{\"@type\":\"ListItem\",\"position\":2,\"name\":\"IMPULSA MARA LEZAMA EL RECONOCIMIENTO Y LA PRESERVACI\u00d3N DE LA CULTURA MAYA COMO EJE DE BIENESTAR SOCIAL\"}]},{\"@type\":\"WebSite\",\"@id\":\"https:\\\/\\\/inspectornocturno.com.mx\\\/#website\",\"url\":\"https:\\\/\\\/inspectornocturno.com.mx\\\/\",\"name\":\"Inspector Nocturno\",\"description\":\"Canc\u00fan, noticias al minuto del inspector nocturno\",\"publisher\":{\"@id\":\"https:\\\/\\\/inspectornocturno.com.mx\\\/#\\\/schema\\\/person\\\/63eb343fea17271215b1dd2793b27897\"},\"alternateName\":\"Noticias de impacto al momento de los hechos\",\"potentialAction\":[{\"@type\":\"SearchAction\",\"target\":{\"@type\":\"EntryPoint\",\"urlTemplate\":\"https:\\\/\\\/inspectornocturno.com.mx\\\/?s={search_term_string}\"},\"query-input\":{\"@type\":\"PropertyValueSpecification\",\"valueRequired\":true,\"valueName\":\"search_term_string\"}}],\"inLanguage\":\"es\"},{\"@type\":[\"Person\",\"Organization\"],\"@id\":\"https:\\\/\\\/inspectornocturno.com.mx\\\/#\\\/schema\\\/person\\\/63eb343fea17271215b1dd2793b27897\",\"name\":\"Inspector Nocturno\",\"image\":{\"@type\":\"ImageObject\",\"inLanguage\":\"es\",\"@id\":\"https:\\\/\\\/inspectornocturno.com.mx\\\/wp-content\\\/uploads\\\/2021\\\/10\\\/logo-transparente.png\",\"url\":\"https:\\\/\\\/inspectornocturno.com.mx\\\/wp-content\\\/uploads\\\/2021\\\/10\\\/logo-transparente.png\",\"contentUrl\":\"https:\\\/\\\/inspectornocturno.com.mx\\\/wp-content\\\/uploads\\\/2021\\\/10\\\/logo-transparente.png\",\"width\":561,\"height\":668,\"caption\":\"Inspector Nocturno\"},\"logo\":{\"@id\":\"https:\\\/\\\/inspectornocturno.com.mx\\\/wp-content\\\/uploads\\\/2021\\\/10\\\/logo-transparente.png\"},\"sameAs\":[\"http:\\\/\\\/inspectornocturno.com.mx\"]},{\"@type\":\"Person\",\"@id\":\"https:\\\/\\\/inspectornocturno.com.mx\\\/#\\\/schema\\\/person\\\/969c25a2260bdff0de14d7ccb1e77752\",\"name\":\"Inspector Nocturno\"}]}<\/script>\n<!-- \/ Yoast SEO plugin. -->","yoast_head_json":{"title":"IMPULSA MARA LEZAMA EL RECONOCIMIENTO Y LA PRESERVACI\u00d3N DE LA CULTURA MAYA COMO EJE DE BIENESTAR SOCIAL - Inspector Nocturno","robots":{"index":"index","follow":"follow","max-snippet":"max-snippet:-1","max-image-preview":"max-image-preview:large","max-video-preview":"max-video-preview:-1"},"canonical":"https:\/\/inspectornocturno.com.mx\/?p=98886","og_locale":"es_ES","og_type":"article","og_title":"IMPULSA MARA LEZAMA EL RECONOCIMIENTO Y LA PRESERVACI\u00d3N DE LA CULTURA MAYA COMO EJE DE BIENESTAR SOCIAL - Inspector Nocturno","og_description":"\ud83d\udd3aEmotivo encuentro por el D\u00eda Nacional de la Cultura Maya reafirma el compromiso de poner al pueblo en el centro de las decisiones. Felipe Carrillo Puerto.- En el marco de la conmemoraci\u00f3n del D\u00eda Nacional de la Cultura Maya (\u201cU K\u2019iinbesa\u2019al U Noj K\u2019iinil Maaya Miatsi\u201d) en Felipe Carrillo Puerto, la gobernadora Mara Lezama Espinosa [&hellip;]","og_url":"https:\/\/inspectornocturno.com.mx\/?p=98886","og_site_name":"Inspector Nocturno","article_published_time":"2025-12-17T00:28:13+00:00","article_modified_time":"2025-12-17T00:28:15+00:00","og_image":[{"width":900,"height":478,"url":"https:\/\/inspectornocturno.com.mx\/wp-content\/uploads\/2025\/12\/WhatsApp-Image-2025-12-16-at-4.55.09-PM-scaled.jpeg","type":"image\/jpeg"}],"author":"Inspector Nocturno","twitter_card":"summary_large_image","schema":{"@context":"https:\/\/schema.org","@graph":[{"@type":"Article","@id":"https:\/\/inspectornocturno.com.mx\/?p=98886#article","isPartOf":{"@id":"https:\/\/inspectornocturno.com.mx\/?p=98886"},"author":{"name":"Inspector Nocturno","@id":"https:\/\/inspectornocturno.com.mx\/#\/schema\/person\/969c25a2260bdff0de14d7ccb1e77752"},"headline":"IMPULSA MARA LEZAMA EL RECONOCIMIENTO Y LA PRESERVACI\u00d3N DE LA CULTURA MAYA COMO EJE DE BIENESTAR SOCIAL","datePublished":"2025-12-17T00:28:13+00:00","dateModified":"2025-12-17T00:28:15+00:00","mainEntityOfPage":{"@id":"https:\/\/inspectornocturno.com.mx\/?p=98886"},"wordCount":550,"publisher":{"@id":"https:\/\/inspectornocturno.com.mx\/#\/schema\/person\/63eb343fea17271215b1dd2793b27897"},"image":{"@id":"https:\/\/inspectornocturno.com.mx\/?p=98886#primaryimage"},"thumbnailUrl":"https:\/\/inspectornocturno.com.mx\/wp-content\/uploads\/2025\/12\/WhatsApp-Image-2025-12-16-at-4.55.09-PM-scaled.jpeg","articleSection":["Felipe Carrillo Puerto","Pol\u00edtica","Quintana Roo"],"inLanguage":"es"},{"@type":"WebPage","@id":"https:\/\/inspectornocturno.com.mx\/?p=98886","url":"https:\/\/inspectornocturno.com.mx\/?p=98886","name":"IMPULSA MARA LEZAMA EL RECONOCIMIENTO Y LA PRESERVACI\u00d3N DE LA CULTURA MAYA COMO EJE DE BIENESTAR SOCIAL - Inspector Nocturno","isPartOf":{"@id":"https:\/\/inspectornocturno.com.mx\/#website"},"primaryImageOfPage":{"@id":"https:\/\/inspectornocturno.com.mx\/?p=98886#primaryimage"},"image":{"@id":"https:\/\/inspectornocturno.com.mx\/?p=98886#primaryimage"},"thumbnailUrl":"https:\/\/inspectornocturno.com.mx\/wp-content\/uploads\/2025\/12\/WhatsApp-Image-2025-12-16-at-4.55.09-PM-scaled.jpeg","datePublished":"2025-12-17T00:28:13+00:00","dateModified":"2025-12-17T00:28:15+00:00","breadcrumb":{"@id":"https:\/\/inspectornocturno.com.mx\/?p=98886#breadcrumb"},"inLanguage":"es","potentialAction":[{"@type":"ReadAction","target":["https:\/\/inspectornocturno.com.mx\/?p=98886"]}]},{"@type":"ImageObject","inLanguage":"es","@id":"https:\/\/inspectornocturno.com.mx\/?p=98886#primaryimage","url":"https:\/\/inspectornocturno.com.mx\/wp-content\/uploads\/2025\/12\/WhatsApp-Image-2025-12-16-at-4.55.09-PM-scaled.jpeg","contentUrl":"https:\/\/inspectornocturno.com.mx\/wp-content\/uploads\/2025\/12\/WhatsApp-Image-2025-12-16-at-4.55.09-PM-scaled.jpeg","width":900,"height":478},{"@type":"BreadcrumbList","@id":"https:\/\/inspectornocturno.com.mx\/?p=98886#breadcrumb","itemListElement":[{"@type":"ListItem","position":1,"name":"Portada","item":"https:\/\/inspectornocturno.com.mx\/"},{"@type":"ListItem","position":2,"name":"IMPULSA MARA LEZAMA EL RECONOCIMIENTO Y LA PRESERVACI\u00d3N DE LA CULTURA MAYA COMO EJE DE BIENESTAR SOCIAL"}]},{"@type":"WebSite","@id":"https:\/\/inspectornocturno.com.mx\/#website","url":"https:\/\/inspectornocturno.com.mx\/","name":"Inspector Nocturno","description":"Canc\u00fan, noticias al minuto del inspector nocturno","publisher":{"@id":"https:\/\/inspectornocturno.com.mx\/#\/schema\/person\/63eb343fea17271215b1dd2793b27897"},"alternateName":"Noticias de impacto al momento de los hechos","potentialAction":[{"@type":"SearchAction","target":{"@type":"EntryPoint","urlTemplate":"https:\/\/inspectornocturno.com.mx\/?s={search_term_string}"},"query-input":{"@type":"PropertyValueSpecification","valueRequired":true,"valueName":"search_term_string"}}],"inLanguage":"es"},{"@type":["Person","Organization"],"@id":"https:\/\/inspectornocturno.com.mx\/#\/schema\/person\/63eb343fea17271215b1dd2793b27897","name":"Inspector Nocturno","image":{"@type":"ImageObject","inLanguage":"es","@id":"https:\/\/inspectornocturno.com.mx\/wp-content\/uploads\/2021\/10\/logo-transparente.png","url":"https:\/\/inspectornocturno.com.mx\/wp-content\/uploads\/2021\/10\/logo-transparente.png","contentUrl":"https:\/\/inspectornocturno.com.mx\/wp-content\/uploads\/2021\/10\/logo-transparente.png","width":561,"height":668,"caption":"Inspector Nocturno"},"logo":{"@id":"https:\/\/inspectornocturno.com.mx\/wp-content\/uploads\/2021\/10\/logo-transparente.png"},"sameAs":["http:\/\/inspectornocturno.com.mx"]},{"@type":"Person","@id":"https:\/\/inspectornocturno.com.mx\/#\/schema\/person\/969c25a2260bdff0de14d7ccb1e77752","name":"Inspector Nocturno"}]}},"views":12,"_links":{"self":[{"href":"https:\/\/inspectornocturno.com.mx\/index.php?rest_route=\/wp\/v2\/posts\/98886","targetHints":{"allow":["GET"]}}],"collection":[{"href":"https:\/\/inspectornocturno.com.mx\/index.php?rest_route=\/wp\/v2\/posts"}],"about":[{"href":"https:\/\/inspectornocturno.com.mx\/index.php?rest_route=\/wp\/v2\/types\/post"}],"author":[{"embeddable":true,"href":"https:\/\/inspectornocturno.com.mx\/index.php?rest_route=\/wp\/v2\/users\/7"}],"replies":[{"embeddable":true,"href":"https:\/\/inspectornocturno.com.mx\/index.php?rest_route=%2Fwp%2Fv2%2Fcomments&post=98886"}],"version-history":[{"count":1,"href":"https:\/\/inspectornocturno.com.mx\/index.php?rest_route=\/wp\/v2\/posts\/98886\/revisions"}],"predecessor-version":[{"id":98890,"href":"https:\/\/inspectornocturno.com.mx\/index.php?rest_route=\/wp\/v2\/posts\/98886\/revisions\/98890"}],"wp:featuredmedia":[{"embeddable":true,"href":"https:\/\/inspectornocturno.com.mx\/index.php?rest_route=\/wp\/v2\/media\/98889"}],"wp:attachment":[{"href":"https:\/\/inspectornocturno.com.mx\/index.php?rest_route=%2Fwp%2Fv2%2Fmedia&parent=98886"}],"wp:term":[{"taxonomy":"category","embeddable":true,"href":"https:\/\/inspectornocturno.com.mx\/index.php?rest_route=%2Fwp%2Fv2%2Fcategories&post=98886"},{"taxonomy":"post_tag","embeddable":true,"href":"https:\/\/inspectornocturno.com.mx\/index.php?rest_route=%2Fwp%2Fv2%2Ftags&post=98886"}],"curies":[{"name":"wp","href":"https:\/\/api.w.org\/{rel}","templated":true}]}}