{"id":9667,"date":"2021-12-31T17:24:55","date_gmt":"2021-12-31T22:24:55","guid":{"rendered":"https:\/\/inspectornocturno.com.mx\/?p=9667"},"modified":"2021-12-31T17:24:56","modified_gmt":"2021-12-31T22:24:56","slug":"vuelo-de-frontier-se-declara-en-emergencia","status":"publish","type":"post","link":"https:\/\/inspectornocturno.com.mx\/?p=9667","title":{"rendered":"VUELO DE FRONTIER SE DECLARA EN EMERGENCIA"},"content":{"rendered":"\n<p>\ud83d\udd3a De manera inmediata todos los pasajeros y tripulaci\u00f3n fueron evacuados, porque el avi\u00f3n present\u00f3 una falla por falta de mantenimiento (video).<\/p>\n\n\n\n<p>Canc\u00fan.- La falta de equipo y personal en el Aeropuerto Internacional de Canc\u00fan, dej\u00f3 varados a m\u00e1s de 50 pasajeros de un vuelo de la l\u00ednea Frontier, pues los pilotos declararon emergencia y no lograron despegar.<\/p>\n\n\n\n<figure class=\"wp-block-image size-full\"><img decoding=\"async\" width=\"720\" height=\"400\" data-src=\"https:\/\/inspectornocturno.com.mx\/wp-content\/uploads\/2021\/12\/IMG_20211231_161759.jpg\" alt=\"\" class=\"wp-image-9669 lazyload\" data-srcset=\"https:\/\/inspectornocturno.com.mx\/wp-content\/uploads\/2021\/12\/IMG_20211231_161759.jpg 720w, https:\/\/inspectornocturno.com.mx\/wp-content\/uploads\/2021\/12\/IMG_20211231_161759-300x168.jpg 300w, https:\/\/inspectornocturno.com.mx\/wp-content\/uploads\/2021\/12\/IMG_20211231_161759-215x120.jpg 215w\" data-sizes=\"(max-width: 720px) 100vw, 720px\" src=\"data:image\/svg+xml;base64,PHN2ZyB3aWR0aD0iMSIgaGVpZ2h0PSIxIiB4bWxucz0iaHR0cDovL3d3dy53My5vcmcvMjAwMC9zdmciPjwvc3ZnPg==\" style=\"--smush-placeholder-width: 720px; --smush-placeholder-aspect-ratio: 720\/400;\" \/><\/figure>\n\n\n\n<p>Este caso sucedi\u00f3 la tarde de este viernes, cuando el avi\u00f3n con matr\u00edcula N708FR, estaba a punto de despegar, pero de un momento a otro present\u00f3 una falla por falta de mantenimiento.<\/p>\n\n\n\n<p>Lo antes dicho provoc\u00f3 que de manera inmediata todos los pasajeros y tripulaci\u00f3n fueron evacuados, ya que se dijo era una situaci\u00f3n de emergencia, solicitando a personal de Asur dos autobuses para no dejar a la gente a mitad de pista.<\/p>\n\n\n\n<figure class=\"wp-block-video\"><video height=\"480\" style=\"aspect-ratio: 848 \/ 480;\" width=\"848\" controls src=\"https:\/\/inspectornocturno.com.mx\/wp-content\/uploads\/2021\/12\/video_watermark1640988020534.mp4\"><\/video><\/figure>\n\n\n\n<p>Ante la falta de equipo y veh\u00edculos por parte del aeropuerto, los pasajeros tuvieron que caminar hacia la terminal uno, donde permanecieron sin vigilancia y expuestos a sufrir alg\u00fan incidente, ya que algunos estaban fumando cerca de la zona de turbosina.<\/p>\n","protected":false},"excerpt":{"rendered":"<p>\ud83d\udd3a De manera inmediata todos los pasajeros y tripulaci\u00f3n fueron evacuados, porque el avi\u00f3n present\u00f3 una falla por falta de mantenimiento (video). Canc\u00fan.- La falta de equipo y personal en el Aeropuerto Internacional de Canc\u00fan, dej\u00f3 varados a m\u00e1s de 50 pasajeros de un vuelo de la l\u00ednea Frontier, pues los pilotos declararon emergencia y [&hellip;]<\/p>\n","protected":false},"author":3,"featured_media":9670,"comment_status":"closed","ping_status":"closed","sticky":false,"template":"","format":"standard","meta":{"footnotes":"","_wpscppro_dont_share_socialmedia":false,"_wpscppro_custom_social_share_image":0,"_facebook_share_type":"","_twitter_share_type":"","_linkedin_share_type":"","_pinterest_share_type":"","_linkedin_share_type_page":"","_instagram_share_type":"","_medium_share_type":"","_threads_share_type":"","_google_business_share_type":"","_selected_social_profile":[],"_wpsp_enable_custom_social_template":false,"_wpsp_social_scheduling":{"enabled":false,"datetime":null,"platforms":[],"status":"template_only","dateOption":"today","timeOption":"now","customDays":"","customHours":"","customDate":"","customTime":"","schedulingType":"absolute"},"_wpsp_active_default_template":true},"categories":[57,75],"tags":[],"class_list":["post-9667","post","type-post","status-publish","format-standard","has-post-thumbnail","hentry","category-cancun","category-policia"],"yoast_head":"<!-- This site is optimized with the Yoast SEO plugin v27.4 - https:\/\/yoast.com\/product\/yoast-seo-wordpress\/ -->\n<title>VUELO DE FRONTIER SE DECLARA EN EMERGENCIA - Inspector Nocturno<\/title>\n<meta name=\"robots\" content=\"index, follow, max-snippet:-1, max-image-preview:large, max-video-preview:-1\" \/>\n<link rel=\"canonical\" href=\"https:\/\/inspectornocturno.com.mx\/?p=9667\" \/>\n<meta property=\"og:locale\" content=\"es_ES\" \/>\n<meta property=\"og:type\" content=\"article\" \/>\n<meta property=\"og:title\" content=\"VUELO DE FRONTIER SE DECLARA EN EMERGENCIA - Inspector Nocturno\" \/>\n<meta property=\"og:description\" content=\"\ud83d\udd3a De manera inmediata todos los pasajeros y tripulaci\u00f3n fueron evacuados, porque el avi\u00f3n present\u00f3 una falla por falta de mantenimiento (video). Canc\u00fan.- La falta de equipo y personal en el Aeropuerto Internacional de Canc\u00fan, dej\u00f3 varados a m\u00e1s de 50 pasajeros de un vuelo de la l\u00ednea Frontier, pues los pilotos declararon emergencia y [&hellip;]\" \/>\n<meta property=\"og:url\" content=\"https:\/\/inspectornocturno.com.mx\/?p=9667\" \/>\n<meta property=\"og:site_name\" content=\"Inspector Nocturno\" \/>\n<meta property=\"article:published_time\" content=\"2021-12-31T22:24:55+00:00\" \/>\n<meta property=\"article:modified_time\" content=\"2021-12-31T22:24:56+00:00\" \/>\n<meta property=\"og:image\" content=\"https:\/\/inspectornocturno.com.mx\/wp-content\/uploads\/2021\/12\/IMG_20211231_161732.jpg\" \/>\n\t<meta property=\"og:image:width\" content=\"720\" \/>\n\t<meta property=\"og:image:height\" content=\"409\" \/>\n\t<meta property=\"og:image:type\" content=\"image\/jpeg\" \/>\n<meta name=\"author\" content=\"Inspector Nocturno\" \/>\n<meta name=\"twitter:card\" content=\"summary_large_image\" \/>\n<meta name=\"twitter:image\" content=\"https:\/\/inspectornocturno.com.mx\/wp-content\/uploads\/2021\/12\/IMG_20211231_161732.jpg\" \/>\n<script type=\"application\/ld+json\" class=\"yoast-schema-graph\">{\"@context\":\"https:\\\/\\\/schema.org\",\"@graph\":[{\"@type\":\"Article\",\"@id\":\"https:\\\/\\\/inspectornocturno.com.mx\\\/?p=9667#article\",\"isPartOf\":{\"@id\":\"https:\\\/\\\/inspectornocturno.com.mx\\\/?p=9667\"},\"author\":{\"name\":\"Inspector Nocturno\",\"@id\":\"https:\\\/\\\/inspectornocturno.com.mx\\\/#\\\/schema\\\/person\\\/2f4c4173b1712fd9cf4f4b9365ce65db\"},\"headline\":\"VUELO DE FRONTIER SE DECLARA EN EMERGENCIA\",\"datePublished\":\"2021-12-31T22:24:55+00:00\",\"dateModified\":\"2021-12-31T22:24:56+00:00\",\"mainEntityOfPage\":{\"@id\":\"https:\\\/\\\/inspectornocturno.com.mx\\\/?p=9667\"},\"wordCount\":191,\"publisher\":{\"@id\":\"https:\\\/\\\/inspectornocturno.com.mx\\\/#\\\/schema\\\/person\\\/63eb343fea17271215b1dd2793b27897\"},\"image\":{\"@id\":\"https:\\\/\\\/inspectornocturno.com.mx\\\/?p=9667#primaryimage\"},\"thumbnailUrl\":\"https:\\\/\\\/inspectornocturno.com.mx\\\/wp-content\\\/uploads\\\/2021\\\/12\\\/IMG_20211231_161732.jpg\",\"articleSection\":[\"Canc\u00fan\",\"Polic\u00eda\"],\"inLanguage\":\"es\"},{\"@type\":\"WebPage\",\"@id\":\"https:\\\/\\\/inspectornocturno.com.mx\\\/?p=9667\",\"url\":\"https:\\\/\\\/inspectornocturno.com.mx\\\/?p=9667\",\"name\":\"VUELO DE FRONTIER SE DECLARA EN EMERGENCIA - Inspector Nocturno\",\"isPartOf\":{\"@id\":\"https:\\\/\\\/inspectornocturno.com.mx\\\/#website\"},\"primaryImageOfPage\":{\"@id\":\"https:\\\/\\\/inspectornocturno.com.mx\\\/?p=9667#primaryimage\"},\"image\":{\"@id\":\"https:\\\/\\\/inspectornocturno.com.mx\\\/?p=9667#primaryimage\"},\"thumbnailUrl\":\"https:\\\/\\\/inspectornocturno.com.mx\\\/wp-content\\\/uploads\\\/2021\\\/12\\\/IMG_20211231_161732.jpg\",\"datePublished\":\"2021-12-31T22:24:55+00:00\",\"dateModified\":\"2021-12-31T22:24:56+00:00\",\"breadcrumb\":{\"@id\":\"https:\\\/\\\/inspectornocturno.com.mx\\\/?p=9667#breadcrumb\"},\"inLanguage\":\"es\",\"potentialAction\":[{\"@type\":\"ReadAction\",\"target\":[\"https:\\\/\\\/inspectornocturno.com.mx\\\/?p=9667\"]}]},{\"@type\":\"ImageObject\",\"inLanguage\":\"es\",\"@id\":\"https:\\\/\\\/inspectornocturno.com.mx\\\/?p=9667#primaryimage\",\"url\":\"https:\\\/\\\/inspectornocturno.com.mx\\\/wp-content\\\/uploads\\\/2021\\\/12\\\/IMG_20211231_161732.jpg\",\"contentUrl\":\"https:\\\/\\\/inspectornocturno.com.mx\\\/wp-content\\\/uploads\\\/2021\\\/12\\\/IMG_20211231_161732.jpg\",\"width\":720,\"height\":409},{\"@type\":\"BreadcrumbList\",\"@id\":\"https:\\\/\\\/inspectornocturno.com.mx\\\/?p=9667#breadcrumb\",\"itemListElement\":[{\"@type\":\"ListItem\",\"position\":1,\"name\":\"Portada\",\"item\":\"https:\\\/\\\/inspectornocturno.com.mx\\\/\"},{\"@type\":\"ListItem\",\"position\":2,\"name\":\"VUELO DE FRONTIER SE DECLARA EN EMERGENCIA\"}]},{\"@type\":\"WebSite\",\"@id\":\"https:\\\/\\\/inspectornocturno.com.mx\\\/#website\",\"url\":\"https:\\\/\\\/inspectornocturno.com.mx\\\/\",\"name\":\"Inspector Nocturno\",\"description\":\"Canc\u00fan, noticias al minuto del inspector nocturno\",\"publisher\":{\"@id\":\"https:\\\/\\\/inspectornocturno.com.mx\\\/#\\\/schema\\\/person\\\/63eb343fea17271215b1dd2793b27897\"},\"alternateName\":\"Noticias de impacto al momento de los hechos\",\"potentialAction\":[{\"@type\":\"SearchAction\",\"target\":{\"@type\":\"EntryPoint\",\"urlTemplate\":\"https:\\\/\\\/inspectornocturno.com.mx\\\/?s={search_term_string}\"},\"query-input\":{\"@type\":\"PropertyValueSpecification\",\"valueRequired\":true,\"valueName\":\"search_term_string\"}}],\"inLanguage\":\"es\"},{\"@type\":[\"Person\",\"Organization\"],\"@id\":\"https:\\\/\\\/inspectornocturno.com.mx\\\/#\\\/schema\\\/person\\\/63eb343fea17271215b1dd2793b27897\",\"name\":\"Inspector Nocturno\",\"image\":{\"@type\":\"ImageObject\",\"inLanguage\":\"es\",\"@id\":\"https:\\\/\\\/inspectornocturno.com.mx\\\/wp-content\\\/uploads\\\/2021\\\/10\\\/logo-transparente.png\",\"url\":\"https:\\\/\\\/inspectornocturno.com.mx\\\/wp-content\\\/uploads\\\/2021\\\/10\\\/logo-transparente.png\",\"contentUrl\":\"https:\\\/\\\/inspectornocturno.com.mx\\\/wp-content\\\/uploads\\\/2021\\\/10\\\/logo-transparente.png\",\"width\":561,\"height\":668,\"caption\":\"Inspector Nocturno\"},\"logo\":{\"@id\":\"https:\\\/\\\/inspectornocturno.com.mx\\\/wp-content\\\/uploads\\\/2021\\\/10\\\/logo-transparente.png\"},\"sameAs\":[\"http:\\\/\\\/inspectornocturno.com.mx\"]},{\"@type\":\"Person\",\"@id\":\"https:\\\/\\\/inspectornocturno.com.mx\\\/#\\\/schema\\\/person\\\/2f4c4173b1712fd9cf4f4b9365ce65db\",\"name\":\"Inspector Nocturno\",\"sameAs\":[\"http:\\\/\\\/inspectornocturno.com.mx\"]}]}<\/script>\n<!-- \/ Yoast SEO plugin. -->","yoast_head_json":{"title":"VUELO DE FRONTIER SE DECLARA EN EMERGENCIA - Inspector Nocturno","robots":{"index":"index","follow":"follow","max-snippet":"max-snippet:-1","max-image-preview":"max-image-preview:large","max-video-preview":"max-video-preview:-1"},"canonical":"https:\/\/inspectornocturno.com.mx\/?p=9667","og_locale":"es_ES","og_type":"article","og_title":"VUELO DE FRONTIER SE DECLARA EN EMERGENCIA - Inspector Nocturno","og_description":"\ud83d\udd3a De manera inmediata todos los pasajeros y tripulaci\u00f3n fueron evacuados, porque el avi\u00f3n present\u00f3 una falla por falta de mantenimiento (video). Canc\u00fan.- La falta de equipo y personal en el Aeropuerto Internacional de Canc\u00fan, dej\u00f3 varados a m\u00e1s de 50 pasajeros de un vuelo de la l\u00ednea Frontier, pues los pilotos declararon emergencia y [&hellip;]","og_url":"https:\/\/inspectornocturno.com.mx\/?p=9667","og_site_name":"Inspector Nocturno","article_published_time":"2021-12-31T22:24:55+00:00","article_modified_time":"2021-12-31T22:24:56+00:00","og_image":[{"width":720,"height":409,"url":"https:\/\/inspectornocturno.com.mx\/wp-content\/uploads\/2021\/12\/IMG_20211231_161732.jpg","type":"image\/jpeg"}],"author":"Inspector Nocturno","twitter_card":"summary_large_image","twitter_image":"https:\/\/inspectornocturno.com.mx\/wp-content\/uploads\/2021\/12\/IMG_20211231_161732.jpg","schema":{"@context":"https:\/\/schema.org","@graph":[{"@type":"Article","@id":"https:\/\/inspectornocturno.com.mx\/?p=9667#article","isPartOf":{"@id":"https:\/\/inspectornocturno.com.mx\/?p=9667"},"author":{"name":"Inspector Nocturno","@id":"https:\/\/inspectornocturno.com.mx\/#\/schema\/person\/2f4c4173b1712fd9cf4f4b9365ce65db"},"headline":"VUELO DE FRONTIER SE DECLARA EN EMERGENCIA","datePublished":"2021-12-31T22:24:55+00:00","dateModified":"2021-12-31T22:24:56+00:00","mainEntityOfPage":{"@id":"https:\/\/inspectornocturno.com.mx\/?p=9667"},"wordCount":191,"publisher":{"@id":"https:\/\/inspectornocturno.com.mx\/#\/schema\/person\/63eb343fea17271215b1dd2793b27897"},"image":{"@id":"https:\/\/inspectornocturno.com.mx\/?p=9667#primaryimage"},"thumbnailUrl":"https:\/\/inspectornocturno.com.mx\/wp-content\/uploads\/2021\/12\/IMG_20211231_161732.jpg","articleSection":["Canc\u00fan","Polic\u00eda"],"inLanguage":"es"},{"@type":"WebPage","@id":"https:\/\/inspectornocturno.com.mx\/?p=9667","url":"https:\/\/inspectornocturno.com.mx\/?p=9667","name":"VUELO DE FRONTIER SE DECLARA EN EMERGENCIA - Inspector Nocturno","isPartOf":{"@id":"https:\/\/inspectornocturno.com.mx\/#website"},"primaryImageOfPage":{"@id":"https:\/\/inspectornocturno.com.mx\/?p=9667#primaryimage"},"image":{"@id":"https:\/\/inspectornocturno.com.mx\/?p=9667#primaryimage"},"thumbnailUrl":"https:\/\/inspectornocturno.com.mx\/wp-content\/uploads\/2021\/12\/IMG_20211231_161732.jpg","datePublished":"2021-12-31T22:24:55+00:00","dateModified":"2021-12-31T22:24:56+00:00","breadcrumb":{"@id":"https:\/\/inspectornocturno.com.mx\/?p=9667#breadcrumb"},"inLanguage":"es","potentialAction":[{"@type":"ReadAction","target":["https:\/\/inspectornocturno.com.mx\/?p=9667"]}]},{"@type":"ImageObject","inLanguage":"es","@id":"https:\/\/inspectornocturno.com.mx\/?p=9667#primaryimage","url":"https:\/\/inspectornocturno.com.mx\/wp-content\/uploads\/2021\/12\/IMG_20211231_161732.jpg","contentUrl":"https:\/\/inspectornocturno.com.mx\/wp-content\/uploads\/2021\/12\/IMG_20211231_161732.jpg","width":720,"height":409},{"@type":"BreadcrumbList","@id":"https:\/\/inspectornocturno.com.mx\/?p=9667#breadcrumb","itemListElement":[{"@type":"ListItem","position":1,"name":"Portada","item":"https:\/\/inspectornocturno.com.mx\/"},{"@type":"ListItem","position":2,"name":"VUELO DE FRONTIER SE DECLARA EN EMERGENCIA"}]},{"@type":"WebSite","@id":"https:\/\/inspectornocturno.com.mx\/#website","url":"https:\/\/inspectornocturno.com.mx\/","name":"Inspector Nocturno","description":"Canc\u00fan, noticias al minuto del inspector nocturno","publisher":{"@id":"https:\/\/inspectornocturno.com.mx\/#\/schema\/person\/63eb343fea17271215b1dd2793b27897"},"alternateName":"Noticias de impacto al momento de los hechos","potentialAction":[{"@type":"SearchAction","target":{"@type":"EntryPoint","urlTemplate":"https:\/\/inspectornocturno.com.mx\/?s={search_term_string}"},"query-input":{"@type":"PropertyValueSpecification","valueRequired":true,"valueName":"search_term_string"}}],"inLanguage":"es"},{"@type":["Person","Organization"],"@id":"https:\/\/inspectornocturno.com.mx\/#\/schema\/person\/63eb343fea17271215b1dd2793b27897","name":"Inspector Nocturno","image":{"@type":"ImageObject","inLanguage":"es","@id":"https:\/\/inspectornocturno.com.mx\/wp-content\/uploads\/2021\/10\/logo-transparente.png","url":"https:\/\/inspectornocturno.com.mx\/wp-content\/uploads\/2021\/10\/logo-transparente.png","contentUrl":"https:\/\/inspectornocturno.com.mx\/wp-content\/uploads\/2021\/10\/logo-transparente.png","width":561,"height":668,"caption":"Inspector Nocturno"},"logo":{"@id":"https:\/\/inspectornocturno.com.mx\/wp-content\/uploads\/2021\/10\/logo-transparente.png"},"sameAs":["http:\/\/inspectornocturno.com.mx"]},{"@type":"Person","@id":"https:\/\/inspectornocturno.com.mx\/#\/schema\/person\/2f4c4173b1712fd9cf4f4b9365ce65db","name":"Inspector Nocturno","sameAs":["http:\/\/inspectornocturno.com.mx"]}]}},"views":430,"_links":{"self":[{"href":"https:\/\/inspectornocturno.com.mx\/index.php?rest_route=\/wp\/v2\/posts\/9667","targetHints":{"allow":["GET"]}}],"collection":[{"href":"https:\/\/inspectornocturno.com.mx\/index.php?rest_route=\/wp\/v2\/posts"}],"about":[{"href":"https:\/\/inspectornocturno.com.mx\/index.php?rest_route=\/wp\/v2\/types\/post"}],"author":[{"embeddable":true,"href":"https:\/\/inspectornocturno.com.mx\/index.php?rest_route=\/wp\/v2\/users\/3"}],"replies":[{"embeddable":true,"href":"https:\/\/inspectornocturno.com.mx\/index.php?rest_route=%2Fwp%2Fv2%2Fcomments&post=9667"}],"version-history":[{"count":1,"href":"https:\/\/inspectornocturno.com.mx\/index.php?rest_route=\/wp\/v2\/posts\/9667\/revisions"}],"predecessor-version":[{"id":9672,"href":"https:\/\/inspectornocturno.com.mx\/index.php?rest_route=\/wp\/v2\/posts\/9667\/revisions\/9672"}],"wp:featuredmedia":[{"embeddable":true,"href":"https:\/\/inspectornocturno.com.mx\/index.php?rest_route=\/wp\/v2\/media\/9670"}],"wp:attachment":[{"href":"https:\/\/inspectornocturno.com.mx\/index.php?rest_route=%2Fwp%2Fv2%2Fmedia&parent=9667"}],"wp:term":[{"taxonomy":"category","embeddable":true,"href":"https:\/\/inspectornocturno.com.mx\/index.php?rest_route=%2Fwp%2Fv2%2Fcategories&post=9667"},{"taxonomy":"post_tag","embeddable":true,"href":"https:\/\/inspectornocturno.com.mx\/index.php?rest_route=%2Fwp%2Fv2%2Ftags&post=9667"}],"curies":[{"name":"wp","href":"https:\/\/api.w.org\/{rel}","templated":true}]}}