{"id":92455,"date":"2025-08-18T12:33:36","date_gmt":"2025-08-18T17:33:36","guid":{"rendered":"https:\/\/inspectornocturno.com.mx\/?p=92455"},"modified":"2025-08-18T12:37:07","modified_gmt":"2025-08-18T17:37:07","slug":"comienza-jornada-de-preinscripciones-a-educacion-basica-en-quintana-roo","status":"publish","type":"post","link":"https:\/\/inspectornocturno.com.mx\/?p=92455","title":{"rendered":"COMIENZA JORNADA DE PREINSCRIPCIONES A EDUCACI\u00d3N B\u00c1SICA EN QUINTANA ROO"},"content":{"rendered":"\n<p class=\"wp-block-paragraph\">\ud83d\udd3a Ser\u00e1 del 18 al 31 de agosto, para alumnas y alumnos que no se hayan inscrito en preescolar, primaria y secundaria<\/p>\n\n\n\n<p class=\"wp-block-paragraph\">La Secretar\u00eda de Educaci\u00f3n de Quintana Roo (SEQ) inform\u00f3 que del 18 al 31 de agosto se abrir\u00e1 la plataforma Padres en L\u00ednea, para realizar la preinscripci\u00f3n de su hija o hijo en los niveles de preescolar, primaria y secundaria, ciclo escolar 2025-2026.<\/p>\n\n\n\n<p class=\"wp-block-paragraph\">A trav\u00e9s del Nuevo Acuerdo por el Bienestar y Desarrollo de Quintana Roo, que impulsa la gobernadora Mara Lezama, se cumple el objetivo de brindar una educaci\u00f3n de calidad, incluyente, humanista y solidaria, en beneficio de las y los estudiantes, garantizando que tengan un espacio para comenzar, permanecer y concluir sus estudios, para que nadie se quede atr\u00e1s y nadie se quede fuera.<\/p>\n\n\n\n<p class=\"wp-block-paragraph\">La SEQ invit\u00f3 a los padres, madres de familia o tutores a realizar la inscripci\u00f3n de sus hijos e hijas a trav\u00e9s del portal, que estar\u00e1 abierto hasta el 31 de agosto del presente a\u00f1o.<\/p>\n\n\n\n<p class=\"wp-block-paragraph\">Recomend\u00f3 los pasos a seguir en el proceso de inscripci\u00f3n: ingresar a la plataforma padresenlinea.seq.gob.mx; registrarse como tutor (si es la primera vez) usando la CURP, correo electr\u00f3nico y contrase\u00f1a.<\/p>\n\n\n\n<p class=\"wp-block-paragraph\">Adem\u00e1s, deber\u00e1n acceder con su usuario y contrase\u00f1a; seleccionar el nivel educativo y la escuela deseada; confirmar la selecci\u00f3n y descargar el formato de inscripci\u00f3n; y finalmente, guardar el documento generado, ya que es requisito para formalizar la inscripci\u00f3n en el plantel.<\/p>\n\n\n\n<p class=\"wp-block-paragraph\">Cabe destacar que el tr\u00e1mite es gratuito y completamente en l\u00ednea. Se recomienda no compartir el usuario\/contrase\u00f1a con terceras personas y conservar la hoja de inscripci\u00f3n para presentarla el primer d\u00eda de clases.<\/p>\n","protected":false},"excerpt":{"rendered":"<p>\ud83d\udd3a Ser\u00e1 del 18 al 31 de agosto, para alumnas y alumnos que no se hayan inscrito en preescolar, primaria y secundaria La Secretar\u00eda de Educaci\u00f3n de Quintana Roo (SEQ) inform\u00f3 que del 18 al 31 de agosto se abrir\u00e1 la plataforma Padres en L\u00ednea, para realizar la preinscripci\u00f3n de su hija o hijo en [&hellip;]<\/p>\n","protected":false},"author":3,"featured_media":92456,"comment_status":"closed","ping_status":"closed","sticky":false,"template":"","format":"standard","meta":{"footnotes":"","_wpscppro_dont_share_socialmedia":false,"_wpscppro_custom_social_share_image":0,"_facebook_share_type":"default","_twitter_share_type":"default","_linkedin_share_type":"default","_pinterest_share_type":"default","_linkedin_share_type_page":"default","_instagram_share_type":"default","_medium_share_type":"","_threads_share_type":"","_google_business_share_type":"","_selected_social_profile":[{"id":753595702106742800,"platform":"twitter","platformKey":0,"name":"InspectorNocturnoOficial","thumbnail_url":"http:\/\/pbs.twimg.com\/profile_images\/869067525337862144\/lyGXp0kf_normal.jpg","share_type":"default"}],"_wpsp_enable_custom_social_template":false,"_wpsp_social_scheduling":{"enabled":false,"datetime":null,"platforms":[],"status":"template_only","dateOption":"today","timeOption":"now","customDays":"","customHours":"","customDate":"","customTime":"","schedulingType":"absolute"},"_wpsp_active_default_template":true},"categories":[3],"tags":[],"class_list":["post-92455","post","type-post","status-publish","format-standard","has-post-thumbnail","hentry","category-quintana-roo"],"yoast_head":"<!-- This site is optimized with the Yoast SEO plugin v27.7 - https:\/\/yoast.com\/product\/yoast-seo-wordpress\/ -->\n<title>COMIENZA JORNADA DE PREINSCRIPCIONES A EDUCACI\u00d3N B\u00c1SICA EN QUINTANA ROO - Inspector Nocturno<\/title>\n<meta name=\"robots\" content=\"index, follow, max-snippet:-1, max-image-preview:large, max-video-preview:-1\" \/>\n<link rel=\"canonical\" href=\"https:\/\/inspectornocturno.com.mx\/?p=92455\" \/>\n<meta property=\"og:locale\" content=\"es_ES\" \/>\n<meta property=\"og:type\" content=\"article\" \/>\n<meta property=\"og:title\" content=\"COMIENZA JORNADA DE PREINSCRIPCIONES A EDUCACI\u00d3N B\u00c1SICA EN QUINTANA ROO - Inspector Nocturno\" \/>\n<meta property=\"og:description\" content=\"\ud83d\udd3a Ser\u00e1 del 18 al 31 de agosto, para alumnas y alumnos que no se hayan inscrito en preescolar, primaria y secundaria La Secretar\u00eda de Educaci\u00f3n de Quintana Roo (SEQ) inform\u00f3 que del 18 al 31 de agosto se abrir\u00e1 la plataforma Padres en L\u00ednea, para realizar la preinscripci\u00f3n de su hija o hijo en [&hellip;]\" \/>\n<meta property=\"og:url\" content=\"https:\/\/inspectornocturno.com.mx\/?p=92455\" \/>\n<meta property=\"og:site_name\" content=\"Inspector Nocturno\" \/>\n<meta property=\"article:published_time\" content=\"2025-08-18T17:33:36+00:00\" \/>\n<meta property=\"article:modified_time\" content=\"2025-08-18T17:37:07+00:00\" \/>\n<meta property=\"og:image\" content=\"https:\/\/inspectornocturno.com.mx\/wp-content\/uploads\/2025\/08\/IMG-20250818-WA0041-scaled.jpg\" \/>\n\t<meta property=\"og:image:width\" content=\"900\" \/>\n\t<meta property=\"og:image:height\" content=\"900\" \/>\n\t<meta property=\"og:image:type\" content=\"image\/jpeg\" \/>\n<meta name=\"author\" content=\"Inspector Nocturno\" \/>\n<meta name=\"twitter:card\" content=\"summary_large_image\" \/>\n<meta name=\"twitter:title\" content=\"%\" \/>\n<meta name=\"twitter:image\" content=\"https:\/\/inspectornocturno.com.mx\/wp-content\/uploads\/2025\/08\/IMG-20250818-WA0041-scaled.jpg\" \/>\n<script type=\"application\/ld+json\" class=\"yoast-schema-graph\">{\"@context\":\"https:\\\/\\\/schema.org\",\"@graph\":[{\"@type\":\"Article\",\"@id\":\"https:\\\/\\\/inspectornocturno.com.mx\\\/?p=92455#article\",\"isPartOf\":{\"@id\":\"https:\\\/\\\/inspectornocturno.com.mx\\\/?p=92455\"},\"author\":{\"name\":\"Inspector Nocturno\",\"@id\":\"https:\\\/\\\/inspectornocturno.com.mx\\\/#\\\/schema\\\/person\\\/2f4c4173b1712fd9cf4f4b9365ce65db\"},\"headline\":\"COMIENZA JORNADA DE PREINSCRIPCIONES A EDUCACI\u00d3N B\u00c1SICA EN QUINTANA ROO\",\"datePublished\":\"2025-08-18T17:33:36+00:00\",\"dateModified\":\"2025-08-18T17:37:07+00:00\",\"mainEntityOfPage\":{\"@id\":\"https:\\\/\\\/inspectornocturno.com.mx\\\/?p=92455\"},\"wordCount\":302,\"publisher\":{\"@id\":\"https:\\\/\\\/inspectornocturno.com.mx\\\/#\\\/schema\\\/person\\\/63eb343fea17271215b1dd2793b27897\"},\"image\":{\"@id\":\"https:\\\/\\\/inspectornocturno.com.mx\\\/?p=92455#primaryimage\"},\"thumbnailUrl\":\"https:\\\/\\\/inspectornocturno.com.mx\\\/wp-content\\\/uploads\\\/2025\\\/08\\\/IMG-20250818-WA0041-scaled.jpg\",\"articleSection\":[\"Quintana Roo\"],\"inLanguage\":\"es\"},{\"@type\":\"WebPage\",\"@id\":\"https:\\\/\\\/inspectornocturno.com.mx\\\/?p=92455\",\"url\":\"https:\\\/\\\/inspectornocturno.com.mx\\\/?p=92455\",\"name\":\"COMIENZA JORNADA DE PREINSCRIPCIONES A EDUCACI\u00d3N B\u00c1SICA EN QUINTANA ROO - Inspector Nocturno\",\"isPartOf\":{\"@id\":\"https:\\\/\\\/inspectornocturno.com.mx\\\/#website\"},\"primaryImageOfPage\":{\"@id\":\"https:\\\/\\\/inspectornocturno.com.mx\\\/?p=92455#primaryimage\"},\"image\":{\"@id\":\"https:\\\/\\\/inspectornocturno.com.mx\\\/?p=92455#primaryimage\"},\"thumbnailUrl\":\"https:\\\/\\\/inspectornocturno.com.mx\\\/wp-content\\\/uploads\\\/2025\\\/08\\\/IMG-20250818-WA0041-scaled.jpg\",\"datePublished\":\"2025-08-18T17:33:36+00:00\",\"dateModified\":\"2025-08-18T17:37:07+00:00\",\"breadcrumb\":{\"@id\":\"https:\\\/\\\/inspectornocturno.com.mx\\\/?p=92455#breadcrumb\"},\"inLanguage\":\"es\",\"potentialAction\":[{\"@type\":\"ReadAction\",\"target\":[\"https:\\\/\\\/inspectornocturno.com.mx\\\/?p=92455\"]}]},{\"@type\":\"ImageObject\",\"inLanguage\":\"es\",\"@id\":\"https:\\\/\\\/inspectornocturno.com.mx\\\/?p=92455#primaryimage\",\"url\":\"https:\\\/\\\/inspectornocturno.com.mx\\\/wp-content\\\/uploads\\\/2025\\\/08\\\/IMG-20250818-WA0041-scaled.jpg\",\"contentUrl\":\"https:\\\/\\\/inspectornocturno.com.mx\\\/wp-content\\\/uploads\\\/2025\\\/08\\\/IMG-20250818-WA0041-scaled.jpg\",\"width\":900,\"height\":900},{\"@type\":\"BreadcrumbList\",\"@id\":\"https:\\\/\\\/inspectornocturno.com.mx\\\/?p=92455#breadcrumb\",\"itemListElement\":[{\"@type\":\"ListItem\",\"position\":1,\"name\":\"Portada\",\"item\":\"https:\\\/\\\/inspectornocturno.com.mx\\\/\"},{\"@type\":\"ListItem\",\"position\":2,\"name\":\"COMIENZA JORNADA DE PREINSCRIPCIONES A EDUCACI\u00d3N B\u00c1SICA EN QUINTANA ROO\"}]},{\"@type\":\"WebSite\",\"@id\":\"https:\\\/\\\/inspectornocturno.com.mx\\\/#website\",\"url\":\"https:\\\/\\\/inspectornocturno.com.mx\\\/\",\"name\":\"Inspector Nocturno\",\"description\":\"Canc\u00fan, noticias al minuto del inspector nocturno\",\"publisher\":{\"@id\":\"https:\\\/\\\/inspectornocturno.com.mx\\\/#\\\/schema\\\/person\\\/63eb343fea17271215b1dd2793b27897\"},\"alternateName\":\"Noticias de impacto al momento de los hechos\",\"potentialAction\":[{\"@type\":\"SearchAction\",\"target\":{\"@type\":\"EntryPoint\",\"urlTemplate\":\"https:\\\/\\\/inspectornocturno.com.mx\\\/?s={search_term_string}\"},\"query-input\":{\"@type\":\"PropertyValueSpecification\",\"valueRequired\":true,\"valueName\":\"search_term_string\"}}],\"inLanguage\":\"es\"},{\"@type\":[\"Person\",\"Organization\"],\"@id\":\"https:\\\/\\\/inspectornocturno.com.mx\\\/#\\\/schema\\\/person\\\/63eb343fea17271215b1dd2793b27897\",\"name\":\"Inspector Nocturno\",\"image\":{\"@type\":\"ImageObject\",\"inLanguage\":\"es\",\"@id\":\"https:\\\/\\\/inspectornocturno.com.mx\\\/wp-content\\\/uploads\\\/2021\\\/10\\\/logo-transparente.png\",\"url\":\"https:\\\/\\\/inspectornocturno.com.mx\\\/wp-content\\\/uploads\\\/2021\\\/10\\\/logo-transparente.png\",\"contentUrl\":\"https:\\\/\\\/inspectornocturno.com.mx\\\/wp-content\\\/uploads\\\/2021\\\/10\\\/logo-transparente.png\",\"width\":561,\"height\":668,\"caption\":\"Inspector Nocturno\"},\"logo\":{\"@id\":\"https:\\\/\\\/inspectornocturno.com.mx\\\/wp-content\\\/uploads\\\/2021\\\/10\\\/logo-transparente.png\"},\"sameAs\":[\"http:\\\/\\\/inspectornocturno.com.mx\"]},{\"@type\":\"Person\",\"@id\":\"https:\\\/\\\/inspectornocturno.com.mx\\\/#\\\/schema\\\/person\\\/2f4c4173b1712fd9cf4f4b9365ce65db\",\"name\":\"Inspector Nocturno\",\"sameAs\":[\"http:\\\/\\\/inspectornocturno.com.mx\"]}]}<\/script>\n<!-- \/ Yoast SEO plugin. -->","yoast_head_json":{"title":"COMIENZA JORNADA DE PREINSCRIPCIONES A EDUCACI\u00d3N B\u00c1SICA EN QUINTANA ROO - Inspector Nocturno","robots":{"index":"index","follow":"follow","max-snippet":"max-snippet:-1","max-image-preview":"max-image-preview:large","max-video-preview":"max-video-preview:-1"},"canonical":"https:\/\/inspectornocturno.com.mx\/?p=92455","og_locale":"es_ES","og_type":"article","og_title":"COMIENZA JORNADA DE PREINSCRIPCIONES A EDUCACI\u00d3N B\u00c1SICA EN QUINTANA ROO - Inspector Nocturno","og_description":"\ud83d\udd3a Ser\u00e1 del 18 al 31 de agosto, para alumnas y alumnos que no se hayan inscrito en preescolar, primaria y secundaria La Secretar\u00eda de Educaci\u00f3n de Quintana Roo (SEQ) inform\u00f3 que del 18 al 31 de agosto se abrir\u00e1 la plataforma Padres en L\u00ednea, para realizar la preinscripci\u00f3n de su hija o hijo en [&hellip;]","og_url":"https:\/\/inspectornocturno.com.mx\/?p=92455","og_site_name":"Inspector Nocturno","article_published_time":"2025-08-18T17:33:36+00:00","article_modified_time":"2025-08-18T17:37:07+00:00","og_image":[{"width":900,"height":900,"url":"https:\/\/inspectornocturno.com.mx\/wp-content\/uploads\/2025\/08\/IMG-20250818-WA0041-scaled.jpg","type":"image\/jpeg"}],"author":"Inspector Nocturno","twitter_card":"summary_large_image","twitter_title":"%","twitter_image":"https:\/\/inspectornocturno.com.mx\/wp-content\/uploads\/2025\/08\/IMG-20250818-WA0041-scaled.jpg","schema":{"@context":"https:\/\/schema.org","@graph":[{"@type":"Article","@id":"https:\/\/inspectornocturno.com.mx\/?p=92455#article","isPartOf":{"@id":"https:\/\/inspectornocturno.com.mx\/?p=92455"},"author":{"name":"Inspector Nocturno","@id":"https:\/\/inspectornocturno.com.mx\/#\/schema\/person\/2f4c4173b1712fd9cf4f4b9365ce65db"},"headline":"COMIENZA JORNADA DE PREINSCRIPCIONES A EDUCACI\u00d3N B\u00c1SICA EN QUINTANA ROO","datePublished":"2025-08-18T17:33:36+00:00","dateModified":"2025-08-18T17:37:07+00:00","mainEntityOfPage":{"@id":"https:\/\/inspectornocturno.com.mx\/?p=92455"},"wordCount":302,"publisher":{"@id":"https:\/\/inspectornocturno.com.mx\/#\/schema\/person\/63eb343fea17271215b1dd2793b27897"},"image":{"@id":"https:\/\/inspectornocturno.com.mx\/?p=92455#primaryimage"},"thumbnailUrl":"https:\/\/inspectornocturno.com.mx\/wp-content\/uploads\/2025\/08\/IMG-20250818-WA0041-scaled.jpg","articleSection":["Quintana Roo"],"inLanguage":"es"},{"@type":"WebPage","@id":"https:\/\/inspectornocturno.com.mx\/?p=92455","url":"https:\/\/inspectornocturno.com.mx\/?p=92455","name":"COMIENZA JORNADA DE PREINSCRIPCIONES A EDUCACI\u00d3N B\u00c1SICA EN QUINTANA ROO - Inspector Nocturno","isPartOf":{"@id":"https:\/\/inspectornocturno.com.mx\/#website"},"primaryImageOfPage":{"@id":"https:\/\/inspectornocturno.com.mx\/?p=92455#primaryimage"},"image":{"@id":"https:\/\/inspectornocturno.com.mx\/?p=92455#primaryimage"},"thumbnailUrl":"https:\/\/inspectornocturno.com.mx\/wp-content\/uploads\/2025\/08\/IMG-20250818-WA0041-scaled.jpg","datePublished":"2025-08-18T17:33:36+00:00","dateModified":"2025-08-18T17:37:07+00:00","breadcrumb":{"@id":"https:\/\/inspectornocturno.com.mx\/?p=92455#breadcrumb"},"inLanguage":"es","potentialAction":[{"@type":"ReadAction","target":["https:\/\/inspectornocturno.com.mx\/?p=92455"]}]},{"@type":"ImageObject","inLanguage":"es","@id":"https:\/\/inspectornocturno.com.mx\/?p=92455#primaryimage","url":"https:\/\/inspectornocturno.com.mx\/wp-content\/uploads\/2025\/08\/IMG-20250818-WA0041-scaled.jpg","contentUrl":"https:\/\/inspectornocturno.com.mx\/wp-content\/uploads\/2025\/08\/IMG-20250818-WA0041-scaled.jpg","width":900,"height":900},{"@type":"BreadcrumbList","@id":"https:\/\/inspectornocturno.com.mx\/?p=92455#breadcrumb","itemListElement":[{"@type":"ListItem","position":1,"name":"Portada","item":"https:\/\/inspectornocturno.com.mx\/"},{"@type":"ListItem","position":2,"name":"COMIENZA JORNADA DE PREINSCRIPCIONES A EDUCACI\u00d3N B\u00c1SICA EN QUINTANA ROO"}]},{"@type":"WebSite","@id":"https:\/\/inspectornocturno.com.mx\/#website","url":"https:\/\/inspectornocturno.com.mx\/","name":"Inspector Nocturno","description":"Canc\u00fan, noticias al minuto del inspector nocturno","publisher":{"@id":"https:\/\/inspectornocturno.com.mx\/#\/schema\/person\/63eb343fea17271215b1dd2793b27897"},"alternateName":"Noticias de impacto al momento de los hechos","potentialAction":[{"@type":"SearchAction","target":{"@type":"EntryPoint","urlTemplate":"https:\/\/inspectornocturno.com.mx\/?s={search_term_string}"},"query-input":{"@type":"PropertyValueSpecification","valueRequired":true,"valueName":"search_term_string"}}],"inLanguage":"es"},{"@type":["Person","Organization"],"@id":"https:\/\/inspectornocturno.com.mx\/#\/schema\/person\/63eb343fea17271215b1dd2793b27897","name":"Inspector Nocturno","image":{"@type":"ImageObject","inLanguage":"es","@id":"https:\/\/inspectornocturno.com.mx\/wp-content\/uploads\/2021\/10\/logo-transparente.png","url":"https:\/\/inspectornocturno.com.mx\/wp-content\/uploads\/2021\/10\/logo-transparente.png","contentUrl":"https:\/\/inspectornocturno.com.mx\/wp-content\/uploads\/2021\/10\/logo-transparente.png","width":561,"height":668,"caption":"Inspector Nocturno"},"logo":{"@id":"https:\/\/inspectornocturno.com.mx\/wp-content\/uploads\/2021\/10\/logo-transparente.png"},"sameAs":["http:\/\/inspectornocturno.com.mx"]},{"@type":"Person","@id":"https:\/\/inspectornocturno.com.mx\/#\/schema\/person\/2f4c4173b1712fd9cf4f4b9365ce65db","name":"Inspector Nocturno","sameAs":["http:\/\/inspectornocturno.com.mx"]}]}},"views":85,"_links":{"self":[{"href":"https:\/\/inspectornocturno.com.mx\/index.php?rest_route=\/wp\/v2\/posts\/92455","targetHints":{"allow":["GET"]}}],"collection":[{"href":"https:\/\/inspectornocturno.com.mx\/index.php?rest_route=\/wp\/v2\/posts"}],"about":[{"href":"https:\/\/inspectornocturno.com.mx\/index.php?rest_route=\/wp\/v2\/types\/post"}],"author":[{"embeddable":true,"href":"https:\/\/inspectornocturno.com.mx\/index.php?rest_route=\/wp\/v2\/users\/3"}],"replies":[{"embeddable":true,"href":"https:\/\/inspectornocturno.com.mx\/index.php?rest_route=%2Fwp%2Fv2%2Fcomments&post=92455"}],"version-history":[{"count":1,"href":"https:\/\/inspectornocturno.com.mx\/index.php?rest_route=\/wp\/v2\/posts\/92455\/revisions"}],"predecessor-version":[{"id":92457,"href":"https:\/\/inspectornocturno.com.mx\/index.php?rest_route=\/wp\/v2\/posts\/92455\/revisions\/92457"}],"wp:featuredmedia":[{"embeddable":true,"href":"https:\/\/inspectornocturno.com.mx\/index.php?rest_route=\/wp\/v2\/media\/92456"}],"wp:attachment":[{"href":"https:\/\/inspectornocturno.com.mx\/index.php?rest_route=%2Fwp%2Fv2%2Fmedia&parent=92455"}],"wp:term":[{"taxonomy":"category","embeddable":true,"href":"https:\/\/inspectornocturno.com.mx\/index.php?rest_route=%2Fwp%2Fv2%2Fcategories&post=92455"},{"taxonomy":"post_tag","embeddable":true,"href":"https:\/\/inspectornocturno.com.mx\/index.php?rest_route=%2Fwp%2Fv2%2Ftags&post=92455"}],"curies":[{"name":"wp","href":"https:\/\/api.w.org\/{rel}","templated":true}]}}