{"id":92060,"date":"2025-08-10T19:22:25","date_gmt":"2025-08-11T00:22:25","guid":{"rendered":"https:\/\/inspectornocturno.com.mx\/?p=92060"},"modified":"2025-08-10T19:22:27","modified_gmt":"2025-08-11T00:22:27","slug":"asiste-ana-paty-peralta-a-primera-piedra-de-capilla-nino-dios-en-sacbe","status":"publish","type":"post","link":"https:\/\/inspectornocturno.com.mx\/?p=92060","title":{"rendered":"ASISTE ANA PATY PERALTA A PRIMERA PIEDRA DE CAPILLA \u201cNI\u00d1O DIOS\u201d EN SACB\u00c9"},"content":{"rendered":"\n<p class=\"wp-block-paragraph\">\ud83d\udd3a\u201cNo ser\u00e1 s\u00f3lo un edificio, ser\u00e1 el coraz\u00f3n espiritual de la colonia\u201d, afirm\u00f3 la Alcaldesa.<\/p>\n\n\n\n<p class=\"wp-block-paragraph\">Canc\u00fan.- En un ambiente lleno de fe, esperanza y alegr\u00eda, la Presidenta Municipal, Ana Paty Peralta acudi\u00f3 como invitada a la ceremonia de colocaci\u00f3n de la primera piedra de la Capilla \u201cNi\u00f1o Dios\u201d en la colonia Sacb\u00e9, realizada por el Monse\u00f1or Pedro Pablo Elizondo C\u00e1rdenas, acto que marca un paso significativo en el fortalecimiento del tejido social.<\/p>\n\n\n\n<p class=\"wp-block-paragraph\">La Alcaldesa junto con los regidores Samuel Mollinedo y Juan Manuel Torres, han trabajado con entrega y compromiso para que los residentes de esta zona hoy tengan vida digna y cuenten con los servicios b\u00e1sicos, desde la regularizaci\u00f3n legal de sus predios hasta la realizaci\u00f3n de obras de justicia social.<\/p>\n\n\n\n<p class=\"wp-block-paragraph\">\u201cEsta capilla viene a complementar esta transformaci\u00f3n, porque no ser\u00e1 s\u00f3lo un edificio, ser\u00e1 el coraz\u00f3n espiritual de la colonia. Aqu\u00ed vendr\u00e1n a dar gracias, a pedir por sus seres queridos, a bautizar a sus hijos, a celebrar juntos las fiestas, ser\u00e1 un lugar para unir y fortalecerse como comunidad\u201d, destac\u00f3 la presidenta municipal.<\/p>\n\n\n\n<p class=\"wp-block-paragraph\">A su vez, el regidor presidente de la Comisi\u00f3n de Desarrollo Urbano y Movilidad, Samuel Mollinedo Portilla, mencion\u00f3 que los proyectos de urbanizaci\u00f3n que se realizaron en esta colonia fueron correctamente planeados para que sean espacios funcionales para todos.<\/p>\n\n\n\n<p class=\"wp-block-paragraph\">Por \u00faltimo, Mar\u00eda Susana Uc Ku, en representaci\u00f3n de los vecinos, agradeci\u00f3 a las autoridades su presencia en este acto organizado por los vecinos en una forma de fortalecer la comunidad, as\u00ed como por ejercer su autoridad con sensibilidad, cercan\u00eda y servicio com\u00fan.<\/p>\n\n\n\n<p class=\"wp-block-paragraph\">Luego de la bendici\u00f3n de la obra, las autoridades se unieron a una kerm\u00e9s organizada para recaudar fondos a favor de la iglesia y de proyectos comunitarios.<\/p>\n","protected":false},"excerpt":{"rendered":"<p>\ud83d\udd3a\u201cNo ser\u00e1 s\u00f3lo un edificio, ser\u00e1 el coraz\u00f3n espiritual de la colonia\u201d, afirm\u00f3 la Alcaldesa. Canc\u00fan.- En un ambiente lleno de fe, esperanza y alegr\u00eda, la Presidenta Municipal, Ana Paty Peralta acudi\u00f3 como invitada a la ceremonia de colocaci\u00f3n de la primera piedra de la Capilla \u201cNi\u00f1o Dios\u201d en la colonia Sacb\u00e9, realizada por el [&hellip;]<\/p>\n","protected":false},"author":1,"featured_media":92061,"comment_status":"closed","ping_status":"closed","sticky":false,"template":"","format":"standard","meta":{"footnotes":"","_wpscppro_dont_share_socialmedia":false,"_wpscppro_custom_social_share_image":0,"_facebook_share_type":"default","_twitter_share_type":"default","_linkedin_share_type":"default","_pinterest_share_type":"default","_linkedin_share_type_page":"default","_instagram_share_type":"default","_medium_share_type":"","_threads_share_type":"","_google_business_share_type":"","_selected_social_profile":[{"id":753595702106742800,"platform":"twitter","platformKey":0,"name":"InspectorNocturnoOficial","thumbnail_url":"http:\/\/pbs.twimg.com\/profile_images\/869067525337862144\/lyGXp0kf_normal.jpg","share_type":"default"}],"_wpsp_enable_custom_social_template":false,"_wpsp_social_scheduling":{"enabled":false,"datetime":null,"platforms":[],"status":"template_only","dateOption":"today","timeOption":"now","customDays":"","customHours":"","customDate":"","customTime":"","schedulingType":"absolute"},"_wpsp_active_default_template":true},"categories":[57,69,3],"tags":[],"class_list":["post-92060","post","type-post","status-publish","format-standard","has-post-thumbnail","hentry","category-cancun","category-politica","category-quintana-roo"],"yoast_head":"<!-- This site is optimized with the Yoast SEO plugin v27.7 - https:\/\/yoast.com\/product\/yoast-seo-wordpress\/ -->\n<title>ASISTE ANA PATY PERALTA A PRIMERA PIEDRA DE CAPILLA \u201cNI\u00d1O DIOS\u201d EN SACB\u00c9 - Inspector Nocturno<\/title>\n<meta name=\"robots\" content=\"index, follow, max-snippet:-1, max-image-preview:large, max-video-preview:-1\" \/>\n<link rel=\"canonical\" href=\"https:\/\/inspectornocturno.com.mx\/?p=92060\" \/>\n<meta property=\"og:locale\" content=\"es_ES\" \/>\n<meta property=\"og:type\" content=\"article\" \/>\n<meta property=\"og:title\" content=\"ASISTE ANA PATY PERALTA A PRIMERA PIEDRA DE CAPILLA \u201cNI\u00d1O DIOS\u201d EN SACB\u00c9 - Inspector Nocturno\" \/>\n<meta property=\"og:description\" content=\"\ud83d\udd3a\u201cNo ser\u00e1 s\u00f3lo un edificio, ser\u00e1 el coraz\u00f3n espiritual de la colonia\u201d, afirm\u00f3 la Alcaldesa. Canc\u00fan.- En un ambiente lleno de fe, esperanza y alegr\u00eda, la Presidenta Municipal, Ana Paty Peralta acudi\u00f3 como invitada a la ceremonia de colocaci\u00f3n de la primera piedra de la Capilla \u201cNi\u00f1o Dios\u201d en la colonia Sacb\u00e9, realizada por el [&hellip;]\" \/>\n<meta property=\"og:url\" content=\"https:\/\/inspectornocturno.com.mx\/?p=92060\" \/>\n<meta property=\"og:site_name\" content=\"Inspector Nocturno\" \/>\n<meta property=\"article:published_time\" content=\"2025-08-11T00:22:25+00:00\" \/>\n<meta property=\"article:modified_time\" content=\"2025-08-11T00:22:27+00:00\" \/>\n<meta property=\"og:image\" content=\"https:\/\/inspectornocturno.com.mx\/wp-content\/uploads\/2025\/08\/WhatsApp-Image-2025-08-10-at-3.57.01-PM-scaled.jpeg\" \/>\n\t<meta property=\"og:image:width\" content=\"900\" \/>\n\t<meta property=\"og:image:height\" content=\"600\" \/>\n\t<meta property=\"og:image:type\" content=\"image\/jpeg\" \/>\n<meta name=\"author\" content=\"inspector nocturno, noticias al momento, noticias de ultima hora, informando al minuto\" \/>\n<meta name=\"twitter:card\" content=\"summary_large_image\" \/>\n<script type=\"application\/ld+json\" class=\"yoast-schema-graph\">{\"@context\":\"https:\\\/\\\/schema.org\",\"@graph\":[{\"@type\":\"Article\",\"@id\":\"https:\\\/\\\/inspectornocturno.com.mx\\\/?p=92060#article\",\"isPartOf\":{\"@id\":\"https:\\\/\\\/inspectornocturno.com.mx\\\/?p=92060\"},\"author\":{\"name\":\"inspector nocturno, noticias al momento, noticias de ultima hora, informando al minuto\",\"@id\":\"https:\\\/\\\/inspectornocturno.com.mx\\\/#\\\/schema\\\/person\\\/7dc0a76c90dafd204473535370236590\"},\"headline\":\"ASISTE ANA PATY PERALTA A PRIMERA PIEDRA DE CAPILLA \u201cNI\u00d1O DIOS\u201d EN SACB\u00c9\",\"datePublished\":\"2025-08-11T00:22:25+00:00\",\"dateModified\":\"2025-08-11T00:22:27+00:00\",\"mainEntityOfPage\":{\"@id\":\"https:\\\/\\\/inspectornocturno.com.mx\\\/?p=92060\"},\"wordCount\":323,\"publisher\":{\"@id\":\"https:\\\/\\\/inspectornocturno.com.mx\\\/#\\\/schema\\\/person\\\/63eb343fea17271215b1dd2793b27897\"},\"image\":{\"@id\":\"https:\\\/\\\/inspectornocturno.com.mx\\\/?p=92060#primaryimage\"},\"thumbnailUrl\":\"https:\\\/\\\/inspectornocturno.com.mx\\\/wp-content\\\/uploads\\\/2025\\\/08\\\/WhatsApp-Image-2025-08-10-at-3.57.01-PM-scaled.jpeg\",\"articleSection\":[\"Canc\u00fan\",\"Pol\u00edtica\",\"Quintana Roo\"],\"inLanguage\":\"es\"},{\"@type\":\"WebPage\",\"@id\":\"https:\\\/\\\/inspectornocturno.com.mx\\\/?p=92060\",\"url\":\"https:\\\/\\\/inspectornocturno.com.mx\\\/?p=92060\",\"name\":\"ASISTE ANA PATY PERALTA A PRIMERA PIEDRA DE CAPILLA \u201cNI\u00d1O DIOS\u201d EN SACB\u00c9 - Inspector Nocturno\",\"isPartOf\":{\"@id\":\"https:\\\/\\\/inspectornocturno.com.mx\\\/#website\"},\"primaryImageOfPage\":{\"@id\":\"https:\\\/\\\/inspectornocturno.com.mx\\\/?p=92060#primaryimage\"},\"image\":{\"@id\":\"https:\\\/\\\/inspectornocturno.com.mx\\\/?p=92060#primaryimage\"},\"thumbnailUrl\":\"https:\\\/\\\/inspectornocturno.com.mx\\\/wp-content\\\/uploads\\\/2025\\\/08\\\/WhatsApp-Image-2025-08-10-at-3.57.01-PM-scaled.jpeg\",\"datePublished\":\"2025-08-11T00:22:25+00:00\",\"dateModified\":\"2025-08-11T00:22:27+00:00\",\"breadcrumb\":{\"@id\":\"https:\\\/\\\/inspectornocturno.com.mx\\\/?p=92060#breadcrumb\"},\"inLanguage\":\"es\",\"potentialAction\":[{\"@type\":\"ReadAction\",\"target\":[\"https:\\\/\\\/inspectornocturno.com.mx\\\/?p=92060\"]}]},{\"@type\":\"ImageObject\",\"inLanguage\":\"es\",\"@id\":\"https:\\\/\\\/inspectornocturno.com.mx\\\/?p=92060#primaryimage\",\"url\":\"https:\\\/\\\/inspectornocturno.com.mx\\\/wp-content\\\/uploads\\\/2025\\\/08\\\/WhatsApp-Image-2025-08-10-at-3.57.01-PM-scaled.jpeg\",\"contentUrl\":\"https:\\\/\\\/inspectornocturno.com.mx\\\/wp-content\\\/uploads\\\/2025\\\/08\\\/WhatsApp-Image-2025-08-10-at-3.57.01-PM-scaled.jpeg\",\"width\":900,\"height\":600},{\"@type\":\"BreadcrumbList\",\"@id\":\"https:\\\/\\\/inspectornocturno.com.mx\\\/?p=92060#breadcrumb\",\"itemListElement\":[{\"@type\":\"ListItem\",\"position\":1,\"name\":\"Portada\",\"item\":\"https:\\\/\\\/inspectornocturno.com.mx\\\/\"},{\"@type\":\"ListItem\",\"position\":2,\"name\":\"ASISTE ANA PATY PERALTA A PRIMERA PIEDRA DE CAPILLA \u201cNI\u00d1O DIOS\u201d EN SACB\u00c9\"}]},{\"@type\":\"WebSite\",\"@id\":\"https:\\\/\\\/inspectornocturno.com.mx\\\/#website\",\"url\":\"https:\\\/\\\/inspectornocturno.com.mx\\\/\",\"name\":\"Inspector Nocturno\",\"description\":\"Canc\u00fan, noticias al minuto del inspector nocturno\",\"publisher\":{\"@id\":\"https:\\\/\\\/inspectornocturno.com.mx\\\/#\\\/schema\\\/person\\\/63eb343fea17271215b1dd2793b27897\"},\"alternateName\":\"Noticias de impacto al momento de los hechos\",\"potentialAction\":[{\"@type\":\"SearchAction\",\"target\":{\"@type\":\"EntryPoint\",\"urlTemplate\":\"https:\\\/\\\/inspectornocturno.com.mx\\\/?s={search_term_string}\"},\"query-input\":{\"@type\":\"PropertyValueSpecification\",\"valueRequired\":true,\"valueName\":\"search_term_string\"}}],\"inLanguage\":\"es\"},{\"@type\":[\"Person\",\"Organization\"],\"@id\":\"https:\\\/\\\/inspectornocturno.com.mx\\\/#\\\/schema\\\/person\\\/63eb343fea17271215b1dd2793b27897\",\"name\":\"Inspector Nocturno\",\"image\":{\"@type\":\"ImageObject\",\"inLanguage\":\"es\",\"@id\":\"https:\\\/\\\/inspectornocturno.com.mx\\\/wp-content\\\/uploads\\\/2021\\\/10\\\/logo-transparente.png\",\"url\":\"https:\\\/\\\/inspectornocturno.com.mx\\\/wp-content\\\/uploads\\\/2021\\\/10\\\/logo-transparente.png\",\"contentUrl\":\"https:\\\/\\\/inspectornocturno.com.mx\\\/wp-content\\\/uploads\\\/2021\\\/10\\\/logo-transparente.png\",\"width\":561,\"height\":668,\"caption\":\"Inspector Nocturno\"},\"logo\":{\"@id\":\"https:\\\/\\\/inspectornocturno.com.mx\\\/wp-content\\\/uploads\\\/2021\\\/10\\\/logo-transparente.png\"},\"sameAs\":[\"http:\\\/\\\/inspectornocturno.com.mx\"]},{\"@type\":\"Person\",\"@id\":\"https:\\\/\\\/inspectornocturno.com.mx\\\/#\\\/schema\\\/person\\\/7dc0a76c90dafd204473535370236590\",\"name\":\"inspector nocturno, noticias al momento, noticias de ultima hora, informando al minuto\",\"sameAs\":[\"https:\\\/\\\/inspectornocturno.com.mx\"]}]}<\/script>\n<!-- \/ Yoast SEO plugin. -->","yoast_head_json":{"title":"ASISTE ANA PATY PERALTA A PRIMERA PIEDRA DE CAPILLA \u201cNI\u00d1O DIOS\u201d EN SACB\u00c9 - Inspector Nocturno","robots":{"index":"index","follow":"follow","max-snippet":"max-snippet:-1","max-image-preview":"max-image-preview:large","max-video-preview":"max-video-preview:-1"},"canonical":"https:\/\/inspectornocturno.com.mx\/?p=92060","og_locale":"es_ES","og_type":"article","og_title":"ASISTE ANA PATY PERALTA A PRIMERA PIEDRA DE CAPILLA \u201cNI\u00d1O DIOS\u201d EN SACB\u00c9 - Inspector Nocturno","og_description":"\ud83d\udd3a\u201cNo ser\u00e1 s\u00f3lo un edificio, ser\u00e1 el coraz\u00f3n espiritual de la colonia\u201d, afirm\u00f3 la Alcaldesa. Canc\u00fan.- En un ambiente lleno de fe, esperanza y alegr\u00eda, la Presidenta Municipal, Ana Paty Peralta acudi\u00f3 como invitada a la ceremonia de colocaci\u00f3n de la primera piedra de la Capilla \u201cNi\u00f1o Dios\u201d en la colonia Sacb\u00e9, realizada por el [&hellip;]","og_url":"https:\/\/inspectornocturno.com.mx\/?p=92060","og_site_name":"Inspector Nocturno","article_published_time":"2025-08-11T00:22:25+00:00","article_modified_time":"2025-08-11T00:22:27+00:00","og_image":[{"width":900,"height":600,"url":"https:\/\/inspectornocturno.com.mx\/wp-content\/uploads\/2025\/08\/WhatsApp-Image-2025-08-10-at-3.57.01-PM-scaled.jpeg","type":"image\/jpeg"}],"author":"inspector nocturno, noticias al momento, noticias de ultima hora, informando al minuto","twitter_card":"summary_large_image","schema":{"@context":"https:\/\/schema.org","@graph":[{"@type":"Article","@id":"https:\/\/inspectornocturno.com.mx\/?p=92060#article","isPartOf":{"@id":"https:\/\/inspectornocturno.com.mx\/?p=92060"},"author":{"name":"inspector nocturno, noticias al momento, noticias de ultima hora, informando al minuto","@id":"https:\/\/inspectornocturno.com.mx\/#\/schema\/person\/7dc0a76c90dafd204473535370236590"},"headline":"ASISTE ANA PATY PERALTA A PRIMERA PIEDRA DE CAPILLA \u201cNI\u00d1O DIOS\u201d EN SACB\u00c9","datePublished":"2025-08-11T00:22:25+00:00","dateModified":"2025-08-11T00:22:27+00:00","mainEntityOfPage":{"@id":"https:\/\/inspectornocturno.com.mx\/?p=92060"},"wordCount":323,"publisher":{"@id":"https:\/\/inspectornocturno.com.mx\/#\/schema\/person\/63eb343fea17271215b1dd2793b27897"},"image":{"@id":"https:\/\/inspectornocturno.com.mx\/?p=92060#primaryimage"},"thumbnailUrl":"https:\/\/inspectornocturno.com.mx\/wp-content\/uploads\/2025\/08\/WhatsApp-Image-2025-08-10-at-3.57.01-PM-scaled.jpeg","articleSection":["Canc\u00fan","Pol\u00edtica","Quintana Roo"],"inLanguage":"es"},{"@type":"WebPage","@id":"https:\/\/inspectornocturno.com.mx\/?p=92060","url":"https:\/\/inspectornocturno.com.mx\/?p=92060","name":"ASISTE ANA PATY PERALTA A PRIMERA PIEDRA DE CAPILLA \u201cNI\u00d1O DIOS\u201d EN SACB\u00c9 - Inspector Nocturno","isPartOf":{"@id":"https:\/\/inspectornocturno.com.mx\/#website"},"primaryImageOfPage":{"@id":"https:\/\/inspectornocturno.com.mx\/?p=92060#primaryimage"},"image":{"@id":"https:\/\/inspectornocturno.com.mx\/?p=92060#primaryimage"},"thumbnailUrl":"https:\/\/inspectornocturno.com.mx\/wp-content\/uploads\/2025\/08\/WhatsApp-Image-2025-08-10-at-3.57.01-PM-scaled.jpeg","datePublished":"2025-08-11T00:22:25+00:00","dateModified":"2025-08-11T00:22:27+00:00","breadcrumb":{"@id":"https:\/\/inspectornocturno.com.mx\/?p=92060#breadcrumb"},"inLanguage":"es","potentialAction":[{"@type":"ReadAction","target":["https:\/\/inspectornocturno.com.mx\/?p=92060"]}]},{"@type":"ImageObject","inLanguage":"es","@id":"https:\/\/inspectornocturno.com.mx\/?p=92060#primaryimage","url":"https:\/\/inspectornocturno.com.mx\/wp-content\/uploads\/2025\/08\/WhatsApp-Image-2025-08-10-at-3.57.01-PM-scaled.jpeg","contentUrl":"https:\/\/inspectornocturno.com.mx\/wp-content\/uploads\/2025\/08\/WhatsApp-Image-2025-08-10-at-3.57.01-PM-scaled.jpeg","width":900,"height":600},{"@type":"BreadcrumbList","@id":"https:\/\/inspectornocturno.com.mx\/?p=92060#breadcrumb","itemListElement":[{"@type":"ListItem","position":1,"name":"Portada","item":"https:\/\/inspectornocturno.com.mx\/"},{"@type":"ListItem","position":2,"name":"ASISTE ANA PATY PERALTA A PRIMERA PIEDRA DE CAPILLA \u201cNI\u00d1O DIOS\u201d EN SACB\u00c9"}]},{"@type":"WebSite","@id":"https:\/\/inspectornocturno.com.mx\/#website","url":"https:\/\/inspectornocturno.com.mx\/","name":"Inspector Nocturno","description":"Canc\u00fan, noticias al minuto del inspector nocturno","publisher":{"@id":"https:\/\/inspectornocturno.com.mx\/#\/schema\/person\/63eb343fea17271215b1dd2793b27897"},"alternateName":"Noticias de impacto al momento de los hechos","potentialAction":[{"@type":"SearchAction","target":{"@type":"EntryPoint","urlTemplate":"https:\/\/inspectornocturno.com.mx\/?s={search_term_string}"},"query-input":{"@type":"PropertyValueSpecification","valueRequired":true,"valueName":"search_term_string"}}],"inLanguage":"es"},{"@type":["Person","Organization"],"@id":"https:\/\/inspectornocturno.com.mx\/#\/schema\/person\/63eb343fea17271215b1dd2793b27897","name":"Inspector Nocturno","image":{"@type":"ImageObject","inLanguage":"es","@id":"https:\/\/inspectornocturno.com.mx\/wp-content\/uploads\/2021\/10\/logo-transparente.png","url":"https:\/\/inspectornocturno.com.mx\/wp-content\/uploads\/2021\/10\/logo-transparente.png","contentUrl":"https:\/\/inspectornocturno.com.mx\/wp-content\/uploads\/2021\/10\/logo-transparente.png","width":561,"height":668,"caption":"Inspector Nocturno"},"logo":{"@id":"https:\/\/inspectornocturno.com.mx\/wp-content\/uploads\/2021\/10\/logo-transparente.png"},"sameAs":["http:\/\/inspectornocturno.com.mx"]},{"@type":"Person","@id":"https:\/\/inspectornocturno.com.mx\/#\/schema\/person\/7dc0a76c90dafd204473535370236590","name":"inspector nocturno, noticias al momento, noticias de ultima hora, informando al minuto","sameAs":["https:\/\/inspectornocturno.com.mx"]}]}},"views":127,"_links":{"self":[{"href":"https:\/\/inspectornocturno.com.mx\/index.php?rest_route=\/wp\/v2\/posts\/92060","targetHints":{"allow":["GET"]}}],"collection":[{"href":"https:\/\/inspectornocturno.com.mx\/index.php?rest_route=\/wp\/v2\/posts"}],"about":[{"href":"https:\/\/inspectornocturno.com.mx\/index.php?rest_route=\/wp\/v2\/types\/post"}],"author":[{"embeddable":true,"href":"https:\/\/inspectornocturno.com.mx\/index.php?rest_route=\/wp\/v2\/users\/1"}],"replies":[{"embeddable":true,"href":"https:\/\/inspectornocturno.com.mx\/index.php?rest_route=%2Fwp%2Fv2%2Fcomments&post=92060"}],"version-history":[{"count":1,"href":"https:\/\/inspectornocturno.com.mx\/index.php?rest_route=\/wp\/v2\/posts\/92060\/revisions"}],"predecessor-version":[{"id":92062,"href":"https:\/\/inspectornocturno.com.mx\/index.php?rest_route=\/wp\/v2\/posts\/92060\/revisions\/92062"}],"wp:featuredmedia":[{"embeddable":true,"href":"https:\/\/inspectornocturno.com.mx\/index.php?rest_route=\/wp\/v2\/media\/92061"}],"wp:attachment":[{"href":"https:\/\/inspectornocturno.com.mx\/index.php?rest_route=%2Fwp%2Fv2%2Fmedia&parent=92060"}],"wp:term":[{"taxonomy":"category","embeddable":true,"href":"https:\/\/inspectornocturno.com.mx\/index.php?rest_route=%2Fwp%2Fv2%2Fcategories&post=92060"},{"taxonomy":"post_tag","embeddable":true,"href":"https:\/\/inspectornocturno.com.mx\/index.php?rest_route=%2Fwp%2Fv2%2Ftags&post=92060"}],"curies":[{"name":"wp","href":"https:\/\/api.w.org\/{rel}","templated":true}]}}