{"id":91061,"date":"2025-07-22T14:22:15","date_gmt":"2025-07-22T19:22:15","guid":{"rendered":"https:\/\/inspectornocturno.com.mx\/?p=91061"},"modified":"2025-07-22T14:22:17","modified_gmt":"2025-07-22T19:22:17","slug":"casi-una-semana-despues-del-homicidio-informan-la-vinculacion-a-proceso","status":"publish","type":"post","link":"https:\/\/inspectornocturno.com.mx\/?p=91061","title":{"rendered":"CASI UNA SEMANA DESPU\u00c9S DEL HOMICIDIO, INFORMAN LA VINCULACI\u00d3N A PROCESO"},"content":{"rendered":"\n<p><br>\ud83d\udd3a Adriel &#8220;N&#8221;, el padrastro que le quit\u00f3 la vida a la peque\u00f1a \u00c1frica de 10 a\u00f1os de edad, pasar\u00e1 dos a\u00f1os en prisi\u00f3n preventiva antes que se le dicte sentencia.<br><br>Luego de aportar los datos de prueba, por parte de la Fiscal\u00eda General del Estado, a trav\u00e9s de la Fiscal\u00eda Especializada en Combate al Delito de Feminicidio, un Juez de Control dict\u00f3 el auto de vinculaci\u00f3n a proceso para Adriel \u201cN\u201d, por su presunta participaci\u00f3n en hechos posiblemente constitutivos del delito de feminicidio agravado, siendo la v\u00edctima la peque\u00f1a \u00c1frica, de 10 a\u00f1os de edad, quien<br><br>Los sucesos que dieron origen a esta vinculaci\u00f3n, ocurrieron el 16 de julio del a\u00f1o en curso, cuando el ahora imputado, quien hab\u00eda sido pareja sentimental de la madre de la v\u00edctima, ingres\u00f3 a la vivienda de esta, donde cometi\u00f3 el delito de violaci\u00f3n y posteriormente le caus\u00f3 lesiones con un arma blanca, lo que la priv\u00f3 de la vida.<br><br>En audiencia de control, el Ministerio P\u00fablico expuso los datos de prueba, mismos que fueron analizados por el Juez, quien igualmente tom\u00f3 en cuenta los dict\u00e1menes periciales en materia de necropsia de ley, criminal\u00edstica de campo, encuadre del arma y qu\u00edmica forense.<br><br>Despu\u00e9s de escuchar a la defensa particular y los argumentos de esta Representaci\u00f3n Social, la autoridad judicial vincul\u00f3 a proceso a Adriel \u201cN\u201d, a quien adem\u00e1s impuso la medida cautelar de prisi\u00f3n preventiva por el t\u00e9rmino de dos a\u00f1os o el tiempo que dure el proceso judicial.<br><br><br><\/p>\n","protected":false},"excerpt":{"rendered":"<p>\ud83d\udd3a Adriel &#8220;N&#8221;, el padrastro que le quit\u00f3 la vida a la peque\u00f1a \u00c1frica de 10 a\u00f1os de edad, pasar\u00e1 dos a\u00f1os en prisi\u00f3n preventiva antes que se le dicte sentencia. Luego de aportar los datos de prueba, por parte de la Fiscal\u00eda General del Estado, a trav\u00e9s de la Fiscal\u00eda Especializada en Combate al [&hellip;]<\/p>\n","protected":false},"author":3,"featured_media":91062,"comment_status":"closed","ping_status":"closed","sticky":false,"template":"","format":"standard","meta":{"footnotes":"","_wpscppro_dont_share_socialmedia":false,"_wpscppro_custom_social_share_image":0,"_facebook_share_type":"default","_twitter_share_type":"default","_linkedin_share_type":"default","_pinterest_share_type":"default","_linkedin_share_type_page":"default","_instagram_share_type":"default","_medium_share_type":"","_threads_share_type":"","_google_business_share_type":"","_selected_social_profile":[{"id":753595702106742800,"platform":"twitter","platformKey":0,"name":"InspectorNocturnoOficial","thumbnail_url":"http:\/\/pbs.twimg.com\/profile_images\/869067525337862144\/lyGXp0kf_normal.jpg","share_type":"default"}],"_wpsp_enable_custom_social_template":false,"_wpsp_social_scheduling":{"enabled":false,"datetime":null,"platforms":[],"status":"template_only","dateOption":"today","timeOption":"now","customDays":"","customHours":"","customDate":"","customTime":"","schedulingType":"absolute"},"_wpsp_active_default_template":true},"categories":[57,3],"tags":[],"class_list":["post-91061","post","type-post","status-publish","format-standard","has-post-thumbnail","hentry","category-cancun","category-quintana-roo"],"yoast_head":"<!-- This site is optimized with the Yoast SEO plugin v27.4 - https:\/\/yoast.com\/product\/yoast-seo-wordpress\/ -->\n<title>CASI UNA SEMANA DESPU\u00c9S DEL HOMICIDIO, INFORMAN LA VINCULACI\u00d3N A PROCESO - Inspector Nocturno<\/title>\n<meta name=\"robots\" content=\"index, follow, max-snippet:-1, max-image-preview:large, max-video-preview:-1\" \/>\n<link rel=\"canonical\" href=\"https:\/\/inspectornocturno.com.mx\/?p=91061\" \/>\n<meta property=\"og:locale\" content=\"es_ES\" \/>\n<meta property=\"og:type\" content=\"article\" \/>\n<meta property=\"og:title\" content=\"CASI UNA SEMANA DESPU\u00c9S DEL HOMICIDIO, INFORMAN LA VINCULACI\u00d3N A PROCESO - Inspector Nocturno\" \/>\n<meta property=\"og:description\" content=\"\ud83d\udd3a Adriel &#8220;N&#8221;, el padrastro que le quit\u00f3 la vida a la peque\u00f1a \u00c1frica de 10 a\u00f1os de edad, pasar\u00e1 dos a\u00f1os en prisi\u00f3n preventiva antes que se le dicte sentencia. Luego de aportar los datos de prueba, por parte de la Fiscal\u00eda General del Estado, a trav\u00e9s de la Fiscal\u00eda Especializada en Combate al [&hellip;]\" \/>\n<meta property=\"og:url\" content=\"https:\/\/inspectornocturno.com.mx\/?p=91061\" \/>\n<meta property=\"og:site_name\" content=\"Inspector Nocturno\" \/>\n<meta property=\"article:published_time\" content=\"2025-07-22T19:22:15+00:00\" \/>\n<meta property=\"article:modified_time\" content=\"2025-07-22T19:22:17+00:00\" \/>\n<meta property=\"og:image\" content=\"https:\/\/inspectornocturno.com.mx\/wp-content\/uploads\/2025\/07\/FB_IMG_1753206991797-scaled.jpg\" \/>\n\t<meta property=\"og:image:width\" content=\"900\" \/>\n\t<meta property=\"og:image:height\" content=\"896\" \/>\n\t<meta property=\"og:image:type\" content=\"image\/jpeg\" \/>\n<meta name=\"author\" content=\"Inspector Nocturno\" \/>\n<meta name=\"twitter:card\" content=\"summary_large_image\" \/>\n<meta name=\"twitter:image\" content=\"https:\/\/inspectornocturno.com.mx\/wp-content\/uploads\/2025\/07\/FB_IMG_1753206991797-scaled.jpg\" \/>\n<script type=\"application\/ld+json\" class=\"yoast-schema-graph\">{\"@context\":\"https:\\\/\\\/schema.org\",\"@graph\":[{\"@type\":\"Article\",\"@id\":\"https:\\\/\\\/inspectornocturno.com.mx\\\/?p=91061#article\",\"isPartOf\":{\"@id\":\"https:\\\/\\\/inspectornocturno.com.mx\\\/?p=91061\"},\"author\":{\"name\":\"Inspector Nocturno\",\"@id\":\"https:\\\/\\\/inspectornocturno.com.mx\\\/#\\\/schema\\\/person\\\/2f4c4173b1712fd9cf4f4b9365ce65db\"},\"headline\":\"CASI UNA SEMANA DESPU\u00c9S DEL HOMICIDIO, INFORMAN LA VINCULACI\u00d3N A PROCESO\",\"datePublished\":\"2025-07-22T19:22:15+00:00\",\"dateModified\":\"2025-07-22T19:22:17+00:00\",\"mainEntityOfPage\":{\"@id\":\"https:\\\/\\\/inspectornocturno.com.mx\\\/?p=91061\"},\"wordCount\":282,\"publisher\":{\"@id\":\"https:\\\/\\\/inspectornocturno.com.mx\\\/#\\\/schema\\\/person\\\/63eb343fea17271215b1dd2793b27897\"},\"image\":{\"@id\":\"https:\\\/\\\/inspectornocturno.com.mx\\\/?p=91061#primaryimage\"},\"thumbnailUrl\":\"https:\\\/\\\/inspectornocturno.com.mx\\\/wp-content\\\/uploads\\\/2025\\\/07\\\/FB_IMG_1753206991797-scaled.jpg\",\"articleSection\":[\"Canc\u00fan\",\"Quintana Roo\"],\"inLanguage\":\"es\"},{\"@type\":\"WebPage\",\"@id\":\"https:\\\/\\\/inspectornocturno.com.mx\\\/?p=91061\",\"url\":\"https:\\\/\\\/inspectornocturno.com.mx\\\/?p=91061\",\"name\":\"CASI UNA SEMANA DESPU\u00c9S DEL HOMICIDIO, INFORMAN LA VINCULACI\u00d3N A PROCESO - Inspector Nocturno\",\"isPartOf\":{\"@id\":\"https:\\\/\\\/inspectornocturno.com.mx\\\/#website\"},\"primaryImageOfPage\":{\"@id\":\"https:\\\/\\\/inspectornocturno.com.mx\\\/?p=91061#primaryimage\"},\"image\":{\"@id\":\"https:\\\/\\\/inspectornocturno.com.mx\\\/?p=91061#primaryimage\"},\"thumbnailUrl\":\"https:\\\/\\\/inspectornocturno.com.mx\\\/wp-content\\\/uploads\\\/2025\\\/07\\\/FB_IMG_1753206991797-scaled.jpg\",\"datePublished\":\"2025-07-22T19:22:15+00:00\",\"dateModified\":\"2025-07-22T19:22:17+00:00\",\"breadcrumb\":{\"@id\":\"https:\\\/\\\/inspectornocturno.com.mx\\\/?p=91061#breadcrumb\"},\"inLanguage\":\"es\",\"potentialAction\":[{\"@type\":\"ReadAction\",\"target\":[\"https:\\\/\\\/inspectornocturno.com.mx\\\/?p=91061\"]}]},{\"@type\":\"ImageObject\",\"inLanguage\":\"es\",\"@id\":\"https:\\\/\\\/inspectornocturno.com.mx\\\/?p=91061#primaryimage\",\"url\":\"https:\\\/\\\/inspectornocturno.com.mx\\\/wp-content\\\/uploads\\\/2025\\\/07\\\/FB_IMG_1753206991797-scaled.jpg\",\"contentUrl\":\"https:\\\/\\\/inspectornocturno.com.mx\\\/wp-content\\\/uploads\\\/2025\\\/07\\\/FB_IMG_1753206991797-scaled.jpg\",\"width\":900,\"height\":896},{\"@type\":\"BreadcrumbList\",\"@id\":\"https:\\\/\\\/inspectornocturno.com.mx\\\/?p=91061#breadcrumb\",\"itemListElement\":[{\"@type\":\"ListItem\",\"position\":1,\"name\":\"Portada\",\"item\":\"https:\\\/\\\/inspectornocturno.com.mx\\\/\"},{\"@type\":\"ListItem\",\"position\":2,\"name\":\"CASI UNA SEMANA DESPU\u00c9S DEL HOMICIDIO, INFORMAN LA VINCULACI\u00d3N A PROCESO\"}]},{\"@type\":\"WebSite\",\"@id\":\"https:\\\/\\\/inspectornocturno.com.mx\\\/#website\",\"url\":\"https:\\\/\\\/inspectornocturno.com.mx\\\/\",\"name\":\"Inspector Nocturno\",\"description\":\"Canc\u00fan, noticias al minuto del inspector nocturno\",\"publisher\":{\"@id\":\"https:\\\/\\\/inspectornocturno.com.mx\\\/#\\\/schema\\\/person\\\/63eb343fea17271215b1dd2793b27897\"},\"alternateName\":\"Noticias de impacto al momento de los hechos\",\"potentialAction\":[{\"@type\":\"SearchAction\",\"target\":{\"@type\":\"EntryPoint\",\"urlTemplate\":\"https:\\\/\\\/inspectornocturno.com.mx\\\/?s={search_term_string}\"},\"query-input\":{\"@type\":\"PropertyValueSpecification\",\"valueRequired\":true,\"valueName\":\"search_term_string\"}}],\"inLanguage\":\"es\"},{\"@type\":[\"Person\",\"Organization\"],\"@id\":\"https:\\\/\\\/inspectornocturno.com.mx\\\/#\\\/schema\\\/person\\\/63eb343fea17271215b1dd2793b27897\",\"name\":\"Inspector Nocturno\",\"image\":{\"@type\":\"ImageObject\",\"inLanguage\":\"es\",\"@id\":\"https:\\\/\\\/inspectornocturno.com.mx\\\/wp-content\\\/uploads\\\/2021\\\/10\\\/logo-transparente.png\",\"url\":\"https:\\\/\\\/inspectornocturno.com.mx\\\/wp-content\\\/uploads\\\/2021\\\/10\\\/logo-transparente.png\",\"contentUrl\":\"https:\\\/\\\/inspectornocturno.com.mx\\\/wp-content\\\/uploads\\\/2021\\\/10\\\/logo-transparente.png\",\"width\":561,\"height\":668,\"caption\":\"Inspector Nocturno\"},\"logo\":{\"@id\":\"https:\\\/\\\/inspectornocturno.com.mx\\\/wp-content\\\/uploads\\\/2021\\\/10\\\/logo-transparente.png\"},\"sameAs\":[\"http:\\\/\\\/inspectornocturno.com.mx\"]},{\"@type\":\"Person\",\"@id\":\"https:\\\/\\\/inspectornocturno.com.mx\\\/#\\\/schema\\\/person\\\/2f4c4173b1712fd9cf4f4b9365ce65db\",\"name\":\"Inspector Nocturno\",\"sameAs\":[\"http:\\\/\\\/inspectornocturno.com.mx\"]}]}<\/script>\n<!-- \/ Yoast SEO plugin. -->","yoast_head_json":{"title":"CASI UNA SEMANA DESPU\u00c9S DEL HOMICIDIO, INFORMAN LA VINCULACI\u00d3N A PROCESO - Inspector Nocturno","robots":{"index":"index","follow":"follow","max-snippet":"max-snippet:-1","max-image-preview":"max-image-preview:large","max-video-preview":"max-video-preview:-1"},"canonical":"https:\/\/inspectornocturno.com.mx\/?p=91061","og_locale":"es_ES","og_type":"article","og_title":"CASI UNA SEMANA DESPU\u00c9S DEL HOMICIDIO, INFORMAN LA VINCULACI\u00d3N A PROCESO - Inspector Nocturno","og_description":"\ud83d\udd3a Adriel &#8220;N&#8221;, el padrastro que le quit\u00f3 la vida a la peque\u00f1a \u00c1frica de 10 a\u00f1os de edad, pasar\u00e1 dos a\u00f1os en prisi\u00f3n preventiva antes que se le dicte sentencia. Luego de aportar los datos de prueba, por parte de la Fiscal\u00eda General del Estado, a trav\u00e9s de la Fiscal\u00eda Especializada en Combate al [&hellip;]","og_url":"https:\/\/inspectornocturno.com.mx\/?p=91061","og_site_name":"Inspector Nocturno","article_published_time":"2025-07-22T19:22:15+00:00","article_modified_time":"2025-07-22T19:22:17+00:00","og_image":[{"width":900,"height":896,"url":"https:\/\/inspectornocturno.com.mx\/wp-content\/uploads\/2025\/07\/FB_IMG_1753206991797-scaled.jpg","type":"image\/jpeg"}],"author":"Inspector Nocturno","twitter_card":"summary_large_image","twitter_image":"https:\/\/inspectornocturno.com.mx\/wp-content\/uploads\/2025\/07\/FB_IMG_1753206991797-scaled.jpg","schema":{"@context":"https:\/\/schema.org","@graph":[{"@type":"Article","@id":"https:\/\/inspectornocturno.com.mx\/?p=91061#article","isPartOf":{"@id":"https:\/\/inspectornocturno.com.mx\/?p=91061"},"author":{"name":"Inspector Nocturno","@id":"https:\/\/inspectornocturno.com.mx\/#\/schema\/person\/2f4c4173b1712fd9cf4f4b9365ce65db"},"headline":"CASI UNA SEMANA DESPU\u00c9S DEL HOMICIDIO, INFORMAN LA VINCULACI\u00d3N A PROCESO","datePublished":"2025-07-22T19:22:15+00:00","dateModified":"2025-07-22T19:22:17+00:00","mainEntityOfPage":{"@id":"https:\/\/inspectornocturno.com.mx\/?p=91061"},"wordCount":282,"publisher":{"@id":"https:\/\/inspectornocturno.com.mx\/#\/schema\/person\/63eb343fea17271215b1dd2793b27897"},"image":{"@id":"https:\/\/inspectornocturno.com.mx\/?p=91061#primaryimage"},"thumbnailUrl":"https:\/\/inspectornocturno.com.mx\/wp-content\/uploads\/2025\/07\/FB_IMG_1753206991797-scaled.jpg","articleSection":["Canc\u00fan","Quintana Roo"],"inLanguage":"es"},{"@type":"WebPage","@id":"https:\/\/inspectornocturno.com.mx\/?p=91061","url":"https:\/\/inspectornocturno.com.mx\/?p=91061","name":"CASI UNA SEMANA DESPU\u00c9S DEL HOMICIDIO, INFORMAN LA VINCULACI\u00d3N A PROCESO - Inspector Nocturno","isPartOf":{"@id":"https:\/\/inspectornocturno.com.mx\/#website"},"primaryImageOfPage":{"@id":"https:\/\/inspectornocturno.com.mx\/?p=91061#primaryimage"},"image":{"@id":"https:\/\/inspectornocturno.com.mx\/?p=91061#primaryimage"},"thumbnailUrl":"https:\/\/inspectornocturno.com.mx\/wp-content\/uploads\/2025\/07\/FB_IMG_1753206991797-scaled.jpg","datePublished":"2025-07-22T19:22:15+00:00","dateModified":"2025-07-22T19:22:17+00:00","breadcrumb":{"@id":"https:\/\/inspectornocturno.com.mx\/?p=91061#breadcrumb"},"inLanguage":"es","potentialAction":[{"@type":"ReadAction","target":["https:\/\/inspectornocturno.com.mx\/?p=91061"]}]},{"@type":"ImageObject","inLanguage":"es","@id":"https:\/\/inspectornocturno.com.mx\/?p=91061#primaryimage","url":"https:\/\/inspectornocturno.com.mx\/wp-content\/uploads\/2025\/07\/FB_IMG_1753206991797-scaled.jpg","contentUrl":"https:\/\/inspectornocturno.com.mx\/wp-content\/uploads\/2025\/07\/FB_IMG_1753206991797-scaled.jpg","width":900,"height":896},{"@type":"BreadcrumbList","@id":"https:\/\/inspectornocturno.com.mx\/?p=91061#breadcrumb","itemListElement":[{"@type":"ListItem","position":1,"name":"Portada","item":"https:\/\/inspectornocturno.com.mx\/"},{"@type":"ListItem","position":2,"name":"CASI UNA SEMANA DESPU\u00c9S DEL HOMICIDIO, INFORMAN LA VINCULACI\u00d3N A PROCESO"}]},{"@type":"WebSite","@id":"https:\/\/inspectornocturno.com.mx\/#website","url":"https:\/\/inspectornocturno.com.mx\/","name":"Inspector Nocturno","description":"Canc\u00fan, noticias al minuto del inspector nocturno","publisher":{"@id":"https:\/\/inspectornocturno.com.mx\/#\/schema\/person\/63eb343fea17271215b1dd2793b27897"},"alternateName":"Noticias de impacto al momento de los hechos","potentialAction":[{"@type":"SearchAction","target":{"@type":"EntryPoint","urlTemplate":"https:\/\/inspectornocturno.com.mx\/?s={search_term_string}"},"query-input":{"@type":"PropertyValueSpecification","valueRequired":true,"valueName":"search_term_string"}}],"inLanguage":"es"},{"@type":["Person","Organization"],"@id":"https:\/\/inspectornocturno.com.mx\/#\/schema\/person\/63eb343fea17271215b1dd2793b27897","name":"Inspector Nocturno","image":{"@type":"ImageObject","inLanguage":"es","@id":"https:\/\/inspectornocturno.com.mx\/wp-content\/uploads\/2021\/10\/logo-transparente.png","url":"https:\/\/inspectornocturno.com.mx\/wp-content\/uploads\/2021\/10\/logo-transparente.png","contentUrl":"https:\/\/inspectornocturno.com.mx\/wp-content\/uploads\/2021\/10\/logo-transparente.png","width":561,"height":668,"caption":"Inspector Nocturno"},"logo":{"@id":"https:\/\/inspectornocturno.com.mx\/wp-content\/uploads\/2021\/10\/logo-transparente.png"},"sameAs":["http:\/\/inspectornocturno.com.mx"]},{"@type":"Person","@id":"https:\/\/inspectornocturno.com.mx\/#\/schema\/person\/2f4c4173b1712fd9cf4f4b9365ce65db","name":"Inspector Nocturno","sameAs":["http:\/\/inspectornocturno.com.mx"]}]}},"views":123,"_links":{"self":[{"href":"https:\/\/inspectornocturno.com.mx\/index.php?rest_route=\/wp\/v2\/posts\/91061","targetHints":{"allow":["GET"]}}],"collection":[{"href":"https:\/\/inspectornocturno.com.mx\/index.php?rest_route=\/wp\/v2\/posts"}],"about":[{"href":"https:\/\/inspectornocturno.com.mx\/index.php?rest_route=\/wp\/v2\/types\/post"}],"author":[{"embeddable":true,"href":"https:\/\/inspectornocturno.com.mx\/index.php?rest_route=\/wp\/v2\/users\/3"}],"replies":[{"embeddable":true,"href":"https:\/\/inspectornocturno.com.mx\/index.php?rest_route=%2Fwp%2Fv2%2Fcomments&post=91061"}],"version-history":[{"count":1,"href":"https:\/\/inspectornocturno.com.mx\/index.php?rest_route=\/wp\/v2\/posts\/91061\/revisions"}],"predecessor-version":[{"id":91063,"href":"https:\/\/inspectornocturno.com.mx\/index.php?rest_route=\/wp\/v2\/posts\/91061\/revisions\/91063"}],"wp:featuredmedia":[{"embeddable":true,"href":"https:\/\/inspectornocturno.com.mx\/index.php?rest_route=\/wp\/v2\/media\/91062"}],"wp:attachment":[{"href":"https:\/\/inspectornocturno.com.mx\/index.php?rest_route=%2Fwp%2Fv2%2Fmedia&parent=91061"}],"wp:term":[{"taxonomy":"category","embeddable":true,"href":"https:\/\/inspectornocturno.com.mx\/index.php?rest_route=%2Fwp%2Fv2%2Fcategories&post=91061"},{"taxonomy":"post_tag","embeddable":true,"href":"https:\/\/inspectornocturno.com.mx\/index.php?rest_route=%2Fwp%2Fv2%2Ftags&post=91061"}],"curies":[{"name":"wp","href":"https:\/\/api.w.org\/{rel}","templated":true}]}}