{"id":89286,"date":"2025-06-18T15:37:02","date_gmt":"2025-06-18T20:37:02","guid":{"rendered":"https:\/\/inspectornocturno.com.mx\/?p=89286"},"modified":"2025-06-18T15:37:04","modified_gmt":"2025-06-18T20:37:04","slug":"playa-art-fashion-fest-paff-2025-playa-del-carmen-se-viste-de-moda-para-atraer-al-turismo-de-lujo","status":"publish","type":"post","link":"https:\/\/inspectornocturno.com.mx\/?p=89286","title":{"rendered":"PLAYA ART &#038; FASHION FEST (PAFF) 2025: PLAYA DEL CARMEN SE VISTE DE MODA PARA ATRAER AL TURISMO DE LUJO"},"content":{"rendered":"\n<p>\ud83d\udd3aFernando Mu\u00f1oz Calero destaca la agenda y visi\u00f3n de la administraci\u00f3n de la Presidenta Municipal Estefan\u00eda Mercado, por el evento internacional y con causa.<\/p>\n\n\n\n<p>Playa del Carmen.- El octavo regidor y presidente de la Comisi\u00f3n Edilicia de Turismo del Ayuntamiento de Playa del Carmen, Fernando Mu\u00f1oz Calero, particip\u00f3 en la presentaci\u00f3n del evento internacional para atraer el turismo de lujo, pero, adem\u00e1s con causa, Playa Art &amp; Fashion Fest (PAFF) 2025, en su primera edici\u00f3n se realizar\u00e1 del 26 al 29 de junio en la Quinta Avenida.<\/p>\n\n\n\n<p>El evento tiene como objetivo principal ayudar aquellas mujeres que son v\u00edctimas de violencia, as\u00ed como tambi\u00e9n seguir impulsando la promoci\u00f3n tur\u00edstica y atraer el turismo de lujo a Playa del Carmen; que a su vez genere una gran derrama econ\u00f3mica, impulsada por la Presidenta Municipal Estefan\u00eda Mercado.<\/p>\n\n\n\n<p>\u201cQuiero felicitar a quienes est\u00e1n trabajando por este gran evento internacional, a nuestros patrocinadores, a los empresarios y a las agencias tur\u00edsticas que conf\u00edan en lo que este Gobierno est\u00e1 realizando. Reconozco el valor que le da nuestra presidenta Estefan\u00eda Mercado para Playa del Carmen, el trabajar por traer m\u00e1s turismo, que se genere la derrama econ\u00f3mica, pero sobre todo la justicia, de no olvidar la parte social\u201d, expres\u00f3 Fernando Mu\u00f1oz.<\/p>\n\n\n\n<p>Playa Art &amp; Fashion Fest (PAFF) 2025, fue presentado por la Estefan\u00eda Hern\u00e1ndez, secretaria de Turismo de Playa del Carmen; en donde se reunir\u00e1 a lo mejor de la moda, el talento y la cultura con la participaci\u00f3n de m\u00e1s de 30 modelos internacionales y reinas de belleza a cargo de Tony Berber, estilista y fundador del proyecto \u201cM\u00e9xico en la piel\u201d, que busca impulsar los destinos de este pa\u00eds.<\/p>\n\n\n\n<p>El desfile se realizar\u00e1 en la Quinta Avenida de Playa del Carmen, ser\u00e1 totalmente gratuito, unir\u00e1 a ocho marcas participantes, como Pineda Covalin, dise\u00f1adores de moda como Agatha Ruiz de la Prada y el evento ser\u00e1 conducido por Vanessa Ponce de Le\u00f3n, Miss Word 2018.<\/p>\n","protected":false},"excerpt":{"rendered":"<p>\ud83d\udd3aFernando Mu\u00f1oz Calero destaca la agenda y visi\u00f3n de la administraci\u00f3n de la Presidenta Municipal Estefan\u00eda Mercado, por el evento internacional y con causa. Playa del Carmen.- El octavo regidor y presidente de la Comisi\u00f3n Edilicia de Turismo del Ayuntamiento de Playa del Carmen, Fernando Mu\u00f1oz Calero, particip\u00f3 en la presentaci\u00f3n del evento internacional para [&hellip;]<\/p>\n","protected":false},"author":1,"featured_media":89287,"comment_status":"closed","ping_status":"closed","sticky":false,"template":"","format":"standard","meta":{"footnotes":"","_wpscppro_dont_share_socialmedia":false,"_wpscppro_custom_social_share_image":0,"_facebook_share_type":"default","_twitter_share_type":"default","_linkedin_share_type":"default","_pinterest_share_type":"default","_linkedin_share_type_page":"default","_instagram_share_type":"default","_medium_share_type":"","_threads_share_type":"","_google_business_share_type":"","_selected_social_profile":[{"id":753595702106742800,"platform":"twitter","platformKey":0,"name":"InspectorNocturnoOficial","thumbnail_url":"http:\/\/pbs.twimg.com\/profile_images\/869067525337862144\/lyGXp0kf_normal.jpg","share_type":"default"}],"_wpsp_enable_custom_social_template":false,"_wpsp_social_scheduling":{"enabled":false,"datetime":null,"platforms":[],"status":"template_only","dateOption":"today","timeOption":"now","customDays":"","customHours":"","customDate":"","customTime":"","schedulingType":"absolute"},"_wpsp_active_default_template":true},"categories":[50,69,3],"tags":[],"class_list":["post-89286","post","type-post","status-publish","format-standard","has-post-thumbnail","hentry","category-playa-del-carmen","category-politica","category-quintana-roo"],"yoast_head":"<!-- This site is optimized with the Yoast SEO plugin v27.4 - https:\/\/yoast.com\/product\/yoast-seo-wordpress\/ -->\n<title>PLAYA ART &amp; FASHION FEST (PAFF) 2025: PLAYA DEL CARMEN SE VISTE DE MODA PARA ATRAER AL TURISMO DE LUJO - Inspector Nocturno<\/title>\n<meta name=\"robots\" content=\"index, follow, max-snippet:-1, max-image-preview:large, max-video-preview:-1\" \/>\n<link rel=\"canonical\" href=\"https:\/\/inspectornocturno.com.mx\/?p=89286\" \/>\n<meta property=\"og:locale\" content=\"es_ES\" \/>\n<meta property=\"og:type\" content=\"article\" \/>\n<meta property=\"og:title\" content=\"PLAYA ART &amp; FASHION FEST (PAFF) 2025: PLAYA DEL CARMEN SE VISTE DE MODA PARA ATRAER AL TURISMO DE LUJO - Inspector Nocturno\" \/>\n<meta property=\"og:description\" content=\"\ud83d\udd3aFernando Mu\u00f1oz Calero destaca la agenda y visi\u00f3n de la administraci\u00f3n de la Presidenta Municipal Estefan\u00eda Mercado, por el evento internacional y con causa. Playa del Carmen.- El octavo regidor y presidente de la Comisi\u00f3n Edilicia de Turismo del Ayuntamiento de Playa del Carmen, Fernando Mu\u00f1oz Calero, particip\u00f3 en la presentaci\u00f3n del evento internacional para [&hellip;]\" \/>\n<meta property=\"og:url\" content=\"https:\/\/inspectornocturno.com.mx\/?p=89286\" \/>\n<meta property=\"og:site_name\" content=\"Inspector Nocturno\" \/>\n<meta property=\"article:published_time\" content=\"2025-06-18T20:37:02+00:00\" \/>\n<meta property=\"article:modified_time\" content=\"2025-06-18T20:37:04+00:00\" \/>\n<meta property=\"og:image\" content=\"https:\/\/inspectornocturno.com.mx\/wp-content\/uploads\/2025\/06\/WhatsApp-Image-2025-06-18-at-2.18.51-PM-scaled.jpeg\" \/>\n\t<meta property=\"og:image:width\" content=\"900\" \/>\n\t<meta property=\"og:image:height\" content=\"600\" \/>\n\t<meta property=\"og:image:type\" content=\"image\/jpeg\" \/>\n<meta name=\"author\" content=\"inspector nocturno, noticias al momento, noticias de ultima hora, informando al minuto\" \/>\n<meta name=\"twitter:card\" content=\"summary_large_image\" \/>\n<script type=\"application\/ld+json\" class=\"yoast-schema-graph\">{\"@context\":\"https:\\\/\\\/schema.org\",\"@graph\":[{\"@type\":\"Article\",\"@id\":\"https:\\\/\\\/inspectornocturno.com.mx\\\/?p=89286#article\",\"isPartOf\":{\"@id\":\"https:\\\/\\\/inspectornocturno.com.mx\\\/?p=89286\"},\"author\":{\"name\":\"inspector nocturno, noticias al momento, noticias de ultima hora, informando al minuto\",\"@id\":\"https:\\\/\\\/inspectornocturno.com.mx\\\/#\\\/schema\\\/person\\\/7dc0a76c90dafd204473535370236590\"},\"headline\":\"PLAYA ART &#038; FASHION FEST (PAFF) 2025: PLAYA DEL CARMEN SE VISTE DE MODA PARA ATRAER AL TURISMO DE LUJO\",\"datePublished\":\"2025-06-18T20:37:02+00:00\",\"dateModified\":\"2025-06-18T20:37:04+00:00\",\"mainEntityOfPage\":{\"@id\":\"https:\\\/\\\/inspectornocturno.com.mx\\\/?p=89286\"},\"wordCount\":364,\"publisher\":{\"@id\":\"https:\\\/\\\/inspectornocturno.com.mx\\\/#\\\/schema\\\/person\\\/63eb343fea17271215b1dd2793b27897\"},\"image\":{\"@id\":\"https:\\\/\\\/inspectornocturno.com.mx\\\/?p=89286#primaryimage\"},\"thumbnailUrl\":\"https:\\\/\\\/inspectornocturno.com.mx\\\/wp-content\\\/uploads\\\/2025\\\/06\\\/WhatsApp-Image-2025-06-18-at-2.18.51-PM-scaled.jpeg\",\"articleSection\":[\"Playa del Carmen\",\"Pol\u00edtica\",\"Quintana Roo\"],\"inLanguage\":\"es\"},{\"@type\":\"WebPage\",\"@id\":\"https:\\\/\\\/inspectornocturno.com.mx\\\/?p=89286\",\"url\":\"https:\\\/\\\/inspectornocturno.com.mx\\\/?p=89286\",\"name\":\"PLAYA ART & FASHION FEST (PAFF) 2025: PLAYA DEL CARMEN SE VISTE DE MODA PARA ATRAER AL TURISMO DE LUJO - Inspector Nocturno\",\"isPartOf\":{\"@id\":\"https:\\\/\\\/inspectornocturno.com.mx\\\/#website\"},\"primaryImageOfPage\":{\"@id\":\"https:\\\/\\\/inspectornocturno.com.mx\\\/?p=89286#primaryimage\"},\"image\":{\"@id\":\"https:\\\/\\\/inspectornocturno.com.mx\\\/?p=89286#primaryimage\"},\"thumbnailUrl\":\"https:\\\/\\\/inspectornocturno.com.mx\\\/wp-content\\\/uploads\\\/2025\\\/06\\\/WhatsApp-Image-2025-06-18-at-2.18.51-PM-scaled.jpeg\",\"datePublished\":\"2025-06-18T20:37:02+00:00\",\"dateModified\":\"2025-06-18T20:37:04+00:00\",\"breadcrumb\":{\"@id\":\"https:\\\/\\\/inspectornocturno.com.mx\\\/?p=89286#breadcrumb\"},\"inLanguage\":\"es\",\"potentialAction\":[{\"@type\":\"ReadAction\",\"target\":[\"https:\\\/\\\/inspectornocturno.com.mx\\\/?p=89286\"]}]},{\"@type\":\"ImageObject\",\"inLanguage\":\"es\",\"@id\":\"https:\\\/\\\/inspectornocturno.com.mx\\\/?p=89286#primaryimage\",\"url\":\"https:\\\/\\\/inspectornocturno.com.mx\\\/wp-content\\\/uploads\\\/2025\\\/06\\\/WhatsApp-Image-2025-06-18-at-2.18.51-PM-scaled.jpeg\",\"contentUrl\":\"https:\\\/\\\/inspectornocturno.com.mx\\\/wp-content\\\/uploads\\\/2025\\\/06\\\/WhatsApp-Image-2025-06-18-at-2.18.51-PM-scaled.jpeg\",\"width\":900,\"height\":600},{\"@type\":\"BreadcrumbList\",\"@id\":\"https:\\\/\\\/inspectornocturno.com.mx\\\/?p=89286#breadcrumb\",\"itemListElement\":[{\"@type\":\"ListItem\",\"position\":1,\"name\":\"Portada\",\"item\":\"https:\\\/\\\/inspectornocturno.com.mx\\\/\"},{\"@type\":\"ListItem\",\"position\":2,\"name\":\"PLAYA ART &#038; FASHION FEST (PAFF) 2025: PLAYA DEL CARMEN SE VISTE DE MODA PARA ATRAER AL TURISMO DE LUJO\"}]},{\"@type\":\"WebSite\",\"@id\":\"https:\\\/\\\/inspectornocturno.com.mx\\\/#website\",\"url\":\"https:\\\/\\\/inspectornocturno.com.mx\\\/\",\"name\":\"Inspector Nocturno\",\"description\":\"Canc\u00fan, noticias al minuto del inspector nocturno\",\"publisher\":{\"@id\":\"https:\\\/\\\/inspectornocturno.com.mx\\\/#\\\/schema\\\/person\\\/63eb343fea17271215b1dd2793b27897\"},\"alternateName\":\"Noticias de impacto al momento de los hechos\",\"potentialAction\":[{\"@type\":\"SearchAction\",\"target\":{\"@type\":\"EntryPoint\",\"urlTemplate\":\"https:\\\/\\\/inspectornocturno.com.mx\\\/?s={search_term_string}\"},\"query-input\":{\"@type\":\"PropertyValueSpecification\",\"valueRequired\":true,\"valueName\":\"search_term_string\"}}],\"inLanguage\":\"es\"},{\"@type\":[\"Person\",\"Organization\"],\"@id\":\"https:\\\/\\\/inspectornocturno.com.mx\\\/#\\\/schema\\\/person\\\/63eb343fea17271215b1dd2793b27897\",\"name\":\"Inspector Nocturno\",\"image\":{\"@type\":\"ImageObject\",\"inLanguage\":\"es\",\"@id\":\"https:\\\/\\\/inspectornocturno.com.mx\\\/wp-content\\\/uploads\\\/2021\\\/10\\\/logo-transparente.png\",\"url\":\"https:\\\/\\\/inspectornocturno.com.mx\\\/wp-content\\\/uploads\\\/2021\\\/10\\\/logo-transparente.png\",\"contentUrl\":\"https:\\\/\\\/inspectornocturno.com.mx\\\/wp-content\\\/uploads\\\/2021\\\/10\\\/logo-transparente.png\",\"width\":561,\"height\":668,\"caption\":\"Inspector Nocturno\"},\"logo\":{\"@id\":\"https:\\\/\\\/inspectornocturno.com.mx\\\/wp-content\\\/uploads\\\/2021\\\/10\\\/logo-transparente.png\"},\"sameAs\":[\"http:\\\/\\\/inspectornocturno.com.mx\"]},{\"@type\":\"Person\",\"@id\":\"https:\\\/\\\/inspectornocturno.com.mx\\\/#\\\/schema\\\/person\\\/7dc0a76c90dafd204473535370236590\",\"name\":\"inspector nocturno, noticias al momento, noticias de ultima hora, informando al minuto\",\"sameAs\":[\"https:\\\/\\\/inspectornocturno.com.mx\"]}]}<\/script>\n<!-- \/ Yoast SEO plugin. -->","yoast_head_json":{"title":"PLAYA ART & FASHION FEST (PAFF) 2025: PLAYA DEL CARMEN SE VISTE DE MODA PARA ATRAER AL TURISMO DE LUJO - Inspector Nocturno","robots":{"index":"index","follow":"follow","max-snippet":"max-snippet:-1","max-image-preview":"max-image-preview:large","max-video-preview":"max-video-preview:-1"},"canonical":"https:\/\/inspectornocturno.com.mx\/?p=89286","og_locale":"es_ES","og_type":"article","og_title":"PLAYA ART & FASHION FEST (PAFF) 2025: PLAYA DEL CARMEN SE VISTE DE MODA PARA ATRAER AL TURISMO DE LUJO - Inspector Nocturno","og_description":"\ud83d\udd3aFernando Mu\u00f1oz Calero destaca la agenda y visi\u00f3n de la administraci\u00f3n de la Presidenta Municipal Estefan\u00eda Mercado, por el evento internacional y con causa. Playa del Carmen.- El octavo regidor y presidente de la Comisi\u00f3n Edilicia de Turismo del Ayuntamiento de Playa del Carmen, Fernando Mu\u00f1oz Calero, particip\u00f3 en la presentaci\u00f3n del evento internacional para [&hellip;]","og_url":"https:\/\/inspectornocturno.com.mx\/?p=89286","og_site_name":"Inspector Nocturno","article_published_time":"2025-06-18T20:37:02+00:00","article_modified_time":"2025-06-18T20:37:04+00:00","og_image":[{"width":900,"height":600,"url":"https:\/\/inspectornocturno.com.mx\/wp-content\/uploads\/2025\/06\/WhatsApp-Image-2025-06-18-at-2.18.51-PM-scaled.jpeg","type":"image\/jpeg"}],"author":"inspector nocturno, noticias al momento, noticias de ultima hora, informando al minuto","twitter_card":"summary_large_image","schema":{"@context":"https:\/\/schema.org","@graph":[{"@type":"Article","@id":"https:\/\/inspectornocturno.com.mx\/?p=89286#article","isPartOf":{"@id":"https:\/\/inspectornocturno.com.mx\/?p=89286"},"author":{"name":"inspector nocturno, noticias al momento, noticias de ultima hora, informando al minuto","@id":"https:\/\/inspectornocturno.com.mx\/#\/schema\/person\/7dc0a76c90dafd204473535370236590"},"headline":"PLAYA ART &#038; FASHION FEST (PAFF) 2025: PLAYA DEL CARMEN SE VISTE DE MODA PARA ATRAER AL TURISMO DE LUJO","datePublished":"2025-06-18T20:37:02+00:00","dateModified":"2025-06-18T20:37:04+00:00","mainEntityOfPage":{"@id":"https:\/\/inspectornocturno.com.mx\/?p=89286"},"wordCount":364,"publisher":{"@id":"https:\/\/inspectornocturno.com.mx\/#\/schema\/person\/63eb343fea17271215b1dd2793b27897"},"image":{"@id":"https:\/\/inspectornocturno.com.mx\/?p=89286#primaryimage"},"thumbnailUrl":"https:\/\/inspectornocturno.com.mx\/wp-content\/uploads\/2025\/06\/WhatsApp-Image-2025-06-18-at-2.18.51-PM-scaled.jpeg","articleSection":["Playa del Carmen","Pol\u00edtica","Quintana Roo"],"inLanguage":"es"},{"@type":"WebPage","@id":"https:\/\/inspectornocturno.com.mx\/?p=89286","url":"https:\/\/inspectornocturno.com.mx\/?p=89286","name":"PLAYA ART & FASHION FEST (PAFF) 2025: PLAYA DEL CARMEN SE VISTE DE MODA PARA ATRAER AL TURISMO DE LUJO - Inspector Nocturno","isPartOf":{"@id":"https:\/\/inspectornocturno.com.mx\/#website"},"primaryImageOfPage":{"@id":"https:\/\/inspectornocturno.com.mx\/?p=89286#primaryimage"},"image":{"@id":"https:\/\/inspectornocturno.com.mx\/?p=89286#primaryimage"},"thumbnailUrl":"https:\/\/inspectornocturno.com.mx\/wp-content\/uploads\/2025\/06\/WhatsApp-Image-2025-06-18-at-2.18.51-PM-scaled.jpeg","datePublished":"2025-06-18T20:37:02+00:00","dateModified":"2025-06-18T20:37:04+00:00","breadcrumb":{"@id":"https:\/\/inspectornocturno.com.mx\/?p=89286#breadcrumb"},"inLanguage":"es","potentialAction":[{"@type":"ReadAction","target":["https:\/\/inspectornocturno.com.mx\/?p=89286"]}]},{"@type":"ImageObject","inLanguage":"es","@id":"https:\/\/inspectornocturno.com.mx\/?p=89286#primaryimage","url":"https:\/\/inspectornocturno.com.mx\/wp-content\/uploads\/2025\/06\/WhatsApp-Image-2025-06-18-at-2.18.51-PM-scaled.jpeg","contentUrl":"https:\/\/inspectornocturno.com.mx\/wp-content\/uploads\/2025\/06\/WhatsApp-Image-2025-06-18-at-2.18.51-PM-scaled.jpeg","width":900,"height":600},{"@type":"BreadcrumbList","@id":"https:\/\/inspectornocturno.com.mx\/?p=89286#breadcrumb","itemListElement":[{"@type":"ListItem","position":1,"name":"Portada","item":"https:\/\/inspectornocturno.com.mx\/"},{"@type":"ListItem","position":2,"name":"PLAYA ART &#038; FASHION FEST (PAFF) 2025: PLAYA DEL CARMEN SE VISTE DE MODA PARA ATRAER AL TURISMO DE LUJO"}]},{"@type":"WebSite","@id":"https:\/\/inspectornocturno.com.mx\/#website","url":"https:\/\/inspectornocturno.com.mx\/","name":"Inspector Nocturno","description":"Canc\u00fan, noticias al minuto del inspector nocturno","publisher":{"@id":"https:\/\/inspectornocturno.com.mx\/#\/schema\/person\/63eb343fea17271215b1dd2793b27897"},"alternateName":"Noticias de impacto al momento de los hechos","potentialAction":[{"@type":"SearchAction","target":{"@type":"EntryPoint","urlTemplate":"https:\/\/inspectornocturno.com.mx\/?s={search_term_string}"},"query-input":{"@type":"PropertyValueSpecification","valueRequired":true,"valueName":"search_term_string"}}],"inLanguage":"es"},{"@type":["Person","Organization"],"@id":"https:\/\/inspectornocturno.com.mx\/#\/schema\/person\/63eb343fea17271215b1dd2793b27897","name":"Inspector Nocturno","image":{"@type":"ImageObject","inLanguage":"es","@id":"https:\/\/inspectornocturno.com.mx\/wp-content\/uploads\/2021\/10\/logo-transparente.png","url":"https:\/\/inspectornocturno.com.mx\/wp-content\/uploads\/2021\/10\/logo-transparente.png","contentUrl":"https:\/\/inspectornocturno.com.mx\/wp-content\/uploads\/2021\/10\/logo-transparente.png","width":561,"height":668,"caption":"Inspector Nocturno"},"logo":{"@id":"https:\/\/inspectornocturno.com.mx\/wp-content\/uploads\/2021\/10\/logo-transparente.png"},"sameAs":["http:\/\/inspectornocturno.com.mx"]},{"@type":"Person","@id":"https:\/\/inspectornocturno.com.mx\/#\/schema\/person\/7dc0a76c90dafd204473535370236590","name":"inspector nocturno, noticias al momento, noticias de ultima hora, informando al minuto","sameAs":["https:\/\/inspectornocturno.com.mx"]}]}},"views":108,"_links":{"self":[{"href":"https:\/\/inspectornocturno.com.mx\/index.php?rest_route=\/wp\/v2\/posts\/89286","targetHints":{"allow":["GET"]}}],"collection":[{"href":"https:\/\/inspectornocturno.com.mx\/index.php?rest_route=\/wp\/v2\/posts"}],"about":[{"href":"https:\/\/inspectornocturno.com.mx\/index.php?rest_route=\/wp\/v2\/types\/post"}],"author":[{"embeddable":true,"href":"https:\/\/inspectornocturno.com.mx\/index.php?rest_route=\/wp\/v2\/users\/1"}],"replies":[{"embeddable":true,"href":"https:\/\/inspectornocturno.com.mx\/index.php?rest_route=%2Fwp%2Fv2%2Fcomments&post=89286"}],"version-history":[{"count":1,"href":"https:\/\/inspectornocturno.com.mx\/index.php?rest_route=\/wp\/v2\/posts\/89286\/revisions"}],"predecessor-version":[{"id":89288,"href":"https:\/\/inspectornocturno.com.mx\/index.php?rest_route=\/wp\/v2\/posts\/89286\/revisions\/89288"}],"wp:featuredmedia":[{"embeddable":true,"href":"https:\/\/inspectornocturno.com.mx\/index.php?rest_route=\/wp\/v2\/media\/89287"}],"wp:attachment":[{"href":"https:\/\/inspectornocturno.com.mx\/index.php?rest_route=%2Fwp%2Fv2%2Fmedia&parent=89286"}],"wp:term":[{"taxonomy":"category","embeddable":true,"href":"https:\/\/inspectornocturno.com.mx\/index.php?rest_route=%2Fwp%2Fv2%2Fcategories&post=89286"},{"taxonomy":"post_tag","embeddable":true,"href":"https:\/\/inspectornocturno.com.mx\/index.php?rest_route=%2Fwp%2Fv2%2Ftags&post=89286"}],"curies":[{"name":"wp","href":"https:\/\/api.w.org\/{rel}","templated":true}]}}