{"id":89097,"date":"2025-06-13T20:00:00","date_gmt":"2025-06-14T01:00:00","guid":{"rendered":"https:\/\/inspectornocturno.com.mx\/?p=89097"},"modified":"2025-06-13T18:53:36","modified_gmt":"2025-06-13T23:53:36","slug":"fernando-munoz-reafirma-que-en-playa-del-carmen-avanza-y-crece-la-familia-verde","status":"publish","type":"post","link":"https:\/\/inspectornocturno.com.mx\/?p=89097","title":{"rendered":"FERNANDO MU\u00d1OZ REAFIRMA QUE EN PLAYA DEL CARMEN AVANZA Y CRECE LA FAMILIA VERDE"},"content":{"rendered":"\n<p>\ud83d\udd3a\ufe0f A casi tres meses del arranque nacional de afiliaci\u00f3n, cada vez m\u00e1s ciudadanos se suman al proyecto Verde que ya es la segunda fuerza pol\u00edtica en Quintana Roo<\/p>\n\n\n\n<h1 class=\"wp-block-heading\">#InspectorNocturno \ud83d\udd75\u200d\u2642\ufe0f\ud83d\udd0e #Noticias \ud83d\udea8\ud83d\ude91\ud83d\udc6e\u200d\u2642\ufe0f #PlayadelCarmen<\/h1>\n\n\n\n<p>&nbsp;La campa\u00f1a de afiliaci\u00f3n del Partido Verde contin\u00faa creciendo con fuerza en Playa del Carmen, donde mujeres y hombres comprometidos con su comunidad se suman cada d\u00eda al proyecto que ha demostrado resultados, destac\u00f3 el coordinador local,&nbsp;Fernando Mu\u00f1oz Calero.<\/p>\n\n\n\n<p>A casi tres meses del inicio de la campa\u00f1a nacional, miles de playenses han decidido integrarse a la familia Verde, reconociendo que es un partido que cumple, que trabaja con una agenda clara, que impulsa perfiles con vocaci\u00f3n de servicio y que hoy es ya la&nbsp;segunda fuerza pol\u00edtica en Quintana Roo.<\/p>\n\n\n\n<p>Fernando Mu\u00f1oz subray\u00f3 que el Verde vive un proceso de transformaci\u00f3n y renovaci\u00f3n, con nuevos cuadros de mujeres y hombres dispuestos a construir un mejor futuro para la entidad. Asimismo, hizo un llamado a seguir invitando a m\u00e1s personas a sumarse, como lo ha impulsado el dirigente estatal,&nbsp;Ren\u00e1n S\u00e1nchez Tajonar.<\/p>\n\n\n\n<p>\u201cCon la familia Verde, seguimos caminando las calles, escuchando a la gente, ayudando y buscando a quienes realmente quieran aportar al desarrollo de Quintana Roo. Aqu\u00ed estamos, con compromiso y coraz\u00f3n\u201d, expres\u00f3.<\/p>\n","protected":false},"excerpt":{"rendered":"<p>\ud83d\udd3a\ufe0f A casi tres meses del arranque nacional de afiliaci\u00f3n, cada vez m\u00e1s ciudadanos se suman al proyecto Verde que ya es la segunda fuerza pol\u00edtica en Quintana Roo #InspectorNocturno \ud83d\udd75\u200d\u2642\ufe0f\ud83d\udd0e #Noticias \ud83d\udea8\ud83d\ude91\ud83d\udc6e\u200d\u2642\ufe0f #PlayadelCarmen &nbsp;La campa\u00f1a de afiliaci\u00f3n del Partido Verde contin\u00faa creciendo con fuerza en Playa del Carmen, donde mujeres y hombres comprometidos con [&hellip;]<\/p>\n","protected":false},"author":9,"featured_media":89098,"comment_status":"closed","ping_status":"closed","sticky":false,"template":"","format":"standard","meta":{"footnotes":"","_wpscppro_dont_share_socialmedia":false,"_wpscppro_custom_social_share_image":0,"_facebook_share_type":"default","_twitter_share_type":"custom","_linkedin_share_type":"default","_pinterest_share_type":"default","_linkedin_share_type_page":"default","_instagram_share_type":"default","_medium_share_type":"","_threads_share_type":"","_google_business_share_type":"","_selected_social_profile":[{"id":753595702106742800,"platform":"twitter","platformKey":0,"name":"InspectorNocturnoOficial","thumbnail_url":"http:\/\/pbs.twimg.com\/profile_images\/869067525337862144\/lyGXp0kf_normal.jpg","share_type":"default"}],"_wpsp_enable_custom_social_template":false,"_wpsp_social_scheduling":{"enabled":false,"datetime":null,"platforms":[],"status":"template_only","dateOption":"today","timeOption":"now","customDays":"","customHours":"","customDate":"","customTime":"","schedulingType":"absolute"},"_wpsp_active_default_template":true},"categories":[50,3],"tags":[],"class_list":["post-89097","post","type-post","status-publish","format-standard","has-post-thumbnail","hentry","category-playa-del-carmen","category-quintana-roo"],"yoast_head":"<!-- This site is optimized with the Yoast SEO plugin v27.4 - https:\/\/yoast.com\/product\/yoast-seo-wordpress\/ -->\n<title>FERNANDO MU\u00d1OZ REAFIRMA QUE EN PLAYA DEL CARMEN AVANZA Y CRECE LA FAMILIA VERDE - Inspector Nocturno<\/title>\n<meta name=\"robots\" content=\"index, follow, max-snippet:-1, max-image-preview:large, max-video-preview:-1\" \/>\n<link rel=\"canonical\" href=\"https:\/\/inspectornocturno.com.mx\/?p=89097\" \/>\n<meta property=\"og:locale\" content=\"es_ES\" \/>\n<meta property=\"og:type\" content=\"article\" \/>\n<meta property=\"og:title\" content=\"FERNANDO MU\u00d1OZ REAFIRMA QUE EN PLAYA DEL CARMEN AVANZA Y CRECE LA FAMILIA VERDE - Inspector Nocturno\" \/>\n<meta property=\"og:description\" content=\"\ud83d\udd3a\ufe0f A casi tres meses del arranque nacional de afiliaci\u00f3n, cada vez m\u00e1s ciudadanos se suman al proyecto Verde que ya es la segunda fuerza pol\u00edtica en Quintana Roo #InspectorNocturno \ud83d\udd75\u200d\u2642\ufe0f\ud83d\udd0e #Noticias \ud83d\udea8\ud83d\ude91\ud83d\udc6e\u200d\u2642\ufe0f #PlayadelCarmen &nbsp;La campa\u00f1a de afiliaci\u00f3n del Partido Verde contin\u00faa creciendo con fuerza en Playa del Carmen, donde mujeres y hombres comprometidos con [&hellip;]\" \/>\n<meta property=\"og:url\" content=\"https:\/\/inspectornocturno.com.mx\/?p=89097\" \/>\n<meta property=\"og:site_name\" content=\"Inspector Nocturno\" \/>\n<meta property=\"article:published_time\" content=\"2025-06-14T01:00:00+00:00\" \/>\n<meta property=\"og:image\" content=\"https:\/\/inspectornocturno.com.mx\/wp-content\/uploads\/2025\/06\/IMG-20250613-WA0175-scaled.jpg\" \/>\n\t<meta property=\"og:image:width\" content=\"900\" \/>\n\t<meta property=\"og:image:height\" content=\"721\" \/>\n\t<meta property=\"og:image:type\" content=\"image\/jpeg\" \/>\n<meta name=\"author\" content=\"Inspector Nocturno\" \/>\n<meta name=\"twitter:card\" content=\"summary_large_image\" \/>\n<script type=\"application\/ld+json\" class=\"yoast-schema-graph\">{\"@context\":\"https:\\\/\\\/schema.org\",\"@graph\":[{\"@type\":\"Article\",\"@id\":\"https:\\\/\\\/inspectornocturno.com.mx\\\/?p=89097#article\",\"isPartOf\":{\"@id\":\"https:\\\/\\\/inspectornocturno.com.mx\\\/?p=89097\"},\"author\":{\"name\":\"Inspector Nocturno\",\"@id\":\"https:\\\/\\\/inspectornocturno.com.mx\\\/#\\\/schema\\\/person\\\/e9418c22a987eae8f9a24e3f6f11b64a\"},\"headline\":\"FERNANDO MU\u00d1OZ REAFIRMA QUE EN PLAYA DEL CARMEN AVANZA Y CRECE LA FAMILIA VERDE\",\"datePublished\":\"2025-06-14T01:00:00+00:00\",\"mainEntityOfPage\":{\"@id\":\"https:\\\/\\\/inspectornocturno.com.mx\\\/?p=89097\"},\"wordCount\":243,\"publisher\":{\"@id\":\"https:\\\/\\\/inspectornocturno.com.mx\\\/#\\\/schema\\\/person\\\/63eb343fea17271215b1dd2793b27897\"},\"image\":{\"@id\":\"https:\\\/\\\/inspectornocturno.com.mx\\\/?p=89097#primaryimage\"},\"thumbnailUrl\":\"https:\\\/\\\/inspectornocturno.com.mx\\\/wp-content\\\/uploads\\\/2025\\\/06\\\/IMG-20250613-WA0175-scaled.jpg\",\"articleSection\":[\"Playa del Carmen\",\"Quintana Roo\"],\"inLanguage\":\"es\"},{\"@type\":\"WebPage\",\"@id\":\"https:\\\/\\\/inspectornocturno.com.mx\\\/?p=89097\",\"url\":\"https:\\\/\\\/inspectornocturno.com.mx\\\/?p=89097\",\"name\":\"FERNANDO MU\u00d1OZ REAFIRMA QUE EN PLAYA DEL CARMEN AVANZA Y CRECE LA FAMILIA VERDE - Inspector Nocturno\",\"isPartOf\":{\"@id\":\"https:\\\/\\\/inspectornocturno.com.mx\\\/#website\"},\"primaryImageOfPage\":{\"@id\":\"https:\\\/\\\/inspectornocturno.com.mx\\\/?p=89097#primaryimage\"},\"image\":{\"@id\":\"https:\\\/\\\/inspectornocturno.com.mx\\\/?p=89097#primaryimage\"},\"thumbnailUrl\":\"https:\\\/\\\/inspectornocturno.com.mx\\\/wp-content\\\/uploads\\\/2025\\\/06\\\/IMG-20250613-WA0175-scaled.jpg\",\"datePublished\":\"2025-06-14T01:00:00+00:00\",\"breadcrumb\":{\"@id\":\"https:\\\/\\\/inspectornocturno.com.mx\\\/?p=89097#breadcrumb\"},\"inLanguage\":\"es\",\"potentialAction\":[{\"@type\":\"ReadAction\",\"target\":[\"https:\\\/\\\/inspectornocturno.com.mx\\\/?p=89097\"]}]},{\"@type\":\"ImageObject\",\"inLanguage\":\"es\",\"@id\":\"https:\\\/\\\/inspectornocturno.com.mx\\\/?p=89097#primaryimage\",\"url\":\"https:\\\/\\\/inspectornocturno.com.mx\\\/wp-content\\\/uploads\\\/2025\\\/06\\\/IMG-20250613-WA0175-scaled.jpg\",\"contentUrl\":\"https:\\\/\\\/inspectornocturno.com.mx\\\/wp-content\\\/uploads\\\/2025\\\/06\\\/IMG-20250613-WA0175-scaled.jpg\",\"width\":900,\"height\":721},{\"@type\":\"BreadcrumbList\",\"@id\":\"https:\\\/\\\/inspectornocturno.com.mx\\\/?p=89097#breadcrumb\",\"itemListElement\":[{\"@type\":\"ListItem\",\"position\":1,\"name\":\"Portada\",\"item\":\"https:\\\/\\\/inspectornocturno.com.mx\\\/\"},{\"@type\":\"ListItem\",\"position\":2,\"name\":\"FERNANDO MU\u00d1OZ REAFIRMA QUE EN PLAYA DEL CARMEN AVANZA Y CRECE LA FAMILIA VERDE\"}]},{\"@type\":\"WebSite\",\"@id\":\"https:\\\/\\\/inspectornocturno.com.mx\\\/#website\",\"url\":\"https:\\\/\\\/inspectornocturno.com.mx\\\/\",\"name\":\"Inspector Nocturno\",\"description\":\"Canc\u00fan, noticias al minuto del inspector nocturno\",\"publisher\":{\"@id\":\"https:\\\/\\\/inspectornocturno.com.mx\\\/#\\\/schema\\\/person\\\/63eb343fea17271215b1dd2793b27897\"},\"alternateName\":\"Noticias de impacto al momento de los hechos\",\"potentialAction\":[{\"@type\":\"SearchAction\",\"target\":{\"@type\":\"EntryPoint\",\"urlTemplate\":\"https:\\\/\\\/inspectornocturno.com.mx\\\/?s={search_term_string}\"},\"query-input\":{\"@type\":\"PropertyValueSpecification\",\"valueRequired\":true,\"valueName\":\"search_term_string\"}}],\"inLanguage\":\"es\"},{\"@type\":[\"Person\",\"Organization\"],\"@id\":\"https:\\\/\\\/inspectornocturno.com.mx\\\/#\\\/schema\\\/person\\\/63eb343fea17271215b1dd2793b27897\",\"name\":\"Inspector Nocturno\",\"image\":{\"@type\":\"ImageObject\",\"inLanguage\":\"es\",\"@id\":\"https:\\\/\\\/inspectornocturno.com.mx\\\/wp-content\\\/uploads\\\/2021\\\/10\\\/logo-transparente.png\",\"url\":\"https:\\\/\\\/inspectornocturno.com.mx\\\/wp-content\\\/uploads\\\/2021\\\/10\\\/logo-transparente.png\",\"contentUrl\":\"https:\\\/\\\/inspectornocturno.com.mx\\\/wp-content\\\/uploads\\\/2021\\\/10\\\/logo-transparente.png\",\"width\":561,\"height\":668,\"caption\":\"Inspector Nocturno\"},\"logo\":{\"@id\":\"https:\\\/\\\/inspectornocturno.com.mx\\\/wp-content\\\/uploads\\\/2021\\\/10\\\/logo-transparente.png\"},\"sameAs\":[\"http:\\\/\\\/inspectornocturno.com.mx\"]},{\"@type\":\"Person\",\"@id\":\"https:\\\/\\\/inspectornocturno.com.mx\\\/#\\\/schema\\\/person\\\/e9418c22a987eae8f9a24e3f6f11b64a\",\"name\":\"Inspector Nocturno\"}]}<\/script>\n<!-- \/ Yoast SEO plugin. -->","yoast_head_json":{"title":"FERNANDO MU\u00d1OZ REAFIRMA QUE EN PLAYA DEL CARMEN AVANZA Y CRECE LA FAMILIA VERDE - Inspector Nocturno","robots":{"index":"index","follow":"follow","max-snippet":"max-snippet:-1","max-image-preview":"max-image-preview:large","max-video-preview":"max-video-preview:-1"},"canonical":"https:\/\/inspectornocturno.com.mx\/?p=89097","og_locale":"es_ES","og_type":"article","og_title":"FERNANDO MU\u00d1OZ REAFIRMA QUE EN PLAYA DEL CARMEN AVANZA Y CRECE LA FAMILIA VERDE - Inspector Nocturno","og_description":"\ud83d\udd3a\ufe0f A casi tres meses del arranque nacional de afiliaci\u00f3n, cada vez m\u00e1s ciudadanos se suman al proyecto Verde que ya es la segunda fuerza pol\u00edtica en Quintana Roo #InspectorNocturno \ud83d\udd75\u200d\u2642\ufe0f\ud83d\udd0e #Noticias \ud83d\udea8\ud83d\ude91\ud83d\udc6e\u200d\u2642\ufe0f #PlayadelCarmen &nbsp;La campa\u00f1a de afiliaci\u00f3n del Partido Verde contin\u00faa creciendo con fuerza en Playa del Carmen, donde mujeres y hombres comprometidos con [&hellip;]","og_url":"https:\/\/inspectornocturno.com.mx\/?p=89097","og_site_name":"Inspector Nocturno","article_published_time":"2025-06-14T01:00:00+00:00","og_image":[{"width":900,"height":721,"url":"https:\/\/inspectornocturno.com.mx\/wp-content\/uploads\/2025\/06\/IMG-20250613-WA0175-scaled.jpg","type":"image\/jpeg"}],"author":"Inspector Nocturno","twitter_card":"summary_large_image","schema":{"@context":"https:\/\/schema.org","@graph":[{"@type":"Article","@id":"https:\/\/inspectornocturno.com.mx\/?p=89097#article","isPartOf":{"@id":"https:\/\/inspectornocturno.com.mx\/?p=89097"},"author":{"name":"Inspector Nocturno","@id":"https:\/\/inspectornocturno.com.mx\/#\/schema\/person\/e9418c22a987eae8f9a24e3f6f11b64a"},"headline":"FERNANDO MU\u00d1OZ REAFIRMA QUE EN PLAYA DEL CARMEN AVANZA Y CRECE LA FAMILIA VERDE","datePublished":"2025-06-14T01:00:00+00:00","mainEntityOfPage":{"@id":"https:\/\/inspectornocturno.com.mx\/?p=89097"},"wordCount":243,"publisher":{"@id":"https:\/\/inspectornocturno.com.mx\/#\/schema\/person\/63eb343fea17271215b1dd2793b27897"},"image":{"@id":"https:\/\/inspectornocturno.com.mx\/?p=89097#primaryimage"},"thumbnailUrl":"https:\/\/inspectornocturno.com.mx\/wp-content\/uploads\/2025\/06\/IMG-20250613-WA0175-scaled.jpg","articleSection":["Playa del Carmen","Quintana Roo"],"inLanguage":"es"},{"@type":"WebPage","@id":"https:\/\/inspectornocturno.com.mx\/?p=89097","url":"https:\/\/inspectornocturno.com.mx\/?p=89097","name":"FERNANDO MU\u00d1OZ REAFIRMA QUE EN PLAYA DEL CARMEN AVANZA Y CRECE LA FAMILIA VERDE - Inspector Nocturno","isPartOf":{"@id":"https:\/\/inspectornocturno.com.mx\/#website"},"primaryImageOfPage":{"@id":"https:\/\/inspectornocturno.com.mx\/?p=89097#primaryimage"},"image":{"@id":"https:\/\/inspectornocturno.com.mx\/?p=89097#primaryimage"},"thumbnailUrl":"https:\/\/inspectornocturno.com.mx\/wp-content\/uploads\/2025\/06\/IMG-20250613-WA0175-scaled.jpg","datePublished":"2025-06-14T01:00:00+00:00","breadcrumb":{"@id":"https:\/\/inspectornocturno.com.mx\/?p=89097#breadcrumb"},"inLanguage":"es","potentialAction":[{"@type":"ReadAction","target":["https:\/\/inspectornocturno.com.mx\/?p=89097"]}]},{"@type":"ImageObject","inLanguage":"es","@id":"https:\/\/inspectornocturno.com.mx\/?p=89097#primaryimage","url":"https:\/\/inspectornocturno.com.mx\/wp-content\/uploads\/2025\/06\/IMG-20250613-WA0175-scaled.jpg","contentUrl":"https:\/\/inspectornocturno.com.mx\/wp-content\/uploads\/2025\/06\/IMG-20250613-WA0175-scaled.jpg","width":900,"height":721},{"@type":"BreadcrumbList","@id":"https:\/\/inspectornocturno.com.mx\/?p=89097#breadcrumb","itemListElement":[{"@type":"ListItem","position":1,"name":"Portada","item":"https:\/\/inspectornocturno.com.mx\/"},{"@type":"ListItem","position":2,"name":"FERNANDO MU\u00d1OZ REAFIRMA QUE EN PLAYA DEL CARMEN AVANZA Y CRECE LA FAMILIA VERDE"}]},{"@type":"WebSite","@id":"https:\/\/inspectornocturno.com.mx\/#website","url":"https:\/\/inspectornocturno.com.mx\/","name":"Inspector Nocturno","description":"Canc\u00fan, noticias al minuto del inspector nocturno","publisher":{"@id":"https:\/\/inspectornocturno.com.mx\/#\/schema\/person\/63eb343fea17271215b1dd2793b27897"},"alternateName":"Noticias de impacto al momento de los hechos","potentialAction":[{"@type":"SearchAction","target":{"@type":"EntryPoint","urlTemplate":"https:\/\/inspectornocturno.com.mx\/?s={search_term_string}"},"query-input":{"@type":"PropertyValueSpecification","valueRequired":true,"valueName":"search_term_string"}}],"inLanguage":"es"},{"@type":["Person","Organization"],"@id":"https:\/\/inspectornocturno.com.mx\/#\/schema\/person\/63eb343fea17271215b1dd2793b27897","name":"Inspector Nocturno","image":{"@type":"ImageObject","inLanguage":"es","@id":"https:\/\/inspectornocturno.com.mx\/wp-content\/uploads\/2021\/10\/logo-transparente.png","url":"https:\/\/inspectornocturno.com.mx\/wp-content\/uploads\/2021\/10\/logo-transparente.png","contentUrl":"https:\/\/inspectornocturno.com.mx\/wp-content\/uploads\/2021\/10\/logo-transparente.png","width":561,"height":668,"caption":"Inspector Nocturno"},"logo":{"@id":"https:\/\/inspectornocturno.com.mx\/wp-content\/uploads\/2021\/10\/logo-transparente.png"},"sameAs":["http:\/\/inspectornocturno.com.mx"]},{"@type":"Person","@id":"https:\/\/inspectornocturno.com.mx\/#\/schema\/person\/e9418c22a987eae8f9a24e3f6f11b64a","name":"Inspector Nocturno"}]}},"views":96,"_links":{"self":[{"href":"https:\/\/inspectornocturno.com.mx\/index.php?rest_route=\/wp\/v2\/posts\/89097","targetHints":{"allow":["GET"]}}],"collection":[{"href":"https:\/\/inspectornocturno.com.mx\/index.php?rest_route=\/wp\/v2\/posts"}],"about":[{"href":"https:\/\/inspectornocturno.com.mx\/index.php?rest_route=\/wp\/v2\/types\/post"}],"author":[{"embeddable":true,"href":"https:\/\/inspectornocturno.com.mx\/index.php?rest_route=\/wp\/v2\/users\/9"}],"replies":[{"embeddable":true,"href":"https:\/\/inspectornocturno.com.mx\/index.php?rest_route=%2Fwp%2Fv2%2Fcomments&post=89097"}],"version-history":[{"count":1,"href":"https:\/\/inspectornocturno.com.mx\/index.php?rest_route=\/wp\/v2\/posts\/89097\/revisions"}],"predecessor-version":[{"id":89099,"href":"https:\/\/inspectornocturno.com.mx\/index.php?rest_route=\/wp\/v2\/posts\/89097\/revisions\/89099"}],"wp:featuredmedia":[{"embeddable":true,"href":"https:\/\/inspectornocturno.com.mx\/index.php?rest_route=\/wp\/v2\/media\/89098"}],"wp:attachment":[{"href":"https:\/\/inspectornocturno.com.mx\/index.php?rest_route=%2Fwp%2Fv2%2Fmedia&parent=89097"}],"wp:term":[{"taxonomy":"category","embeddable":true,"href":"https:\/\/inspectornocturno.com.mx\/index.php?rest_route=%2Fwp%2Fv2%2Fcategories&post=89097"},{"taxonomy":"post_tag","embeddable":true,"href":"https:\/\/inspectornocturno.com.mx\/index.php?rest_route=%2Fwp%2Fv2%2Ftags&post=89097"}],"curies":[{"name":"wp","href":"https:\/\/api.w.org\/{rel}","templated":true}]}}