{"id":89091,"date":"2025-06-13T22:00:00","date_gmt":"2025-06-14T03:00:00","guid":{"rendered":"https:\/\/inspectornocturno.com.mx\/?p=89091"},"modified":"2025-06-13T18:36:13","modified_gmt":"2025-06-13T23:36:13","slug":"estudiantes-de-la-primaria-efrain-santana-sanchez-ya-tiene-domo-inaugurado-por-la-gobernadora-mara-lezama","status":"publish","type":"post","link":"https:\/\/inspectornocturno.com.mx\/?p=89091","title":{"rendered":"ESTUDIANTES DE LA PRIMARIA &#8220;EFRA\u00cdN SANTANA S\u00c1NCHEZ&#8221; YA TIENE DOMO, INAUGURADO POR LA GOBERNADORA MARA LEZAMA"},"content":{"rendered":"\n<p>\ud83d\udd3a\ufe0f Beneficia a 520 alumnas y alumnos, 336 del turno matutino y 184 al turno vespertino<\/p>\n\n\n\n<h1 class=\"wp-block-heading\">#InspectorNocturno \ud83d\udd75\u200d\u2642\ufe0f\ud83d\udd0e #Noticias \ud83d\udea8\ud83d\ude91\ud83d\udc6e\u200d\u2642\ufe0f #Canc\u00fan<\/h1>\n\n\n\n<p>En medio de un ambiente festivo y lleno de algarab\u00eda, la gobernadora, Mara Lezama Espinosa inaugur\u00f3 el domo de la Escuela Primaria \u201cEfra\u00edn Santana S\u00e1nchez\u201d, ubicada en Canc\u00fan, en un acto que tambi\u00e9n incluy\u00f3 la Firma del Nuevo Acuerdo por el Bienestar y Desarrollo de Quintana Roo.<\/p>\n\n\n\n<p>A los 520 alumnos reunidos debajo del domo reci\u00e9n inaugurados, Mara Lezama explic\u00f3 que se hizo porque las ni\u00f1as y los ni\u00f1os se lo pidieron y este gobierno humanista con coraz\u00f3n feminista los escucha, pero tambi\u00e9n porque se lo merecen y para que est\u00e9n bien.<\/p>\n\n\n\n<p>\u201cQueremos que ustedes sean felices, que si tienen una tristeza lo digan, a pap\u00e1, a mam\u00e1, a las y los maestros, porque los queremos much\u00edsimo y para que esa tristeza se vaya, porque tienen derecho a una vida feliz\u201d les pidi\u00f3 Mara Lezama.<\/p>\n\n\n\n<p>Pero tambi\u00e9n los exhort\u00f3 a alejarse de las conductas autodestructivas, de aquello que las lastima y les hace mal. A cambio, la Gobernadora les ofreci\u00f3 seguir trabajando, combatiendo la corrupci\u00f3n para que el dinero del pueblo sirva para construir m\u00e1s domos, 1,109 en total, en otras escuelas.<\/p>\n\n\n\n<p>Esta obra representa mucho m\u00e1s que una estructura: es un acto de justicia social para una comunidad escolar que durante m\u00e1s de dos d\u00e9cadas esper\u00f3 un espacio digno donde ni\u00f1as y ni\u00f1os pudieran realizar sus actividades f\u00edsicas, c\u00edvicas y culturales protegidos del sol y la lluvia.<\/p>\n\n\n\n<p>La construcci\u00f3n del domo forma parte de los 1,109 domos proyectados en el marco del Nuevo Acuerdo por el Bienestar y Desarrollo de Quintana Roo, y refleja la voluntad de transformar la infraestructura educativa como base del desarrollo social y humano. La inversi\u00f3n de m\u00e1s de 3 millones 300 mil pesos beneficiar\u00e1 directamente a 520 estudiantes, quienes ahora podr\u00e1n aprender, jugar y crecer en condiciones m\u00e1s seguras y dignas.<\/p>\n\n\n\n<p>La obra fue ejecutada por la Secretar\u00eda de Obras P\u00fablicas, con el objetivo de cerrar brechas de desigualdad que hist\u00f3ricamente han afectado a la ni\u00f1ez de las comunidades escolares.<\/p>\n\n\n\n<p>De los 520 alumnos beneficiados, 336 pertenecen al turno matutino (158 ni\u00f1as y 178 ni\u00f1os) y 184 al turno vespertino (90 ni\u00f1as y 94 ni\u00f1os), quienes por a\u00f1os realizaron sus actividades a la intemperie, expuestos a las inclemencias del clima.<\/p>\n\n\n\n<p>En la inauguraci\u00f3n estuvieron la presidenta municipal de Benito Ju\u00e1rez, Ana Paty Peralta de la Pe\u00f1a, las estudiantes Alexia Desir\u00e9e Cuculista Carrillo y Est\u00e9fany V\u00e1zquez Zamorano; los directores de los turnos matutino y vespertino, Silvestre Flores Chable y Humberto Moo Mart\u00ednez; Herlinda Catalina Guti\u00e9rrez Morelos, presidenta del Comit\u00e9 de Contralor\u00eda Social, y el secretario de Obras P\u00fablicas, Jos\u00e9 Rafael Lara D\u00edaz.<\/p>\n","protected":false},"excerpt":{"rendered":"<p>\ud83d\udd3a\ufe0f Beneficia a 520 alumnas y alumnos, 336 del turno matutino y 184 al turno vespertino #InspectorNocturno \ud83d\udd75\u200d\u2642\ufe0f\ud83d\udd0e #Noticias \ud83d\udea8\ud83d\ude91\ud83d\udc6e\u200d\u2642\ufe0f #Canc\u00fan En medio de un ambiente festivo y lleno de algarab\u00eda, la gobernadora, Mara Lezama Espinosa inaugur\u00f3 el domo de la Escuela Primaria \u201cEfra\u00edn Santana S\u00e1nchez\u201d, ubicada en Canc\u00fan, en un acto que tambi\u00e9n incluy\u00f3 [&hellip;]<\/p>\n","protected":false},"author":9,"featured_media":89092,"comment_status":"closed","ping_status":"closed","sticky":false,"template":"","format":"standard","meta":{"footnotes":"","_wpscppro_dont_share_socialmedia":false,"_wpscppro_custom_social_share_image":0,"_facebook_share_type":"default","_twitter_share_type":"custom","_linkedin_share_type":"default","_pinterest_share_type":"default","_linkedin_share_type_page":"default","_instagram_share_type":"default","_medium_share_type":"","_threads_share_type":"","_google_business_share_type":"","_selected_social_profile":[{"id":753595702106742800,"platform":"twitter","platformKey":0,"name":"InspectorNocturnoOficial","thumbnail_url":"http:\/\/pbs.twimg.com\/profile_images\/869067525337862144\/lyGXp0kf_normal.jpg","share_type":"default"}],"_wpsp_enable_custom_social_template":false,"_wpsp_social_scheduling":{"enabled":false,"datetime":null,"platforms":[],"status":"template_only","dateOption":"today","timeOption":"now","customDays":"","customHours":"","customDate":"","customTime":"","schedulingType":"absolute"},"_wpsp_active_default_template":true},"categories":[57,3],"tags":[],"class_list":["post-89091","post","type-post","status-publish","format-standard","has-post-thumbnail","hentry","category-cancun","category-quintana-roo"],"yoast_head":"<!-- This site is optimized with the Yoast SEO plugin v27.4 - https:\/\/yoast.com\/product\/yoast-seo-wordpress\/ -->\n<title>ESTUDIANTES DE LA PRIMARIA &quot;EFRA\u00cdN SANTANA S\u00c1NCHEZ&quot; YA TIENE DOMO, INAUGURADO POR LA GOBERNADORA MARA LEZAMA - Inspector Nocturno<\/title>\n<meta name=\"robots\" content=\"index, follow, max-snippet:-1, max-image-preview:large, max-video-preview:-1\" \/>\n<link rel=\"canonical\" href=\"https:\/\/inspectornocturno.com.mx\/?p=89091\" \/>\n<meta property=\"og:locale\" content=\"es_ES\" \/>\n<meta property=\"og:type\" content=\"article\" \/>\n<meta property=\"og:title\" content=\"ESTUDIANTES DE LA PRIMARIA &quot;EFRA\u00cdN SANTANA S\u00c1NCHEZ&quot; YA TIENE DOMO, INAUGURADO POR LA GOBERNADORA MARA LEZAMA - Inspector Nocturno\" \/>\n<meta property=\"og:description\" content=\"\ud83d\udd3a\ufe0f Beneficia a 520 alumnas y alumnos, 336 del turno matutino y 184 al turno vespertino #InspectorNocturno \ud83d\udd75\u200d\u2642\ufe0f\ud83d\udd0e #Noticias \ud83d\udea8\ud83d\ude91\ud83d\udc6e\u200d\u2642\ufe0f #Canc\u00fan En medio de un ambiente festivo y lleno de algarab\u00eda, la gobernadora, Mara Lezama Espinosa inaugur\u00f3 el domo de la Escuela Primaria \u201cEfra\u00edn Santana S\u00e1nchez\u201d, ubicada en Canc\u00fan, en un acto que tambi\u00e9n incluy\u00f3 [&hellip;]\" \/>\n<meta property=\"og:url\" content=\"https:\/\/inspectornocturno.com.mx\/?p=89091\" \/>\n<meta property=\"og:site_name\" content=\"Inspector Nocturno\" \/>\n<meta property=\"article:published_time\" content=\"2025-06-14T03:00:00+00:00\" \/>\n<meta property=\"og:image\" content=\"https:\/\/inspectornocturno.com.mx\/wp-content\/uploads\/2025\/06\/IMG-20250613-WA0125-scaled.jpg\" \/>\n\t<meta property=\"og:image:width\" content=\"900\" \/>\n\t<meta property=\"og:image:height\" content=\"600\" \/>\n\t<meta property=\"og:image:type\" content=\"image\/jpeg\" \/>\n<meta name=\"author\" content=\"Inspector Nocturno\" \/>\n<meta name=\"twitter:card\" content=\"summary_large_image\" \/>\n<script type=\"application\/ld+json\" class=\"yoast-schema-graph\">{\"@context\":\"https:\\\/\\\/schema.org\",\"@graph\":[{\"@type\":\"Article\",\"@id\":\"https:\\\/\\\/inspectornocturno.com.mx\\\/?p=89091#article\",\"isPartOf\":{\"@id\":\"https:\\\/\\\/inspectornocturno.com.mx\\\/?p=89091\"},\"author\":{\"name\":\"Inspector Nocturno\",\"@id\":\"https:\\\/\\\/inspectornocturno.com.mx\\\/#\\\/schema\\\/person\\\/e9418c22a987eae8f9a24e3f6f11b64a\"},\"headline\":\"ESTUDIANTES DE LA PRIMARIA &#8220;EFRA\u00cdN SANTANA S\u00c1NCHEZ&#8221; YA TIENE DOMO, INAUGURADO POR LA GOBERNADORA MARA LEZAMA\",\"datePublished\":\"2025-06-14T03:00:00+00:00\",\"mainEntityOfPage\":{\"@id\":\"https:\\\/\\\/inspectornocturno.com.mx\\\/?p=89091\"},\"wordCount\":495,\"publisher\":{\"@id\":\"https:\\\/\\\/inspectornocturno.com.mx\\\/#\\\/schema\\\/person\\\/63eb343fea17271215b1dd2793b27897\"},\"image\":{\"@id\":\"https:\\\/\\\/inspectornocturno.com.mx\\\/?p=89091#primaryimage\"},\"thumbnailUrl\":\"https:\\\/\\\/inspectornocturno.com.mx\\\/wp-content\\\/uploads\\\/2025\\\/06\\\/IMG-20250613-WA0125-scaled.jpg\",\"articleSection\":[\"Canc\u00fan\",\"Quintana Roo\"],\"inLanguage\":\"es\"},{\"@type\":\"WebPage\",\"@id\":\"https:\\\/\\\/inspectornocturno.com.mx\\\/?p=89091\",\"url\":\"https:\\\/\\\/inspectornocturno.com.mx\\\/?p=89091\",\"name\":\"ESTUDIANTES DE LA PRIMARIA \\\"EFRA\u00cdN SANTANA S\u00c1NCHEZ\\\" YA TIENE DOMO, INAUGURADO POR LA GOBERNADORA MARA LEZAMA - Inspector Nocturno\",\"isPartOf\":{\"@id\":\"https:\\\/\\\/inspectornocturno.com.mx\\\/#website\"},\"primaryImageOfPage\":{\"@id\":\"https:\\\/\\\/inspectornocturno.com.mx\\\/?p=89091#primaryimage\"},\"image\":{\"@id\":\"https:\\\/\\\/inspectornocturno.com.mx\\\/?p=89091#primaryimage\"},\"thumbnailUrl\":\"https:\\\/\\\/inspectornocturno.com.mx\\\/wp-content\\\/uploads\\\/2025\\\/06\\\/IMG-20250613-WA0125-scaled.jpg\",\"datePublished\":\"2025-06-14T03:00:00+00:00\",\"breadcrumb\":{\"@id\":\"https:\\\/\\\/inspectornocturno.com.mx\\\/?p=89091#breadcrumb\"},\"inLanguage\":\"es\",\"potentialAction\":[{\"@type\":\"ReadAction\",\"target\":[\"https:\\\/\\\/inspectornocturno.com.mx\\\/?p=89091\"]}]},{\"@type\":\"ImageObject\",\"inLanguage\":\"es\",\"@id\":\"https:\\\/\\\/inspectornocturno.com.mx\\\/?p=89091#primaryimage\",\"url\":\"https:\\\/\\\/inspectornocturno.com.mx\\\/wp-content\\\/uploads\\\/2025\\\/06\\\/IMG-20250613-WA0125-scaled.jpg\",\"contentUrl\":\"https:\\\/\\\/inspectornocturno.com.mx\\\/wp-content\\\/uploads\\\/2025\\\/06\\\/IMG-20250613-WA0125-scaled.jpg\",\"width\":900,\"height\":600},{\"@type\":\"BreadcrumbList\",\"@id\":\"https:\\\/\\\/inspectornocturno.com.mx\\\/?p=89091#breadcrumb\",\"itemListElement\":[{\"@type\":\"ListItem\",\"position\":1,\"name\":\"Portada\",\"item\":\"https:\\\/\\\/inspectornocturno.com.mx\\\/\"},{\"@type\":\"ListItem\",\"position\":2,\"name\":\"ESTUDIANTES DE LA PRIMARIA &#8220;EFRA\u00cdN SANTANA S\u00c1NCHEZ&#8221; YA TIENE DOMO, INAUGURADO POR LA GOBERNADORA MARA LEZAMA\"}]},{\"@type\":\"WebSite\",\"@id\":\"https:\\\/\\\/inspectornocturno.com.mx\\\/#website\",\"url\":\"https:\\\/\\\/inspectornocturno.com.mx\\\/\",\"name\":\"Inspector Nocturno\",\"description\":\"Canc\u00fan, noticias al minuto del inspector nocturno\",\"publisher\":{\"@id\":\"https:\\\/\\\/inspectornocturno.com.mx\\\/#\\\/schema\\\/person\\\/63eb343fea17271215b1dd2793b27897\"},\"alternateName\":\"Noticias de impacto al momento de los hechos\",\"potentialAction\":[{\"@type\":\"SearchAction\",\"target\":{\"@type\":\"EntryPoint\",\"urlTemplate\":\"https:\\\/\\\/inspectornocturno.com.mx\\\/?s={search_term_string}\"},\"query-input\":{\"@type\":\"PropertyValueSpecification\",\"valueRequired\":true,\"valueName\":\"search_term_string\"}}],\"inLanguage\":\"es\"},{\"@type\":[\"Person\",\"Organization\"],\"@id\":\"https:\\\/\\\/inspectornocturno.com.mx\\\/#\\\/schema\\\/person\\\/63eb343fea17271215b1dd2793b27897\",\"name\":\"Inspector Nocturno\",\"image\":{\"@type\":\"ImageObject\",\"inLanguage\":\"es\",\"@id\":\"https:\\\/\\\/inspectornocturno.com.mx\\\/wp-content\\\/uploads\\\/2021\\\/10\\\/logo-transparente.png\",\"url\":\"https:\\\/\\\/inspectornocturno.com.mx\\\/wp-content\\\/uploads\\\/2021\\\/10\\\/logo-transparente.png\",\"contentUrl\":\"https:\\\/\\\/inspectornocturno.com.mx\\\/wp-content\\\/uploads\\\/2021\\\/10\\\/logo-transparente.png\",\"width\":561,\"height\":668,\"caption\":\"Inspector Nocturno\"},\"logo\":{\"@id\":\"https:\\\/\\\/inspectornocturno.com.mx\\\/wp-content\\\/uploads\\\/2021\\\/10\\\/logo-transparente.png\"},\"sameAs\":[\"http:\\\/\\\/inspectornocturno.com.mx\"]},{\"@type\":\"Person\",\"@id\":\"https:\\\/\\\/inspectornocturno.com.mx\\\/#\\\/schema\\\/person\\\/e9418c22a987eae8f9a24e3f6f11b64a\",\"name\":\"Inspector Nocturno\"}]}<\/script>\n<!-- \/ Yoast SEO plugin. -->","yoast_head_json":{"title":"ESTUDIANTES DE LA PRIMARIA \"EFRA\u00cdN SANTANA S\u00c1NCHEZ\" YA TIENE DOMO, INAUGURADO POR LA GOBERNADORA MARA LEZAMA - Inspector Nocturno","robots":{"index":"index","follow":"follow","max-snippet":"max-snippet:-1","max-image-preview":"max-image-preview:large","max-video-preview":"max-video-preview:-1"},"canonical":"https:\/\/inspectornocturno.com.mx\/?p=89091","og_locale":"es_ES","og_type":"article","og_title":"ESTUDIANTES DE LA PRIMARIA \"EFRA\u00cdN SANTANA S\u00c1NCHEZ\" YA TIENE DOMO, INAUGURADO POR LA GOBERNADORA MARA LEZAMA - Inspector Nocturno","og_description":"\ud83d\udd3a\ufe0f Beneficia a 520 alumnas y alumnos, 336 del turno matutino y 184 al turno vespertino #InspectorNocturno \ud83d\udd75\u200d\u2642\ufe0f\ud83d\udd0e #Noticias \ud83d\udea8\ud83d\ude91\ud83d\udc6e\u200d\u2642\ufe0f #Canc\u00fan En medio de un ambiente festivo y lleno de algarab\u00eda, la gobernadora, Mara Lezama Espinosa inaugur\u00f3 el domo de la Escuela Primaria \u201cEfra\u00edn Santana S\u00e1nchez\u201d, ubicada en Canc\u00fan, en un acto que tambi\u00e9n incluy\u00f3 [&hellip;]","og_url":"https:\/\/inspectornocturno.com.mx\/?p=89091","og_site_name":"Inspector Nocturno","article_published_time":"2025-06-14T03:00:00+00:00","og_image":[{"width":900,"height":600,"url":"https:\/\/inspectornocturno.com.mx\/wp-content\/uploads\/2025\/06\/IMG-20250613-WA0125-scaled.jpg","type":"image\/jpeg"}],"author":"Inspector Nocturno","twitter_card":"summary_large_image","schema":{"@context":"https:\/\/schema.org","@graph":[{"@type":"Article","@id":"https:\/\/inspectornocturno.com.mx\/?p=89091#article","isPartOf":{"@id":"https:\/\/inspectornocturno.com.mx\/?p=89091"},"author":{"name":"Inspector Nocturno","@id":"https:\/\/inspectornocturno.com.mx\/#\/schema\/person\/e9418c22a987eae8f9a24e3f6f11b64a"},"headline":"ESTUDIANTES DE LA PRIMARIA &#8220;EFRA\u00cdN SANTANA S\u00c1NCHEZ&#8221; YA TIENE DOMO, INAUGURADO POR LA GOBERNADORA MARA LEZAMA","datePublished":"2025-06-14T03:00:00+00:00","mainEntityOfPage":{"@id":"https:\/\/inspectornocturno.com.mx\/?p=89091"},"wordCount":495,"publisher":{"@id":"https:\/\/inspectornocturno.com.mx\/#\/schema\/person\/63eb343fea17271215b1dd2793b27897"},"image":{"@id":"https:\/\/inspectornocturno.com.mx\/?p=89091#primaryimage"},"thumbnailUrl":"https:\/\/inspectornocturno.com.mx\/wp-content\/uploads\/2025\/06\/IMG-20250613-WA0125-scaled.jpg","articleSection":["Canc\u00fan","Quintana Roo"],"inLanguage":"es"},{"@type":"WebPage","@id":"https:\/\/inspectornocturno.com.mx\/?p=89091","url":"https:\/\/inspectornocturno.com.mx\/?p=89091","name":"ESTUDIANTES DE LA PRIMARIA \"EFRA\u00cdN SANTANA S\u00c1NCHEZ\" YA TIENE DOMO, INAUGURADO POR LA GOBERNADORA MARA LEZAMA - Inspector Nocturno","isPartOf":{"@id":"https:\/\/inspectornocturno.com.mx\/#website"},"primaryImageOfPage":{"@id":"https:\/\/inspectornocturno.com.mx\/?p=89091#primaryimage"},"image":{"@id":"https:\/\/inspectornocturno.com.mx\/?p=89091#primaryimage"},"thumbnailUrl":"https:\/\/inspectornocturno.com.mx\/wp-content\/uploads\/2025\/06\/IMG-20250613-WA0125-scaled.jpg","datePublished":"2025-06-14T03:00:00+00:00","breadcrumb":{"@id":"https:\/\/inspectornocturno.com.mx\/?p=89091#breadcrumb"},"inLanguage":"es","potentialAction":[{"@type":"ReadAction","target":["https:\/\/inspectornocturno.com.mx\/?p=89091"]}]},{"@type":"ImageObject","inLanguage":"es","@id":"https:\/\/inspectornocturno.com.mx\/?p=89091#primaryimage","url":"https:\/\/inspectornocturno.com.mx\/wp-content\/uploads\/2025\/06\/IMG-20250613-WA0125-scaled.jpg","contentUrl":"https:\/\/inspectornocturno.com.mx\/wp-content\/uploads\/2025\/06\/IMG-20250613-WA0125-scaled.jpg","width":900,"height":600},{"@type":"BreadcrumbList","@id":"https:\/\/inspectornocturno.com.mx\/?p=89091#breadcrumb","itemListElement":[{"@type":"ListItem","position":1,"name":"Portada","item":"https:\/\/inspectornocturno.com.mx\/"},{"@type":"ListItem","position":2,"name":"ESTUDIANTES DE LA PRIMARIA &#8220;EFRA\u00cdN SANTANA S\u00c1NCHEZ&#8221; YA TIENE DOMO, INAUGURADO POR LA GOBERNADORA MARA LEZAMA"}]},{"@type":"WebSite","@id":"https:\/\/inspectornocturno.com.mx\/#website","url":"https:\/\/inspectornocturno.com.mx\/","name":"Inspector Nocturno","description":"Canc\u00fan, noticias al minuto del inspector nocturno","publisher":{"@id":"https:\/\/inspectornocturno.com.mx\/#\/schema\/person\/63eb343fea17271215b1dd2793b27897"},"alternateName":"Noticias de impacto al momento de los hechos","potentialAction":[{"@type":"SearchAction","target":{"@type":"EntryPoint","urlTemplate":"https:\/\/inspectornocturno.com.mx\/?s={search_term_string}"},"query-input":{"@type":"PropertyValueSpecification","valueRequired":true,"valueName":"search_term_string"}}],"inLanguage":"es"},{"@type":["Person","Organization"],"@id":"https:\/\/inspectornocturno.com.mx\/#\/schema\/person\/63eb343fea17271215b1dd2793b27897","name":"Inspector Nocturno","image":{"@type":"ImageObject","inLanguage":"es","@id":"https:\/\/inspectornocturno.com.mx\/wp-content\/uploads\/2021\/10\/logo-transparente.png","url":"https:\/\/inspectornocturno.com.mx\/wp-content\/uploads\/2021\/10\/logo-transparente.png","contentUrl":"https:\/\/inspectornocturno.com.mx\/wp-content\/uploads\/2021\/10\/logo-transparente.png","width":561,"height":668,"caption":"Inspector Nocturno"},"logo":{"@id":"https:\/\/inspectornocturno.com.mx\/wp-content\/uploads\/2021\/10\/logo-transparente.png"},"sameAs":["http:\/\/inspectornocturno.com.mx"]},{"@type":"Person","@id":"https:\/\/inspectornocturno.com.mx\/#\/schema\/person\/e9418c22a987eae8f9a24e3f6f11b64a","name":"Inspector Nocturno"}]}},"views":137,"_links":{"self":[{"href":"https:\/\/inspectornocturno.com.mx\/index.php?rest_route=\/wp\/v2\/posts\/89091","targetHints":{"allow":["GET"]}}],"collection":[{"href":"https:\/\/inspectornocturno.com.mx\/index.php?rest_route=\/wp\/v2\/posts"}],"about":[{"href":"https:\/\/inspectornocturno.com.mx\/index.php?rest_route=\/wp\/v2\/types\/post"}],"author":[{"embeddable":true,"href":"https:\/\/inspectornocturno.com.mx\/index.php?rest_route=\/wp\/v2\/users\/9"}],"replies":[{"embeddable":true,"href":"https:\/\/inspectornocturno.com.mx\/index.php?rest_route=%2Fwp%2Fv2%2Fcomments&post=89091"}],"version-history":[{"count":1,"href":"https:\/\/inspectornocturno.com.mx\/index.php?rest_route=\/wp\/v2\/posts\/89091\/revisions"}],"predecessor-version":[{"id":89093,"href":"https:\/\/inspectornocturno.com.mx\/index.php?rest_route=\/wp\/v2\/posts\/89091\/revisions\/89093"}],"wp:featuredmedia":[{"embeddable":true,"href":"https:\/\/inspectornocturno.com.mx\/index.php?rest_route=\/wp\/v2\/media\/89092"}],"wp:attachment":[{"href":"https:\/\/inspectornocturno.com.mx\/index.php?rest_route=%2Fwp%2Fv2%2Fmedia&parent=89091"}],"wp:term":[{"taxonomy":"category","embeddable":true,"href":"https:\/\/inspectornocturno.com.mx\/index.php?rest_route=%2Fwp%2Fv2%2Fcategories&post=89091"},{"taxonomy":"post_tag","embeddable":true,"href":"https:\/\/inspectornocturno.com.mx\/index.php?rest_route=%2Fwp%2Fv2%2Ftags&post=89091"}],"curies":[{"name":"wp","href":"https:\/\/api.w.org\/{rel}","templated":true}]}}