{"id":89084,"date":"2025-06-13T18:15:43","date_gmt":"2025-06-13T23:15:43","guid":{"rendered":"https:\/\/inspectornocturno.com.mx\/?p=89084"},"modified":"2025-06-13T18:15:44","modified_gmt":"2025-06-13T23:15:44","slug":"rodeada-de-ninas-y-ninos-en-ambiente-festivo-mara-lezama-inaugura-domo-en-preescolar-diana-laura-riojas-en-playa-del-carmen","status":"publish","type":"post","link":"https:\/\/inspectornocturno.com.mx\/?p=89084","title":{"rendered":"RODEADA DE NI\u00d1AS Y NI\u00d1OS, EN AMBIENTE FESTIVO, MARA LEZAMA INAUGURA DOMO EN PREESCOLAR \u201cDIANA LAURA RIOJAS\u201d EN PLAYA DEL CARMEN"},"content":{"rendered":"\n<p>\ud83d\udd3aLas y los alumnos podr\u00e1n jugar, bailar, cantar y realizar sus actividades protegidos de las condiciones del clima.<\/p>\n\n\n\n<figure class=\"wp-block-gallery has-nested-images columns-default is-cropped wp-block-gallery-1 is-layout-flex wp-block-gallery-is-layout-flex\">\n<figure class=\"wp-block-image size-large\"><img decoding=\"async\" width=\"1024\" height=\"682\" data-id=\"89088\" data-src=\"https:\/\/inspectornocturno.com.mx\/wp-content\/uploads\/2025\/06\/IMG-20250613-WA0124-1024x682.jpg\" alt=\"\" class=\"wp-image-89088 lazyload\" data-srcset=\"https:\/\/inspectornocturno.com.mx\/wp-content\/uploads\/2025\/06\/IMG-20250613-WA0124-1024x682.jpg 1024w, https:\/\/inspectornocturno.com.mx\/wp-content\/uploads\/2025\/06\/IMG-20250613-WA0124-300x200.jpg 300w, https:\/\/inspectornocturno.com.mx\/wp-content\/uploads\/2025\/06\/IMG-20250613-WA0124-768x512.jpg 768w, https:\/\/inspectornocturno.com.mx\/wp-content\/uploads\/2025\/06\/IMG-20250613-WA0124-1536x1023.jpg 1536w, https:\/\/inspectornocturno.com.mx\/wp-content\/uploads\/2025\/06\/IMG-20250613-WA0124-414x276.jpg 414w, https:\/\/inspectornocturno.com.mx\/wp-content\/uploads\/2025\/06\/IMG-20250613-WA0124-470x313.jpg 470w, https:\/\/inspectornocturno.com.mx\/wp-content\/uploads\/2025\/06\/IMG-20250613-WA0124-640x426.jpg 640w, https:\/\/inspectornocturno.com.mx\/wp-content\/uploads\/2025\/06\/IMG-20250613-WA0124-130x86.jpg 130w, https:\/\/inspectornocturno.com.mx\/wp-content\/uploads\/2025\/06\/IMG-20250613-WA0124-187x124.jpg 187w, https:\/\/inspectornocturno.com.mx\/wp-content\/uploads\/2025\/06\/IMG-20250613-WA0124-990x660.jpg 990w, https:\/\/inspectornocturno.com.mx\/wp-content\/uploads\/2025\/06\/IMG-20250613-WA0124-1320x879.jpg 1320w, https:\/\/inspectornocturno.com.mx\/wp-content\/uploads\/2025\/06\/IMG-20250613-WA0124-scaled.jpg 900w\" data-sizes=\"(max-width: 1024px) 100vw, 1024px\" src=\"data:image\/svg+xml;base64,PHN2ZyB3aWR0aD0iMSIgaGVpZ2h0PSIxIiB4bWxucz0iaHR0cDovL3d3dy53My5vcmcvMjAwMC9zdmciPjwvc3ZnPg==\" style=\"--smush-placeholder-width: 1024px; --smush-placeholder-aspect-ratio: 1024\/682;\" \/><\/figure>\n\n\n\n<figure class=\"wp-block-image size-large\"><img decoding=\"async\" width=\"1024\" height=\"682\" data-id=\"89086\" data-src=\"https:\/\/inspectornocturno.com.mx\/wp-content\/uploads\/2025\/06\/IMG-20250613-WA0114-1024x682.jpg\" alt=\"\" class=\"wp-image-89086 lazyload\" data-srcset=\"https:\/\/inspectornocturno.com.mx\/wp-content\/uploads\/2025\/06\/IMG-20250613-WA0114-1024x682.jpg 1024w, https:\/\/inspectornocturno.com.mx\/wp-content\/uploads\/2025\/06\/IMG-20250613-WA0114-300x200.jpg 300w, https:\/\/inspectornocturno.com.mx\/wp-content\/uploads\/2025\/06\/IMG-20250613-WA0114-768x512.jpg 768w, https:\/\/inspectornocturno.com.mx\/wp-content\/uploads\/2025\/06\/IMG-20250613-WA0114-1536x1023.jpg 1536w, https:\/\/inspectornocturno.com.mx\/wp-content\/uploads\/2025\/06\/IMG-20250613-WA0114-414x276.jpg 414w, https:\/\/inspectornocturno.com.mx\/wp-content\/uploads\/2025\/06\/IMG-20250613-WA0114-470x313.jpg 470w, https:\/\/inspectornocturno.com.mx\/wp-content\/uploads\/2025\/06\/IMG-20250613-WA0114-640x426.jpg 640w, https:\/\/inspectornocturno.com.mx\/wp-content\/uploads\/2025\/06\/IMG-20250613-WA0114-130x86.jpg 130w, https:\/\/inspectornocturno.com.mx\/wp-content\/uploads\/2025\/06\/IMG-20250613-WA0114-187x124.jpg 187w, https:\/\/inspectornocturno.com.mx\/wp-content\/uploads\/2025\/06\/IMG-20250613-WA0114-990x660.jpg 990w, https:\/\/inspectornocturno.com.mx\/wp-content\/uploads\/2025\/06\/IMG-20250613-WA0114-1320x879.jpg 1320w, https:\/\/inspectornocturno.com.mx\/wp-content\/uploads\/2025\/06\/IMG-20250613-WA0114-scaled.jpg 900w\" data-sizes=\"(max-width: 1024px) 100vw, 1024px\" src=\"data:image\/svg+xml;base64,PHN2ZyB3aWR0aD0iMSIgaGVpZ2h0PSIxIiB4bWxucz0iaHR0cDovL3d3dy53My5vcmcvMjAwMC9zdmciPjwvc3ZnPg==\" style=\"--smush-placeholder-width: 1024px; --smush-placeholder-aspect-ratio: 1024\/682;\" \/><\/figure>\n\n\n\n<figure class=\"wp-block-image size-large\"><img decoding=\"async\" width=\"1024\" height=\"682\" data-id=\"89085\" data-src=\"https:\/\/inspectornocturno.com.mx\/wp-content\/uploads\/2025\/06\/IMG-20250613-WA0119-1024x682.jpg\" alt=\"\" class=\"wp-image-89085 lazyload\" data-srcset=\"https:\/\/inspectornocturno.com.mx\/wp-content\/uploads\/2025\/06\/IMG-20250613-WA0119-1024x682.jpg 1024w, https:\/\/inspectornocturno.com.mx\/wp-content\/uploads\/2025\/06\/IMG-20250613-WA0119-300x200.jpg 300w, https:\/\/inspectornocturno.com.mx\/wp-content\/uploads\/2025\/06\/IMG-20250613-WA0119-768x512.jpg 768w, https:\/\/inspectornocturno.com.mx\/wp-content\/uploads\/2025\/06\/IMG-20250613-WA0119-1536x1023.jpg 1536w, https:\/\/inspectornocturno.com.mx\/wp-content\/uploads\/2025\/06\/IMG-20250613-WA0119-414x276.jpg 414w, https:\/\/inspectornocturno.com.mx\/wp-content\/uploads\/2025\/06\/IMG-20250613-WA0119-470x313.jpg 470w, https:\/\/inspectornocturno.com.mx\/wp-content\/uploads\/2025\/06\/IMG-20250613-WA0119-640x426.jpg 640w, https:\/\/inspectornocturno.com.mx\/wp-content\/uploads\/2025\/06\/IMG-20250613-WA0119-130x86.jpg 130w, https:\/\/inspectornocturno.com.mx\/wp-content\/uploads\/2025\/06\/IMG-20250613-WA0119-187x124.jpg 187w, https:\/\/inspectornocturno.com.mx\/wp-content\/uploads\/2025\/06\/IMG-20250613-WA0119-990x660.jpg 990w, https:\/\/inspectornocturno.com.mx\/wp-content\/uploads\/2025\/06\/IMG-20250613-WA0119-1320x879.jpg 1320w, https:\/\/inspectornocturno.com.mx\/wp-content\/uploads\/2025\/06\/IMG-20250613-WA0119-scaled.jpg 900w\" data-sizes=\"(max-width: 1024px) 100vw, 1024px\" src=\"data:image\/svg+xml;base64,PHN2ZyB3aWR0aD0iMSIgaGVpZ2h0PSIxIiB4bWxucz0iaHR0cDovL3d3dy53My5vcmcvMjAwMC9zdmciPjwvc3ZnPg==\" style=\"--smush-placeholder-width: 1024px; --smush-placeholder-aspect-ratio: 1024\/682;\" \/><\/figure>\n<\/figure>\n\n\n\n<p>Para estrenar con las ni\u00f1as y los ni\u00f1os de la escuela preescolar \u201cDiana Laura Riojas\u201d, en la colonia Zazil-H\u00e1, el domo que les entreg\u00f3, la gobernadora Mara Lezama Espinosa y la presidenta municipal de Playa del Carmen, Estefan\u00eda Mercado cantaron, bailaron y hasta jugaron f\u00fatbol.<\/p>\n\n\n\n<p>Con la inauguraci\u00f3n de este domo, la gobernadora Mara Lezama cumpli\u00f3 el compromiso que asumi\u00f3 en diciembre pasado, cuando anunci\u00f3 la construcci\u00f3n. La obra, realizada por la Secretar\u00eda de Obras P\u00fablicas (SEOP) en coordinaci\u00f3n con el Instituto de Infraestructura F\u00edsica Educativa (IFEQROO) tuvo una inversi\u00f3n de 1 mill\u00f3n 844 mil 203.03 pesos.<\/p>\n\n\n\n<p>En un ambiente festivo y junto con la directora del plantel, Jazm\u00edn Kant\u00fan Caamal, la gobernadora de Quintana Roo pidi\u00f3 a las ni\u00f1as y los ni\u00f1os que sean felices. A los maestros y los padres de familia les record\u00f3 que \u201cestuvimos en diciembre y prometimos un domo que hoy venimos a entregar, porque en este gobierno humanista con coraz\u00f3n feminista la educaci\u00f3n de la ni\u00f1ez s\u00ed nos importa\u201d.<\/p>\n\n\n\n<p>A\u00f1adi\u00f3 que la construcci\u00f3n de este domo, de un programa 1,109 que se construir\u00e1n en el estado en todas las escuelas p\u00fablicas, es posible porque este gobierno diferente combate la corrupci\u00f3n para que el dinero del pueblo alcance para m\u00e1s.<\/p>\n\n\n\n<p>El secretario de Obras P\u00fablicas, Jos\u00e9 Rafael Lara D\u00edaz, y el director del IFEQROO, Aldo Castro Jim\u00e9nez, informaron que esta infraestructura beneficia de manera directa a 108 ni\u00f1as y ni\u00f1os que asisten diariamente al plantel (45 mujeres y 63 hombres), brind\u00e1ndoles un espacio digno, seguro y funcional que proteger\u00e1 sus actividades escolares de las inclemencias del clima.<\/p>\n\n\n\n<p>Este domo forma parte de los 1,109 domos proyectados por la administraci\u00f3n estatal, como parte del Nuevo Acuerdo por el Bienestar y Desarrollo de Quintana Roo, una estrategia integral que busca transformar el acceso igualitario a servicios e infraestructura en todo el estado.<\/p>\n\n\n\n<p>Estuvieron en esta inauguraci\u00f3n Eduardo Asencio, presidente honorario del DIF en Playa del Carmen; y la diputada Mar\u00eda Jos\u00e9 Osorio Rosas.<\/p>\n","protected":false},"excerpt":{"rendered":"<p>\ud83d\udd3aLas y los alumnos podr\u00e1n jugar, bailar, cantar y realizar sus actividades protegidos de las condiciones del clima. Para estrenar con las ni\u00f1as y los ni\u00f1os de la escuela preescolar \u201cDiana Laura Riojas\u201d, en la colonia Zazil-H\u00e1, el domo que les entreg\u00f3, la gobernadora Mara Lezama Espinosa y la presidenta municipal de Playa del Carmen, [&hellip;]<\/p>\n","protected":false},"author":3,"featured_media":89087,"comment_status":"closed","ping_status":"closed","sticky":false,"template":"","format":"standard","meta":{"footnotes":"","_wpscppro_dont_share_socialmedia":false,"_wpscppro_custom_social_share_image":0,"_facebook_share_type":"default","_twitter_share_type":"default","_linkedin_share_type":"default","_pinterest_share_type":"default","_linkedin_share_type_page":"default","_instagram_share_type":"default","_medium_share_type":"","_threads_share_type":"","_google_business_share_type":"","_selected_social_profile":[{"id":753595702106742800,"platform":"twitter","platformKey":0,"name":"InspectorNocturnoOficial","thumbnail_url":"http:\/\/pbs.twimg.com\/profile_images\/869067525337862144\/lyGXp0kf_normal.jpg","share_type":"default"}],"_wpsp_enable_custom_social_template":false,"_wpsp_social_scheduling":{"enabled":false,"datetime":null,"platforms":[],"status":"template_only","dateOption":"today","timeOption":"now","customDays":"","customHours":"","customDate":"","customTime":"","schedulingType":"absolute"},"_wpsp_active_default_template":true},"categories":[124,3],"tags":[],"class_list":["post-89084","post","type-post","status-publish","format-standard","has-post-thumbnail","hentry","category-gobierno","category-quintana-roo"],"yoast_head":"<!-- This site is optimized with the Yoast SEO plugin v27.4 - https:\/\/yoast.com\/product\/yoast-seo-wordpress\/ -->\n<title>RODEADA DE NI\u00d1AS Y NI\u00d1OS, EN AMBIENTE FESTIVO, MARA LEZAMA INAUGURA DOMO EN PREESCOLAR \u201cDIANA LAURA RIOJAS\u201d EN PLAYA DEL CARMEN - Inspector Nocturno<\/title>\n<meta name=\"robots\" content=\"index, follow, max-snippet:-1, max-image-preview:large, max-video-preview:-1\" \/>\n<link rel=\"canonical\" href=\"https:\/\/inspectornocturno.com.mx\/?p=89084\" \/>\n<meta property=\"og:locale\" content=\"es_ES\" \/>\n<meta property=\"og:type\" content=\"article\" \/>\n<meta property=\"og:title\" content=\"RODEADA DE NI\u00d1AS Y NI\u00d1OS, EN AMBIENTE FESTIVO, MARA LEZAMA INAUGURA DOMO EN PREESCOLAR \u201cDIANA LAURA RIOJAS\u201d EN PLAYA DEL CARMEN - Inspector Nocturno\" \/>\n<meta property=\"og:description\" content=\"\ud83d\udd3aLas y los alumnos podr\u00e1n jugar, bailar, cantar y realizar sus actividades protegidos de las condiciones del clima. Para estrenar con las ni\u00f1as y los ni\u00f1os de la escuela preescolar \u201cDiana Laura Riojas\u201d, en la colonia Zazil-H\u00e1, el domo que les entreg\u00f3, la gobernadora Mara Lezama Espinosa y la presidenta municipal de Playa del Carmen, [&hellip;]\" \/>\n<meta property=\"og:url\" content=\"https:\/\/inspectornocturno.com.mx\/?p=89084\" \/>\n<meta property=\"og:site_name\" content=\"Inspector Nocturno\" \/>\n<meta property=\"article:published_time\" content=\"2025-06-13T23:15:43+00:00\" \/>\n<meta property=\"article:modified_time\" content=\"2025-06-13T23:15:44+00:00\" \/>\n<meta property=\"og:image\" content=\"https:\/\/inspectornocturno.com.mx\/wp-content\/uploads\/2025\/06\/IMG-20250613-WA0115-scaled.jpg\" \/>\n\t<meta property=\"og:image:width\" content=\"900\" \/>\n\t<meta property=\"og:image:height\" content=\"600\" \/>\n\t<meta property=\"og:image:type\" content=\"image\/jpeg\" \/>\n<meta name=\"author\" content=\"Inspector Nocturno\" \/>\n<meta name=\"twitter:card\" content=\"summary_large_image\" \/>\n<meta name=\"twitter:image\" content=\"https:\/\/inspectornocturno.com.mx\/wp-content\/uploads\/2025\/06\/IMG-20250613-WA0115-scaled.jpg\" \/>\n<script type=\"application\/ld+json\" class=\"yoast-schema-graph\">{\"@context\":\"https:\\\/\\\/schema.org\",\"@graph\":[{\"@type\":\"Article\",\"@id\":\"https:\\\/\\\/inspectornocturno.com.mx\\\/?p=89084#article\",\"isPartOf\":{\"@id\":\"https:\\\/\\\/inspectornocturno.com.mx\\\/?p=89084\"},\"author\":{\"name\":\"Inspector Nocturno\",\"@id\":\"https:\\\/\\\/inspectornocturno.com.mx\\\/#\\\/schema\\\/person\\\/2f4c4173b1712fd9cf4f4b9365ce65db\"},\"headline\":\"RODEADA DE NI\u00d1AS Y NI\u00d1OS, EN AMBIENTE FESTIVO, MARA LEZAMA INAUGURA DOMO EN PREESCOLAR \u201cDIANA LAURA RIOJAS\u201d EN PLAYA DEL CARMEN\",\"datePublished\":\"2025-06-13T23:15:43+00:00\",\"dateModified\":\"2025-06-13T23:15:44+00:00\",\"mainEntityOfPage\":{\"@id\":\"https:\\\/\\\/inspectornocturno.com.mx\\\/?p=89084\"},\"wordCount\":394,\"publisher\":{\"@id\":\"https:\\\/\\\/inspectornocturno.com.mx\\\/#\\\/schema\\\/person\\\/63eb343fea17271215b1dd2793b27897\"},\"image\":{\"@id\":\"https:\\\/\\\/inspectornocturno.com.mx\\\/?p=89084#primaryimage\"},\"thumbnailUrl\":\"https:\\\/\\\/inspectornocturno.com.mx\\\/wp-content\\\/uploads\\\/2025\\\/06\\\/IMG-20250613-WA0115-scaled.jpg\",\"articleSection\":[\"Gobierno\",\"Quintana Roo\"],\"inLanguage\":\"es\"},{\"@type\":\"WebPage\",\"@id\":\"https:\\\/\\\/inspectornocturno.com.mx\\\/?p=89084\",\"url\":\"https:\\\/\\\/inspectornocturno.com.mx\\\/?p=89084\",\"name\":\"RODEADA DE NI\u00d1AS Y NI\u00d1OS, EN AMBIENTE FESTIVO, MARA LEZAMA INAUGURA DOMO EN PREESCOLAR \u201cDIANA LAURA RIOJAS\u201d EN PLAYA DEL CARMEN - Inspector Nocturno\",\"isPartOf\":{\"@id\":\"https:\\\/\\\/inspectornocturno.com.mx\\\/#website\"},\"primaryImageOfPage\":{\"@id\":\"https:\\\/\\\/inspectornocturno.com.mx\\\/?p=89084#primaryimage\"},\"image\":{\"@id\":\"https:\\\/\\\/inspectornocturno.com.mx\\\/?p=89084#primaryimage\"},\"thumbnailUrl\":\"https:\\\/\\\/inspectornocturno.com.mx\\\/wp-content\\\/uploads\\\/2025\\\/06\\\/IMG-20250613-WA0115-scaled.jpg\",\"datePublished\":\"2025-06-13T23:15:43+00:00\",\"dateModified\":\"2025-06-13T23:15:44+00:00\",\"breadcrumb\":{\"@id\":\"https:\\\/\\\/inspectornocturno.com.mx\\\/?p=89084#breadcrumb\"},\"inLanguage\":\"es\",\"potentialAction\":[{\"@type\":\"ReadAction\",\"target\":[\"https:\\\/\\\/inspectornocturno.com.mx\\\/?p=89084\"]}]},{\"@type\":\"ImageObject\",\"inLanguage\":\"es\",\"@id\":\"https:\\\/\\\/inspectornocturno.com.mx\\\/?p=89084#primaryimage\",\"url\":\"https:\\\/\\\/inspectornocturno.com.mx\\\/wp-content\\\/uploads\\\/2025\\\/06\\\/IMG-20250613-WA0115-scaled.jpg\",\"contentUrl\":\"https:\\\/\\\/inspectornocturno.com.mx\\\/wp-content\\\/uploads\\\/2025\\\/06\\\/IMG-20250613-WA0115-scaled.jpg\",\"width\":900,\"height\":600},{\"@type\":\"BreadcrumbList\",\"@id\":\"https:\\\/\\\/inspectornocturno.com.mx\\\/?p=89084#breadcrumb\",\"itemListElement\":[{\"@type\":\"ListItem\",\"position\":1,\"name\":\"Portada\",\"item\":\"https:\\\/\\\/inspectornocturno.com.mx\\\/\"},{\"@type\":\"ListItem\",\"position\":2,\"name\":\"RODEADA DE NI\u00d1AS Y NI\u00d1OS, EN AMBIENTE FESTIVO, MARA LEZAMA INAUGURA DOMO EN PREESCOLAR \u201cDIANA LAURA RIOJAS\u201d EN PLAYA DEL CARMEN\"}]},{\"@type\":\"WebSite\",\"@id\":\"https:\\\/\\\/inspectornocturno.com.mx\\\/#website\",\"url\":\"https:\\\/\\\/inspectornocturno.com.mx\\\/\",\"name\":\"Inspector Nocturno\",\"description\":\"Canc\u00fan, noticias al minuto del inspector nocturno\",\"publisher\":{\"@id\":\"https:\\\/\\\/inspectornocturno.com.mx\\\/#\\\/schema\\\/person\\\/63eb343fea17271215b1dd2793b27897\"},\"alternateName\":\"Noticias de impacto al momento de los hechos\",\"potentialAction\":[{\"@type\":\"SearchAction\",\"target\":{\"@type\":\"EntryPoint\",\"urlTemplate\":\"https:\\\/\\\/inspectornocturno.com.mx\\\/?s={search_term_string}\"},\"query-input\":{\"@type\":\"PropertyValueSpecification\",\"valueRequired\":true,\"valueName\":\"search_term_string\"}}],\"inLanguage\":\"es\"},{\"@type\":[\"Person\",\"Organization\"],\"@id\":\"https:\\\/\\\/inspectornocturno.com.mx\\\/#\\\/schema\\\/person\\\/63eb343fea17271215b1dd2793b27897\",\"name\":\"Inspector Nocturno\",\"image\":{\"@type\":\"ImageObject\",\"inLanguage\":\"es\",\"@id\":\"https:\\\/\\\/inspectornocturno.com.mx\\\/wp-content\\\/uploads\\\/2021\\\/10\\\/logo-transparente.png\",\"url\":\"https:\\\/\\\/inspectornocturno.com.mx\\\/wp-content\\\/uploads\\\/2021\\\/10\\\/logo-transparente.png\",\"contentUrl\":\"https:\\\/\\\/inspectornocturno.com.mx\\\/wp-content\\\/uploads\\\/2021\\\/10\\\/logo-transparente.png\",\"width\":561,\"height\":668,\"caption\":\"Inspector Nocturno\"},\"logo\":{\"@id\":\"https:\\\/\\\/inspectornocturno.com.mx\\\/wp-content\\\/uploads\\\/2021\\\/10\\\/logo-transparente.png\"},\"sameAs\":[\"http:\\\/\\\/inspectornocturno.com.mx\"]},{\"@type\":\"Person\",\"@id\":\"https:\\\/\\\/inspectornocturno.com.mx\\\/#\\\/schema\\\/person\\\/2f4c4173b1712fd9cf4f4b9365ce65db\",\"name\":\"Inspector Nocturno\",\"sameAs\":[\"http:\\\/\\\/inspectornocturno.com.mx\"]}]}<\/script>\n<!-- \/ Yoast SEO plugin. -->","yoast_head_json":{"title":"RODEADA DE NI\u00d1AS Y NI\u00d1OS, EN AMBIENTE FESTIVO, MARA LEZAMA INAUGURA DOMO EN PREESCOLAR \u201cDIANA LAURA RIOJAS\u201d EN PLAYA DEL CARMEN - Inspector Nocturno","robots":{"index":"index","follow":"follow","max-snippet":"max-snippet:-1","max-image-preview":"max-image-preview:large","max-video-preview":"max-video-preview:-1"},"canonical":"https:\/\/inspectornocturno.com.mx\/?p=89084","og_locale":"es_ES","og_type":"article","og_title":"RODEADA DE NI\u00d1AS Y NI\u00d1OS, EN AMBIENTE FESTIVO, MARA LEZAMA INAUGURA DOMO EN PREESCOLAR \u201cDIANA LAURA RIOJAS\u201d EN PLAYA DEL CARMEN - Inspector Nocturno","og_description":"\ud83d\udd3aLas y los alumnos podr\u00e1n jugar, bailar, cantar y realizar sus actividades protegidos de las condiciones del clima. Para estrenar con las ni\u00f1as y los ni\u00f1os de la escuela preescolar \u201cDiana Laura Riojas\u201d, en la colonia Zazil-H\u00e1, el domo que les entreg\u00f3, la gobernadora Mara Lezama Espinosa y la presidenta municipal de Playa del Carmen, [&hellip;]","og_url":"https:\/\/inspectornocturno.com.mx\/?p=89084","og_site_name":"Inspector Nocturno","article_published_time":"2025-06-13T23:15:43+00:00","article_modified_time":"2025-06-13T23:15:44+00:00","og_image":[{"width":900,"height":600,"url":"https:\/\/inspectornocturno.com.mx\/wp-content\/uploads\/2025\/06\/IMG-20250613-WA0115-scaled.jpg","type":"image\/jpeg"}],"author":"Inspector Nocturno","twitter_card":"summary_large_image","twitter_image":"https:\/\/inspectornocturno.com.mx\/wp-content\/uploads\/2025\/06\/IMG-20250613-WA0115-scaled.jpg","schema":{"@context":"https:\/\/schema.org","@graph":[{"@type":"Article","@id":"https:\/\/inspectornocturno.com.mx\/?p=89084#article","isPartOf":{"@id":"https:\/\/inspectornocturno.com.mx\/?p=89084"},"author":{"name":"Inspector Nocturno","@id":"https:\/\/inspectornocturno.com.mx\/#\/schema\/person\/2f4c4173b1712fd9cf4f4b9365ce65db"},"headline":"RODEADA DE NI\u00d1AS Y NI\u00d1OS, EN AMBIENTE FESTIVO, MARA LEZAMA INAUGURA DOMO EN PREESCOLAR \u201cDIANA LAURA RIOJAS\u201d EN PLAYA DEL CARMEN","datePublished":"2025-06-13T23:15:43+00:00","dateModified":"2025-06-13T23:15:44+00:00","mainEntityOfPage":{"@id":"https:\/\/inspectornocturno.com.mx\/?p=89084"},"wordCount":394,"publisher":{"@id":"https:\/\/inspectornocturno.com.mx\/#\/schema\/person\/63eb343fea17271215b1dd2793b27897"},"image":{"@id":"https:\/\/inspectornocturno.com.mx\/?p=89084#primaryimage"},"thumbnailUrl":"https:\/\/inspectornocturno.com.mx\/wp-content\/uploads\/2025\/06\/IMG-20250613-WA0115-scaled.jpg","articleSection":["Gobierno","Quintana Roo"],"inLanguage":"es"},{"@type":"WebPage","@id":"https:\/\/inspectornocturno.com.mx\/?p=89084","url":"https:\/\/inspectornocturno.com.mx\/?p=89084","name":"RODEADA DE NI\u00d1AS Y NI\u00d1OS, EN AMBIENTE FESTIVO, MARA LEZAMA INAUGURA DOMO EN PREESCOLAR \u201cDIANA LAURA RIOJAS\u201d EN PLAYA DEL CARMEN - Inspector Nocturno","isPartOf":{"@id":"https:\/\/inspectornocturno.com.mx\/#website"},"primaryImageOfPage":{"@id":"https:\/\/inspectornocturno.com.mx\/?p=89084#primaryimage"},"image":{"@id":"https:\/\/inspectornocturno.com.mx\/?p=89084#primaryimage"},"thumbnailUrl":"https:\/\/inspectornocturno.com.mx\/wp-content\/uploads\/2025\/06\/IMG-20250613-WA0115-scaled.jpg","datePublished":"2025-06-13T23:15:43+00:00","dateModified":"2025-06-13T23:15:44+00:00","breadcrumb":{"@id":"https:\/\/inspectornocturno.com.mx\/?p=89084#breadcrumb"},"inLanguage":"es","potentialAction":[{"@type":"ReadAction","target":["https:\/\/inspectornocturno.com.mx\/?p=89084"]}]},{"@type":"ImageObject","inLanguage":"es","@id":"https:\/\/inspectornocturno.com.mx\/?p=89084#primaryimage","url":"https:\/\/inspectornocturno.com.mx\/wp-content\/uploads\/2025\/06\/IMG-20250613-WA0115-scaled.jpg","contentUrl":"https:\/\/inspectornocturno.com.mx\/wp-content\/uploads\/2025\/06\/IMG-20250613-WA0115-scaled.jpg","width":900,"height":600},{"@type":"BreadcrumbList","@id":"https:\/\/inspectornocturno.com.mx\/?p=89084#breadcrumb","itemListElement":[{"@type":"ListItem","position":1,"name":"Portada","item":"https:\/\/inspectornocturno.com.mx\/"},{"@type":"ListItem","position":2,"name":"RODEADA DE NI\u00d1AS Y NI\u00d1OS, EN AMBIENTE FESTIVO, MARA LEZAMA INAUGURA DOMO EN PREESCOLAR \u201cDIANA LAURA RIOJAS\u201d EN PLAYA DEL CARMEN"}]},{"@type":"WebSite","@id":"https:\/\/inspectornocturno.com.mx\/#website","url":"https:\/\/inspectornocturno.com.mx\/","name":"Inspector Nocturno","description":"Canc\u00fan, noticias al minuto del inspector nocturno","publisher":{"@id":"https:\/\/inspectornocturno.com.mx\/#\/schema\/person\/63eb343fea17271215b1dd2793b27897"},"alternateName":"Noticias de impacto al momento de los hechos","potentialAction":[{"@type":"SearchAction","target":{"@type":"EntryPoint","urlTemplate":"https:\/\/inspectornocturno.com.mx\/?s={search_term_string}"},"query-input":{"@type":"PropertyValueSpecification","valueRequired":true,"valueName":"search_term_string"}}],"inLanguage":"es"},{"@type":["Person","Organization"],"@id":"https:\/\/inspectornocturno.com.mx\/#\/schema\/person\/63eb343fea17271215b1dd2793b27897","name":"Inspector Nocturno","image":{"@type":"ImageObject","inLanguage":"es","@id":"https:\/\/inspectornocturno.com.mx\/wp-content\/uploads\/2021\/10\/logo-transparente.png","url":"https:\/\/inspectornocturno.com.mx\/wp-content\/uploads\/2021\/10\/logo-transparente.png","contentUrl":"https:\/\/inspectornocturno.com.mx\/wp-content\/uploads\/2021\/10\/logo-transparente.png","width":561,"height":668,"caption":"Inspector Nocturno"},"logo":{"@id":"https:\/\/inspectornocturno.com.mx\/wp-content\/uploads\/2021\/10\/logo-transparente.png"},"sameAs":["http:\/\/inspectornocturno.com.mx"]},{"@type":"Person","@id":"https:\/\/inspectornocturno.com.mx\/#\/schema\/person\/2f4c4173b1712fd9cf4f4b9365ce65db","name":"Inspector Nocturno","sameAs":["http:\/\/inspectornocturno.com.mx"]}]}},"views":112,"_links":{"self":[{"href":"https:\/\/inspectornocturno.com.mx\/index.php?rest_route=\/wp\/v2\/posts\/89084","targetHints":{"allow":["GET"]}}],"collection":[{"href":"https:\/\/inspectornocturno.com.mx\/index.php?rest_route=\/wp\/v2\/posts"}],"about":[{"href":"https:\/\/inspectornocturno.com.mx\/index.php?rest_route=\/wp\/v2\/types\/post"}],"author":[{"embeddable":true,"href":"https:\/\/inspectornocturno.com.mx\/index.php?rest_route=\/wp\/v2\/users\/3"}],"replies":[{"embeddable":true,"href":"https:\/\/inspectornocturno.com.mx\/index.php?rest_route=%2Fwp%2Fv2%2Fcomments&post=89084"}],"version-history":[{"count":2,"href":"https:\/\/inspectornocturno.com.mx\/index.php?rest_route=\/wp\/v2\/posts\/89084\/revisions"}],"predecessor-version":[{"id":89090,"href":"https:\/\/inspectornocturno.com.mx\/index.php?rest_route=\/wp\/v2\/posts\/89084\/revisions\/89090"}],"wp:featuredmedia":[{"embeddable":true,"href":"https:\/\/inspectornocturno.com.mx\/index.php?rest_route=\/wp\/v2\/media\/89087"}],"wp:attachment":[{"href":"https:\/\/inspectornocturno.com.mx\/index.php?rest_route=%2Fwp%2Fv2%2Fmedia&parent=89084"}],"wp:term":[{"taxonomy":"category","embeddable":true,"href":"https:\/\/inspectornocturno.com.mx\/index.php?rest_route=%2Fwp%2Fv2%2Fcategories&post=89084"},{"taxonomy":"post_tag","embeddable":true,"href":"https:\/\/inspectornocturno.com.mx\/index.php?rest_route=%2Fwp%2Fv2%2Ftags&post=89084"}],"curies":[{"name":"wp","href":"https:\/\/api.w.org\/{rel}","templated":true}]}}