{"id":86716,"date":"2025-04-28T19:42:32","date_gmt":"2025-04-29T00:42:32","guid":{"rendered":"https:\/\/inspectornocturno.com.mx\/?p=86716"},"modified":"2025-04-28T19:42:34","modified_gmt":"2025-04-29T00:42:34","slug":"recibe-gobierno-de-ana-paty-peralta-reconocimiento-de-la-onu-por-acciones-ambientales","status":"publish","type":"post","link":"https:\/\/inspectornocturno.com.mx\/?p=86716","title":{"rendered":"RECIBE GOBIERNO DE ANA PATY PERALTA RECONOCIMIENTO DE LA ONU POR ACCIONES AMBIENTALES"},"content":{"rendered":"\n<p>\ud83d\udd3aEl pasado 21 de abril se efectu\u00f3 una jornada de arborizaci\u00f3n en el camell\u00f3n central de la calle Cabo Catoche, en donde se plantaron 30 especies nativas.<\/p>\n\n\n\n<p>Canc\u00fan.- La Presidenta Municipal Ana Paty Peralta celebr\u00f3 que el Programa de las Naciones Unidas para el Medio Ambiente (PNUMA) otorg\u00f3 un reconocimiento especial a la Direcci\u00f3n General de Ecolog\u00eda por su voluntad y realizaci\u00f3n de actividades enfocadas a la conservaci\u00f3n, restauraci\u00f3n y cuidado de nuestro planeta, en el marco de la Semana Mundial de la Madre Tierra.<\/p>\n\n\n\n<p>Este reconocimiento internacional se suma a una serie de acciones sostenidas que se han impulsado durante el mes de abril, para promover una cultura ambiental consciente y participativa entre la ciudadan\u00eda benitojuarense, a trav\u00e9s de la dependencia encabezada por su titular, Fernando Haro Salinas.<\/p>\n\n\n\n<p>Record\u00f3 que el pasado 21 de abril se efectu\u00f3 una jornada de arborizaci\u00f3n en el camell\u00f3n central de la calle Cabo Catoche, en donde se plantaron 30 especies nativas, cubriendo una superficie de mil 100 metros cuadrados, gracias a la participaci\u00f3n de 100 voluntarios y colaboradores del Ayuntamiento.<\/p>\n\n\n\n<figure class=\"wp-block-image size-full\"><img decoding=\"async\" width=\"702\" height=\"884\" data-src=\"https:\/\/inspectornocturno.com.mx\/wp-content\/uploads\/2025\/04\/WhatsApp-Image-2025-04-28-at-4.07.35-PM.jpeg\" alt=\"\" class=\"wp-image-86717 lazyload\" data-srcset=\"https:\/\/inspectornocturno.com.mx\/wp-content\/uploads\/2025\/04\/WhatsApp-Image-2025-04-28-at-4.07.35-PM.jpeg 702w, https:\/\/inspectornocturno.com.mx\/wp-content\/uploads\/2025\/04\/WhatsApp-Image-2025-04-28-at-4.07.35-PM-238x300.jpeg 238w\" data-sizes=\"(max-width: 702px) 100vw, 702px\" src=\"data:image\/svg+xml;base64,PHN2ZyB3aWR0aD0iMSIgaGVpZ2h0PSIxIiB4bWxucz0iaHR0cDovL3d3dy53My5vcmcvMjAwMC9zdmciPjwvc3ZnPg==\" style=\"--smush-placeholder-width: 702px; --smush-placeholder-aspect-ratio: 702\/884;\" \/><\/figure>\n\n\n\n<p>Adem\u00e1s, el 24 de abril se llevaron a cabo dos actividades en favor del medio ambiente, la primera en el Parque Ecol\u00f3gico Kabah, donde se plantaron 15 \u00e1rboles nativos, con 35 participantes; y la segunda en la Supermanzana 68, donde se cumpli\u00f3 con una jornada del programa de Limpieza del Programa Cenotes Urbanos, donde se retiraron 210 kilogramos de residuos s\u00f3lidos.<\/p>\n\n\n\n<p>Finalmente, el pasado viernes 25 se retiraron 675 kilogramos de basura del cenote urbano de la Supermanzana 225, en donde m\u00e1s de 120 voluntarios y personal municipal se sum\u00f3 a la brigada de limpieza, cumpliendo con las actividades programadas para contribuir a la preservaci\u00f3n de los ecosistemas locales.<\/p>\n\n\n\n<p>Con este reconocimiento por parte del PNUMA, Canc\u00fan reafirma su liderazgo ambiental a nivel nacional e internacional, consolidando su compromiso por un futuro m\u00e1s verde, justo y sustentable para todos.<\/p>\n","protected":false},"excerpt":{"rendered":"<p>\ud83d\udd3aEl pasado 21 de abril se efectu\u00f3 una jornada de arborizaci\u00f3n en el camell\u00f3n central de la calle Cabo Catoche, en donde se plantaron 30 especies nativas. Canc\u00fan.- La Presidenta Municipal Ana Paty Peralta celebr\u00f3 que el Programa de las Naciones Unidas para el Medio Ambiente (PNUMA) otorg\u00f3 un reconocimiento especial a la Direcci\u00f3n General [&hellip;]<\/p>\n","protected":false},"author":7,"featured_media":86718,"comment_status":"closed","ping_status":"closed","sticky":false,"template":"","format":"standard","meta":{"footnotes":"","_wpscppro_dont_share_socialmedia":false,"_wpscppro_custom_social_share_image":0,"_facebook_share_type":"default","_twitter_share_type":"default","_linkedin_share_type":"default","_pinterest_share_type":"default","_linkedin_share_type_page":"","_instagram_share_type":"default","_medium_share_type":"","_threads_share_type":"","_google_business_share_type":"","_selected_social_profile":[],"_wpsp_enable_custom_social_template":false,"_wpsp_social_scheduling":{"enabled":false,"datetime":null,"platforms":[],"status":"template_only","dateOption":"today","timeOption":"now","customDays":"","customHours":"","customDate":"","customTime":"","schedulingType":"absolute"},"_wpsp_active_default_template":true},"categories":[57,69,3],"tags":[],"class_list":["post-86716","post","type-post","status-publish","format-standard","has-post-thumbnail","hentry","category-cancun","category-politica","category-quintana-roo"],"yoast_head":"<!-- This site is optimized with the Yoast SEO plugin v27.4 - https:\/\/yoast.com\/product\/yoast-seo-wordpress\/ -->\n<title>RECIBE GOBIERNO DE ANA PATY PERALTA RECONOCIMIENTO DE LA ONU POR ACCIONES AMBIENTALES - Inspector Nocturno<\/title>\n<meta name=\"robots\" content=\"index, follow, max-snippet:-1, max-image-preview:large, max-video-preview:-1\" \/>\n<link rel=\"canonical\" href=\"https:\/\/inspectornocturno.com.mx\/?p=86716\" \/>\n<meta property=\"og:locale\" content=\"es_ES\" \/>\n<meta property=\"og:type\" content=\"article\" \/>\n<meta property=\"og:title\" content=\"RECIBE GOBIERNO DE ANA PATY PERALTA RECONOCIMIENTO DE LA ONU POR ACCIONES AMBIENTALES - Inspector Nocturno\" \/>\n<meta property=\"og:description\" content=\"\ud83d\udd3aEl pasado 21 de abril se efectu\u00f3 una jornada de arborizaci\u00f3n en el camell\u00f3n central de la calle Cabo Catoche, en donde se plantaron 30 especies nativas. Canc\u00fan.- La Presidenta Municipal Ana Paty Peralta celebr\u00f3 que el Programa de las Naciones Unidas para el Medio Ambiente (PNUMA) otorg\u00f3 un reconocimiento especial a la Direcci\u00f3n General [&hellip;]\" \/>\n<meta property=\"og:url\" content=\"https:\/\/inspectornocturno.com.mx\/?p=86716\" \/>\n<meta property=\"og:site_name\" content=\"Inspector Nocturno\" \/>\n<meta property=\"article:published_time\" content=\"2025-04-29T00:42:32+00:00\" \/>\n<meta property=\"article:modified_time\" content=\"2025-04-29T00:42:34+00:00\" \/>\n<meta property=\"og:image\" content=\"https:\/\/inspectornocturno.com.mx\/wp-content\/uploads\/2025\/04\/WhatsApp-Image-2025-04-28-at-4.07.36-PM-scaled.jpeg\" \/>\n\t<meta property=\"og:image:width\" content=\"900\" \/>\n\t<meta property=\"og:image:height\" content=\"599\" \/>\n\t<meta property=\"og:image:type\" content=\"image\/jpeg\" \/>\n<meta name=\"author\" content=\"Inspector Nocturno\" \/>\n<meta name=\"twitter:card\" content=\"summary_large_image\" \/>\n<script type=\"application\/ld+json\" class=\"yoast-schema-graph\">{\"@context\":\"https:\\\/\\\/schema.org\",\"@graph\":[{\"@type\":\"Article\",\"@id\":\"https:\\\/\\\/inspectornocturno.com.mx\\\/?p=86716#article\",\"isPartOf\":{\"@id\":\"https:\\\/\\\/inspectornocturno.com.mx\\\/?p=86716\"},\"author\":{\"name\":\"Inspector Nocturno\",\"@id\":\"https:\\\/\\\/inspectornocturno.com.mx\\\/#\\\/schema\\\/person\\\/969c25a2260bdff0de14d7ccb1e77752\"},\"headline\":\"RECIBE GOBIERNO DE ANA PATY PERALTA RECONOCIMIENTO DE LA ONU POR ACCIONES AMBIENTALES\",\"datePublished\":\"2025-04-29T00:42:32+00:00\",\"dateModified\":\"2025-04-29T00:42:34+00:00\",\"mainEntityOfPage\":{\"@id\":\"https:\\\/\\\/inspectornocturno.com.mx\\\/?p=86716\"},\"wordCount\":335,\"publisher\":{\"@id\":\"https:\\\/\\\/inspectornocturno.com.mx\\\/#\\\/schema\\\/person\\\/63eb343fea17271215b1dd2793b27897\"},\"image\":{\"@id\":\"https:\\\/\\\/inspectornocturno.com.mx\\\/?p=86716#primaryimage\"},\"thumbnailUrl\":\"https:\\\/\\\/inspectornocturno.com.mx\\\/wp-content\\\/uploads\\\/2025\\\/04\\\/WhatsApp-Image-2025-04-28-at-4.07.36-PM-scaled.jpeg\",\"articleSection\":[\"Canc\u00fan\",\"Pol\u00edtica\",\"Quintana Roo\"],\"inLanguage\":\"es\"},{\"@type\":\"WebPage\",\"@id\":\"https:\\\/\\\/inspectornocturno.com.mx\\\/?p=86716\",\"url\":\"https:\\\/\\\/inspectornocturno.com.mx\\\/?p=86716\",\"name\":\"RECIBE GOBIERNO DE ANA PATY PERALTA RECONOCIMIENTO DE LA ONU POR ACCIONES AMBIENTALES - Inspector Nocturno\",\"isPartOf\":{\"@id\":\"https:\\\/\\\/inspectornocturno.com.mx\\\/#website\"},\"primaryImageOfPage\":{\"@id\":\"https:\\\/\\\/inspectornocturno.com.mx\\\/?p=86716#primaryimage\"},\"image\":{\"@id\":\"https:\\\/\\\/inspectornocturno.com.mx\\\/?p=86716#primaryimage\"},\"thumbnailUrl\":\"https:\\\/\\\/inspectornocturno.com.mx\\\/wp-content\\\/uploads\\\/2025\\\/04\\\/WhatsApp-Image-2025-04-28-at-4.07.36-PM-scaled.jpeg\",\"datePublished\":\"2025-04-29T00:42:32+00:00\",\"dateModified\":\"2025-04-29T00:42:34+00:00\",\"breadcrumb\":{\"@id\":\"https:\\\/\\\/inspectornocturno.com.mx\\\/?p=86716#breadcrumb\"},\"inLanguage\":\"es\",\"potentialAction\":[{\"@type\":\"ReadAction\",\"target\":[\"https:\\\/\\\/inspectornocturno.com.mx\\\/?p=86716\"]}]},{\"@type\":\"ImageObject\",\"inLanguage\":\"es\",\"@id\":\"https:\\\/\\\/inspectornocturno.com.mx\\\/?p=86716#primaryimage\",\"url\":\"https:\\\/\\\/inspectornocturno.com.mx\\\/wp-content\\\/uploads\\\/2025\\\/04\\\/WhatsApp-Image-2025-04-28-at-4.07.36-PM-scaled.jpeg\",\"contentUrl\":\"https:\\\/\\\/inspectornocturno.com.mx\\\/wp-content\\\/uploads\\\/2025\\\/04\\\/WhatsApp-Image-2025-04-28-at-4.07.36-PM-scaled.jpeg\",\"width\":900,\"height\":599},{\"@type\":\"BreadcrumbList\",\"@id\":\"https:\\\/\\\/inspectornocturno.com.mx\\\/?p=86716#breadcrumb\",\"itemListElement\":[{\"@type\":\"ListItem\",\"position\":1,\"name\":\"Portada\",\"item\":\"https:\\\/\\\/inspectornocturno.com.mx\\\/\"},{\"@type\":\"ListItem\",\"position\":2,\"name\":\"RECIBE GOBIERNO DE ANA PATY PERALTA RECONOCIMIENTO DE LA ONU POR ACCIONES AMBIENTALES\"}]},{\"@type\":\"WebSite\",\"@id\":\"https:\\\/\\\/inspectornocturno.com.mx\\\/#website\",\"url\":\"https:\\\/\\\/inspectornocturno.com.mx\\\/\",\"name\":\"Inspector Nocturno\",\"description\":\"Canc\u00fan, noticias al minuto del inspector nocturno\",\"publisher\":{\"@id\":\"https:\\\/\\\/inspectornocturno.com.mx\\\/#\\\/schema\\\/person\\\/63eb343fea17271215b1dd2793b27897\"},\"alternateName\":\"Noticias de impacto al momento de los hechos\",\"potentialAction\":[{\"@type\":\"SearchAction\",\"target\":{\"@type\":\"EntryPoint\",\"urlTemplate\":\"https:\\\/\\\/inspectornocturno.com.mx\\\/?s={search_term_string}\"},\"query-input\":{\"@type\":\"PropertyValueSpecification\",\"valueRequired\":true,\"valueName\":\"search_term_string\"}}],\"inLanguage\":\"es\"},{\"@type\":[\"Person\",\"Organization\"],\"@id\":\"https:\\\/\\\/inspectornocturno.com.mx\\\/#\\\/schema\\\/person\\\/63eb343fea17271215b1dd2793b27897\",\"name\":\"Inspector Nocturno\",\"image\":{\"@type\":\"ImageObject\",\"inLanguage\":\"es\",\"@id\":\"https:\\\/\\\/inspectornocturno.com.mx\\\/wp-content\\\/uploads\\\/2021\\\/10\\\/logo-transparente.png\",\"url\":\"https:\\\/\\\/inspectornocturno.com.mx\\\/wp-content\\\/uploads\\\/2021\\\/10\\\/logo-transparente.png\",\"contentUrl\":\"https:\\\/\\\/inspectornocturno.com.mx\\\/wp-content\\\/uploads\\\/2021\\\/10\\\/logo-transparente.png\",\"width\":561,\"height\":668,\"caption\":\"Inspector Nocturno\"},\"logo\":{\"@id\":\"https:\\\/\\\/inspectornocturno.com.mx\\\/wp-content\\\/uploads\\\/2021\\\/10\\\/logo-transparente.png\"},\"sameAs\":[\"http:\\\/\\\/inspectornocturno.com.mx\"]},{\"@type\":\"Person\",\"@id\":\"https:\\\/\\\/inspectornocturno.com.mx\\\/#\\\/schema\\\/person\\\/969c25a2260bdff0de14d7ccb1e77752\",\"name\":\"Inspector Nocturno\"}]}<\/script>\n<!-- \/ Yoast SEO plugin. -->","yoast_head_json":{"title":"RECIBE GOBIERNO DE ANA PATY PERALTA RECONOCIMIENTO DE LA ONU POR ACCIONES AMBIENTALES - Inspector Nocturno","robots":{"index":"index","follow":"follow","max-snippet":"max-snippet:-1","max-image-preview":"max-image-preview:large","max-video-preview":"max-video-preview:-1"},"canonical":"https:\/\/inspectornocturno.com.mx\/?p=86716","og_locale":"es_ES","og_type":"article","og_title":"RECIBE GOBIERNO DE ANA PATY PERALTA RECONOCIMIENTO DE LA ONU POR ACCIONES AMBIENTALES - Inspector Nocturno","og_description":"\ud83d\udd3aEl pasado 21 de abril se efectu\u00f3 una jornada de arborizaci\u00f3n en el camell\u00f3n central de la calle Cabo Catoche, en donde se plantaron 30 especies nativas. Canc\u00fan.- La Presidenta Municipal Ana Paty Peralta celebr\u00f3 que el Programa de las Naciones Unidas para el Medio Ambiente (PNUMA) otorg\u00f3 un reconocimiento especial a la Direcci\u00f3n General [&hellip;]","og_url":"https:\/\/inspectornocturno.com.mx\/?p=86716","og_site_name":"Inspector Nocturno","article_published_time":"2025-04-29T00:42:32+00:00","article_modified_time":"2025-04-29T00:42:34+00:00","og_image":[{"width":900,"height":599,"url":"https:\/\/inspectornocturno.com.mx\/wp-content\/uploads\/2025\/04\/WhatsApp-Image-2025-04-28-at-4.07.36-PM-scaled.jpeg","type":"image\/jpeg"}],"author":"Inspector Nocturno","twitter_card":"summary_large_image","schema":{"@context":"https:\/\/schema.org","@graph":[{"@type":"Article","@id":"https:\/\/inspectornocturno.com.mx\/?p=86716#article","isPartOf":{"@id":"https:\/\/inspectornocturno.com.mx\/?p=86716"},"author":{"name":"Inspector Nocturno","@id":"https:\/\/inspectornocturno.com.mx\/#\/schema\/person\/969c25a2260bdff0de14d7ccb1e77752"},"headline":"RECIBE GOBIERNO DE ANA PATY PERALTA RECONOCIMIENTO DE LA ONU POR ACCIONES AMBIENTALES","datePublished":"2025-04-29T00:42:32+00:00","dateModified":"2025-04-29T00:42:34+00:00","mainEntityOfPage":{"@id":"https:\/\/inspectornocturno.com.mx\/?p=86716"},"wordCount":335,"publisher":{"@id":"https:\/\/inspectornocturno.com.mx\/#\/schema\/person\/63eb343fea17271215b1dd2793b27897"},"image":{"@id":"https:\/\/inspectornocturno.com.mx\/?p=86716#primaryimage"},"thumbnailUrl":"https:\/\/inspectornocturno.com.mx\/wp-content\/uploads\/2025\/04\/WhatsApp-Image-2025-04-28-at-4.07.36-PM-scaled.jpeg","articleSection":["Canc\u00fan","Pol\u00edtica","Quintana Roo"],"inLanguage":"es"},{"@type":"WebPage","@id":"https:\/\/inspectornocturno.com.mx\/?p=86716","url":"https:\/\/inspectornocturno.com.mx\/?p=86716","name":"RECIBE GOBIERNO DE ANA PATY PERALTA RECONOCIMIENTO DE LA ONU POR ACCIONES AMBIENTALES - Inspector Nocturno","isPartOf":{"@id":"https:\/\/inspectornocturno.com.mx\/#website"},"primaryImageOfPage":{"@id":"https:\/\/inspectornocturno.com.mx\/?p=86716#primaryimage"},"image":{"@id":"https:\/\/inspectornocturno.com.mx\/?p=86716#primaryimage"},"thumbnailUrl":"https:\/\/inspectornocturno.com.mx\/wp-content\/uploads\/2025\/04\/WhatsApp-Image-2025-04-28-at-4.07.36-PM-scaled.jpeg","datePublished":"2025-04-29T00:42:32+00:00","dateModified":"2025-04-29T00:42:34+00:00","breadcrumb":{"@id":"https:\/\/inspectornocturno.com.mx\/?p=86716#breadcrumb"},"inLanguage":"es","potentialAction":[{"@type":"ReadAction","target":["https:\/\/inspectornocturno.com.mx\/?p=86716"]}]},{"@type":"ImageObject","inLanguage":"es","@id":"https:\/\/inspectornocturno.com.mx\/?p=86716#primaryimage","url":"https:\/\/inspectornocturno.com.mx\/wp-content\/uploads\/2025\/04\/WhatsApp-Image-2025-04-28-at-4.07.36-PM-scaled.jpeg","contentUrl":"https:\/\/inspectornocturno.com.mx\/wp-content\/uploads\/2025\/04\/WhatsApp-Image-2025-04-28-at-4.07.36-PM-scaled.jpeg","width":900,"height":599},{"@type":"BreadcrumbList","@id":"https:\/\/inspectornocturno.com.mx\/?p=86716#breadcrumb","itemListElement":[{"@type":"ListItem","position":1,"name":"Portada","item":"https:\/\/inspectornocturno.com.mx\/"},{"@type":"ListItem","position":2,"name":"RECIBE GOBIERNO DE ANA PATY PERALTA RECONOCIMIENTO DE LA ONU POR ACCIONES AMBIENTALES"}]},{"@type":"WebSite","@id":"https:\/\/inspectornocturno.com.mx\/#website","url":"https:\/\/inspectornocturno.com.mx\/","name":"Inspector Nocturno","description":"Canc\u00fan, noticias al minuto del inspector nocturno","publisher":{"@id":"https:\/\/inspectornocturno.com.mx\/#\/schema\/person\/63eb343fea17271215b1dd2793b27897"},"alternateName":"Noticias de impacto al momento de los hechos","potentialAction":[{"@type":"SearchAction","target":{"@type":"EntryPoint","urlTemplate":"https:\/\/inspectornocturno.com.mx\/?s={search_term_string}"},"query-input":{"@type":"PropertyValueSpecification","valueRequired":true,"valueName":"search_term_string"}}],"inLanguage":"es"},{"@type":["Person","Organization"],"@id":"https:\/\/inspectornocturno.com.mx\/#\/schema\/person\/63eb343fea17271215b1dd2793b27897","name":"Inspector Nocturno","image":{"@type":"ImageObject","inLanguage":"es","@id":"https:\/\/inspectornocturno.com.mx\/wp-content\/uploads\/2021\/10\/logo-transparente.png","url":"https:\/\/inspectornocturno.com.mx\/wp-content\/uploads\/2021\/10\/logo-transparente.png","contentUrl":"https:\/\/inspectornocturno.com.mx\/wp-content\/uploads\/2021\/10\/logo-transparente.png","width":561,"height":668,"caption":"Inspector Nocturno"},"logo":{"@id":"https:\/\/inspectornocturno.com.mx\/wp-content\/uploads\/2021\/10\/logo-transparente.png"},"sameAs":["http:\/\/inspectornocturno.com.mx"]},{"@type":"Person","@id":"https:\/\/inspectornocturno.com.mx\/#\/schema\/person\/969c25a2260bdff0de14d7ccb1e77752","name":"Inspector Nocturno"}]}},"views":148,"_links":{"self":[{"href":"https:\/\/inspectornocturno.com.mx\/index.php?rest_route=\/wp\/v2\/posts\/86716","targetHints":{"allow":["GET"]}}],"collection":[{"href":"https:\/\/inspectornocturno.com.mx\/index.php?rest_route=\/wp\/v2\/posts"}],"about":[{"href":"https:\/\/inspectornocturno.com.mx\/index.php?rest_route=\/wp\/v2\/types\/post"}],"author":[{"embeddable":true,"href":"https:\/\/inspectornocturno.com.mx\/index.php?rest_route=\/wp\/v2\/users\/7"}],"replies":[{"embeddable":true,"href":"https:\/\/inspectornocturno.com.mx\/index.php?rest_route=%2Fwp%2Fv2%2Fcomments&post=86716"}],"version-history":[{"count":2,"href":"https:\/\/inspectornocturno.com.mx\/index.php?rest_route=\/wp\/v2\/posts\/86716\/revisions"}],"predecessor-version":[{"id":86720,"href":"https:\/\/inspectornocturno.com.mx\/index.php?rest_route=\/wp\/v2\/posts\/86716\/revisions\/86720"}],"wp:featuredmedia":[{"embeddable":true,"href":"https:\/\/inspectornocturno.com.mx\/index.php?rest_route=\/wp\/v2\/media\/86718"}],"wp:attachment":[{"href":"https:\/\/inspectornocturno.com.mx\/index.php?rest_route=%2Fwp%2Fv2%2Fmedia&parent=86716"}],"wp:term":[{"taxonomy":"category","embeddable":true,"href":"https:\/\/inspectornocturno.com.mx\/index.php?rest_route=%2Fwp%2Fv2%2Fcategories&post=86716"},{"taxonomy":"post_tag","embeddable":true,"href":"https:\/\/inspectornocturno.com.mx\/index.php?rest_route=%2Fwp%2Fv2%2Ftags&post=86716"}],"curies":[{"name":"wp","href":"https:\/\/api.w.org\/{rel}","templated":true}]}}