{"id":86390,"date":"2025-04-22T19:52:48","date_gmt":"2025-04-23T00:52:48","guid":{"rendered":"https:\/\/inspectornocturno.com.mx\/?p=86390"},"modified":"2025-04-22T19:52:50","modified_gmt":"2025-04-23T00:52:50","slug":"dignifica-mara-y-veronica-lezama-la-procuraduria-de-proteccion-de-ninas-ninos-adolescentes-y-la-familia-del-estado","status":"publish","type":"post","link":"https:\/\/inspectornocturno.com.mx\/?p=86390","title":{"rendered":"DIGNIFICA MARA Y VER\u00d3NICA LEZAMA LA PROCURADUR\u00cdA DE PROTECCI\u00d3N DE NI\u00d1AS, NI\u00d1OS, ADOLESCENTES Y LA FAMILIA DEL ESTADO"},"content":{"rendered":"\n<p>\ud83d\udd3aM\u00e1s de 50 servidores p\u00fablicos, que brindar\u00e1n atenci\u00f3n y acompa\u00f1amiento jur\u00eddico, de trabajo social y psicol\u00f3gico a la poblaci\u00f3n prioritaria, tendr\u00e1n espacios dignos para realizar sus jornadas laborales.<\/p>\n\n\n\n<p>Chetumal.- Con el objetivo de proteger los derechos humanos, brindar seguridad, acompa\u00f1amiento jur\u00eddico y bienestar a las y los quintanarroenses, la Gobernadora Mara Lezama Espinosa, acompa\u00f1ada de la presidenta del Sistema DIF Quintana Roo, Ver\u00f3nica Lezama Espinosa; inauguraron la rehabilitaci\u00f3n y equipamiento de la Procuradur\u00eda de Protecci\u00f3n de Ni\u00f1as, Ni\u00f1os, Adolescentes y la Familia (PPNNAyF) del Estado.<\/p>\n\n\n\n<p>La Gobernadora Mara Lezama destac\u00f3 que una las prioridades de su gobierno, enmarcado en el Nuevo Acuerdo por el Bienestar y Desarrollo de Quintana Roo, es y ser\u00e1 siempre atender a los sectores prioritarios de la sociedad, como lo son aquellos que han sido v\u00edctimas de alg\u00fan delito o cuyos derechos han sido violentados, garantizando su bienestar con servicios de calidad.<\/p>\n\n\n\n<p>\u201cEste lugar \u2014que durante a\u00f1os oper\u00f3 en condiciones indignas, con filtraciones, grietas y carencias de todo tipo\u2014 hoy renace como s\u00edmbolo de nuestra transformaci\u00f3n. Un espacio donde antes la tristeza ten\u00eda paredes fr\u00edas, hoy se convierte en un refugio c\u00e1lido y digno para quienes m\u00e1s<br>lo necesitan: nuestras ni\u00f1as, ni\u00f1os y adolescentes\u201d, expres\u00f3 la Gobernadora.<\/p>\n\n\n\n<p>Y precis\u00f3 que \u201cen este gobierno humanista con coraz\u00f3n feminista, hemos entendido que no hay mayor prioridad que proteger lo m\u00e1s valioso que tenemos: nuestra ni\u00f1ez. Por eso, la Procuradur\u00eda de Protecci\u00f3n no solo fue rehabilitada; fue rescatada, dignificada y fortalecida. Porque las y los ni\u00f1os no se rompen, se cuidan, se abrazan, se escuchan y se defienden con el alma\u201d.<\/p>\n\n\n\n<p>Esta importante obra, cuya placa fue develada por la Gobernadora y la Presidenta Honoraria del DIF, fue ejecutada por la Secretar\u00eda de Obras P\u00fablicas (SEOP) del Gobierno del Estado, con una inversi\u00f3n superior a los 22 millones de pesos, luego de m\u00e1s de 15 a\u00f1os de abandono. Gracias a esta intervenci\u00f3n, se mejoraron las condiciones del inmueble, garantizando espacios dignos y funcionales para la atenci\u00f3n de miles de personas.<\/p>\n\n\n\n<p>Se rehabilitaron los espacios del departamento de psicolog\u00eda, la sala de juntas, departamentos de adopciones y de regulaci\u00f3n de centros de asistencia social, oficina de la procuradora y subprocuradora, ludoteca, departamento de resguardo de expedientes, administraci\u00f3n, trabajo social y representaci\u00f3n jur\u00eddica, entre otros.<\/p>\n\n\n\n<p>Entre las acciones realizadas destacan: la rehabilitaci\u00f3n de cerca perimetral con base de rejacero, rehabilitaci\u00f3n de estacionamiento, construcci\u00f3n de andadores con piso de concreto estampado, instalaci\u00f3n de una cisterna, implementaci\u00f3n de un kit de circuito cerrado de videovigilancia y construcci\u00f3n de \u00e1rea de comedor, explic\u00f3 la subsecretaria de obras de la SEOP, Keyla Estefanya Reyes Soto.<\/p>\n\n\n\n<p>Por su parte la presidenta del DIF Estatal, Ver\u00f3nica Lezama Espinosa explic\u00f3 que con la remodelaci\u00f3n y equipamiento de la Procuradur\u00eda de Protecci\u00f3n de Ni\u00f1as, Ni\u00f1os, Adolescentes y la Familia se podr\u00e1 atender con la calidad y calidez a la ciudadan\u00eda de todo el estado, siendo este, un lugar de protecci\u00f3n y acompa\u00f1amiento jur\u00eddico.<\/p>\n\n\n\n<p>\u201cHoy se le est\u00e1 devolviendo la dignidad a un lugar en donde antes hubo mucho dolor y que se encontraba en condiciones sumamente precarias, donde llegan personas que deben ser recibidas con respeto y dignidad\u201d, dijo.<\/p>\n\n\n\n<p>Agradeci\u00f3 a la Gobernadora Mara Lezama por siempre estar al pendiente de las acciones del DIF Quintana Roo y de las necesidades urgentes, hoy hecho una realidad, como la dignificaci\u00f3n rehabilitaci\u00f3n y equipamiento del edificio de la Procuradur\u00eda, que atiende diariamente las 24 horas, los 365 d\u00edas del a\u00f1o brindando representaci\u00f3n jur\u00eddica a nuestras infancias, adolescencia y las familias.<\/p>\n\n\n\n<p>Cabe se\u00f1alar que, en las instalaciones de la PPNNAyF, est\u00e1n ubicadas en la calle Bugambilias esquina Juana de Asbaje, brindando atenci\u00f3n de lunes a viernes de 9 de la ma\u00f1ana a 5 de la tarde, de igual forma se trabaja con cita previa en atenci\u00f3n psicol\u00f3gica. Cuando no tienen cita pero requieren la atenci\u00f3n psicol\u00f3gica, si \u00e9sta es urgente, hay personal disponible que le brindar\u00e1 la contenci\u00f3n inmediata.<\/p>\n\n\n\n<p>Estuvieron en el evento el magistrado Heyden Cebada Rivas, presidente del Tribunal Superior de Justicia; la diputada Paola Elizabeth Moreno C\u00f3rdoba, representante del Congreso del Estado; la Procuradora de Protecci\u00f3n de Ni\u00f1as, Ni\u00f1os, Adolescentes y la Familia, A\u00edda Isis Gonz\u00e1lez G\u00f3mez; la directora del DIF Quintana Roo, Abril Cristina Sabido Alc\u00e9rreca; la presidenta municipal de Oth\u00f3n P. Blanco, Yensunni Mart\u00ednez Hern\u00e1ndez, y el de Bacalar, Jos\u00e9 Alfredo Contreras M\u00e9ndez.<\/p>\n","protected":false},"excerpt":{"rendered":"<p>\ud83d\udd3aM\u00e1s de 50 servidores p\u00fablicos, que brindar\u00e1n atenci\u00f3n y acompa\u00f1amiento jur\u00eddico, de trabajo social y psicol\u00f3gico a la poblaci\u00f3n prioritaria, tendr\u00e1n espacios dignos para realizar sus jornadas laborales. Chetumal.- Con el objetivo de proteger los derechos humanos, brindar seguridad, acompa\u00f1amiento jur\u00eddico y bienestar a las y los quintanarroenses, la Gobernadora Mara Lezama Espinosa, acompa\u00f1ada de [&hellip;]<\/p>\n","protected":false},"author":1,"featured_media":86391,"comment_status":"closed","ping_status":"closed","sticky":false,"template":"","format":"standard","meta":{"footnotes":"","_wpscppro_dont_share_socialmedia":false,"_wpscppro_custom_social_share_image":0,"_facebook_share_type":"default","_twitter_share_type":"default","_linkedin_share_type":"default","_pinterest_share_type":"default","_linkedin_share_type_page":"","_instagram_share_type":"default","_medium_share_type":"","_threads_share_type":"","_google_business_share_type":"","_selected_social_profile":[],"_wpsp_enable_custom_social_template":false,"_wpsp_social_scheduling":{"enabled":false,"datetime":null,"platforms":[],"status":"template_only","dateOption":"today","timeOption":"now","customDays":"","customHours":"","customDate":"","customTime":"","schedulingType":"absolute"},"_wpsp_active_default_template":true},"categories":[56,69,3],"tags":[],"class_list":["post-86390","post","type-post","status-publish","format-standard","has-post-thumbnail","hentry","category-chetumal","category-politica","category-quintana-roo"],"yoast_head":"<!-- This site is optimized with the Yoast SEO plugin v27.4 - https:\/\/yoast.com\/product\/yoast-seo-wordpress\/ -->\n<title>DIGNIFICA MARA Y VER\u00d3NICA LEZAMA LA PROCURADUR\u00cdA DE PROTECCI\u00d3N DE NI\u00d1AS, NI\u00d1OS, ADOLESCENTES Y LA FAMILIA DEL ESTADO - Inspector Nocturno<\/title>\n<meta name=\"robots\" content=\"index, follow, max-snippet:-1, max-image-preview:large, max-video-preview:-1\" \/>\n<link rel=\"canonical\" href=\"https:\/\/inspectornocturno.com.mx\/?p=86390\" \/>\n<meta property=\"og:locale\" content=\"es_ES\" \/>\n<meta property=\"og:type\" content=\"article\" \/>\n<meta property=\"og:title\" content=\"DIGNIFICA MARA Y VER\u00d3NICA LEZAMA LA PROCURADUR\u00cdA DE PROTECCI\u00d3N DE NI\u00d1AS, NI\u00d1OS, ADOLESCENTES Y LA FAMILIA DEL ESTADO - Inspector Nocturno\" \/>\n<meta property=\"og:description\" content=\"\ud83d\udd3aM\u00e1s de 50 servidores p\u00fablicos, que brindar\u00e1n atenci\u00f3n y acompa\u00f1amiento jur\u00eddico, de trabajo social y psicol\u00f3gico a la poblaci\u00f3n prioritaria, tendr\u00e1n espacios dignos para realizar sus jornadas laborales. Chetumal.- Con el objetivo de proteger los derechos humanos, brindar seguridad, acompa\u00f1amiento jur\u00eddico y bienestar a las y los quintanarroenses, la Gobernadora Mara Lezama Espinosa, acompa\u00f1ada de [&hellip;]\" \/>\n<meta property=\"og:url\" content=\"https:\/\/inspectornocturno.com.mx\/?p=86390\" \/>\n<meta property=\"og:site_name\" content=\"Inspector Nocturno\" \/>\n<meta property=\"article:published_time\" content=\"2025-04-23T00:52:48+00:00\" \/>\n<meta property=\"article:modified_time\" content=\"2025-04-23T00:52:50+00:00\" \/>\n<meta property=\"og:image\" content=\"https:\/\/inspectornocturno.com.mx\/wp-content\/uploads\/2025\/04\/IMG-20250422-WA0094-scaled.jpg\" \/>\n\t<meta property=\"og:image:width\" content=\"900\" \/>\n\t<meta property=\"og:image:height\" content=\"600\" \/>\n\t<meta property=\"og:image:type\" content=\"image\/jpeg\" \/>\n<meta name=\"author\" content=\"inspector nocturno, noticias al momento, noticias de ultima hora, informando al minuto\" \/>\n<meta name=\"twitter:card\" content=\"summary_large_image\" \/>\n<script type=\"application\/ld+json\" class=\"yoast-schema-graph\">{\"@context\":\"https:\\\/\\\/schema.org\",\"@graph\":[{\"@type\":\"Article\",\"@id\":\"https:\\\/\\\/inspectornocturno.com.mx\\\/?p=86390#article\",\"isPartOf\":{\"@id\":\"https:\\\/\\\/inspectornocturno.com.mx\\\/?p=86390\"},\"author\":{\"name\":\"inspector nocturno, noticias al momento, noticias de ultima hora, informando al minuto\",\"@id\":\"https:\\\/\\\/inspectornocturno.com.mx\\\/#\\\/schema\\\/person\\\/7dc0a76c90dafd204473535370236590\"},\"headline\":\"DIGNIFICA MARA Y VER\u00d3NICA LEZAMA LA PROCURADUR\u00cdA DE PROTECCI\u00d3N DE NI\u00d1AS, NI\u00d1OS, ADOLESCENTES Y LA FAMILIA DEL ESTADO\",\"datePublished\":\"2025-04-23T00:52:48+00:00\",\"dateModified\":\"2025-04-23T00:52:50+00:00\",\"mainEntityOfPage\":{\"@id\":\"https:\\\/\\\/inspectornocturno.com.mx\\\/?p=86390\"},\"wordCount\":823,\"publisher\":{\"@id\":\"https:\\\/\\\/inspectornocturno.com.mx\\\/#\\\/schema\\\/person\\\/63eb343fea17271215b1dd2793b27897\"},\"image\":{\"@id\":\"https:\\\/\\\/inspectornocturno.com.mx\\\/?p=86390#primaryimage\"},\"thumbnailUrl\":\"https:\\\/\\\/inspectornocturno.com.mx\\\/wp-content\\\/uploads\\\/2025\\\/04\\\/IMG-20250422-WA0094-scaled.jpg\",\"articleSection\":[\"Chetumal\",\"Pol\u00edtica\",\"Quintana Roo\"],\"inLanguage\":\"es\"},{\"@type\":\"WebPage\",\"@id\":\"https:\\\/\\\/inspectornocturno.com.mx\\\/?p=86390\",\"url\":\"https:\\\/\\\/inspectornocturno.com.mx\\\/?p=86390\",\"name\":\"DIGNIFICA MARA Y VER\u00d3NICA LEZAMA LA PROCURADUR\u00cdA DE PROTECCI\u00d3N DE NI\u00d1AS, NI\u00d1OS, ADOLESCENTES Y LA FAMILIA DEL ESTADO - Inspector Nocturno\",\"isPartOf\":{\"@id\":\"https:\\\/\\\/inspectornocturno.com.mx\\\/#website\"},\"primaryImageOfPage\":{\"@id\":\"https:\\\/\\\/inspectornocturno.com.mx\\\/?p=86390#primaryimage\"},\"image\":{\"@id\":\"https:\\\/\\\/inspectornocturno.com.mx\\\/?p=86390#primaryimage\"},\"thumbnailUrl\":\"https:\\\/\\\/inspectornocturno.com.mx\\\/wp-content\\\/uploads\\\/2025\\\/04\\\/IMG-20250422-WA0094-scaled.jpg\",\"datePublished\":\"2025-04-23T00:52:48+00:00\",\"dateModified\":\"2025-04-23T00:52:50+00:00\",\"breadcrumb\":{\"@id\":\"https:\\\/\\\/inspectornocturno.com.mx\\\/?p=86390#breadcrumb\"},\"inLanguage\":\"es\",\"potentialAction\":[{\"@type\":\"ReadAction\",\"target\":[\"https:\\\/\\\/inspectornocturno.com.mx\\\/?p=86390\"]}]},{\"@type\":\"ImageObject\",\"inLanguage\":\"es\",\"@id\":\"https:\\\/\\\/inspectornocturno.com.mx\\\/?p=86390#primaryimage\",\"url\":\"https:\\\/\\\/inspectornocturno.com.mx\\\/wp-content\\\/uploads\\\/2025\\\/04\\\/IMG-20250422-WA0094-scaled.jpg\",\"contentUrl\":\"https:\\\/\\\/inspectornocturno.com.mx\\\/wp-content\\\/uploads\\\/2025\\\/04\\\/IMG-20250422-WA0094-scaled.jpg\",\"width\":900,\"height\":600},{\"@type\":\"BreadcrumbList\",\"@id\":\"https:\\\/\\\/inspectornocturno.com.mx\\\/?p=86390#breadcrumb\",\"itemListElement\":[{\"@type\":\"ListItem\",\"position\":1,\"name\":\"Portada\",\"item\":\"https:\\\/\\\/inspectornocturno.com.mx\\\/\"},{\"@type\":\"ListItem\",\"position\":2,\"name\":\"DIGNIFICA MARA Y VER\u00d3NICA LEZAMA LA PROCURADUR\u00cdA DE PROTECCI\u00d3N DE NI\u00d1AS, NI\u00d1OS, ADOLESCENTES Y LA FAMILIA DEL ESTADO\"}]},{\"@type\":\"WebSite\",\"@id\":\"https:\\\/\\\/inspectornocturno.com.mx\\\/#website\",\"url\":\"https:\\\/\\\/inspectornocturno.com.mx\\\/\",\"name\":\"Inspector Nocturno\",\"description\":\"Canc\u00fan, noticias al minuto del inspector nocturno\",\"publisher\":{\"@id\":\"https:\\\/\\\/inspectornocturno.com.mx\\\/#\\\/schema\\\/person\\\/63eb343fea17271215b1dd2793b27897\"},\"alternateName\":\"Noticias de impacto al momento de los hechos\",\"potentialAction\":[{\"@type\":\"SearchAction\",\"target\":{\"@type\":\"EntryPoint\",\"urlTemplate\":\"https:\\\/\\\/inspectornocturno.com.mx\\\/?s={search_term_string}\"},\"query-input\":{\"@type\":\"PropertyValueSpecification\",\"valueRequired\":true,\"valueName\":\"search_term_string\"}}],\"inLanguage\":\"es\"},{\"@type\":[\"Person\",\"Organization\"],\"@id\":\"https:\\\/\\\/inspectornocturno.com.mx\\\/#\\\/schema\\\/person\\\/63eb343fea17271215b1dd2793b27897\",\"name\":\"Inspector Nocturno\",\"image\":{\"@type\":\"ImageObject\",\"inLanguage\":\"es\",\"@id\":\"https:\\\/\\\/inspectornocturno.com.mx\\\/wp-content\\\/uploads\\\/2021\\\/10\\\/logo-transparente.png\",\"url\":\"https:\\\/\\\/inspectornocturno.com.mx\\\/wp-content\\\/uploads\\\/2021\\\/10\\\/logo-transparente.png\",\"contentUrl\":\"https:\\\/\\\/inspectornocturno.com.mx\\\/wp-content\\\/uploads\\\/2021\\\/10\\\/logo-transparente.png\",\"width\":561,\"height\":668,\"caption\":\"Inspector Nocturno\"},\"logo\":{\"@id\":\"https:\\\/\\\/inspectornocturno.com.mx\\\/wp-content\\\/uploads\\\/2021\\\/10\\\/logo-transparente.png\"},\"sameAs\":[\"http:\\\/\\\/inspectornocturno.com.mx\"]},{\"@type\":\"Person\",\"@id\":\"https:\\\/\\\/inspectornocturno.com.mx\\\/#\\\/schema\\\/person\\\/7dc0a76c90dafd204473535370236590\",\"name\":\"inspector nocturno, noticias al momento, noticias de ultima hora, informando al minuto\",\"sameAs\":[\"https:\\\/\\\/inspectornocturno.com.mx\"]}]}<\/script>\n<!-- \/ Yoast SEO plugin. -->","yoast_head_json":{"title":"DIGNIFICA MARA Y VER\u00d3NICA LEZAMA LA PROCURADUR\u00cdA DE PROTECCI\u00d3N DE NI\u00d1AS, NI\u00d1OS, ADOLESCENTES Y LA FAMILIA DEL ESTADO - Inspector Nocturno","robots":{"index":"index","follow":"follow","max-snippet":"max-snippet:-1","max-image-preview":"max-image-preview:large","max-video-preview":"max-video-preview:-1"},"canonical":"https:\/\/inspectornocturno.com.mx\/?p=86390","og_locale":"es_ES","og_type":"article","og_title":"DIGNIFICA MARA Y VER\u00d3NICA LEZAMA LA PROCURADUR\u00cdA DE PROTECCI\u00d3N DE NI\u00d1AS, NI\u00d1OS, ADOLESCENTES Y LA FAMILIA DEL ESTADO - Inspector Nocturno","og_description":"\ud83d\udd3aM\u00e1s de 50 servidores p\u00fablicos, que brindar\u00e1n atenci\u00f3n y acompa\u00f1amiento jur\u00eddico, de trabajo social y psicol\u00f3gico a la poblaci\u00f3n prioritaria, tendr\u00e1n espacios dignos para realizar sus jornadas laborales. Chetumal.- Con el objetivo de proteger los derechos humanos, brindar seguridad, acompa\u00f1amiento jur\u00eddico y bienestar a las y los quintanarroenses, la Gobernadora Mara Lezama Espinosa, acompa\u00f1ada de [&hellip;]","og_url":"https:\/\/inspectornocturno.com.mx\/?p=86390","og_site_name":"Inspector Nocturno","article_published_time":"2025-04-23T00:52:48+00:00","article_modified_time":"2025-04-23T00:52:50+00:00","og_image":[{"width":900,"height":600,"url":"https:\/\/inspectornocturno.com.mx\/wp-content\/uploads\/2025\/04\/IMG-20250422-WA0094-scaled.jpg","type":"image\/jpeg"}],"author":"inspector nocturno, noticias al momento, noticias de ultima hora, informando al minuto","twitter_card":"summary_large_image","schema":{"@context":"https:\/\/schema.org","@graph":[{"@type":"Article","@id":"https:\/\/inspectornocturno.com.mx\/?p=86390#article","isPartOf":{"@id":"https:\/\/inspectornocturno.com.mx\/?p=86390"},"author":{"name":"inspector nocturno, noticias al momento, noticias de ultima hora, informando al minuto","@id":"https:\/\/inspectornocturno.com.mx\/#\/schema\/person\/7dc0a76c90dafd204473535370236590"},"headline":"DIGNIFICA MARA Y VER\u00d3NICA LEZAMA LA PROCURADUR\u00cdA DE PROTECCI\u00d3N DE NI\u00d1AS, NI\u00d1OS, ADOLESCENTES Y LA FAMILIA DEL ESTADO","datePublished":"2025-04-23T00:52:48+00:00","dateModified":"2025-04-23T00:52:50+00:00","mainEntityOfPage":{"@id":"https:\/\/inspectornocturno.com.mx\/?p=86390"},"wordCount":823,"publisher":{"@id":"https:\/\/inspectornocturno.com.mx\/#\/schema\/person\/63eb343fea17271215b1dd2793b27897"},"image":{"@id":"https:\/\/inspectornocturno.com.mx\/?p=86390#primaryimage"},"thumbnailUrl":"https:\/\/inspectornocturno.com.mx\/wp-content\/uploads\/2025\/04\/IMG-20250422-WA0094-scaled.jpg","articleSection":["Chetumal","Pol\u00edtica","Quintana Roo"],"inLanguage":"es"},{"@type":"WebPage","@id":"https:\/\/inspectornocturno.com.mx\/?p=86390","url":"https:\/\/inspectornocturno.com.mx\/?p=86390","name":"DIGNIFICA MARA Y VER\u00d3NICA LEZAMA LA PROCURADUR\u00cdA DE PROTECCI\u00d3N DE NI\u00d1AS, NI\u00d1OS, ADOLESCENTES Y LA FAMILIA DEL ESTADO - Inspector Nocturno","isPartOf":{"@id":"https:\/\/inspectornocturno.com.mx\/#website"},"primaryImageOfPage":{"@id":"https:\/\/inspectornocturno.com.mx\/?p=86390#primaryimage"},"image":{"@id":"https:\/\/inspectornocturno.com.mx\/?p=86390#primaryimage"},"thumbnailUrl":"https:\/\/inspectornocturno.com.mx\/wp-content\/uploads\/2025\/04\/IMG-20250422-WA0094-scaled.jpg","datePublished":"2025-04-23T00:52:48+00:00","dateModified":"2025-04-23T00:52:50+00:00","breadcrumb":{"@id":"https:\/\/inspectornocturno.com.mx\/?p=86390#breadcrumb"},"inLanguage":"es","potentialAction":[{"@type":"ReadAction","target":["https:\/\/inspectornocturno.com.mx\/?p=86390"]}]},{"@type":"ImageObject","inLanguage":"es","@id":"https:\/\/inspectornocturno.com.mx\/?p=86390#primaryimage","url":"https:\/\/inspectornocturno.com.mx\/wp-content\/uploads\/2025\/04\/IMG-20250422-WA0094-scaled.jpg","contentUrl":"https:\/\/inspectornocturno.com.mx\/wp-content\/uploads\/2025\/04\/IMG-20250422-WA0094-scaled.jpg","width":900,"height":600},{"@type":"BreadcrumbList","@id":"https:\/\/inspectornocturno.com.mx\/?p=86390#breadcrumb","itemListElement":[{"@type":"ListItem","position":1,"name":"Portada","item":"https:\/\/inspectornocturno.com.mx\/"},{"@type":"ListItem","position":2,"name":"DIGNIFICA MARA Y VER\u00d3NICA LEZAMA LA PROCURADUR\u00cdA DE PROTECCI\u00d3N DE NI\u00d1AS, NI\u00d1OS, ADOLESCENTES Y LA FAMILIA DEL ESTADO"}]},{"@type":"WebSite","@id":"https:\/\/inspectornocturno.com.mx\/#website","url":"https:\/\/inspectornocturno.com.mx\/","name":"Inspector Nocturno","description":"Canc\u00fan, noticias al minuto del inspector nocturno","publisher":{"@id":"https:\/\/inspectornocturno.com.mx\/#\/schema\/person\/63eb343fea17271215b1dd2793b27897"},"alternateName":"Noticias de impacto al momento de los hechos","potentialAction":[{"@type":"SearchAction","target":{"@type":"EntryPoint","urlTemplate":"https:\/\/inspectornocturno.com.mx\/?s={search_term_string}"},"query-input":{"@type":"PropertyValueSpecification","valueRequired":true,"valueName":"search_term_string"}}],"inLanguage":"es"},{"@type":["Person","Organization"],"@id":"https:\/\/inspectornocturno.com.mx\/#\/schema\/person\/63eb343fea17271215b1dd2793b27897","name":"Inspector Nocturno","image":{"@type":"ImageObject","inLanguage":"es","@id":"https:\/\/inspectornocturno.com.mx\/wp-content\/uploads\/2021\/10\/logo-transparente.png","url":"https:\/\/inspectornocturno.com.mx\/wp-content\/uploads\/2021\/10\/logo-transparente.png","contentUrl":"https:\/\/inspectornocturno.com.mx\/wp-content\/uploads\/2021\/10\/logo-transparente.png","width":561,"height":668,"caption":"Inspector Nocturno"},"logo":{"@id":"https:\/\/inspectornocturno.com.mx\/wp-content\/uploads\/2021\/10\/logo-transparente.png"},"sameAs":["http:\/\/inspectornocturno.com.mx"]},{"@type":"Person","@id":"https:\/\/inspectornocturno.com.mx\/#\/schema\/person\/7dc0a76c90dafd204473535370236590","name":"inspector nocturno, noticias al momento, noticias de ultima hora, informando al minuto","sameAs":["https:\/\/inspectornocturno.com.mx"]}]}},"views":174,"_links":{"self":[{"href":"https:\/\/inspectornocturno.com.mx\/index.php?rest_route=\/wp\/v2\/posts\/86390","targetHints":{"allow":["GET"]}}],"collection":[{"href":"https:\/\/inspectornocturno.com.mx\/index.php?rest_route=\/wp\/v2\/posts"}],"about":[{"href":"https:\/\/inspectornocturno.com.mx\/index.php?rest_route=\/wp\/v2\/types\/post"}],"author":[{"embeddable":true,"href":"https:\/\/inspectornocturno.com.mx\/index.php?rest_route=\/wp\/v2\/users\/1"}],"replies":[{"embeddable":true,"href":"https:\/\/inspectornocturno.com.mx\/index.php?rest_route=%2Fwp%2Fv2%2Fcomments&post=86390"}],"version-history":[{"count":1,"href":"https:\/\/inspectornocturno.com.mx\/index.php?rest_route=\/wp\/v2\/posts\/86390\/revisions"}],"predecessor-version":[{"id":86392,"href":"https:\/\/inspectornocturno.com.mx\/index.php?rest_route=\/wp\/v2\/posts\/86390\/revisions\/86392"}],"wp:featuredmedia":[{"embeddable":true,"href":"https:\/\/inspectornocturno.com.mx\/index.php?rest_route=\/wp\/v2\/media\/86391"}],"wp:attachment":[{"href":"https:\/\/inspectornocturno.com.mx\/index.php?rest_route=%2Fwp%2Fv2%2Fmedia&parent=86390"}],"wp:term":[{"taxonomy":"category","embeddable":true,"href":"https:\/\/inspectornocturno.com.mx\/index.php?rest_route=%2Fwp%2Fv2%2Fcategories&post=86390"},{"taxonomy":"post_tag","embeddable":true,"href":"https:\/\/inspectornocturno.com.mx\/index.php?rest_route=%2Fwp%2Fv2%2Ftags&post=86390"}],"curies":[{"name":"wp","href":"https:\/\/api.w.org\/{rel}","templated":true}]}}