{"id":86336,"date":"2025-04-21T16:56:04","date_gmt":"2025-04-21T21:56:04","guid":{"rendered":"https:\/\/inspectornocturno.com.mx\/?p=86336"},"modified":"2025-04-21T16:56:06","modified_gmt":"2025-04-21T21:56:06","slug":"aun-se-desconoce-el-movil-del-homicidio-del-enfermero-ramiro-n","status":"publish","type":"post","link":"https:\/\/inspectornocturno.com.mx\/?p=86336","title":{"rendered":"A\u00daN SE DESCONOCE EL M\u00d3VIL DEL HOMICIDIO DEL ENFERMERO RAMIRO &#8220;N&#8221;"},"content":{"rendered":"\n<p>\ud83d\udd3a Durante la conferencia semanal del Gabinete de Seguridad del Gobierno del Estado, se inform\u00f3 que el crimen fue cometido extremada v10l\u20acnc1a.<\/p>\n\n\n\n<p>Francisco Clemente &#8220;N&#8221; fue detenido por su probable responsabilidad en el asesinato del enfermero Ramiro &#8220;N&#8221;, tras una serie de investigaciones realizadas por la Fiscal\u00eda General del Estado de Quintana Roo.<\/p>\n\n\n\n<p>De acuerdo con las autoridades, el crimen se cometi\u00f3 con extrema v10l3nc1a, y el agresor utiliz\u00f3 un arma de uso exclusivo de las fuerzas armadas para rematar a la v\u00edctima con un disparo en la cabeza.<\/p>\n\n\n\n<p>Seg\u00fan las primeras indagatorias, Francisco Clemente golpe\u00f3 en varias ocasiones al enfermero hasta privarlo de la vida. Posteriormente, y ya sin signos vitales, le dispar\u00f3 en la extremidad cef\u00e1lica, lo que agrava a\u00fan m\u00e1s los cargos por los que ahora enfrenta un proceso penal.<\/p>\n\n\n\n<p>El Fiscal General del estado inform\u00f3 que aunque el caso sigue bajo investigaci\u00f3n, un juez ya dict\u00f3 prisi\u00f3n preventiva contra el presunto homicida, quien permanecer\u00e1 en reclusi\u00f3n mientras concluyen las diligencias del Ministerio P\u00fablico.<\/p>\n\n\n\n<p>Llama la atenci\u00f3n que Francisco Clemente conoc\u00eda a la v\u00edctima desde hace 12 a\u00f1os, seg\u00fan los datos recabados, aunque hasta el momento las autoridades no han determinado cu\u00e1l fue el m\u00f3vil del crimen.<\/p>\n\n\n\n<p>Este caso ha causado consternaci\u00f3n en la comunidad m\u00e9dica y de salud del estado, ya que el enfermero Ramiro &#8220;N&#8221; era conocido por su labor profesional y compromiso con sus pacientes.<\/p>\n","protected":false},"excerpt":{"rendered":"<p>\ud83d\udd3a Durante la conferencia semanal del Gabinete de Seguridad del Gobierno del Estado, se inform\u00f3 que el crimen fue cometido extremada v10l\u20acnc1a. Francisco Clemente &#8220;N&#8221; fue detenido por su probable responsabilidad en el asesinato del enfermero Ramiro &#8220;N&#8221;, tras una serie de investigaciones realizadas por la Fiscal\u00eda General del Estado de Quintana Roo. De acuerdo [&hellip;]<\/p>\n","protected":false},"author":3,"featured_media":86337,"comment_status":"closed","ping_status":"closed","sticky":false,"template":"","format":"standard","meta":{"footnotes":"","_wpscppro_dont_share_socialmedia":false,"_wpscppro_custom_social_share_image":0,"_facebook_share_type":"default","_twitter_share_type":"default","_linkedin_share_type":"default","_pinterest_share_type":"default","_linkedin_share_type_page":"default","_instagram_share_type":"default","_medium_share_type":"","_threads_share_type":"","_google_business_share_type":"","_selected_social_profile":[{"id":753595702106742800,"platform":"twitter","platformKey":0,"name":"InspectorNocturnoOficial","thumbnail_url":"http:\/\/pbs.twimg.com\/profile_images\/869067525337862144\/lyGXp0kf_normal.jpg","share_type":"default"}],"_wpsp_enable_custom_social_template":false,"_wpsp_social_scheduling":{"enabled":false,"datetime":null,"platforms":[],"status":"template_only","dateOption":"today","timeOption":"now","customDays":"","customHours":"","customDate":"","customTime":"","schedulingType":"absolute"},"_wpsp_active_default_template":true},"categories":[56,3],"tags":[],"class_list":["post-86336","post","type-post","status-publish","format-standard","has-post-thumbnail","hentry","category-chetumal","category-quintana-roo"],"yoast_head":"<!-- This site is optimized with the Yoast SEO plugin v27.4 - https:\/\/yoast.com\/product\/yoast-seo-wordpress\/ -->\n<title>A\u00daN SE DESCONOCE EL M\u00d3VIL DEL HOMICIDIO DEL ENFERMERO RAMIRO &quot;N&quot; - Inspector Nocturno<\/title>\n<meta name=\"robots\" content=\"index, follow, max-snippet:-1, max-image-preview:large, max-video-preview:-1\" \/>\n<link rel=\"canonical\" href=\"https:\/\/inspectornocturno.com.mx\/?p=86336\" \/>\n<meta property=\"og:locale\" content=\"es_ES\" \/>\n<meta property=\"og:type\" content=\"article\" \/>\n<meta property=\"og:title\" content=\"A\u00daN SE DESCONOCE EL M\u00d3VIL DEL HOMICIDIO DEL ENFERMERO RAMIRO &quot;N&quot; - Inspector Nocturno\" \/>\n<meta property=\"og:description\" content=\"\ud83d\udd3a Durante la conferencia semanal del Gabinete de Seguridad del Gobierno del Estado, se inform\u00f3 que el crimen fue cometido extremada v10l\u20acnc1a. Francisco Clemente &#8220;N&#8221; fue detenido por su probable responsabilidad en el asesinato del enfermero Ramiro &#8220;N&#8221;, tras una serie de investigaciones realizadas por la Fiscal\u00eda General del Estado de Quintana Roo. De acuerdo [&hellip;]\" \/>\n<meta property=\"og:url\" content=\"https:\/\/inspectornocturno.com.mx\/?p=86336\" \/>\n<meta property=\"og:site_name\" content=\"Inspector Nocturno\" \/>\n<meta property=\"article:published_time\" content=\"2025-04-21T21:56:04+00:00\" \/>\n<meta property=\"article:modified_time\" content=\"2025-04-21T21:56:06+00:00\" \/>\n<meta property=\"og:image\" content=\"https:\/\/inspectornocturno.com.mx\/wp-content\/uploads\/2025\/04\/IMG-20250421-WA0163-scaled.jpg\" \/>\n\t<meta property=\"og:image:width\" content=\"900\" \/>\n\t<meta property=\"og:image:height\" content=\"557\" \/>\n\t<meta property=\"og:image:type\" content=\"image\/jpeg\" \/>\n<meta name=\"author\" content=\"Inspector Nocturno\" \/>\n<meta name=\"twitter:card\" content=\"summary_large_image\" \/>\n<meta name=\"twitter:image\" content=\"https:\/\/inspectornocturno.com.mx\/wp-content\/uploads\/2025\/04\/IMG-20250421-WA0163-scaled.jpg\" \/>\n<script type=\"application\/ld+json\" class=\"yoast-schema-graph\">{\"@context\":\"https:\\\/\\\/schema.org\",\"@graph\":[{\"@type\":\"Article\",\"@id\":\"https:\\\/\\\/inspectornocturno.com.mx\\\/?p=86336#article\",\"isPartOf\":{\"@id\":\"https:\\\/\\\/inspectornocturno.com.mx\\\/?p=86336\"},\"author\":{\"name\":\"Inspector Nocturno\",\"@id\":\"https:\\\/\\\/inspectornocturno.com.mx\\\/#\\\/schema\\\/person\\\/2f4c4173b1712fd9cf4f4b9365ce65db\"},\"headline\":\"A\u00daN SE DESCONOCE EL M\u00d3VIL DEL HOMICIDIO DEL ENFERMERO RAMIRO &#8220;N&#8221;\",\"datePublished\":\"2025-04-21T21:56:04+00:00\",\"dateModified\":\"2025-04-21T21:56:06+00:00\",\"mainEntityOfPage\":{\"@id\":\"https:\\\/\\\/inspectornocturno.com.mx\\\/?p=86336\"},\"wordCount\":267,\"publisher\":{\"@id\":\"https:\\\/\\\/inspectornocturno.com.mx\\\/#\\\/schema\\\/person\\\/63eb343fea17271215b1dd2793b27897\"},\"image\":{\"@id\":\"https:\\\/\\\/inspectornocturno.com.mx\\\/?p=86336#primaryimage\"},\"thumbnailUrl\":\"https:\\\/\\\/inspectornocturno.com.mx\\\/wp-content\\\/uploads\\\/2025\\\/04\\\/IMG-20250421-WA0163-scaled.jpg\",\"articleSection\":[\"Chetumal\",\"Quintana Roo\"],\"inLanguage\":\"es\"},{\"@type\":\"WebPage\",\"@id\":\"https:\\\/\\\/inspectornocturno.com.mx\\\/?p=86336\",\"url\":\"https:\\\/\\\/inspectornocturno.com.mx\\\/?p=86336\",\"name\":\"A\u00daN SE DESCONOCE EL M\u00d3VIL DEL HOMICIDIO DEL ENFERMERO RAMIRO \\\"N\\\" - Inspector Nocturno\",\"isPartOf\":{\"@id\":\"https:\\\/\\\/inspectornocturno.com.mx\\\/#website\"},\"primaryImageOfPage\":{\"@id\":\"https:\\\/\\\/inspectornocturno.com.mx\\\/?p=86336#primaryimage\"},\"image\":{\"@id\":\"https:\\\/\\\/inspectornocturno.com.mx\\\/?p=86336#primaryimage\"},\"thumbnailUrl\":\"https:\\\/\\\/inspectornocturno.com.mx\\\/wp-content\\\/uploads\\\/2025\\\/04\\\/IMG-20250421-WA0163-scaled.jpg\",\"datePublished\":\"2025-04-21T21:56:04+00:00\",\"dateModified\":\"2025-04-21T21:56:06+00:00\",\"breadcrumb\":{\"@id\":\"https:\\\/\\\/inspectornocturno.com.mx\\\/?p=86336#breadcrumb\"},\"inLanguage\":\"es\",\"potentialAction\":[{\"@type\":\"ReadAction\",\"target\":[\"https:\\\/\\\/inspectornocturno.com.mx\\\/?p=86336\"]}]},{\"@type\":\"ImageObject\",\"inLanguage\":\"es\",\"@id\":\"https:\\\/\\\/inspectornocturno.com.mx\\\/?p=86336#primaryimage\",\"url\":\"https:\\\/\\\/inspectornocturno.com.mx\\\/wp-content\\\/uploads\\\/2025\\\/04\\\/IMG-20250421-WA0163-scaled.jpg\",\"contentUrl\":\"https:\\\/\\\/inspectornocturno.com.mx\\\/wp-content\\\/uploads\\\/2025\\\/04\\\/IMG-20250421-WA0163-scaled.jpg\",\"width\":900,\"height\":557},{\"@type\":\"BreadcrumbList\",\"@id\":\"https:\\\/\\\/inspectornocturno.com.mx\\\/?p=86336#breadcrumb\",\"itemListElement\":[{\"@type\":\"ListItem\",\"position\":1,\"name\":\"Portada\",\"item\":\"https:\\\/\\\/inspectornocturno.com.mx\\\/\"},{\"@type\":\"ListItem\",\"position\":2,\"name\":\"A\u00daN SE DESCONOCE EL M\u00d3VIL DEL HOMICIDIO DEL ENFERMERO RAMIRO &#8220;N&#8221;\"}]},{\"@type\":\"WebSite\",\"@id\":\"https:\\\/\\\/inspectornocturno.com.mx\\\/#website\",\"url\":\"https:\\\/\\\/inspectornocturno.com.mx\\\/\",\"name\":\"Inspector Nocturno\",\"description\":\"Canc\u00fan, noticias al minuto del inspector nocturno\",\"publisher\":{\"@id\":\"https:\\\/\\\/inspectornocturno.com.mx\\\/#\\\/schema\\\/person\\\/63eb343fea17271215b1dd2793b27897\"},\"alternateName\":\"Noticias de impacto al momento de los hechos\",\"potentialAction\":[{\"@type\":\"SearchAction\",\"target\":{\"@type\":\"EntryPoint\",\"urlTemplate\":\"https:\\\/\\\/inspectornocturno.com.mx\\\/?s={search_term_string}\"},\"query-input\":{\"@type\":\"PropertyValueSpecification\",\"valueRequired\":true,\"valueName\":\"search_term_string\"}}],\"inLanguage\":\"es\"},{\"@type\":[\"Person\",\"Organization\"],\"@id\":\"https:\\\/\\\/inspectornocturno.com.mx\\\/#\\\/schema\\\/person\\\/63eb343fea17271215b1dd2793b27897\",\"name\":\"Inspector Nocturno\",\"image\":{\"@type\":\"ImageObject\",\"inLanguage\":\"es\",\"@id\":\"https:\\\/\\\/inspectornocturno.com.mx\\\/wp-content\\\/uploads\\\/2021\\\/10\\\/logo-transparente.png\",\"url\":\"https:\\\/\\\/inspectornocturno.com.mx\\\/wp-content\\\/uploads\\\/2021\\\/10\\\/logo-transparente.png\",\"contentUrl\":\"https:\\\/\\\/inspectornocturno.com.mx\\\/wp-content\\\/uploads\\\/2021\\\/10\\\/logo-transparente.png\",\"width\":561,\"height\":668,\"caption\":\"Inspector Nocturno\"},\"logo\":{\"@id\":\"https:\\\/\\\/inspectornocturno.com.mx\\\/wp-content\\\/uploads\\\/2021\\\/10\\\/logo-transparente.png\"},\"sameAs\":[\"http:\\\/\\\/inspectornocturno.com.mx\"]},{\"@type\":\"Person\",\"@id\":\"https:\\\/\\\/inspectornocturno.com.mx\\\/#\\\/schema\\\/person\\\/2f4c4173b1712fd9cf4f4b9365ce65db\",\"name\":\"Inspector Nocturno\",\"sameAs\":[\"http:\\\/\\\/inspectornocturno.com.mx\"]}]}<\/script>\n<!-- \/ Yoast SEO plugin. -->","yoast_head_json":{"title":"A\u00daN SE DESCONOCE EL M\u00d3VIL DEL HOMICIDIO DEL ENFERMERO RAMIRO \"N\" - Inspector Nocturno","robots":{"index":"index","follow":"follow","max-snippet":"max-snippet:-1","max-image-preview":"max-image-preview:large","max-video-preview":"max-video-preview:-1"},"canonical":"https:\/\/inspectornocturno.com.mx\/?p=86336","og_locale":"es_ES","og_type":"article","og_title":"A\u00daN SE DESCONOCE EL M\u00d3VIL DEL HOMICIDIO DEL ENFERMERO RAMIRO \"N\" - Inspector Nocturno","og_description":"\ud83d\udd3a Durante la conferencia semanal del Gabinete de Seguridad del Gobierno del Estado, se inform\u00f3 que el crimen fue cometido extremada v10l\u20acnc1a. Francisco Clemente &#8220;N&#8221; fue detenido por su probable responsabilidad en el asesinato del enfermero Ramiro &#8220;N&#8221;, tras una serie de investigaciones realizadas por la Fiscal\u00eda General del Estado de Quintana Roo. De acuerdo [&hellip;]","og_url":"https:\/\/inspectornocturno.com.mx\/?p=86336","og_site_name":"Inspector Nocturno","article_published_time":"2025-04-21T21:56:04+00:00","article_modified_time":"2025-04-21T21:56:06+00:00","og_image":[{"width":900,"height":557,"url":"https:\/\/inspectornocturno.com.mx\/wp-content\/uploads\/2025\/04\/IMG-20250421-WA0163-scaled.jpg","type":"image\/jpeg"}],"author":"Inspector Nocturno","twitter_card":"summary_large_image","twitter_image":"https:\/\/inspectornocturno.com.mx\/wp-content\/uploads\/2025\/04\/IMG-20250421-WA0163-scaled.jpg","schema":{"@context":"https:\/\/schema.org","@graph":[{"@type":"Article","@id":"https:\/\/inspectornocturno.com.mx\/?p=86336#article","isPartOf":{"@id":"https:\/\/inspectornocturno.com.mx\/?p=86336"},"author":{"name":"Inspector Nocturno","@id":"https:\/\/inspectornocturno.com.mx\/#\/schema\/person\/2f4c4173b1712fd9cf4f4b9365ce65db"},"headline":"A\u00daN SE DESCONOCE EL M\u00d3VIL DEL HOMICIDIO DEL ENFERMERO RAMIRO &#8220;N&#8221;","datePublished":"2025-04-21T21:56:04+00:00","dateModified":"2025-04-21T21:56:06+00:00","mainEntityOfPage":{"@id":"https:\/\/inspectornocturno.com.mx\/?p=86336"},"wordCount":267,"publisher":{"@id":"https:\/\/inspectornocturno.com.mx\/#\/schema\/person\/63eb343fea17271215b1dd2793b27897"},"image":{"@id":"https:\/\/inspectornocturno.com.mx\/?p=86336#primaryimage"},"thumbnailUrl":"https:\/\/inspectornocturno.com.mx\/wp-content\/uploads\/2025\/04\/IMG-20250421-WA0163-scaled.jpg","articleSection":["Chetumal","Quintana Roo"],"inLanguage":"es"},{"@type":"WebPage","@id":"https:\/\/inspectornocturno.com.mx\/?p=86336","url":"https:\/\/inspectornocturno.com.mx\/?p=86336","name":"A\u00daN SE DESCONOCE EL M\u00d3VIL DEL HOMICIDIO DEL ENFERMERO RAMIRO \"N\" - Inspector Nocturno","isPartOf":{"@id":"https:\/\/inspectornocturno.com.mx\/#website"},"primaryImageOfPage":{"@id":"https:\/\/inspectornocturno.com.mx\/?p=86336#primaryimage"},"image":{"@id":"https:\/\/inspectornocturno.com.mx\/?p=86336#primaryimage"},"thumbnailUrl":"https:\/\/inspectornocturno.com.mx\/wp-content\/uploads\/2025\/04\/IMG-20250421-WA0163-scaled.jpg","datePublished":"2025-04-21T21:56:04+00:00","dateModified":"2025-04-21T21:56:06+00:00","breadcrumb":{"@id":"https:\/\/inspectornocturno.com.mx\/?p=86336#breadcrumb"},"inLanguage":"es","potentialAction":[{"@type":"ReadAction","target":["https:\/\/inspectornocturno.com.mx\/?p=86336"]}]},{"@type":"ImageObject","inLanguage":"es","@id":"https:\/\/inspectornocturno.com.mx\/?p=86336#primaryimage","url":"https:\/\/inspectornocturno.com.mx\/wp-content\/uploads\/2025\/04\/IMG-20250421-WA0163-scaled.jpg","contentUrl":"https:\/\/inspectornocturno.com.mx\/wp-content\/uploads\/2025\/04\/IMG-20250421-WA0163-scaled.jpg","width":900,"height":557},{"@type":"BreadcrumbList","@id":"https:\/\/inspectornocturno.com.mx\/?p=86336#breadcrumb","itemListElement":[{"@type":"ListItem","position":1,"name":"Portada","item":"https:\/\/inspectornocturno.com.mx\/"},{"@type":"ListItem","position":2,"name":"A\u00daN SE DESCONOCE EL M\u00d3VIL DEL HOMICIDIO DEL ENFERMERO RAMIRO &#8220;N&#8221;"}]},{"@type":"WebSite","@id":"https:\/\/inspectornocturno.com.mx\/#website","url":"https:\/\/inspectornocturno.com.mx\/","name":"Inspector Nocturno","description":"Canc\u00fan, noticias al minuto del inspector nocturno","publisher":{"@id":"https:\/\/inspectornocturno.com.mx\/#\/schema\/person\/63eb343fea17271215b1dd2793b27897"},"alternateName":"Noticias de impacto al momento de los hechos","potentialAction":[{"@type":"SearchAction","target":{"@type":"EntryPoint","urlTemplate":"https:\/\/inspectornocturno.com.mx\/?s={search_term_string}"},"query-input":{"@type":"PropertyValueSpecification","valueRequired":true,"valueName":"search_term_string"}}],"inLanguage":"es"},{"@type":["Person","Organization"],"@id":"https:\/\/inspectornocturno.com.mx\/#\/schema\/person\/63eb343fea17271215b1dd2793b27897","name":"Inspector Nocturno","image":{"@type":"ImageObject","inLanguage":"es","@id":"https:\/\/inspectornocturno.com.mx\/wp-content\/uploads\/2021\/10\/logo-transparente.png","url":"https:\/\/inspectornocturno.com.mx\/wp-content\/uploads\/2021\/10\/logo-transparente.png","contentUrl":"https:\/\/inspectornocturno.com.mx\/wp-content\/uploads\/2021\/10\/logo-transparente.png","width":561,"height":668,"caption":"Inspector Nocturno"},"logo":{"@id":"https:\/\/inspectornocturno.com.mx\/wp-content\/uploads\/2021\/10\/logo-transparente.png"},"sameAs":["http:\/\/inspectornocturno.com.mx"]},{"@type":"Person","@id":"https:\/\/inspectornocturno.com.mx\/#\/schema\/person\/2f4c4173b1712fd9cf4f4b9365ce65db","name":"Inspector Nocturno","sameAs":["http:\/\/inspectornocturno.com.mx"]}]}},"views":164,"_links":{"self":[{"href":"https:\/\/inspectornocturno.com.mx\/index.php?rest_route=\/wp\/v2\/posts\/86336","targetHints":{"allow":["GET"]}}],"collection":[{"href":"https:\/\/inspectornocturno.com.mx\/index.php?rest_route=\/wp\/v2\/posts"}],"about":[{"href":"https:\/\/inspectornocturno.com.mx\/index.php?rest_route=\/wp\/v2\/types\/post"}],"author":[{"embeddable":true,"href":"https:\/\/inspectornocturno.com.mx\/index.php?rest_route=\/wp\/v2\/users\/3"}],"replies":[{"embeddable":true,"href":"https:\/\/inspectornocturno.com.mx\/index.php?rest_route=%2Fwp%2Fv2%2Fcomments&post=86336"}],"version-history":[{"count":1,"href":"https:\/\/inspectornocturno.com.mx\/index.php?rest_route=\/wp\/v2\/posts\/86336\/revisions"}],"predecessor-version":[{"id":86338,"href":"https:\/\/inspectornocturno.com.mx\/index.php?rest_route=\/wp\/v2\/posts\/86336\/revisions\/86338"}],"wp:featuredmedia":[{"embeddable":true,"href":"https:\/\/inspectornocturno.com.mx\/index.php?rest_route=\/wp\/v2\/media\/86337"}],"wp:attachment":[{"href":"https:\/\/inspectornocturno.com.mx\/index.php?rest_route=%2Fwp%2Fv2%2Fmedia&parent=86336"}],"wp:term":[{"taxonomy":"category","embeddable":true,"href":"https:\/\/inspectornocturno.com.mx\/index.php?rest_route=%2Fwp%2Fv2%2Fcategories&post=86336"},{"taxonomy":"post_tag","embeddable":true,"href":"https:\/\/inspectornocturno.com.mx\/index.php?rest_route=%2Fwp%2Fv2%2Ftags&post=86336"}],"curies":[{"name":"wp","href":"https:\/\/api.w.org\/{rel}","templated":true}]}}