{"id":85236,"date":"2025-03-30T13:13:05","date_gmt":"2025-03-30T18:13:05","guid":{"rendered":"https:\/\/inspectornocturno.com.mx\/?p=85236"},"modified":"2025-03-30T13:13:07","modified_gmt":"2025-03-30T18:13:07","slug":"motociclista-es-asesinad0-a-tiros-en-la-region-91","status":"publish","type":"post","link":"https:\/\/inspectornocturno.com.mx\/?p=85236","title":{"rendered":"MOTOCICLISTA ES ASESINAD0 A TIROS EN LA REGI\u00d3N 91"},"content":{"rendered":"\n<p>\ud83d\udd3a\ufe0f Cerca de la Regi\u00f3n 91, la v\u00edctima fue interceptado por hombres 4rm4dos quienes le dispararon en la cabeza<\/p>\n\n\n\n<h1 class=\"wp-block-heading\">#InspectorNocturno \ud83d\udd75\u200d\u2642\ufe0f\ud83d\udd0e #Noticias \ud83d\udea8\ud83d\ude91\ud83d\udc6e\u200d\u2642\ufe0f #Canc\u00fan<\/h1>\n\n\n\n<p>La violencia no da tregua en Canc\u00fan. Un hombre fue asesinado a balazos la noche del domingo en la Regi\u00f3n 91, sobre la Ruta 4, cerca del sindicato de taxistas. La v\u00edctima, quien se desplazaba en una motocicleta, fue interceptada por sujetos armados que le dispararon en repetidas ocasiones, impact\u00e1ndolo al menos una vez en la cabeza.<\/p>\n\n\n\n<p>Seg\u00fan vecinos de la zona, alrededor de la medianoche se escucharon al menos cinco detonaciones, lo que gener\u00f3 p\u00e1nico entre los residentes, quienes de inmediato solicitaron la presencia de las autoridades. Minutos despu\u00e9s, param\u00e9dicos llegaron al lugar para brindar auxilio, pero el hombre ya no presentaba signos vitales, por lo que se confirm\u00f3 su fallecimiento en el sitio.<\/p>\n\n\n\n<p>Elementos de la Polic\u00eda Municipal arribaron a la escena para acordonar el \u00e1rea y permitir que los peritos de la Fiscal\u00eda General del Estado realizaran las diligencias correspondientes. Asimismo, agentes de la Polic\u00eda Ministerial iniciaron con las investigaciones para esclarecer el m\u00f3vil del crimen y dar con los responsables.<\/p>\n\n\n\n<p>Hasta el momento, la identidad de la v\u00edctima no ha sido revelada, y tampoco se tiene informaci\u00f3n sobre los atacantes, quienes lograron darse a la fuga sin dejar rastro.<\/p>\n\n\n\n<p>Este homicidio se suma a la creciente ola de violencia que azota la ciudad, donde los ataques armados han incrementado en los \u00faltimos meses, generando preocupaci\u00f3n entre la ciudadan\u00eda. Las autoridades han reiterado su compromiso de reforzar la seguridad, aunque los hechos delictivos contin\u00faan ocurriendo con frecuencia.<\/p>\n\n\n\n<p>Las investigaciones siguen en curso, mientras los habitantes de la zona exigen mayor presencia policial y medidas efectivas para frenar la violencia que persiste en Canc\u00fan.<\/p>\n","protected":false},"excerpt":{"rendered":"<p>\ud83d\udd3a\ufe0f Cerca de la Regi\u00f3n 91, la v\u00edctima fue interceptado por hombres 4rm4dos quienes le dispararon en la cabeza #InspectorNocturno \ud83d\udd75\u200d\u2642\ufe0f\ud83d\udd0e #Noticias \ud83d\udea8\ud83d\ude91\ud83d\udc6e\u200d\u2642\ufe0f #Canc\u00fan La violencia no da tregua en Canc\u00fan. Un hombre fue asesinado a balazos la noche del domingo en la Regi\u00f3n 91, sobre la Ruta 4, cerca del sindicato de taxistas. La [&hellip;]<\/p>\n","protected":false},"author":9,"featured_media":85237,"comment_status":"closed","ping_status":"closed","sticky":false,"template":"","format":"standard","meta":{"footnotes":"","_wpscppro_dont_share_socialmedia":false,"_wpscppro_custom_social_share_image":0,"_facebook_share_type":"default","_twitter_share_type":"custom","_linkedin_share_type":"default","_pinterest_share_type":"default","_linkedin_share_type_page":"default","_instagram_share_type":"default","_medium_share_type":"","_threads_share_type":"","_google_business_share_type":"","_selected_social_profile":[{"id":753595702106742800,"platform":"twitter","platformKey":0,"name":"InspectorNocturnoOficial","thumbnail_url":"http:\/\/pbs.twimg.com\/profile_images\/869067525337862144\/lyGXp0kf_normal.jpg","share_type":"default"}],"_wpsp_enable_custom_social_template":false,"_wpsp_social_scheduling":{"enabled":false,"datetime":null,"platforms":[],"status":"template_only","dateOption":"today","timeOption":"now","customDays":"","customHours":"","customDate":"","customTime":"","schedulingType":"absolute"},"_wpsp_active_default_template":true},"categories":[57,3],"tags":[],"class_list":["post-85236","post","type-post","status-publish","format-standard","has-post-thumbnail","hentry","category-cancun","category-quintana-roo"],"yoast_head":"<!-- This site is optimized with the Yoast SEO plugin v27.4 - https:\/\/yoast.com\/product\/yoast-seo-wordpress\/ -->\n<title>MOTOCICLISTA ES ASESINAD0 A TIROS EN LA REGI\u00d3N 91 - Inspector Nocturno<\/title>\n<meta name=\"robots\" content=\"index, follow, max-snippet:-1, max-image-preview:large, max-video-preview:-1\" \/>\n<link rel=\"canonical\" href=\"https:\/\/inspectornocturno.com.mx\/?p=85236\" \/>\n<meta property=\"og:locale\" content=\"es_ES\" \/>\n<meta property=\"og:type\" content=\"article\" \/>\n<meta property=\"og:title\" content=\"MOTOCICLISTA ES ASESINAD0 A TIROS EN LA REGI\u00d3N 91 - Inspector Nocturno\" \/>\n<meta property=\"og:description\" content=\"\ud83d\udd3a\ufe0f Cerca de la Regi\u00f3n 91, la v\u00edctima fue interceptado por hombres 4rm4dos quienes le dispararon en la cabeza #InspectorNocturno \ud83d\udd75\u200d\u2642\ufe0f\ud83d\udd0e #Noticias \ud83d\udea8\ud83d\ude91\ud83d\udc6e\u200d\u2642\ufe0f #Canc\u00fan La violencia no da tregua en Canc\u00fan. Un hombre fue asesinado a balazos la noche del domingo en la Regi\u00f3n 91, sobre la Ruta 4, cerca del sindicato de taxistas. La [&hellip;]\" \/>\n<meta property=\"og:url\" content=\"https:\/\/inspectornocturno.com.mx\/?p=85236\" \/>\n<meta property=\"og:site_name\" content=\"Inspector Nocturno\" \/>\n<meta property=\"article:published_time\" content=\"2025-03-30T18:13:05+00:00\" \/>\n<meta property=\"article:modified_time\" content=\"2025-03-30T18:13:07+00:00\" \/>\n<meta property=\"og:image\" content=\"https:\/\/inspectornocturno.com.mx\/wp-content\/uploads\/2025\/03\/IMG-20250330-WA0025-scaled.jpg\" \/>\n\t<meta property=\"og:image:width\" content=\"900\" \/>\n\t<meta property=\"og:image:height\" content=\"506\" \/>\n\t<meta property=\"og:image:type\" content=\"image\/jpeg\" \/>\n<meta name=\"author\" content=\"Inspector Nocturno\" \/>\n<meta name=\"twitter:card\" content=\"summary_large_image\" \/>\n<script type=\"application\/ld+json\" class=\"yoast-schema-graph\">{\"@context\":\"https:\\\/\\\/schema.org\",\"@graph\":[{\"@type\":\"Article\",\"@id\":\"https:\\\/\\\/inspectornocturno.com.mx\\\/?p=85236#article\",\"isPartOf\":{\"@id\":\"https:\\\/\\\/inspectornocturno.com.mx\\\/?p=85236\"},\"author\":{\"name\":\"Inspector Nocturno\",\"@id\":\"https:\\\/\\\/inspectornocturno.com.mx\\\/#\\\/schema\\\/person\\\/e9418c22a987eae8f9a24e3f6f11b64a\"},\"headline\":\"MOTOCICLISTA ES ASESINAD0 A TIROS EN LA REGI\u00d3N 91\",\"datePublished\":\"2025-03-30T18:13:05+00:00\",\"dateModified\":\"2025-03-30T18:13:07+00:00\",\"mainEntityOfPage\":{\"@id\":\"https:\\\/\\\/inspectornocturno.com.mx\\\/?p=85236\"},\"wordCount\":315,\"publisher\":{\"@id\":\"https:\\\/\\\/inspectornocturno.com.mx\\\/#\\\/schema\\\/person\\\/63eb343fea17271215b1dd2793b27897\"},\"image\":{\"@id\":\"https:\\\/\\\/inspectornocturno.com.mx\\\/?p=85236#primaryimage\"},\"thumbnailUrl\":\"https:\\\/\\\/inspectornocturno.com.mx\\\/wp-content\\\/uploads\\\/2025\\\/03\\\/IMG-20250330-WA0025-scaled.jpg\",\"articleSection\":[\"Canc\u00fan\",\"Quintana Roo\"],\"inLanguage\":\"es\"},{\"@type\":\"WebPage\",\"@id\":\"https:\\\/\\\/inspectornocturno.com.mx\\\/?p=85236\",\"url\":\"https:\\\/\\\/inspectornocturno.com.mx\\\/?p=85236\",\"name\":\"MOTOCICLISTA ES ASESINAD0 A TIROS EN LA REGI\u00d3N 91 - Inspector Nocturno\",\"isPartOf\":{\"@id\":\"https:\\\/\\\/inspectornocturno.com.mx\\\/#website\"},\"primaryImageOfPage\":{\"@id\":\"https:\\\/\\\/inspectornocturno.com.mx\\\/?p=85236#primaryimage\"},\"image\":{\"@id\":\"https:\\\/\\\/inspectornocturno.com.mx\\\/?p=85236#primaryimage\"},\"thumbnailUrl\":\"https:\\\/\\\/inspectornocturno.com.mx\\\/wp-content\\\/uploads\\\/2025\\\/03\\\/IMG-20250330-WA0025-scaled.jpg\",\"datePublished\":\"2025-03-30T18:13:05+00:00\",\"dateModified\":\"2025-03-30T18:13:07+00:00\",\"breadcrumb\":{\"@id\":\"https:\\\/\\\/inspectornocturno.com.mx\\\/?p=85236#breadcrumb\"},\"inLanguage\":\"es\",\"potentialAction\":[{\"@type\":\"ReadAction\",\"target\":[\"https:\\\/\\\/inspectornocturno.com.mx\\\/?p=85236\"]}]},{\"@type\":\"ImageObject\",\"inLanguage\":\"es\",\"@id\":\"https:\\\/\\\/inspectornocturno.com.mx\\\/?p=85236#primaryimage\",\"url\":\"https:\\\/\\\/inspectornocturno.com.mx\\\/wp-content\\\/uploads\\\/2025\\\/03\\\/IMG-20250330-WA0025-scaled.jpg\",\"contentUrl\":\"https:\\\/\\\/inspectornocturno.com.mx\\\/wp-content\\\/uploads\\\/2025\\\/03\\\/IMG-20250330-WA0025-scaled.jpg\",\"width\":900,\"height\":506},{\"@type\":\"BreadcrumbList\",\"@id\":\"https:\\\/\\\/inspectornocturno.com.mx\\\/?p=85236#breadcrumb\",\"itemListElement\":[{\"@type\":\"ListItem\",\"position\":1,\"name\":\"Portada\",\"item\":\"https:\\\/\\\/inspectornocturno.com.mx\\\/\"},{\"@type\":\"ListItem\",\"position\":2,\"name\":\"MOTOCICLISTA ES ASESINAD0 A TIROS EN LA REGI\u00d3N 91\"}]},{\"@type\":\"WebSite\",\"@id\":\"https:\\\/\\\/inspectornocturno.com.mx\\\/#website\",\"url\":\"https:\\\/\\\/inspectornocturno.com.mx\\\/\",\"name\":\"Inspector Nocturno\",\"description\":\"Canc\u00fan, noticias al minuto del inspector nocturno\",\"publisher\":{\"@id\":\"https:\\\/\\\/inspectornocturno.com.mx\\\/#\\\/schema\\\/person\\\/63eb343fea17271215b1dd2793b27897\"},\"alternateName\":\"Noticias de impacto al momento de los hechos\",\"potentialAction\":[{\"@type\":\"SearchAction\",\"target\":{\"@type\":\"EntryPoint\",\"urlTemplate\":\"https:\\\/\\\/inspectornocturno.com.mx\\\/?s={search_term_string}\"},\"query-input\":{\"@type\":\"PropertyValueSpecification\",\"valueRequired\":true,\"valueName\":\"search_term_string\"}}],\"inLanguage\":\"es\"},{\"@type\":[\"Person\",\"Organization\"],\"@id\":\"https:\\\/\\\/inspectornocturno.com.mx\\\/#\\\/schema\\\/person\\\/63eb343fea17271215b1dd2793b27897\",\"name\":\"Inspector Nocturno\",\"image\":{\"@type\":\"ImageObject\",\"inLanguage\":\"es\",\"@id\":\"https:\\\/\\\/inspectornocturno.com.mx\\\/wp-content\\\/uploads\\\/2021\\\/10\\\/logo-transparente.png\",\"url\":\"https:\\\/\\\/inspectornocturno.com.mx\\\/wp-content\\\/uploads\\\/2021\\\/10\\\/logo-transparente.png\",\"contentUrl\":\"https:\\\/\\\/inspectornocturno.com.mx\\\/wp-content\\\/uploads\\\/2021\\\/10\\\/logo-transparente.png\",\"width\":561,\"height\":668,\"caption\":\"Inspector Nocturno\"},\"logo\":{\"@id\":\"https:\\\/\\\/inspectornocturno.com.mx\\\/wp-content\\\/uploads\\\/2021\\\/10\\\/logo-transparente.png\"},\"sameAs\":[\"http:\\\/\\\/inspectornocturno.com.mx\"]},{\"@type\":\"Person\",\"@id\":\"https:\\\/\\\/inspectornocturno.com.mx\\\/#\\\/schema\\\/person\\\/e9418c22a987eae8f9a24e3f6f11b64a\",\"name\":\"Inspector Nocturno\"}]}<\/script>\n<!-- \/ Yoast SEO plugin. -->","yoast_head_json":{"title":"MOTOCICLISTA ES ASESINAD0 A TIROS EN LA REGI\u00d3N 91 - Inspector Nocturno","robots":{"index":"index","follow":"follow","max-snippet":"max-snippet:-1","max-image-preview":"max-image-preview:large","max-video-preview":"max-video-preview:-1"},"canonical":"https:\/\/inspectornocturno.com.mx\/?p=85236","og_locale":"es_ES","og_type":"article","og_title":"MOTOCICLISTA ES ASESINAD0 A TIROS EN LA REGI\u00d3N 91 - Inspector Nocturno","og_description":"\ud83d\udd3a\ufe0f Cerca de la Regi\u00f3n 91, la v\u00edctima fue interceptado por hombres 4rm4dos quienes le dispararon en la cabeza #InspectorNocturno \ud83d\udd75\u200d\u2642\ufe0f\ud83d\udd0e #Noticias \ud83d\udea8\ud83d\ude91\ud83d\udc6e\u200d\u2642\ufe0f #Canc\u00fan La violencia no da tregua en Canc\u00fan. Un hombre fue asesinado a balazos la noche del domingo en la Regi\u00f3n 91, sobre la Ruta 4, cerca del sindicato de taxistas. La [&hellip;]","og_url":"https:\/\/inspectornocturno.com.mx\/?p=85236","og_site_name":"Inspector Nocturno","article_published_time":"2025-03-30T18:13:05+00:00","article_modified_time":"2025-03-30T18:13:07+00:00","og_image":[{"width":900,"height":506,"url":"https:\/\/inspectornocturno.com.mx\/wp-content\/uploads\/2025\/03\/IMG-20250330-WA0025-scaled.jpg","type":"image\/jpeg"}],"author":"Inspector Nocturno","twitter_card":"summary_large_image","schema":{"@context":"https:\/\/schema.org","@graph":[{"@type":"Article","@id":"https:\/\/inspectornocturno.com.mx\/?p=85236#article","isPartOf":{"@id":"https:\/\/inspectornocturno.com.mx\/?p=85236"},"author":{"name":"Inspector Nocturno","@id":"https:\/\/inspectornocturno.com.mx\/#\/schema\/person\/e9418c22a987eae8f9a24e3f6f11b64a"},"headline":"MOTOCICLISTA ES ASESINAD0 A TIROS EN LA REGI\u00d3N 91","datePublished":"2025-03-30T18:13:05+00:00","dateModified":"2025-03-30T18:13:07+00:00","mainEntityOfPage":{"@id":"https:\/\/inspectornocturno.com.mx\/?p=85236"},"wordCount":315,"publisher":{"@id":"https:\/\/inspectornocturno.com.mx\/#\/schema\/person\/63eb343fea17271215b1dd2793b27897"},"image":{"@id":"https:\/\/inspectornocturno.com.mx\/?p=85236#primaryimage"},"thumbnailUrl":"https:\/\/inspectornocturno.com.mx\/wp-content\/uploads\/2025\/03\/IMG-20250330-WA0025-scaled.jpg","articleSection":["Canc\u00fan","Quintana Roo"],"inLanguage":"es"},{"@type":"WebPage","@id":"https:\/\/inspectornocturno.com.mx\/?p=85236","url":"https:\/\/inspectornocturno.com.mx\/?p=85236","name":"MOTOCICLISTA ES ASESINAD0 A TIROS EN LA REGI\u00d3N 91 - Inspector Nocturno","isPartOf":{"@id":"https:\/\/inspectornocturno.com.mx\/#website"},"primaryImageOfPage":{"@id":"https:\/\/inspectornocturno.com.mx\/?p=85236#primaryimage"},"image":{"@id":"https:\/\/inspectornocturno.com.mx\/?p=85236#primaryimage"},"thumbnailUrl":"https:\/\/inspectornocturno.com.mx\/wp-content\/uploads\/2025\/03\/IMG-20250330-WA0025-scaled.jpg","datePublished":"2025-03-30T18:13:05+00:00","dateModified":"2025-03-30T18:13:07+00:00","breadcrumb":{"@id":"https:\/\/inspectornocturno.com.mx\/?p=85236#breadcrumb"},"inLanguage":"es","potentialAction":[{"@type":"ReadAction","target":["https:\/\/inspectornocturno.com.mx\/?p=85236"]}]},{"@type":"ImageObject","inLanguage":"es","@id":"https:\/\/inspectornocturno.com.mx\/?p=85236#primaryimage","url":"https:\/\/inspectornocturno.com.mx\/wp-content\/uploads\/2025\/03\/IMG-20250330-WA0025-scaled.jpg","contentUrl":"https:\/\/inspectornocturno.com.mx\/wp-content\/uploads\/2025\/03\/IMG-20250330-WA0025-scaled.jpg","width":900,"height":506},{"@type":"BreadcrumbList","@id":"https:\/\/inspectornocturno.com.mx\/?p=85236#breadcrumb","itemListElement":[{"@type":"ListItem","position":1,"name":"Portada","item":"https:\/\/inspectornocturno.com.mx\/"},{"@type":"ListItem","position":2,"name":"MOTOCICLISTA ES ASESINAD0 A TIROS EN LA REGI\u00d3N 91"}]},{"@type":"WebSite","@id":"https:\/\/inspectornocturno.com.mx\/#website","url":"https:\/\/inspectornocturno.com.mx\/","name":"Inspector Nocturno","description":"Canc\u00fan, noticias al minuto del inspector nocturno","publisher":{"@id":"https:\/\/inspectornocturno.com.mx\/#\/schema\/person\/63eb343fea17271215b1dd2793b27897"},"alternateName":"Noticias de impacto al momento de los hechos","potentialAction":[{"@type":"SearchAction","target":{"@type":"EntryPoint","urlTemplate":"https:\/\/inspectornocturno.com.mx\/?s={search_term_string}"},"query-input":{"@type":"PropertyValueSpecification","valueRequired":true,"valueName":"search_term_string"}}],"inLanguage":"es"},{"@type":["Person","Organization"],"@id":"https:\/\/inspectornocturno.com.mx\/#\/schema\/person\/63eb343fea17271215b1dd2793b27897","name":"Inspector Nocturno","image":{"@type":"ImageObject","inLanguage":"es","@id":"https:\/\/inspectornocturno.com.mx\/wp-content\/uploads\/2021\/10\/logo-transparente.png","url":"https:\/\/inspectornocturno.com.mx\/wp-content\/uploads\/2021\/10\/logo-transparente.png","contentUrl":"https:\/\/inspectornocturno.com.mx\/wp-content\/uploads\/2021\/10\/logo-transparente.png","width":561,"height":668,"caption":"Inspector Nocturno"},"logo":{"@id":"https:\/\/inspectornocturno.com.mx\/wp-content\/uploads\/2021\/10\/logo-transparente.png"},"sameAs":["http:\/\/inspectornocturno.com.mx"]},{"@type":"Person","@id":"https:\/\/inspectornocturno.com.mx\/#\/schema\/person\/e9418c22a987eae8f9a24e3f6f11b64a","name":"Inspector Nocturno"}]}},"views":348,"_links":{"self":[{"href":"https:\/\/inspectornocturno.com.mx\/index.php?rest_route=\/wp\/v2\/posts\/85236","targetHints":{"allow":["GET"]}}],"collection":[{"href":"https:\/\/inspectornocturno.com.mx\/index.php?rest_route=\/wp\/v2\/posts"}],"about":[{"href":"https:\/\/inspectornocturno.com.mx\/index.php?rest_route=\/wp\/v2\/types\/post"}],"author":[{"embeddable":true,"href":"https:\/\/inspectornocturno.com.mx\/index.php?rest_route=\/wp\/v2\/users\/9"}],"replies":[{"embeddable":true,"href":"https:\/\/inspectornocturno.com.mx\/index.php?rest_route=%2Fwp%2Fv2%2Fcomments&post=85236"}],"version-history":[{"count":1,"href":"https:\/\/inspectornocturno.com.mx\/index.php?rest_route=\/wp\/v2\/posts\/85236\/revisions"}],"predecessor-version":[{"id":85238,"href":"https:\/\/inspectornocturno.com.mx\/index.php?rest_route=\/wp\/v2\/posts\/85236\/revisions\/85238"}],"wp:featuredmedia":[{"embeddable":true,"href":"https:\/\/inspectornocturno.com.mx\/index.php?rest_route=\/wp\/v2\/media\/85237"}],"wp:attachment":[{"href":"https:\/\/inspectornocturno.com.mx\/index.php?rest_route=%2Fwp%2Fv2%2Fmedia&parent=85236"}],"wp:term":[{"taxonomy":"category","embeddable":true,"href":"https:\/\/inspectornocturno.com.mx\/index.php?rest_route=%2Fwp%2Fv2%2Fcategories&post=85236"},{"taxonomy":"post_tag","embeddable":true,"href":"https:\/\/inspectornocturno.com.mx\/index.php?rest_route=%2Fwp%2Fv2%2Ftags&post=85236"}],"curies":[{"name":"wp","href":"https:\/\/api.w.org\/{rel}","templated":true}]}}