{"id":85170,"date":"2025-03-28T23:36:28","date_gmt":"2025-03-29T04:36:28","guid":{"rendered":"https:\/\/inspectornocturno.com.mx\/?p=85170"},"modified":"2025-03-28T23:36:31","modified_gmt":"2025-03-29T04:36:31","slug":"impulsa-ana-paty-peralta-espacios-para-dar-voz-a-la-juventud-cancunense","status":"publish","type":"post","link":"https:\/\/inspectornocturno.com.mx\/?p=85170","title":{"rendered":"IMPULSA ANA PATY PERALTA, ESPACIOS PARA DAR VOZ A LA JUVENTUD CANCUNENSE"},"content":{"rendered":"\n<p>\ud83d\udd3a\ufe0fDestaca la participaci\u00f3n de los integrantes del Cabildo Juvenil 2025, que presentaron propuestas para un mejor Canc\u00fan<\/p>\n\n\n\n<h1 class=\"wp-block-heading\">#InspectorNocturno \ud83d\udd75\u200d\u2642\ufe0f\ud83d\udd0e #Noticias \ud83d\udea8\ud83d\ude91\ud83d\udc6e\u200d\u2642\ufe0f #Canc\u00fan<\/h1>\n\n\n\n<p>Como muestra del apoyo a los liderazgos juveniles en Canc\u00fan, La Presidenta Municipal, Ana Paty Peralta, convivi\u00f3 con los 17 integrantes del \u201cCabildo Juvenil 2025\u201d del Ayuntamiento de Benito Ju\u00e1rez, que uno a uno presentaron sus propuestas y proyectos enfocadas en mejorar la calidad de vida de este sector de la sociedad.<\/p>\n\n\n\n<p>Despu\u00e9s de saludarlos y escucharlos con mucha atenci\u00f3n, acompa\u00f1ada del director del Instituto Municipal de la Juventud (IMJUVE), C\u00e9sar Santiago Augusto Fr\u00edas Canch\u00e9, la Primera Autoridad Municipal los exhort\u00f3 a seguir adelante para alcanzar sus metas y reconoci\u00f3 su compromiso como ciudadanos participativos, ya que son parte fundamental de la transformaci\u00f3n de esta ciudad.<\/p>\n\n\n\n<p>Muy contenta y emocionada, Ana Paty Peralta platic\u00f3 con las y los j\u00f3venes parte de su experiencia personal y profesional como servidora p\u00fablica, ya que es una funci\u00f3n que desempe\u00f1a desde temprana edad, adem\u00e1s, conoci\u00f3 sus nombres, escuelas a las que representan, iniciativas para apoyar al sector que integran y c\u00f3mo llegaron a ese concurso para integral el cuerpo cabildar juvenil representativo de este a\u00f1o.<\/p>\n\n\n\n<p>De igual forma, reconoci\u00f3 la participaci\u00f3n de los regidores juveniles, cuyas edades oscilan entre los 18 y 29 a\u00f1os de edad, siendo estudiantes y egresados de las universidades La Salle Canc\u00fan, An\u00e1huac Canc\u00fan, Aut\u00f3noma de Guadalajara, Aut\u00f3noma de Quintana Roo, de Oriente de Valladolid (UNO), Aut\u00f3noma del Estado de Quintana Roo, Polit\u00e9cnica de Quintana Roo, An\u00e1huac Mayab, Pedag\u00f3gica Nacional y del Centro Regional de Educaci\u00f3n Normal &#8220;Javier Rojo G\u00f3mez&#8221; Unidad Canc\u00fan.<\/p>\n\n\n\n<p>Despu\u00e9s de agradecerles a cada uno de ellos su participaci\u00f3n, la Presidenta Municipal entreg\u00f3 reconocimientos y premios a los ganadores, y para finalizar, los present\u00f3 con los regidores del Cabildo de la administraci\u00f3n actual 2024-2027, en la Sala \u201c20 de abril\u201d, previo a la realizaci\u00f3n del ejercicio de participaci\u00f3n en el recinto oficial.<\/p>\n\n\n\n<p>Al realizarse precisamente la sesi\u00f3n en pleno, los concejales juveniles presentaron a sus hom\u00f3logos y a las autoridades municipales diferentes proyectos que incluyen los temas: salud mental; educaci\u00f3n vial; tecnolog\u00eda en seguridad; promoci\u00f3n del turismo deportivo a trav\u00e9s de becas deportivas; empleo, apoyo a peque\u00f1as y medianas empresas; ciberbullying; erradicaci\u00f3n de la violencia; espacios seguros; cursos de educaci\u00f3n financiera; fomento a la elecci\u00f3n de candidatos j\u00f3venes ind\u00edgenas; creaci\u00f3n del primer centro juvenil formativo, entre otros rubros que fueron tomados en cuenta para las pol\u00edticas p\u00fablicas de la gesti\u00f3n.<\/p>\n\n\n\n<hr class=\"wp-block-separator has-alpha-channel-opacity\"\/>\n\n\n\n<p>CAJA DE DATOS<\/p>\n\n\n\n<p>INTEGRANTES DEL CABILDO JUVENIL 2025<\/p>\n\n\n\n<p>Presidenta Municipal: Dianelly Andrea Ferrer Cruz<br>S\u00edndico Municipal: Yoshi Emmanuel Alvarado Baas<br>Primera regidora: Sherly Karina Canul Correa<br>Segunda regidora: M\u00f3nica Nashlee Chan Cen<br>Tercer regidor: \u00c1lvaro Mario S\u00e1nchez Canche<br>Cuarto regidor: Pedro Pablo G\u00f3mez Tut<br>Quinto regidor: Jos\u00e9 Pablo C\u00edcero Barraza<br>Sexto regidor: Joel Nassif Herrera Rodr\u00edguez<br>S\u00e9ptima regidora: Andrea Yazm\u00edn Guemez Guerra<br>Octavo regidor: \u00c1ngel Gerardo Alvarado Ceballos<br>Novena regidora: Cristal Denisse Alan\u00eds Le\u00f3n<br>D\u00e9cima regidora: Itzel Jimena Pardo Hern\u00e1ndez<br>D\u00e9cimo primer regidor: Jos\u00e9 Manuel Araiza P\u00e9rez<br>D\u00e9cimo segundo regidor: Julio C\u00e9sar Vargas Pelayo<br>D\u00e9cimo tercera regidora: Deni Quetzally Garcia Ojeda<br>D\u00e9cimo cuarta regidora: Katia Yazm\u00edn Flores Romellon<br>D\u00e9cima quinta regidor: Juan Antonio Tinoco Jacobo<\/p>\n","protected":false},"excerpt":{"rendered":"<p>\ud83d\udd3a\ufe0fDestaca la participaci\u00f3n de los integrantes del Cabildo Juvenil 2025, que presentaron propuestas para un mejor Canc\u00fan #InspectorNocturno \ud83d\udd75\u200d\u2642\ufe0f\ud83d\udd0e #Noticias \ud83d\udea8\ud83d\ude91\ud83d\udc6e\u200d\u2642\ufe0f #Canc\u00fan Como muestra del apoyo a los liderazgos juveniles en Canc\u00fan, La Presidenta Municipal, Ana Paty Peralta, convivi\u00f3 con los 17 integrantes del \u201cCabildo Juvenil 2025\u201d del Ayuntamiento de Benito Ju\u00e1rez, que uno a [&hellip;]<\/p>\n","protected":false},"author":9,"featured_media":85171,"comment_status":"closed","ping_status":"closed","sticky":false,"template":"","format":"standard","meta":{"footnotes":"","_wpscppro_dont_share_socialmedia":false,"_wpscppro_custom_social_share_image":0,"_facebook_share_type":"default","_twitter_share_type":"custom","_linkedin_share_type":"default","_pinterest_share_type":"default","_linkedin_share_type_page":"default","_instagram_share_type":"default","_medium_share_type":"","_threads_share_type":"","_google_business_share_type":"","_selected_social_profile":[{"id":753595702106742800,"platform":"twitter","platformKey":0,"name":"InspectorNocturnoOficial","thumbnail_url":"http:\/\/pbs.twimg.com\/profile_images\/869067525337862144\/lyGXp0kf_normal.jpg","share_type":"default"}],"_wpsp_enable_custom_social_template":false,"_wpsp_social_scheduling":{"enabled":false,"datetime":null,"platforms":[],"status":"template_only","dateOption":"today","timeOption":"now","customDays":"","customHours":"","customDate":"","customTime":"","schedulingType":"absolute"},"_wpsp_active_default_template":true},"categories":[57,3],"tags":[],"class_list":["post-85170","post","type-post","status-publish","format-standard","has-post-thumbnail","hentry","category-cancun","category-quintana-roo"],"yoast_head":"<!-- This site is optimized with the Yoast SEO plugin v27.4 - https:\/\/yoast.com\/product\/yoast-seo-wordpress\/ -->\n<title>IMPULSA ANA PATY PERALTA, ESPACIOS PARA DAR VOZ A LA JUVENTUD CANCUNENSE - Inspector Nocturno<\/title>\n<meta name=\"robots\" content=\"index, follow, max-snippet:-1, max-image-preview:large, max-video-preview:-1\" \/>\n<link rel=\"canonical\" href=\"https:\/\/inspectornocturno.com.mx\/?p=85170\" \/>\n<meta property=\"og:locale\" content=\"es_ES\" \/>\n<meta property=\"og:type\" content=\"article\" \/>\n<meta property=\"og:title\" content=\"IMPULSA ANA PATY PERALTA, ESPACIOS PARA DAR VOZ A LA JUVENTUD CANCUNENSE - Inspector Nocturno\" \/>\n<meta property=\"og:description\" content=\"\ud83d\udd3a\ufe0fDestaca la participaci\u00f3n de los integrantes del Cabildo Juvenil 2025, que presentaron propuestas para un mejor Canc\u00fan #InspectorNocturno \ud83d\udd75\u200d\u2642\ufe0f\ud83d\udd0e #Noticias \ud83d\udea8\ud83d\ude91\ud83d\udc6e\u200d\u2642\ufe0f #Canc\u00fan Como muestra del apoyo a los liderazgos juveniles en Canc\u00fan, La Presidenta Municipal, Ana Paty Peralta, convivi\u00f3 con los 17 integrantes del \u201cCabildo Juvenil 2025\u201d del Ayuntamiento de Benito Ju\u00e1rez, que uno a [&hellip;]\" \/>\n<meta property=\"og:url\" content=\"https:\/\/inspectornocturno.com.mx\/?p=85170\" \/>\n<meta property=\"og:site_name\" content=\"Inspector Nocturno\" \/>\n<meta property=\"article:published_time\" content=\"2025-03-29T04:36:28+00:00\" \/>\n<meta property=\"article:modified_time\" content=\"2025-03-29T04:36:31+00:00\" \/>\n<meta property=\"og:image\" content=\"https:\/\/inspectornocturno.com.mx\/wp-content\/uploads\/2025\/03\/IMG-20250328-WA0088-scaled.jpg\" \/>\n\t<meta property=\"og:image:width\" content=\"900\" \/>\n\t<meta property=\"og:image:height\" content=\"565\" \/>\n\t<meta property=\"og:image:type\" content=\"image\/jpeg\" \/>\n<meta name=\"author\" content=\"Inspector Nocturno\" \/>\n<meta name=\"twitter:card\" content=\"summary_large_image\" \/>\n<script type=\"application\/ld+json\" class=\"yoast-schema-graph\">{\"@context\":\"https:\\\/\\\/schema.org\",\"@graph\":[{\"@type\":\"Article\",\"@id\":\"https:\\\/\\\/inspectornocturno.com.mx\\\/?p=85170#article\",\"isPartOf\":{\"@id\":\"https:\\\/\\\/inspectornocturno.com.mx\\\/?p=85170\"},\"author\":{\"name\":\"Inspector Nocturno\",\"@id\":\"https:\\\/\\\/inspectornocturno.com.mx\\\/#\\\/schema\\\/person\\\/e9418c22a987eae8f9a24e3f6f11b64a\"},\"headline\":\"IMPULSA ANA PATY PERALTA, ESPACIOS PARA DAR VOZ A LA JUVENTUD CANCUNENSE\",\"datePublished\":\"2025-03-29T04:36:28+00:00\",\"dateModified\":\"2025-03-29T04:36:31+00:00\",\"mainEntityOfPage\":{\"@id\":\"https:\\\/\\\/inspectornocturno.com.mx\\\/?p=85170\"},\"wordCount\":580,\"publisher\":{\"@id\":\"https:\\\/\\\/inspectornocturno.com.mx\\\/#\\\/schema\\\/person\\\/63eb343fea17271215b1dd2793b27897\"},\"image\":{\"@id\":\"https:\\\/\\\/inspectornocturno.com.mx\\\/?p=85170#primaryimage\"},\"thumbnailUrl\":\"https:\\\/\\\/inspectornocturno.com.mx\\\/wp-content\\\/uploads\\\/2025\\\/03\\\/IMG-20250328-WA0088-scaled.jpg\",\"articleSection\":[\"Canc\u00fan\",\"Quintana Roo\"],\"inLanguage\":\"es\"},{\"@type\":\"WebPage\",\"@id\":\"https:\\\/\\\/inspectornocturno.com.mx\\\/?p=85170\",\"url\":\"https:\\\/\\\/inspectornocturno.com.mx\\\/?p=85170\",\"name\":\"IMPULSA ANA PATY PERALTA, ESPACIOS PARA DAR VOZ A LA JUVENTUD CANCUNENSE - Inspector Nocturno\",\"isPartOf\":{\"@id\":\"https:\\\/\\\/inspectornocturno.com.mx\\\/#website\"},\"primaryImageOfPage\":{\"@id\":\"https:\\\/\\\/inspectornocturno.com.mx\\\/?p=85170#primaryimage\"},\"image\":{\"@id\":\"https:\\\/\\\/inspectornocturno.com.mx\\\/?p=85170#primaryimage\"},\"thumbnailUrl\":\"https:\\\/\\\/inspectornocturno.com.mx\\\/wp-content\\\/uploads\\\/2025\\\/03\\\/IMG-20250328-WA0088-scaled.jpg\",\"datePublished\":\"2025-03-29T04:36:28+00:00\",\"dateModified\":\"2025-03-29T04:36:31+00:00\",\"breadcrumb\":{\"@id\":\"https:\\\/\\\/inspectornocturno.com.mx\\\/?p=85170#breadcrumb\"},\"inLanguage\":\"es\",\"potentialAction\":[{\"@type\":\"ReadAction\",\"target\":[\"https:\\\/\\\/inspectornocturno.com.mx\\\/?p=85170\"]}]},{\"@type\":\"ImageObject\",\"inLanguage\":\"es\",\"@id\":\"https:\\\/\\\/inspectornocturno.com.mx\\\/?p=85170#primaryimage\",\"url\":\"https:\\\/\\\/inspectornocturno.com.mx\\\/wp-content\\\/uploads\\\/2025\\\/03\\\/IMG-20250328-WA0088-scaled.jpg\",\"contentUrl\":\"https:\\\/\\\/inspectornocturno.com.mx\\\/wp-content\\\/uploads\\\/2025\\\/03\\\/IMG-20250328-WA0088-scaled.jpg\",\"width\":900,\"height\":565},{\"@type\":\"BreadcrumbList\",\"@id\":\"https:\\\/\\\/inspectornocturno.com.mx\\\/?p=85170#breadcrumb\",\"itemListElement\":[{\"@type\":\"ListItem\",\"position\":1,\"name\":\"Portada\",\"item\":\"https:\\\/\\\/inspectornocturno.com.mx\\\/\"},{\"@type\":\"ListItem\",\"position\":2,\"name\":\"IMPULSA ANA PATY PERALTA, ESPACIOS PARA DAR VOZ A LA JUVENTUD CANCUNENSE\"}]},{\"@type\":\"WebSite\",\"@id\":\"https:\\\/\\\/inspectornocturno.com.mx\\\/#website\",\"url\":\"https:\\\/\\\/inspectornocturno.com.mx\\\/\",\"name\":\"Inspector Nocturno\",\"description\":\"Canc\u00fan, noticias al minuto del inspector nocturno\",\"publisher\":{\"@id\":\"https:\\\/\\\/inspectornocturno.com.mx\\\/#\\\/schema\\\/person\\\/63eb343fea17271215b1dd2793b27897\"},\"alternateName\":\"Noticias de impacto al momento de los hechos\",\"potentialAction\":[{\"@type\":\"SearchAction\",\"target\":{\"@type\":\"EntryPoint\",\"urlTemplate\":\"https:\\\/\\\/inspectornocturno.com.mx\\\/?s={search_term_string}\"},\"query-input\":{\"@type\":\"PropertyValueSpecification\",\"valueRequired\":true,\"valueName\":\"search_term_string\"}}],\"inLanguage\":\"es\"},{\"@type\":[\"Person\",\"Organization\"],\"@id\":\"https:\\\/\\\/inspectornocturno.com.mx\\\/#\\\/schema\\\/person\\\/63eb343fea17271215b1dd2793b27897\",\"name\":\"Inspector Nocturno\",\"image\":{\"@type\":\"ImageObject\",\"inLanguage\":\"es\",\"@id\":\"https:\\\/\\\/inspectornocturno.com.mx\\\/wp-content\\\/uploads\\\/2021\\\/10\\\/logo-transparente.png\",\"url\":\"https:\\\/\\\/inspectornocturno.com.mx\\\/wp-content\\\/uploads\\\/2021\\\/10\\\/logo-transparente.png\",\"contentUrl\":\"https:\\\/\\\/inspectornocturno.com.mx\\\/wp-content\\\/uploads\\\/2021\\\/10\\\/logo-transparente.png\",\"width\":561,\"height\":668,\"caption\":\"Inspector Nocturno\"},\"logo\":{\"@id\":\"https:\\\/\\\/inspectornocturno.com.mx\\\/wp-content\\\/uploads\\\/2021\\\/10\\\/logo-transparente.png\"},\"sameAs\":[\"http:\\\/\\\/inspectornocturno.com.mx\"]},{\"@type\":\"Person\",\"@id\":\"https:\\\/\\\/inspectornocturno.com.mx\\\/#\\\/schema\\\/person\\\/e9418c22a987eae8f9a24e3f6f11b64a\",\"name\":\"Inspector Nocturno\"}]}<\/script>\n<!-- \/ Yoast SEO plugin. -->","yoast_head_json":{"title":"IMPULSA ANA PATY PERALTA, ESPACIOS PARA DAR VOZ A LA JUVENTUD CANCUNENSE - Inspector Nocturno","robots":{"index":"index","follow":"follow","max-snippet":"max-snippet:-1","max-image-preview":"max-image-preview:large","max-video-preview":"max-video-preview:-1"},"canonical":"https:\/\/inspectornocturno.com.mx\/?p=85170","og_locale":"es_ES","og_type":"article","og_title":"IMPULSA ANA PATY PERALTA, ESPACIOS PARA DAR VOZ A LA JUVENTUD CANCUNENSE - Inspector Nocturno","og_description":"\ud83d\udd3a\ufe0fDestaca la participaci\u00f3n de los integrantes del Cabildo Juvenil 2025, que presentaron propuestas para un mejor Canc\u00fan #InspectorNocturno \ud83d\udd75\u200d\u2642\ufe0f\ud83d\udd0e #Noticias \ud83d\udea8\ud83d\ude91\ud83d\udc6e\u200d\u2642\ufe0f #Canc\u00fan Como muestra del apoyo a los liderazgos juveniles en Canc\u00fan, La Presidenta Municipal, Ana Paty Peralta, convivi\u00f3 con los 17 integrantes del \u201cCabildo Juvenil 2025\u201d del Ayuntamiento de Benito Ju\u00e1rez, que uno a [&hellip;]","og_url":"https:\/\/inspectornocturno.com.mx\/?p=85170","og_site_name":"Inspector Nocturno","article_published_time":"2025-03-29T04:36:28+00:00","article_modified_time":"2025-03-29T04:36:31+00:00","og_image":[{"width":900,"height":565,"url":"https:\/\/inspectornocturno.com.mx\/wp-content\/uploads\/2025\/03\/IMG-20250328-WA0088-scaled.jpg","type":"image\/jpeg"}],"author":"Inspector Nocturno","twitter_card":"summary_large_image","schema":{"@context":"https:\/\/schema.org","@graph":[{"@type":"Article","@id":"https:\/\/inspectornocturno.com.mx\/?p=85170#article","isPartOf":{"@id":"https:\/\/inspectornocturno.com.mx\/?p=85170"},"author":{"name":"Inspector Nocturno","@id":"https:\/\/inspectornocturno.com.mx\/#\/schema\/person\/e9418c22a987eae8f9a24e3f6f11b64a"},"headline":"IMPULSA ANA PATY PERALTA, ESPACIOS PARA DAR VOZ A LA JUVENTUD CANCUNENSE","datePublished":"2025-03-29T04:36:28+00:00","dateModified":"2025-03-29T04:36:31+00:00","mainEntityOfPage":{"@id":"https:\/\/inspectornocturno.com.mx\/?p=85170"},"wordCount":580,"publisher":{"@id":"https:\/\/inspectornocturno.com.mx\/#\/schema\/person\/63eb343fea17271215b1dd2793b27897"},"image":{"@id":"https:\/\/inspectornocturno.com.mx\/?p=85170#primaryimage"},"thumbnailUrl":"https:\/\/inspectornocturno.com.mx\/wp-content\/uploads\/2025\/03\/IMG-20250328-WA0088-scaled.jpg","articleSection":["Canc\u00fan","Quintana Roo"],"inLanguage":"es"},{"@type":"WebPage","@id":"https:\/\/inspectornocturno.com.mx\/?p=85170","url":"https:\/\/inspectornocturno.com.mx\/?p=85170","name":"IMPULSA ANA PATY PERALTA, ESPACIOS PARA DAR VOZ A LA JUVENTUD CANCUNENSE - Inspector Nocturno","isPartOf":{"@id":"https:\/\/inspectornocturno.com.mx\/#website"},"primaryImageOfPage":{"@id":"https:\/\/inspectornocturno.com.mx\/?p=85170#primaryimage"},"image":{"@id":"https:\/\/inspectornocturno.com.mx\/?p=85170#primaryimage"},"thumbnailUrl":"https:\/\/inspectornocturno.com.mx\/wp-content\/uploads\/2025\/03\/IMG-20250328-WA0088-scaled.jpg","datePublished":"2025-03-29T04:36:28+00:00","dateModified":"2025-03-29T04:36:31+00:00","breadcrumb":{"@id":"https:\/\/inspectornocturno.com.mx\/?p=85170#breadcrumb"},"inLanguage":"es","potentialAction":[{"@type":"ReadAction","target":["https:\/\/inspectornocturno.com.mx\/?p=85170"]}]},{"@type":"ImageObject","inLanguage":"es","@id":"https:\/\/inspectornocturno.com.mx\/?p=85170#primaryimage","url":"https:\/\/inspectornocturno.com.mx\/wp-content\/uploads\/2025\/03\/IMG-20250328-WA0088-scaled.jpg","contentUrl":"https:\/\/inspectornocturno.com.mx\/wp-content\/uploads\/2025\/03\/IMG-20250328-WA0088-scaled.jpg","width":900,"height":565},{"@type":"BreadcrumbList","@id":"https:\/\/inspectornocturno.com.mx\/?p=85170#breadcrumb","itemListElement":[{"@type":"ListItem","position":1,"name":"Portada","item":"https:\/\/inspectornocturno.com.mx\/"},{"@type":"ListItem","position":2,"name":"IMPULSA ANA PATY PERALTA, ESPACIOS PARA DAR VOZ A LA JUVENTUD CANCUNENSE"}]},{"@type":"WebSite","@id":"https:\/\/inspectornocturno.com.mx\/#website","url":"https:\/\/inspectornocturno.com.mx\/","name":"Inspector Nocturno","description":"Canc\u00fan, noticias al minuto del inspector nocturno","publisher":{"@id":"https:\/\/inspectornocturno.com.mx\/#\/schema\/person\/63eb343fea17271215b1dd2793b27897"},"alternateName":"Noticias de impacto al momento de los hechos","potentialAction":[{"@type":"SearchAction","target":{"@type":"EntryPoint","urlTemplate":"https:\/\/inspectornocturno.com.mx\/?s={search_term_string}"},"query-input":{"@type":"PropertyValueSpecification","valueRequired":true,"valueName":"search_term_string"}}],"inLanguage":"es"},{"@type":["Person","Organization"],"@id":"https:\/\/inspectornocturno.com.mx\/#\/schema\/person\/63eb343fea17271215b1dd2793b27897","name":"Inspector Nocturno","image":{"@type":"ImageObject","inLanguage":"es","@id":"https:\/\/inspectornocturno.com.mx\/wp-content\/uploads\/2021\/10\/logo-transparente.png","url":"https:\/\/inspectornocturno.com.mx\/wp-content\/uploads\/2021\/10\/logo-transparente.png","contentUrl":"https:\/\/inspectornocturno.com.mx\/wp-content\/uploads\/2021\/10\/logo-transparente.png","width":561,"height":668,"caption":"Inspector Nocturno"},"logo":{"@id":"https:\/\/inspectornocturno.com.mx\/wp-content\/uploads\/2021\/10\/logo-transparente.png"},"sameAs":["http:\/\/inspectornocturno.com.mx"]},{"@type":"Person","@id":"https:\/\/inspectornocturno.com.mx\/#\/schema\/person\/e9418c22a987eae8f9a24e3f6f11b64a","name":"Inspector Nocturno"}]}},"views":164,"_links":{"self":[{"href":"https:\/\/inspectornocturno.com.mx\/index.php?rest_route=\/wp\/v2\/posts\/85170","targetHints":{"allow":["GET"]}}],"collection":[{"href":"https:\/\/inspectornocturno.com.mx\/index.php?rest_route=\/wp\/v2\/posts"}],"about":[{"href":"https:\/\/inspectornocturno.com.mx\/index.php?rest_route=\/wp\/v2\/types\/post"}],"author":[{"embeddable":true,"href":"https:\/\/inspectornocturno.com.mx\/index.php?rest_route=\/wp\/v2\/users\/9"}],"replies":[{"embeddable":true,"href":"https:\/\/inspectornocturno.com.mx\/index.php?rest_route=%2Fwp%2Fv2%2Fcomments&post=85170"}],"version-history":[{"count":1,"href":"https:\/\/inspectornocturno.com.mx\/index.php?rest_route=\/wp\/v2\/posts\/85170\/revisions"}],"predecessor-version":[{"id":85172,"href":"https:\/\/inspectornocturno.com.mx\/index.php?rest_route=\/wp\/v2\/posts\/85170\/revisions\/85172"}],"wp:featuredmedia":[{"embeddable":true,"href":"https:\/\/inspectornocturno.com.mx\/index.php?rest_route=\/wp\/v2\/media\/85171"}],"wp:attachment":[{"href":"https:\/\/inspectornocturno.com.mx\/index.php?rest_route=%2Fwp%2Fv2%2Fmedia&parent=85170"}],"wp:term":[{"taxonomy":"category","embeddable":true,"href":"https:\/\/inspectornocturno.com.mx\/index.php?rest_route=%2Fwp%2Fv2%2Fcategories&post=85170"},{"taxonomy":"post_tag","embeddable":true,"href":"https:\/\/inspectornocturno.com.mx\/index.php?rest_route=%2Fwp%2Fv2%2Ftags&post=85170"}],"curies":[{"name":"wp","href":"https:\/\/api.w.org\/{rel}","templated":true}]}}