{"id":84554,"date":"2025-03-17T16:23:34","date_gmt":"2025-03-17T21:23:34","guid":{"rendered":"https:\/\/inspectornocturno.com.mx\/?p=84554"},"modified":"2025-03-17T16:23:36","modified_gmt":"2025-03-17T21:23:36","slug":"encuentran-moto-usada-para-intento-de-asalto-en-plaza-las-americas","status":"publish","type":"post","link":"https:\/\/inspectornocturno.com.mx\/?p=84554","title":{"rendered":"ENCUENTRAN MOTO USADA PARA INTENTO DE ASALTO EN PLAZA LAS AM\u00c9RICAS"},"content":{"rendered":"\n<p>\ud83d\udd3aDe acuerdo con informaci\u00f3n recabada, los responsables formar\u00edan parte de una banda y sus caracter\u00edsticas coinciden con las de otros asaltos, as\u00ed como el modus operandi.<\/p>\n\n\n\n<p>La motocicleta que presuntamente usaron los hombres que la noche del domingo intentaron asaltar por segunda vez la joyer\u00eda Bizarro de plaza Las Am\u00e9ricas, fue encontrada al mediod\u00eda de este lunes, abandonada en calles de la colonia Donceles 28, en la supermanzana 64; se presume que se trata de una banda dedicada al robo con violencia que opera en Canc\u00fan.<\/p>\n\n\n\n<p>Fueron elementos de la Polic\u00eda Estatal de Investigaci\u00f3n los que localizaron la motocicleta Italika V200 color negro con blanco, sobre la calle Guadalupe V\u00edctoria y avenida Miguel Hidalgo, de la supermanzana 64, luego del monitoreo de las c\u00e1maras de los comercios de la mencionada plaza y del Complejo de Seguridad (C5).<\/p>\n\n\n\n<p>Tras verificar que se trataba de la misma motocicleta, se revis\u00f3 el n\u00famero de serie que arroj\u00f3 contaba con reporte de robo, por esta raz\u00f3n fue asegurada para ponerla a disposici\u00f3n del Ministerio P\u00fablico, en la Fiscal\u00eda Especializada en Combate al Robo a Comercio.<\/p>\n\n\n\n<p>Asimismo, fuentes en las dependencias policiales coincidieron en que tras analizar los videos de las c\u00e1maras de seguridad, se pudo determinar que hay similitud en las personas que el pasado 28 de enero participaron en el intento de robo a la misma joyer\u00eda, con estos datos se presumi\u00f3 que se trata de una banda dedicada a este delito.<\/p>\n\n\n\n<p>*Video en el primer comentario*<\/p>\n\n\n\n<p>De hecho, tambi\u00e9n se piensa que es el mismo grupo delictivo que el pasado 12 de enero de este a\u00f1o, asalt\u00f3 la joyer\u00eda Arte ubicada en la Gran Plaza, avenida Nichupt\u00e9, pues el modus operandi es similar y los rasgos de los asaltantes al parecer coinciden.<\/p>\n\n\n\n<p>Aunque hasta el momento no hay ninguna persona detenida por estos hechos, es la Polic\u00eda Ministerial la que contin\u00faa las investigaciones para lograr la ubicaci\u00f3n de los sospechosos, por lo que se dijo se contin\u00faa los trabajos de inteligencia en coordinaci\u00f3n con la Secretar\u00eda de Seguridad Ciudadana.<\/p>\n","protected":false},"excerpt":{"rendered":"<p>\ud83d\udd3aDe acuerdo con informaci\u00f3n recabada, los responsables formar\u00edan parte de una banda y sus caracter\u00edsticas coinciden con las de otros asaltos, as\u00ed como el modus operandi. La motocicleta que presuntamente usaron los hombres que la noche del domingo intentaron asaltar por segunda vez la joyer\u00eda Bizarro de plaza Las Am\u00e9ricas, fue encontrada al mediod\u00eda de [&hellip;]<\/p>\n","protected":false},"author":3,"featured_media":84555,"comment_status":"closed","ping_status":"closed","sticky":false,"template":"","format":"standard","meta":{"footnotes":"","_wpscppro_dont_share_socialmedia":false,"_wpscppro_custom_social_share_image":0,"_facebook_share_type":"default","_twitter_share_type":"default","_linkedin_share_type":"default","_pinterest_share_type":"default","_linkedin_share_type_page":"default","_instagram_share_type":"default","_medium_share_type":"","_threads_share_type":"","_google_business_share_type":"","_selected_social_profile":[{"id":753595702106742800,"platform":"twitter","platformKey":0,"name":"InspectorNocturnoOficial","thumbnail_url":"http:\/\/pbs.twimg.com\/profile_images\/869067525337862144\/lyGXp0kf_normal.jpg","share_type":"default"}],"_wpsp_enable_custom_social_template":false,"_wpsp_social_scheduling":{"enabled":false,"datetime":null,"platforms":[],"status":"template_only","dateOption":"today","timeOption":"now","customDays":"","customHours":"","customDate":"","customTime":"","schedulingType":"absolute"},"_wpsp_active_default_template":true},"categories":[57,3],"tags":[],"class_list":["post-84554","post","type-post","status-publish","format-standard","has-post-thumbnail","hentry","category-cancun","category-quintana-roo"],"yoast_head":"<!-- This site is optimized with the Yoast SEO plugin v27.4 - https:\/\/yoast.com\/product\/yoast-seo-wordpress\/ -->\n<title>ENCUENTRAN MOTO USADA PARA INTENTO DE ASALTO EN PLAZA LAS AM\u00c9RICAS - Inspector Nocturno<\/title>\n<meta name=\"robots\" content=\"index, follow, max-snippet:-1, max-image-preview:large, max-video-preview:-1\" \/>\n<link rel=\"canonical\" href=\"https:\/\/inspectornocturno.com.mx\/?p=84554\" \/>\n<meta property=\"og:locale\" content=\"es_ES\" \/>\n<meta property=\"og:type\" content=\"article\" \/>\n<meta property=\"og:title\" content=\"ENCUENTRAN MOTO USADA PARA INTENTO DE ASALTO EN PLAZA LAS AM\u00c9RICAS - Inspector Nocturno\" \/>\n<meta property=\"og:description\" content=\"\ud83d\udd3aDe acuerdo con informaci\u00f3n recabada, los responsables formar\u00edan parte de una banda y sus caracter\u00edsticas coinciden con las de otros asaltos, as\u00ed como el modus operandi. La motocicleta que presuntamente usaron los hombres que la noche del domingo intentaron asaltar por segunda vez la joyer\u00eda Bizarro de plaza Las Am\u00e9ricas, fue encontrada al mediod\u00eda de [&hellip;]\" \/>\n<meta property=\"og:url\" content=\"https:\/\/inspectornocturno.com.mx\/?p=84554\" \/>\n<meta property=\"og:site_name\" content=\"Inspector Nocturno\" \/>\n<meta property=\"article:published_time\" content=\"2025-03-17T21:23:34+00:00\" \/>\n<meta property=\"article:modified_time\" content=\"2025-03-17T21:23:36+00:00\" \/>\n<meta property=\"og:image\" content=\"https:\/\/inspectornocturno.com.mx\/wp-content\/uploads\/2025\/03\/Photo_1742245510926-scaled.jpg\" \/>\n\t<meta property=\"og:image:width\" content=\"900\" \/>\n\t<meta property=\"og:image:height\" content=\"559\" \/>\n\t<meta property=\"og:image:type\" content=\"image\/jpeg\" \/>\n<meta name=\"author\" content=\"Inspector Nocturno\" \/>\n<meta name=\"twitter:card\" content=\"summary_large_image\" \/>\n<meta name=\"twitter:image\" content=\"https:\/\/inspectornocturno.com.mx\/wp-content\/uploads\/2025\/03\/Photo_1742245510926-scaled.jpg\" \/>\n<script type=\"application\/ld+json\" class=\"yoast-schema-graph\">{\"@context\":\"https:\\\/\\\/schema.org\",\"@graph\":[{\"@type\":\"Article\",\"@id\":\"https:\\\/\\\/inspectornocturno.com.mx\\\/?p=84554#article\",\"isPartOf\":{\"@id\":\"https:\\\/\\\/inspectornocturno.com.mx\\\/?p=84554\"},\"author\":{\"name\":\"Inspector Nocturno\",\"@id\":\"https:\\\/\\\/inspectornocturno.com.mx\\\/#\\\/schema\\\/person\\\/2f4c4173b1712fd9cf4f4b9365ce65db\"},\"headline\":\"ENCUENTRAN MOTO USADA PARA INTENTO DE ASALTO EN PLAZA LAS AM\u00c9RICAS\",\"datePublished\":\"2025-03-17T21:23:34+00:00\",\"dateModified\":\"2025-03-17T21:23:36+00:00\",\"mainEntityOfPage\":{\"@id\":\"https:\\\/\\\/inspectornocturno.com.mx\\\/?p=84554\"},\"wordCount\":371,\"publisher\":{\"@id\":\"https:\\\/\\\/inspectornocturno.com.mx\\\/#\\\/schema\\\/person\\\/63eb343fea17271215b1dd2793b27897\"},\"image\":{\"@id\":\"https:\\\/\\\/inspectornocturno.com.mx\\\/?p=84554#primaryimage\"},\"thumbnailUrl\":\"https:\\\/\\\/inspectornocturno.com.mx\\\/wp-content\\\/uploads\\\/2025\\\/03\\\/Photo_1742245510926-scaled.jpg\",\"articleSection\":[\"Canc\u00fan\",\"Quintana Roo\"],\"inLanguage\":\"es\"},{\"@type\":\"WebPage\",\"@id\":\"https:\\\/\\\/inspectornocturno.com.mx\\\/?p=84554\",\"url\":\"https:\\\/\\\/inspectornocturno.com.mx\\\/?p=84554\",\"name\":\"ENCUENTRAN MOTO USADA PARA INTENTO DE ASALTO EN PLAZA LAS AM\u00c9RICAS - Inspector Nocturno\",\"isPartOf\":{\"@id\":\"https:\\\/\\\/inspectornocturno.com.mx\\\/#website\"},\"primaryImageOfPage\":{\"@id\":\"https:\\\/\\\/inspectornocturno.com.mx\\\/?p=84554#primaryimage\"},\"image\":{\"@id\":\"https:\\\/\\\/inspectornocturno.com.mx\\\/?p=84554#primaryimage\"},\"thumbnailUrl\":\"https:\\\/\\\/inspectornocturno.com.mx\\\/wp-content\\\/uploads\\\/2025\\\/03\\\/Photo_1742245510926-scaled.jpg\",\"datePublished\":\"2025-03-17T21:23:34+00:00\",\"dateModified\":\"2025-03-17T21:23:36+00:00\",\"breadcrumb\":{\"@id\":\"https:\\\/\\\/inspectornocturno.com.mx\\\/?p=84554#breadcrumb\"},\"inLanguage\":\"es\",\"potentialAction\":[{\"@type\":\"ReadAction\",\"target\":[\"https:\\\/\\\/inspectornocturno.com.mx\\\/?p=84554\"]}]},{\"@type\":\"ImageObject\",\"inLanguage\":\"es\",\"@id\":\"https:\\\/\\\/inspectornocturno.com.mx\\\/?p=84554#primaryimage\",\"url\":\"https:\\\/\\\/inspectornocturno.com.mx\\\/wp-content\\\/uploads\\\/2025\\\/03\\\/Photo_1742245510926-scaled.jpg\",\"contentUrl\":\"https:\\\/\\\/inspectornocturno.com.mx\\\/wp-content\\\/uploads\\\/2025\\\/03\\\/Photo_1742245510926-scaled.jpg\",\"width\":900,\"height\":559},{\"@type\":\"BreadcrumbList\",\"@id\":\"https:\\\/\\\/inspectornocturno.com.mx\\\/?p=84554#breadcrumb\",\"itemListElement\":[{\"@type\":\"ListItem\",\"position\":1,\"name\":\"Portada\",\"item\":\"https:\\\/\\\/inspectornocturno.com.mx\\\/\"},{\"@type\":\"ListItem\",\"position\":2,\"name\":\"ENCUENTRAN MOTO USADA PARA INTENTO DE ASALTO EN PLAZA LAS AM\u00c9RICAS\"}]},{\"@type\":\"WebSite\",\"@id\":\"https:\\\/\\\/inspectornocturno.com.mx\\\/#website\",\"url\":\"https:\\\/\\\/inspectornocturno.com.mx\\\/\",\"name\":\"Inspector Nocturno\",\"description\":\"Canc\u00fan, noticias al minuto del inspector nocturno\",\"publisher\":{\"@id\":\"https:\\\/\\\/inspectornocturno.com.mx\\\/#\\\/schema\\\/person\\\/63eb343fea17271215b1dd2793b27897\"},\"alternateName\":\"Noticias de impacto al momento de los hechos\",\"potentialAction\":[{\"@type\":\"SearchAction\",\"target\":{\"@type\":\"EntryPoint\",\"urlTemplate\":\"https:\\\/\\\/inspectornocturno.com.mx\\\/?s={search_term_string}\"},\"query-input\":{\"@type\":\"PropertyValueSpecification\",\"valueRequired\":true,\"valueName\":\"search_term_string\"}}],\"inLanguage\":\"es\"},{\"@type\":[\"Person\",\"Organization\"],\"@id\":\"https:\\\/\\\/inspectornocturno.com.mx\\\/#\\\/schema\\\/person\\\/63eb343fea17271215b1dd2793b27897\",\"name\":\"Inspector Nocturno\",\"image\":{\"@type\":\"ImageObject\",\"inLanguage\":\"es\",\"@id\":\"https:\\\/\\\/inspectornocturno.com.mx\\\/wp-content\\\/uploads\\\/2021\\\/10\\\/logo-transparente.png\",\"url\":\"https:\\\/\\\/inspectornocturno.com.mx\\\/wp-content\\\/uploads\\\/2021\\\/10\\\/logo-transparente.png\",\"contentUrl\":\"https:\\\/\\\/inspectornocturno.com.mx\\\/wp-content\\\/uploads\\\/2021\\\/10\\\/logo-transparente.png\",\"width\":561,\"height\":668,\"caption\":\"Inspector Nocturno\"},\"logo\":{\"@id\":\"https:\\\/\\\/inspectornocturno.com.mx\\\/wp-content\\\/uploads\\\/2021\\\/10\\\/logo-transparente.png\"},\"sameAs\":[\"http:\\\/\\\/inspectornocturno.com.mx\"]},{\"@type\":\"Person\",\"@id\":\"https:\\\/\\\/inspectornocturno.com.mx\\\/#\\\/schema\\\/person\\\/2f4c4173b1712fd9cf4f4b9365ce65db\",\"name\":\"Inspector Nocturno\",\"sameAs\":[\"http:\\\/\\\/inspectornocturno.com.mx\"]}]}<\/script>\n<!-- \/ Yoast SEO plugin. -->","yoast_head_json":{"title":"ENCUENTRAN MOTO USADA PARA INTENTO DE ASALTO EN PLAZA LAS AM\u00c9RICAS - Inspector Nocturno","robots":{"index":"index","follow":"follow","max-snippet":"max-snippet:-1","max-image-preview":"max-image-preview:large","max-video-preview":"max-video-preview:-1"},"canonical":"https:\/\/inspectornocturno.com.mx\/?p=84554","og_locale":"es_ES","og_type":"article","og_title":"ENCUENTRAN MOTO USADA PARA INTENTO DE ASALTO EN PLAZA LAS AM\u00c9RICAS - Inspector Nocturno","og_description":"\ud83d\udd3aDe acuerdo con informaci\u00f3n recabada, los responsables formar\u00edan parte de una banda y sus caracter\u00edsticas coinciden con las de otros asaltos, as\u00ed como el modus operandi. La motocicleta que presuntamente usaron los hombres que la noche del domingo intentaron asaltar por segunda vez la joyer\u00eda Bizarro de plaza Las Am\u00e9ricas, fue encontrada al mediod\u00eda de [&hellip;]","og_url":"https:\/\/inspectornocturno.com.mx\/?p=84554","og_site_name":"Inspector Nocturno","article_published_time":"2025-03-17T21:23:34+00:00","article_modified_time":"2025-03-17T21:23:36+00:00","og_image":[{"width":900,"height":559,"url":"https:\/\/inspectornocturno.com.mx\/wp-content\/uploads\/2025\/03\/Photo_1742245510926-scaled.jpg","type":"image\/jpeg"}],"author":"Inspector Nocturno","twitter_card":"summary_large_image","twitter_image":"https:\/\/inspectornocturno.com.mx\/wp-content\/uploads\/2025\/03\/Photo_1742245510926-scaled.jpg","schema":{"@context":"https:\/\/schema.org","@graph":[{"@type":"Article","@id":"https:\/\/inspectornocturno.com.mx\/?p=84554#article","isPartOf":{"@id":"https:\/\/inspectornocturno.com.mx\/?p=84554"},"author":{"name":"Inspector Nocturno","@id":"https:\/\/inspectornocturno.com.mx\/#\/schema\/person\/2f4c4173b1712fd9cf4f4b9365ce65db"},"headline":"ENCUENTRAN MOTO USADA PARA INTENTO DE ASALTO EN PLAZA LAS AM\u00c9RICAS","datePublished":"2025-03-17T21:23:34+00:00","dateModified":"2025-03-17T21:23:36+00:00","mainEntityOfPage":{"@id":"https:\/\/inspectornocturno.com.mx\/?p=84554"},"wordCount":371,"publisher":{"@id":"https:\/\/inspectornocturno.com.mx\/#\/schema\/person\/63eb343fea17271215b1dd2793b27897"},"image":{"@id":"https:\/\/inspectornocturno.com.mx\/?p=84554#primaryimage"},"thumbnailUrl":"https:\/\/inspectornocturno.com.mx\/wp-content\/uploads\/2025\/03\/Photo_1742245510926-scaled.jpg","articleSection":["Canc\u00fan","Quintana Roo"],"inLanguage":"es"},{"@type":"WebPage","@id":"https:\/\/inspectornocturno.com.mx\/?p=84554","url":"https:\/\/inspectornocturno.com.mx\/?p=84554","name":"ENCUENTRAN MOTO USADA PARA INTENTO DE ASALTO EN PLAZA LAS AM\u00c9RICAS - Inspector Nocturno","isPartOf":{"@id":"https:\/\/inspectornocturno.com.mx\/#website"},"primaryImageOfPage":{"@id":"https:\/\/inspectornocturno.com.mx\/?p=84554#primaryimage"},"image":{"@id":"https:\/\/inspectornocturno.com.mx\/?p=84554#primaryimage"},"thumbnailUrl":"https:\/\/inspectornocturno.com.mx\/wp-content\/uploads\/2025\/03\/Photo_1742245510926-scaled.jpg","datePublished":"2025-03-17T21:23:34+00:00","dateModified":"2025-03-17T21:23:36+00:00","breadcrumb":{"@id":"https:\/\/inspectornocturno.com.mx\/?p=84554#breadcrumb"},"inLanguage":"es","potentialAction":[{"@type":"ReadAction","target":["https:\/\/inspectornocturno.com.mx\/?p=84554"]}]},{"@type":"ImageObject","inLanguage":"es","@id":"https:\/\/inspectornocturno.com.mx\/?p=84554#primaryimage","url":"https:\/\/inspectornocturno.com.mx\/wp-content\/uploads\/2025\/03\/Photo_1742245510926-scaled.jpg","contentUrl":"https:\/\/inspectornocturno.com.mx\/wp-content\/uploads\/2025\/03\/Photo_1742245510926-scaled.jpg","width":900,"height":559},{"@type":"BreadcrumbList","@id":"https:\/\/inspectornocturno.com.mx\/?p=84554#breadcrumb","itemListElement":[{"@type":"ListItem","position":1,"name":"Portada","item":"https:\/\/inspectornocturno.com.mx\/"},{"@type":"ListItem","position":2,"name":"ENCUENTRAN MOTO USADA PARA INTENTO DE ASALTO EN PLAZA LAS AM\u00c9RICAS"}]},{"@type":"WebSite","@id":"https:\/\/inspectornocturno.com.mx\/#website","url":"https:\/\/inspectornocturno.com.mx\/","name":"Inspector Nocturno","description":"Canc\u00fan, noticias al minuto del inspector nocturno","publisher":{"@id":"https:\/\/inspectornocturno.com.mx\/#\/schema\/person\/63eb343fea17271215b1dd2793b27897"},"alternateName":"Noticias de impacto al momento de los hechos","potentialAction":[{"@type":"SearchAction","target":{"@type":"EntryPoint","urlTemplate":"https:\/\/inspectornocturno.com.mx\/?s={search_term_string}"},"query-input":{"@type":"PropertyValueSpecification","valueRequired":true,"valueName":"search_term_string"}}],"inLanguage":"es"},{"@type":["Person","Organization"],"@id":"https:\/\/inspectornocturno.com.mx\/#\/schema\/person\/63eb343fea17271215b1dd2793b27897","name":"Inspector Nocturno","image":{"@type":"ImageObject","inLanguage":"es","@id":"https:\/\/inspectornocturno.com.mx\/wp-content\/uploads\/2021\/10\/logo-transparente.png","url":"https:\/\/inspectornocturno.com.mx\/wp-content\/uploads\/2021\/10\/logo-transparente.png","contentUrl":"https:\/\/inspectornocturno.com.mx\/wp-content\/uploads\/2021\/10\/logo-transparente.png","width":561,"height":668,"caption":"Inspector Nocturno"},"logo":{"@id":"https:\/\/inspectornocturno.com.mx\/wp-content\/uploads\/2021\/10\/logo-transparente.png"},"sameAs":["http:\/\/inspectornocturno.com.mx"]},{"@type":"Person","@id":"https:\/\/inspectornocturno.com.mx\/#\/schema\/person\/2f4c4173b1712fd9cf4f4b9365ce65db","name":"Inspector Nocturno","sameAs":["http:\/\/inspectornocturno.com.mx"]}]}},"views":328,"_links":{"self":[{"href":"https:\/\/inspectornocturno.com.mx\/index.php?rest_route=\/wp\/v2\/posts\/84554","targetHints":{"allow":["GET"]}}],"collection":[{"href":"https:\/\/inspectornocturno.com.mx\/index.php?rest_route=\/wp\/v2\/posts"}],"about":[{"href":"https:\/\/inspectornocturno.com.mx\/index.php?rest_route=\/wp\/v2\/types\/post"}],"author":[{"embeddable":true,"href":"https:\/\/inspectornocturno.com.mx\/index.php?rest_route=\/wp\/v2\/users\/3"}],"replies":[{"embeddable":true,"href":"https:\/\/inspectornocturno.com.mx\/index.php?rest_route=%2Fwp%2Fv2%2Fcomments&post=84554"}],"version-history":[{"count":2,"href":"https:\/\/inspectornocturno.com.mx\/index.php?rest_route=\/wp\/v2\/posts\/84554\/revisions"}],"predecessor-version":[{"id":84557,"href":"https:\/\/inspectornocturno.com.mx\/index.php?rest_route=\/wp\/v2\/posts\/84554\/revisions\/84557"}],"wp:featuredmedia":[{"embeddable":true,"href":"https:\/\/inspectornocturno.com.mx\/index.php?rest_route=\/wp\/v2\/media\/84555"}],"wp:attachment":[{"href":"https:\/\/inspectornocturno.com.mx\/index.php?rest_route=%2Fwp%2Fv2%2Fmedia&parent=84554"}],"wp:term":[{"taxonomy":"category","embeddable":true,"href":"https:\/\/inspectornocturno.com.mx\/index.php?rest_route=%2Fwp%2Fv2%2Fcategories&post=84554"},{"taxonomy":"post_tag","embeddable":true,"href":"https:\/\/inspectornocturno.com.mx\/index.php?rest_route=%2Fwp%2Fv2%2Ftags&post=84554"}],"curies":[{"name":"wp","href":"https:\/\/api.w.org\/{rel}","templated":true}]}}