{"id":82491,"date":"2025-02-10T21:53:20","date_gmt":"2025-02-11T02:53:20","guid":{"rendered":"https:\/\/inspectornocturno.com.mx\/?p=82491"},"modified":"2025-02-10T21:53:21","modified_gmt":"2025-02-11T02:53:21","slug":"reafirma-mara-lezama-respaldo-a-claudia-sheinbaum-con-la-fuerza-aerea-mexicana-para-defensa-y-proteccion-del-espacio-aereo-nacional","status":"publish","type":"post","link":"https:\/\/inspectornocturno.com.mx\/?p=82491","title":{"rendered":"REAFIRMA MARA LEZAMA RESPALDO A CLAUDIA SHEINBAUM CON LA FUERZA A\u00c9REA MEXICANA PARA DEFENSA Y PROTECCI\u00d3N DEL ESPACIO A\u00c9REO NACIONAL"},"content":{"rendered":"\n<p>\ud83d\udd3aEs la primera base \u00e1rea mexicana en Riviera Maya que incrementa las capacidades para la defensa y protecci\u00f3n del espacio a\u00e9reo nacional, as\u00ed como proporcionar auxilio a la poblaci\u00f3n civil.<\/p>\n\n\n\n<p>Tulum.- La Gobernadora Mara Lezama refrend\u00f3 el apoyo y respaldo del pueblo quintanarroense a la Presidenta de M\u00e9xico y Comandanta Suprema de las Fuerzas Armadas, Claudia Sheinbaum, en el marco del aniversario 110 de la creaci\u00f3n de la Fuerza A\u00e9rea Mexicana (FAM) y de la inauguraci\u00f3n de la Base A\u00e9rea Militar No. 20, en el aeropuerto internacional \u201cFelipe Carrillo Puerto\u201d, de Tulum.<\/p>\n\n\n\n<p>La Gobernadora de Quintana Roo destac\u00f3 que es la primera Base A\u00e9rea en la Riviera Maya, que fortalecer\u00e1 las capacidades de la FAM en la entidad, como se se\u00f1ala en la placa que deja testimonio de la inauguraci\u00f3n: \u201cproyecto que permitir\u00e1 incrementar las capacidades de esta fuerza armada para la defensa y protecci\u00f3n del espacio a\u00e9reo nacional, as\u00ed como proporcionar condiciones de calidad y operaci\u00f3n a los integrantes de la FAM\u201d.<\/p>\n\n\n\n<p>Durante la ceremonia inaugural, se destac\u00f3 que esta Base A\u00e9rea, adem\u00e1s de desarrollar funciones de vigilancia del espacio a\u00e9reo en la frontera, tendr\u00e1 participaci\u00f3n y atenci\u00f3n prioritaria en la aplicaci\u00f3n del plan de auxilio a la poblaci\u00f3n civil, en la evacuaci\u00f3n de personas afectadas y abastecimiento a\u00e9reo en caso de huracanes y combate de incendios forestales.<\/p>\n\n\n\n<p>La Gobernadora Mara Lezama estuvo en el presidium, junto al Secretario de la Defensa Nacional, Ricardo Trevilla Trejo; el Secretario de la Marina, Raymundo Pedro Morales \u00c1ngeles; el Comandante de la Fuerza A\u00e9rea Mexicana, Oscar Ren\u00e9 Rubio S\u00e1nchez, as\u00ed como de m\u00e1s invitados.<\/p>\n","protected":false},"excerpt":{"rendered":"<p>\ud83d\udd3aEs la primera base \u00e1rea mexicana en Riviera Maya que incrementa las capacidades para la defensa y protecci\u00f3n del espacio a\u00e9reo nacional, as\u00ed como proporcionar auxilio a la poblaci\u00f3n civil. Tulum.- La Gobernadora Mara Lezama refrend\u00f3 el apoyo y respaldo del pueblo quintanarroense a la Presidenta de M\u00e9xico y Comandanta Suprema de las Fuerzas Armadas, [&hellip;]<\/p>\n","protected":false},"author":1,"featured_media":82492,"comment_status":"closed","ping_status":"closed","sticky":false,"template":"","format":"standard","meta":{"footnotes":"","_wpscppro_dont_share_socialmedia":false,"_wpscppro_custom_social_share_image":0,"_facebook_share_type":"default","_twitter_share_type":"default","_linkedin_share_type":"default","_pinterest_share_type":"default","_linkedin_share_type_page":"","_instagram_share_type":"default","_medium_share_type":"","_threads_share_type":"","_google_business_share_type":"","_selected_social_profile":[],"_wpsp_enable_custom_social_template":false,"_wpsp_social_scheduling":{"enabled":false,"datetime":null,"platforms":[],"status":"template_only","dateOption":"today","timeOption":"now","customDays":"","customHours":"","customDate":"","customTime":"","schedulingType":"absolute"},"_wpsp_active_default_template":true},"categories":[69,3,48],"tags":[],"class_list":["post-82491","post","type-post","status-publish","format-standard","has-post-thumbnail","hentry","category-politica","category-quintana-roo","category-tulum"],"yoast_head":"<!-- This site is optimized with the Yoast SEO plugin v27.4 - https:\/\/yoast.com\/product\/yoast-seo-wordpress\/ -->\n<title>REAFIRMA MARA LEZAMA RESPALDO A CLAUDIA SHEINBAUM CON LA FUERZA A\u00c9REA MEXICANA PARA DEFENSA Y PROTECCI\u00d3N DEL ESPACIO A\u00c9REO NACIONAL - Inspector Nocturno<\/title>\n<meta name=\"robots\" content=\"index, follow, max-snippet:-1, max-image-preview:large, max-video-preview:-1\" \/>\n<link rel=\"canonical\" href=\"https:\/\/inspectornocturno.com.mx\/?p=82491\" \/>\n<meta property=\"og:locale\" content=\"es_ES\" \/>\n<meta property=\"og:type\" content=\"article\" \/>\n<meta property=\"og:title\" content=\"REAFIRMA MARA LEZAMA RESPALDO A CLAUDIA SHEINBAUM CON LA FUERZA A\u00c9REA MEXICANA PARA DEFENSA Y PROTECCI\u00d3N DEL ESPACIO A\u00c9REO NACIONAL - Inspector Nocturno\" \/>\n<meta property=\"og:description\" content=\"\ud83d\udd3aEs la primera base \u00e1rea mexicana en Riviera Maya que incrementa las capacidades para la defensa y protecci\u00f3n del espacio a\u00e9reo nacional, as\u00ed como proporcionar auxilio a la poblaci\u00f3n civil. Tulum.- La Gobernadora Mara Lezama refrend\u00f3 el apoyo y respaldo del pueblo quintanarroense a la Presidenta de M\u00e9xico y Comandanta Suprema de las Fuerzas Armadas, [&hellip;]\" \/>\n<meta property=\"og:url\" content=\"https:\/\/inspectornocturno.com.mx\/?p=82491\" \/>\n<meta property=\"og:site_name\" content=\"Inspector Nocturno\" \/>\n<meta property=\"article:published_time\" content=\"2025-02-11T02:53:20+00:00\" \/>\n<meta property=\"article:modified_time\" content=\"2025-02-11T02:53:21+00:00\" \/>\n<meta property=\"og:image\" content=\"https:\/\/inspectornocturno.com.mx\/wp-content\/uploads\/2025\/02\/IMG-20250210-WA0004-scaled.jpg\" \/>\n\t<meta property=\"og:image:width\" content=\"900\" \/>\n\t<meta property=\"og:image:height\" content=\"600\" \/>\n\t<meta property=\"og:image:type\" content=\"image\/jpeg\" \/>\n<meta name=\"author\" content=\"inspector nocturno, noticias al momento, noticias de ultima hora, informando al minuto\" \/>\n<meta name=\"twitter:card\" content=\"summary_large_image\" \/>\n<script type=\"application\/ld+json\" class=\"yoast-schema-graph\">{\"@context\":\"https:\\\/\\\/schema.org\",\"@graph\":[{\"@type\":\"Article\",\"@id\":\"https:\\\/\\\/inspectornocturno.com.mx\\\/?p=82491#article\",\"isPartOf\":{\"@id\":\"https:\\\/\\\/inspectornocturno.com.mx\\\/?p=82491\"},\"author\":{\"name\":\"inspector nocturno, noticias al momento, noticias de ultima hora, informando al minuto\",\"@id\":\"https:\\\/\\\/inspectornocturno.com.mx\\\/#\\\/schema\\\/person\\\/7dc0a76c90dafd204473535370236590\"},\"headline\":\"REAFIRMA MARA LEZAMA RESPALDO A CLAUDIA SHEINBAUM CON LA FUERZA A\u00c9REA MEXICANA PARA DEFENSA Y PROTECCI\u00d3N DEL ESPACIO A\u00c9REO NACIONAL\",\"datePublished\":\"2025-02-11T02:53:20+00:00\",\"dateModified\":\"2025-02-11T02:53:21+00:00\",\"mainEntityOfPage\":{\"@id\":\"https:\\\/\\\/inspectornocturno.com.mx\\\/?p=82491\"},\"wordCount\":310,\"publisher\":{\"@id\":\"https:\\\/\\\/inspectornocturno.com.mx\\\/#\\\/schema\\\/person\\\/63eb343fea17271215b1dd2793b27897\"},\"image\":{\"@id\":\"https:\\\/\\\/inspectornocturno.com.mx\\\/?p=82491#primaryimage\"},\"thumbnailUrl\":\"https:\\\/\\\/inspectornocturno.com.mx\\\/wp-content\\\/uploads\\\/2025\\\/02\\\/IMG-20250210-WA0004-scaled.jpg\",\"articleSection\":[\"Pol\u00edtica\",\"Quintana Roo\",\"Tulum\"],\"inLanguage\":\"es\"},{\"@type\":\"WebPage\",\"@id\":\"https:\\\/\\\/inspectornocturno.com.mx\\\/?p=82491\",\"url\":\"https:\\\/\\\/inspectornocturno.com.mx\\\/?p=82491\",\"name\":\"REAFIRMA MARA LEZAMA RESPALDO A CLAUDIA SHEINBAUM CON LA FUERZA A\u00c9REA MEXICANA PARA DEFENSA Y PROTECCI\u00d3N DEL ESPACIO A\u00c9REO NACIONAL - Inspector Nocturno\",\"isPartOf\":{\"@id\":\"https:\\\/\\\/inspectornocturno.com.mx\\\/#website\"},\"primaryImageOfPage\":{\"@id\":\"https:\\\/\\\/inspectornocturno.com.mx\\\/?p=82491#primaryimage\"},\"image\":{\"@id\":\"https:\\\/\\\/inspectornocturno.com.mx\\\/?p=82491#primaryimage\"},\"thumbnailUrl\":\"https:\\\/\\\/inspectornocturno.com.mx\\\/wp-content\\\/uploads\\\/2025\\\/02\\\/IMG-20250210-WA0004-scaled.jpg\",\"datePublished\":\"2025-02-11T02:53:20+00:00\",\"dateModified\":\"2025-02-11T02:53:21+00:00\",\"breadcrumb\":{\"@id\":\"https:\\\/\\\/inspectornocturno.com.mx\\\/?p=82491#breadcrumb\"},\"inLanguage\":\"es\",\"potentialAction\":[{\"@type\":\"ReadAction\",\"target\":[\"https:\\\/\\\/inspectornocturno.com.mx\\\/?p=82491\"]}]},{\"@type\":\"ImageObject\",\"inLanguage\":\"es\",\"@id\":\"https:\\\/\\\/inspectornocturno.com.mx\\\/?p=82491#primaryimage\",\"url\":\"https:\\\/\\\/inspectornocturno.com.mx\\\/wp-content\\\/uploads\\\/2025\\\/02\\\/IMG-20250210-WA0004-scaled.jpg\",\"contentUrl\":\"https:\\\/\\\/inspectornocturno.com.mx\\\/wp-content\\\/uploads\\\/2025\\\/02\\\/IMG-20250210-WA0004-scaled.jpg\",\"width\":900,\"height\":600},{\"@type\":\"BreadcrumbList\",\"@id\":\"https:\\\/\\\/inspectornocturno.com.mx\\\/?p=82491#breadcrumb\",\"itemListElement\":[{\"@type\":\"ListItem\",\"position\":1,\"name\":\"Portada\",\"item\":\"https:\\\/\\\/inspectornocturno.com.mx\\\/\"},{\"@type\":\"ListItem\",\"position\":2,\"name\":\"REAFIRMA MARA LEZAMA RESPALDO A CLAUDIA SHEINBAUM CON LA FUERZA A\u00c9REA MEXICANA PARA DEFENSA Y PROTECCI\u00d3N DEL ESPACIO A\u00c9REO NACIONAL\"}]},{\"@type\":\"WebSite\",\"@id\":\"https:\\\/\\\/inspectornocturno.com.mx\\\/#website\",\"url\":\"https:\\\/\\\/inspectornocturno.com.mx\\\/\",\"name\":\"Inspector Nocturno\",\"description\":\"Canc\u00fan, noticias al minuto del inspector nocturno\",\"publisher\":{\"@id\":\"https:\\\/\\\/inspectornocturno.com.mx\\\/#\\\/schema\\\/person\\\/63eb343fea17271215b1dd2793b27897\"},\"alternateName\":\"Noticias de impacto al momento de los hechos\",\"potentialAction\":[{\"@type\":\"SearchAction\",\"target\":{\"@type\":\"EntryPoint\",\"urlTemplate\":\"https:\\\/\\\/inspectornocturno.com.mx\\\/?s={search_term_string}\"},\"query-input\":{\"@type\":\"PropertyValueSpecification\",\"valueRequired\":true,\"valueName\":\"search_term_string\"}}],\"inLanguage\":\"es\"},{\"@type\":[\"Person\",\"Organization\"],\"@id\":\"https:\\\/\\\/inspectornocturno.com.mx\\\/#\\\/schema\\\/person\\\/63eb343fea17271215b1dd2793b27897\",\"name\":\"Inspector Nocturno\",\"image\":{\"@type\":\"ImageObject\",\"inLanguage\":\"es\",\"@id\":\"https:\\\/\\\/inspectornocturno.com.mx\\\/wp-content\\\/uploads\\\/2021\\\/10\\\/logo-transparente.png\",\"url\":\"https:\\\/\\\/inspectornocturno.com.mx\\\/wp-content\\\/uploads\\\/2021\\\/10\\\/logo-transparente.png\",\"contentUrl\":\"https:\\\/\\\/inspectornocturno.com.mx\\\/wp-content\\\/uploads\\\/2021\\\/10\\\/logo-transparente.png\",\"width\":561,\"height\":668,\"caption\":\"Inspector Nocturno\"},\"logo\":{\"@id\":\"https:\\\/\\\/inspectornocturno.com.mx\\\/wp-content\\\/uploads\\\/2021\\\/10\\\/logo-transparente.png\"},\"sameAs\":[\"http:\\\/\\\/inspectornocturno.com.mx\"]},{\"@type\":\"Person\",\"@id\":\"https:\\\/\\\/inspectornocturno.com.mx\\\/#\\\/schema\\\/person\\\/7dc0a76c90dafd204473535370236590\",\"name\":\"inspector nocturno, noticias al momento, noticias de ultima hora, informando al minuto\",\"sameAs\":[\"https:\\\/\\\/inspectornocturno.com.mx\"]}]}<\/script>\n<!-- \/ Yoast SEO plugin. -->","yoast_head_json":{"title":"REAFIRMA MARA LEZAMA RESPALDO A CLAUDIA SHEINBAUM CON LA FUERZA A\u00c9REA MEXICANA PARA DEFENSA Y PROTECCI\u00d3N DEL ESPACIO A\u00c9REO NACIONAL - Inspector Nocturno","robots":{"index":"index","follow":"follow","max-snippet":"max-snippet:-1","max-image-preview":"max-image-preview:large","max-video-preview":"max-video-preview:-1"},"canonical":"https:\/\/inspectornocturno.com.mx\/?p=82491","og_locale":"es_ES","og_type":"article","og_title":"REAFIRMA MARA LEZAMA RESPALDO A CLAUDIA SHEINBAUM CON LA FUERZA A\u00c9REA MEXICANA PARA DEFENSA Y PROTECCI\u00d3N DEL ESPACIO A\u00c9REO NACIONAL - Inspector Nocturno","og_description":"\ud83d\udd3aEs la primera base \u00e1rea mexicana en Riviera Maya que incrementa las capacidades para la defensa y protecci\u00f3n del espacio a\u00e9reo nacional, as\u00ed como proporcionar auxilio a la poblaci\u00f3n civil. Tulum.- La Gobernadora Mara Lezama refrend\u00f3 el apoyo y respaldo del pueblo quintanarroense a la Presidenta de M\u00e9xico y Comandanta Suprema de las Fuerzas Armadas, [&hellip;]","og_url":"https:\/\/inspectornocturno.com.mx\/?p=82491","og_site_name":"Inspector Nocturno","article_published_time":"2025-02-11T02:53:20+00:00","article_modified_time":"2025-02-11T02:53:21+00:00","og_image":[{"width":900,"height":600,"url":"https:\/\/inspectornocturno.com.mx\/wp-content\/uploads\/2025\/02\/IMG-20250210-WA0004-scaled.jpg","type":"image\/jpeg"}],"author":"inspector nocturno, noticias al momento, noticias de ultima hora, informando al minuto","twitter_card":"summary_large_image","schema":{"@context":"https:\/\/schema.org","@graph":[{"@type":"Article","@id":"https:\/\/inspectornocturno.com.mx\/?p=82491#article","isPartOf":{"@id":"https:\/\/inspectornocturno.com.mx\/?p=82491"},"author":{"name":"inspector nocturno, noticias al momento, noticias de ultima hora, informando al minuto","@id":"https:\/\/inspectornocturno.com.mx\/#\/schema\/person\/7dc0a76c90dafd204473535370236590"},"headline":"REAFIRMA MARA LEZAMA RESPALDO A CLAUDIA SHEINBAUM CON LA FUERZA A\u00c9REA MEXICANA PARA DEFENSA Y PROTECCI\u00d3N DEL ESPACIO A\u00c9REO NACIONAL","datePublished":"2025-02-11T02:53:20+00:00","dateModified":"2025-02-11T02:53:21+00:00","mainEntityOfPage":{"@id":"https:\/\/inspectornocturno.com.mx\/?p=82491"},"wordCount":310,"publisher":{"@id":"https:\/\/inspectornocturno.com.mx\/#\/schema\/person\/63eb343fea17271215b1dd2793b27897"},"image":{"@id":"https:\/\/inspectornocturno.com.mx\/?p=82491#primaryimage"},"thumbnailUrl":"https:\/\/inspectornocturno.com.mx\/wp-content\/uploads\/2025\/02\/IMG-20250210-WA0004-scaled.jpg","articleSection":["Pol\u00edtica","Quintana Roo","Tulum"],"inLanguage":"es"},{"@type":"WebPage","@id":"https:\/\/inspectornocturno.com.mx\/?p=82491","url":"https:\/\/inspectornocturno.com.mx\/?p=82491","name":"REAFIRMA MARA LEZAMA RESPALDO A CLAUDIA SHEINBAUM CON LA FUERZA A\u00c9REA MEXICANA PARA DEFENSA Y PROTECCI\u00d3N DEL ESPACIO A\u00c9REO NACIONAL - Inspector Nocturno","isPartOf":{"@id":"https:\/\/inspectornocturno.com.mx\/#website"},"primaryImageOfPage":{"@id":"https:\/\/inspectornocturno.com.mx\/?p=82491#primaryimage"},"image":{"@id":"https:\/\/inspectornocturno.com.mx\/?p=82491#primaryimage"},"thumbnailUrl":"https:\/\/inspectornocturno.com.mx\/wp-content\/uploads\/2025\/02\/IMG-20250210-WA0004-scaled.jpg","datePublished":"2025-02-11T02:53:20+00:00","dateModified":"2025-02-11T02:53:21+00:00","breadcrumb":{"@id":"https:\/\/inspectornocturno.com.mx\/?p=82491#breadcrumb"},"inLanguage":"es","potentialAction":[{"@type":"ReadAction","target":["https:\/\/inspectornocturno.com.mx\/?p=82491"]}]},{"@type":"ImageObject","inLanguage":"es","@id":"https:\/\/inspectornocturno.com.mx\/?p=82491#primaryimage","url":"https:\/\/inspectornocturno.com.mx\/wp-content\/uploads\/2025\/02\/IMG-20250210-WA0004-scaled.jpg","contentUrl":"https:\/\/inspectornocturno.com.mx\/wp-content\/uploads\/2025\/02\/IMG-20250210-WA0004-scaled.jpg","width":900,"height":600},{"@type":"BreadcrumbList","@id":"https:\/\/inspectornocturno.com.mx\/?p=82491#breadcrumb","itemListElement":[{"@type":"ListItem","position":1,"name":"Portada","item":"https:\/\/inspectornocturno.com.mx\/"},{"@type":"ListItem","position":2,"name":"REAFIRMA MARA LEZAMA RESPALDO A CLAUDIA SHEINBAUM CON LA FUERZA A\u00c9REA MEXICANA PARA DEFENSA Y PROTECCI\u00d3N DEL ESPACIO A\u00c9REO NACIONAL"}]},{"@type":"WebSite","@id":"https:\/\/inspectornocturno.com.mx\/#website","url":"https:\/\/inspectornocturno.com.mx\/","name":"Inspector Nocturno","description":"Canc\u00fan, noticias al minuto del inspector nocturno","publisher":{"@id":"https:\/\/inspectornocturno.com.mx\/#\/schema\/person\/63eb343fea17271215b1dd2793b27897"},"alternateName":"Noticias de impacto al momento de los hechos","potentialAction":[{"@type":"SearchAction","target":{"@type":"EntryPoint","urlTemplate":"https:\/\/inspectornocturno.com.mx\/?s={search_term_string}"},"query-input":{"@type":"PropertyValueSpecification","valueRequired":true,"valueName":"search_term_string"}}],"inLanguage":"es"},{"@type":["Person","Organization"],"@id":"https:\/\/inspectornocturno.com.mx\/#\/schema\/person\/63eb343fea17271215b1dd2793b27897","name":"Inspector Nocturno","image":{"@type":"ImageObject","inLanguage":"es","@id":"https:\/\/inspectornocturno.com.mx\/wp-content\/uploads\/2021\/10\/logo-transparente.png","url":"https:\/\/inspectornocturno.com.mx\/wp-content\/uploads\/2021\/10\/logo-transparente.png","contentUrl":"https:\/\/inspectornocturno.com.mx\/wp-content\/uploads\/2021\/10\/logo-transparente.png","width":561,"height":668,"caption":"Inspector Nocturno"},"logo":{"@id":"https:\/\/inspectornocturno.com.mx\/wp-content\/uploads\/2021\/10\/logo-transparente.png"},"sameAs":["http:\/\/inspectornocturno.com.mx"]},{"@type":"Person","@id":"https:\/\/inspectornocturno.com.mx\/#\/schema\/person\/7dc0a76c90dafd204473535370236590","name":"inspector nocturno, noticias al momento, noticias de ultima hora, informando al minuto","sameAs":["https:\/\/inspectornocturno.com.mx"]}]}},"views":309,"_links":{"self":[{"href":"https:\/\/inspectornocturno.com.mx\/index.php?rest_route=\/wp\/v2\/posts\/82491","targetHints":{"allow":["GET"]}}],"collection":[{"href":"https:\/\/inspectornocturno.com.mx\/index.php?rest_route=\/wp\/v2\/posts"}],"about":[{"href":"https:\/\/inspectornocturno.com.mx\/index.php?rest_route=\/wp\/v2\/types\/post"}],"author":[{"embeddable":true,"href":"https:\/\/inspectornocturno.com.mx\/index.php?rest_route=\/wp\/v2\/users\/1"}],"replies":[{"embeddable":true,"href":"https:\/\/inspectornocturno.com.mx\/index.php?rest_route=%2Fwp%2Fv2%2Fcomments&post=82491"}],"version-history":[{"count":1,"href":"https:\/\/inspectornocturno.com.mx\/index.php?rest_route=\/wp\/v2\/posts\/82491\/revisions"}],"predecessor-version":[{"id":82493,"href":"https:\/\/inspectornocturno.com.mx\/index.php?rest_route=\/wp\/v2\/posts\/82491\/revisions\/82493"}],"wp:featuredmedia":[{"embeddable":true,"href":"https:\/\/inspectornocturno.com.mx\/index.php?rest_route=\/wp\/v2\/media\/82492"}],"wp:attachment":[{"href":"https:\/\/inspectornocturno.com.mx\/index.php?rest_route=%2Fwp%2Fv2%2Fmedia&parent=82491"}],"wp:term":[{"taxonomy":"category","embeddable":true,"href":"https:\/\/inspectornocturno.com.mx\/index.php?rest_route=%2Fwp%2Fv2%2Fcategories&post=82491"},{"taxonomy":"post_tag","embeddable":true,"href":"https:\/\/inspectornocturno.com.mx\/index.php?rest_route=%2Fwp%2Fv2%2Ftags&post=82491"}],"curies":[{"name":"wp","href":"https:\/\/api.w.org\/{rel}","templated":true}]}}