{"id":82419,"date":"2025-02-09T17:21:10","date_gmt":"2025-02-09T22:21:10","guid":{"rendered":"https:\/\/inspectornocturno.com.mx\/?p=82419"},"modified":"2025-02-09T17:21:11","modified_gmt":"2025-02-09T22:21:11","slug":"promueve-ana-paty-peralta-paseo-cancunense-para-hacer-comunidad","status":"publish","type":"post","link":"https:\/\/inspectornocturno.com.mx\/?p=82419","title":{"rendered":"PROMUEVE ANA PATY PERALTA \u201cPASEO CANCUNENSE\u201d PARA HACER COMUNIDAD"},"content":{"rendered":"\n<p>\ud83d\udd3aLa ciudadan\u00eda particip\u00f3 en bicicletas, caminatas y transporte no motorizado en un recorrido de 3.5 km.<\/p>\n\n\n\n<p>Canc\u00fan.- La Presidenta Municipal Ana Paty Peralta encabez\u00f3 el \u201cPaseo Cancunense\u201d junto a la gobernadora, Mara Lezama, con el objetivo primordial de fomentar la cohesi\u00f3n social y comunitaria, para consolidar una nueva tradici\u00f3n urbana en Canc\u00fan.<\/p>\n\n\n\n<p>\u201cEstamos en la primera edici\u00f3n del Paseo Cancunense, una v\u00eda para que puedan disfrutar en familia, para que los domingos podamos salir a caminar, a rodar en bici, a correr, pero sobre todo a hacer comunidad\u201d, afirm\u00f3 durante su intervenci\u00f3n en este evento deportivo.<\/p>\n\n\n\n<p>Como parte de los esfuerzos por seguir haciendo de Canc\u00fan la mejor ciudad, coment\u00f3 que se busca construir una cultura ciudadana, ya que se incentiva el respeto por las normas viales, la convivencia arm\u00f3nica y el cuidado del espacio p\u00fablico, formando una ciudadan\u00eda m\u00e1s consciente y participativa.<\/p>\n\n\n\n<p>La Primera Autoridad Municipal explic\u00f3 que el recorrido se llev\u00f3 a cabo desde las 7:00 hasta las 12:00 horas, en el centro de la ciudad, tomando en cuenta que la ruta recreativa abarc\u00f3 las avenidas Bonampak, Nader y Uxmal.<\/p>\n\n\n\n<p>Ana Paty Peralta resalt\u00f3 que tambi\u00e9n permitir\u00e1 recuperar el espacio p\u00fablico al convertir las calles en sitios para el disfrute colectivo, reforzando el sentido de pertenencia ciudadana y generando un entorno m\u00e1s humano y amigable.<\/p>\n\n\n\n<p>En el mismo sentido, la Gobernadora Mara Lezama felicit\u00f3 al Municipio de Benito Ju\u00e1rez por impulsar este tipo de actividades que simbolizan el recuperar los espacios p\u00fablicos y hacer deporte en comunidad, adem\u00e1s de inculcar el deporte para que se quede como un valor inherente a las ni\u00f1as y ni\u00f1os, para que sepan que es parte de su salud.<\/p>\n\n\n\n<p>A lo largo de las tres arterias, los asistentes encontraron una amplia oferta cultural y art\u00edstica, diversidad de opciones gastron\u00f3micas y bazar de emprendedores, que degustaron a los cancunenses que pasearon en bicicleta, patines, corriendo o paseando con sus mascotas, durante toda la jornada de la actividad.<\/p>\n","protected":false},"excerpt":{"rendered":"<p>\ud83d\udd3aLa ciudadan\u00eda particip\u00f3 en bicicletas, caminatas y transporte no motorizado en un recorrido de 3.5 km. Canc\u00fan.- La Presidenta Municipal Ana Paty Peralta encabez\u00f3 el \u201cPaseo Cancunense\u201d junto a la gobernadora, Mara Lezama, con el objetivo primordial de fomentar la cohesi\u00f3n social y comunitaria, para consolidar una nueva tradici\u00f3n urbana en Canc\u00fan. \u201cEstamos en la [&hellip;]<\/p>\n","protected":false},"author":1,"featured_media":82420,"comment_status":"closed","ping_status":"closed","sticky":false,"template":"","format":"standard","meta":{"footnotes":"","_wpscppro_dont_share_socialmedia":false,"_wpscppro_custom_social_share_image":0,"_facebook_share_type":"default","_twitter_share_type":"default","_linkedin_share_type":"default","_pinterest_share_type":"default","_linkedin_share_type_page":"","_instagram_share_type":"default","_medium_share_type":"","_threads_share_type":"","_google_business_share_type":"","_selected_social_profile":[],"_wpsp_enable_custom_social_template":false,"_wpsp_social_scheduling":{"enabled":false,"datetime":null,"platforms":[],"status":"template_only","dateOption":"today","timeOption":"now","customDays":"","customHours":"","customDate":"","customTime":"","schedulingType":"absolute"},"_wpsp_active_default_template":true},"categories":[57,69,3],"tags":[],"class_list":["post-82419","post","type-post","status-publish","format-standard","has-post-thumbnail","hentry","category-cancun","category-politica","category-quintana-roo"],"yoast_head":"<!-- This site is optimized with the Yoast SEO plugin v27.4 - https:\/\/yoast.com\/product\/yoast-seo-wordpress\/ -->\n<title>PROMUEVE ANA PATY PERALTA \u201cPASEO CANCUNENSE\u201d PARA HACER COMUNIDAD - Inspector Nocturno<\/title>\n<meta name=\"robots\" content=\"index, follow, max-snippet:-1, max-image-preview:large, max-video-preview:-1\" \/>\n<link rel=\"canonical\" href=\"https:\/\/inspectornocturno.com.mx\/?p=82419\" \/>\n<meta property=\"og:locale\" content=\"es_ES\" \/>\n<meta property=\"og:type\" content=\"article\" \/>\n<meta property=\"og:title\" content=\"PROMUEVE ANA PATY PERALTA \u201cPASEO CANCUNENSE\u201d PARA HACER COMUNIDAD - Inspector Nocturno\" \/>\n<meta property=\"og:description\" content=\"\ud83d\udd3aLa ciudadan\u00eda particip\u00f3 en bicicletas, caminatas y transporte no motorizado en un recorrido de 3.5 km. Canc\u00fan.- La Presidenta Municipal Ana Paty Peralta encabez\u00f3 el \u201cPaseo Cancunense\u201d junto a la gobernadora, Mara Lezama, con el objetivo primordial de fomentar la cohesi\u00f3n social y comunitaria, para consolidar una nueva tradici\u00f3n urbana en Canc\u00fan. \u201cEstamos en la [&hellip;]\" \/>\n<meta property=\"og:url\" content=\"https:\/\/inspectornocturno.com.mx\/?p=82419\" \/>\n<meta property=\"og:site_name\" content=\"Inspector Nocturno\" \/>\n<meta property=\"article:published_time\" content=\"2025-02-09T22:21:10+00:00\" \/>\n<meta property=\"article:modified_time\" content=\"2025-02-09T22:21:11+00:00\" \/>\n<meta property=\"og:image\" content=\"https:\/\/inspectornocturno.com.mx\/wp-content\/uploads\/2025\/02\/IMG-20250209-WA0009-scaled.jpg\" \/>\n\t<meta property=\"og:image:width\" content=\"900\" \/>\n\t<meta property=\"og:image:height\" content=\"600\" \/>\n\t<meta property=\"og:image:type\" content=\"image\/jpeg\" \/>\n<meta name=\"author\" content=\"inspector nocturno, noticias al momento, noticias de ultima hora, informando al minuto\" \/>\n<meta name=\"twitter:card\" content=\"summary_large_image\" \/>\n<script type=\"application\/ld+json\" class=\"yoast-schema-graph\">{\"@context\":\"https:\\\/\\\/schema.org\",\"@graph\":[{\"@type\":\"Article\",\"@id\":\"https:\\\/\\\/inspectornocturno.com.mx\\\/?p=82419#article\",\"isPartOf\":{\"@id\":\"https:\\\/\\\/inspectornocturno.com.mx\\\/?p=82419\"},\"author\":{\"name\":\"inspector nocturno, noticias al momento, noticias de ultima hora, informando al minuto\",\"@id\":\"https:\\\/\\\/inspectornocturno.com.mx\\\/#\\\/schema\\\/person\\\/7dc0a76c90dafd204473535370236590\"},\"headline\":\"PROMUEVE ANA PATY PERALTA \u201cPASEO CANCUNENSE\u201d PARA HACER COMUNIDAD\",\"datePublished\":\"2025-02-09T22:21:10+00:00\",\"dateModified\":\"2025-02-09T22:21:11+00:00\",\"mainEntityOfPage\":{\"@id\":\"https:\\\/\\\/inspectornocturno.com.mx\\\/?p=82419\"},\"wordCount\":353,\"publisher\":{\"@id\":\"https:\\\/\\\/inspectornocturno.com.mx\\\/#\\\/schema\\\/person\\\/63eb343fea17271215b1dd2793b27897\"},\"image\":{\"@id\":\"https:\\\/\\\/inspectornocturno.com.mx\\\/?p=82419#primaryimage\"},\"thumbnailUrl\":\"https:\\\/\\\/inspectornocturno.com.mx\\\/wp-content\\\/uploads\\\/2025\\\/02\\\/IMG-20250209-WA0009-scaled.jpg\",\"articleSection\":[\"Canc\u00fan\",\"Pol\u00edtica\",\"Quintana Roo\"],\"inLanguage\":\"es\"},{\"@type\":\"WebPage\",\"@id\":\"https:\\\/\\\/inspectornocturno.com.mx\\\/?p=82419\",\"url\":\"https:\\\/\\\/inspectornocturno.com.mx\\\/?p=82419\",\"name\":\"PROMUEVE ANA PATY PERALTA \u201cPASEO CANCUNENSE\u201d PARA HACER COMUNIDAD - Inspector Nocturno\",\"isPartOf\":{\"@id\":\"https:\\\/\\\/inspectornocturno.com.mx\\\/#website\"},\"primaryImageOfPage\":{\"@id\":\"https:\\\/\\\/inspectornocturno.com.mx\\\/?p=82419#primaryimage\"},\"image\":{\"@id\":\"https:\\\/\\\/inspectornocturno.com.mx\\\/?p=82419#primaryimage\"},\"thumbnailUrl\":\"https:\\\/\\\/inspectornocturno.com.mx\\\/wp-content\\\/uploads\\\/2025\\\/02\\\/IMG-20250209-WA0009-scaled.jpg\",\"datePublished\":\"2025-02-09T22:21:10+00:00\",\"dateModified\":\"2025-02-09T22:21:11+00:00\",\"breadcrumb\":{\"@id\":\"https:\\\/\\\/inspectornocturno.com.mx\\\/?p=82419#breadcrumb\"},\"inLanguage\":\"es\",\"potentialAction\":[{\"@type\":\"ReadAction\",\"target\":[\"https:\\\/\\\/inspectornocturno.com.mx\\\/?p=82419\"]}]},{\"@type\":\"ImageObject\",\"inLanguage\":\"es\",\"@id\":\"https:\\\/\\\/inspectornocturno.com.mx\\\/?p=82419#primaryimage\",\"url\":\"https:\\\/\\\/inspectornocturno.com.mx\\\/wp-content\\\/uploads\\\/2025\\\/02\\\/IMG-20250209-WA0009-scaled.jpg\",\"contentUrl\":\"https:\\\/\\\/inspectornocturno.com.mx\\\/wp-content\\\/uploads\\\/2025\\\/02\\\/IMG-20250209-WA0009-scaled.jpg\",\"width\":900,\"height\":600},{\"@type\":\"BreadcrumbList\",\"@id\":\"https:\\\/\\\/inspectornocturno.com.mx\\\/?p=82419#breadcrumb\",\"itemListElement\":[{\"@type\":\"ListItem\",\"position\":1,\"name\":\"Portada\",\"item\":\"https:\\\/\\\/inspectornocturno.com.mx\\\/\"},{\"@type\":\"ListItem\",\"position\":2,\"name\":\"PROMUEVE ANA PATY PERALTA \u201cPASEO CANCUNENSE\u201d PARA HACER COMUNIDAD\"}]},{\"@type\":\"WebSite\",\"@id\":\"https:\\\/\\\/inspectornocturno.com.mx\\\/#website\",\"url\":\"https:\\\/\\\/inspectornocturno.com.mx\\\/\",\"name\":\"Inspector Nocturno\",\"description\":\"Canc\u00fan, noticias al minuto del inspector nocturno\",\"publisher\":{\"@id\":\"https:\\\/\\\/inspectornocturno.com.mx\\\/#\\\/schema\\\/person\\\/63eb343fea17271215b1dd2793b27897\"},\"alternateName\":\"Noticias de impacto al momento de los hechos\",\"potentialAction\":[{\"@type\":\"SearchAction\",\"target\":{\"@type\":\"EntryPoint\",\"urlTemplate\":\"https:\\\/\\\/inspectornocturno.com.mx\\\/?s={search_term_string}\"},\"query-input\":{\"@type\":\"PropertyValueSpecification\",\"valueRequired\":true,\"valueName\":\"search_term_string\"}}],\"inLanguage\":\"es\"},{\"@type\":[\"Person\",\"Organization\"],\"@id\":\"https:\\\/\\\/inspectornocturno.com.mx\\\/#\\\/schema\\\/person\\\/63eb343fea17271215b1dd2793b27897\",\"name\":\"Inspector Nocturno\",\"image\":{\"@type\":\"ImageObject\",\"inLanguage\":\"es\",\"@id\":\"https:\\\/\\\/inspectornocturno.com.mx\\\/wp-content\\\/uploads\\\/2021\\\/10\\\/logo-transparente.png\",\"url\":\"https:\\\/\\\/inspectornocturno.com.mx\\\/wp-content\\\/uploads\\\/2021\\\/10\\\/logo-transparente.png\",\"contentUrl\":\"https:\\\/\\\/inspectornocturno.com.mx\\\/wp-content\\\/uploads\\\/2021\\\/10\\\/logo-transparente.png\",\"width\":561,\"height\":668,\"caption\":\"Inspector Nocturno\"},\"logo\":{\"@id\":\"https:\\\/\\\/inspectornocturno.com.mx\\\/wp-content\\\/uploads\\\/2021\\\/10\\\/logo-transparente.png\"},\"sameAs\":[\"http:\\\/\\\/inspectornocturno.com.mx\"]},{\"@type\":\"Person\",\"@id\":\"https:\\\/\\\/inspectornocturno.com.mx\\\/#\\\/schema\\\/person\\\/7dc0a76c90dafd204473535370236590\",\"name\":\"inspector nocturno, noticias al momento, noticias de ultima hora, informando al minuto\",\"sameAs\":[\"https:\\\/\\\/inspectornocturno.com.mx\"]}]}<\/script>\n<!-- \/ Yoast SEO plugin. -->","yoast_head_json":{"title":"PROMUEVE ANA PATY PERALTA \u201cPASEO CANCUNENSE\u201d PARA HACER COMUNIDAD - Inspector Nocturno","robots":{"index":"index","follow":"follow","max-snippet":"max-snippet:-1","max-image-preview":"max-image-preview:large","max-video-preview":"max-video-preview:-1"},"canonical":"https:\/\/inspectornocturno.com.mx\/?p=82419","og_locale":"es_ES","og_type":"article","og_title":"PROMUEVE ANA PATY PERALTA \u201cPASEO CANCUNENSE\u201d PARA HACER COMUNIDAD - Inspector Nocturno","og_description":"\ud83d\udd3aLa ciudadan\u00eda particip\u00f3 en bicicletas, caminatas y transporte no motorizado en un recorrido de 3.5 km. Canc\u00fan.- La Presidenta Municipal Ana Paty Peralta encabez\u00f3 el \u201cPaseo Cancunense\u201d junto a la gobernadora, Mara Lezama, con el objetivo primordial de fomentar la cohesi\u00f3n social y comunitaria, para consolidar una nueva tradici\u00f3n urbana en Canc\u00fan. \u201cEstamos en la [&hellip;]","og_url":"https:\/\/inspectornocturno.com.mx\/?p=82419","og_site_name":"Inspector Nocturno","article_published_time":"2025-02-09T22:21:10+00:00","article_modified_time":"2025-02-09T22:21:11+00:00","og_image":[{"width":900,"height":600,"url":"https:\/\/inspectornocturno.com.mx\/wp-content\/uploads\/2025\/02\/IMG-20250209-WA0009-scaled.jpg","type":"image\/jpeg"}],"author":"inspector nocturno, noticias al momento, noticias de ultima hora, informando al minuto","twitter_card":"summary_large_image","schema":{"@context":"https:\/\/schema.org","@graph":[{"@type":"Article","@id":"https:\/\/inspectornocturno.com.mx\/?p=82419#article","isPartOf":{"@id":"https:\/\/inspectornocturno.com.mx\/?p=82419"},"author":{"name":"inspector nocturno, noticias al momento, noticias de ultima hora, informando al minuto","@id":"https:\/\/inspectornocturno.com.mx\/#\/schema\/person\/7dc0a76c90dafd204473535370236590"},"headline":"PROMUEVE ANA PATY PERALTA \u201cPASEO CANCUNENSE\u201d PARA HACER COMUNIDAD","datePublished":"2025-02-09T22:21:10+00:00","dateModified":"2025-02-09T22:21:11+00:00","mainEntityOfPage":{"@id":"https:\/\/inspectornocturno.com.mx\/?p=82419"},"wordCount":353,"publisher":{"@id":"https:\/\/inspectornocturno.com.mx\/#\/schema\/person\/63eb343fea17271215b1dd2793b27897"},"image":{"@id":"https:\/\/inspectornocturno.com.mx\/?p=82419#primaryimage"},"thumbnailUrl":"https:\/\/inspectornocturno.com.mx\/wp-content\/uploads\/2025\/02\/IMG-20250209-WA0009-scaled.jpg","articleSection":["Canc\u00fan","Pol\u00edtica","Quintana Roo"],"inLanguage":"es"},{"@type":"WebPage","@id":"https:\/\/inspectornocturno.com.mx\/?p=82419","url":"https:\/\/inspectornocturno.com.mx\/?p=82419","name":"PROMUEVE ANA PATY PERALTA \u201cPASEO CANCUNENSE\u201d PARA HACER COMUNIDAD - Inspector Nocturno","isPartOf":{"@id":"https:\/\/inspectornocturno.com.mx\/#website"},"primaryImageOfPage":{"@id":"https:\/\/inspectornocturno.com.mx\/?p=82419#primaryimage"},"image":{"@id":"https:\/\/inspectornocturno.com.mx\/?p=82419#primaryimage"},"thumbnailUrl":"https:\/\/inspectornocturno.com.mx\/wp-content\/uploads\/2025\/02\/IMG-20250209-WA0009-scaled.jpg","datePublished":"2025-02-09T22:21:10+00:00","dateModified":"2025-02-09T22:21:11+00:00","breadcrumb":{"@id":"https:\/\/inspectornocturno.com.mx\/?p=82419#breadcrumb"},"inLanguage":"es","potentialAction":[{"@type":"ReadAction","target":["https:\/\/inspectornocturno.com.mx\/?p=82419"]}]},{"@type":"ImageObject","inLanguage":"es","@id":"https:\/\/inspectornocturno.com.mx\/?p=82419#primaryimage","url":"https:\/\/inspectornocturno.com.mx\/wp-content\/uploads\/2025\/02\/IMG-20250209-WA0009-scaled.jpg","contentUrl":"https:\/\/inspectornocturno.com.mx\/wp-content\/uploads\/2025\/02\/IMG-20250209-WA0009-scaled.jpg","width":900,"height":600},{"@type":"BreadcrumbList","@id":"https:\/\/inspectornocturno.com.mx\/?p=82419#breadcrumb","itemListElement":[{"@type":"ListItem","position":1,"name":"Portada","item":"https:\/\/inspectornocturno.com.mx\/"},{"@type":"ListItem","position":2,"name":"PROMUEVE ANA PATY PERALTA \u201cPASEO CANCUNENSE\u201d PARA HACER COMUNIDAD"}]},{"@type":"WebSite","@id":"https:\/\/inspectornocturno.com.mx\/#website","url":"https:\/\/inspectornocturno.com.mx\/","name":"Inspector Nocturno","description":"Canc\u00fan, noticias al minuto del inspector nocturno","publisher":{"@id":"https:\/\/inspectornocturno.com.mx\/#\/schema\/person\/63eb343fea17271215b1dd2793b27897"},"alternateName":"Noticias de impacto al momento de los hechos","potentialAction":[{"@type":"SearchAction","target":{"@type":"EntryPoint","urlTemplate":"https:\/\/inspectornocturno.com.mx\/?s={search_term_string}"},"query-input":{"@type":"PropertyValueSpecification","valueRequired":true,"valueName":"search_term_string"}}],"inLanguage":"es"},{"@type":["Person","Organization"],"@id":"https:\/\/inspectornocturno.com.mx\/#\/schema\/person\/63eb343fea17271215b1dd2793b27897","name":"Inspector Nocturno","image":{"@type":"ImageObject","inLanguage":"es","@id":"https:\/\/inspectornocturno.com.mx\/wp-content\/uploads\/2021\/10\/logo-transparente.png","url":"https:\/\/inspectornocturno.com.mx\/wp-content\/uploads\/2021\/10\/logo-transparente.png","contentUrl":"https:\/\/inspectornocturno.com.mx\/wp-content\/uploads\/2021\/10\/logo-transparente.png","width":561,"height":668,"caption":"Inspector Nocturno"},"logo":{"@id":"https:\/\/inspectornocturno.com.mx\/wp-content\/uploads\/2021\/10\/logo-transparente.png"},"sameAs":["http:\/\/inspectornocturno.com.mx"]},{"@type":"Person","@id":"https:\/\/inspectornocturno.com.mx\/#\/schema\/person\/7dc0a76c90dafd204473535370236590","name":"inspector nocturno, noticias al momento, noticias de ultima hora, informando al minuto","sameAs":["https:\/\/inspectornocturno.com.mx"]}]}},"views":266,"_links":{"self":[{"href":"https:\/\/inspectornocturno.com.mx\/index.php?rest_route=\/wp\/v2\/posts\/82419","targetHints":{"allow":["GET"]}}],"collection":[{"href":"https:\/\/inspectornocturno.com.mx\/index.php?rest_route=\/wp\/v2\/posts"}],"about":[{"href":"https:\/\/inspectornocturno.com.mx\/index.php?rest_route=\/wp\/v2\/types\/post"}],"author":[{"embeddable":true,"href":"https:\/\/inspectornocturno.com.mx\/index.php?rest_route=\/wp\/v2\/users\/1"}],"replies":[{"embeddable":true,"href":"https:\/\/inspectornocturno.com.mx\/index.php?rest_route=%2Fwp%2Fv2%2Fcomments&post=82419"}],"version-history":[{"count":2,"href":"https:\/\/inspectornocturno.com.mx\/index.php?rest_route=\/wp\/v2\/posts\/82419\/revisions"}],"predecessor-version":[{"id":82422,"href":"https:\/\/inspectornocturno.com.mx\/index.php?rest_route=\/wp\/v2\/posts\/82419\/revisions\/82422"}],"wp:featuredmedia":[{"embeddable":true,"href":"https:\/\/inspectornocturno.com.mx\/index.php?rest_route=\/wp\/v2\/media\/82420"}],"wp:attachment":[{"href":"https:\/\/inspectornocturno.com.mx\/index.php?rest_route=%2Fwp%2Fv2%2Fmedia&parent=82419"}],"wp:term":[{"taxonomy":"category","embeddable":true,"href":"https:\/\/inspectornocturno.com.mx\/index.php?rest_route=%2Fwp%2Fv2%2Fcategories&post=82419"},{"taxonomy":"post_tag","embeddable":true,"href":"https:\/\/inspectornocturno.com.mx\/index.php?rest_route=%2Fwp%2Fv2%2Ftags&post=82419"}],"curies":[{"name":"wp","href":"https:\/\/api.w.org\/{rel}","templated":true}]}}