{"id":82340,"date":"2025-02-08T12:02:37","date_gmt":"2025-02-08T17:02:37","guid":{"rendered":"https:\/\/inspectornocturno.com.mx\/?p=82340"},"modified":"2025-02-08T12:02:38","modified_gmt":"2025-02-08T17:02:38","slug":"capturan-a-hombre-acusado-de-quemar-a-nino-en-villas-del-sol","status":"publish","type":"post","link":"https:\/\/inspectornocturno.com.mx\/?p=82340","title":{"rendered":"CAPTURAN A HOMBRE ACUSADO DE QUEMAR A NI\u00d1O EN VILLAS DEL SOL"},"content":{"rendered":"\n<p>\ud83d\udd3a\ufe0f Agentes ministeriales cumplieron una orden de aprehensi\u00f3n contra Jos\u00e9 Alberto &#8220;N&#8221;, qui\u00e9n es se\u00f1alado de provocar lesiones graves contra un menor que est\u00e1 bajo resguardo del DIF<\/p>\n\n\n\n<p>Un hombre identificado como Jos\u00e9 Alberto \u201cN\u201d fue detenido en Solidaridad por presuntamente agredir a un menor de edad, a quien habr\u00eda causado quemaduras con un encendedor, adem\u00e1s de otras heridas en el cuerpo.<\/p>\n\n\n\n<p>Los hechos ocurrieron el 5 de febrero en un domicilio del fraccionamiento Villas del Sol, donde el agresor aprovech\u00f3 su cercan\u00eda con el ni\u00f1o para atacarlo.<\/p>\n\n\n\n<p>Gracias a un reporte al 911, elementos del Grupo Especializado de Atenci\u00f3n a la Violencia Familiar y de G\u00e9nero (Geavig) lograron rescatar al menor, quien fue resguardado en la Casa de Asistencia Temporal del DIF.<\/p>\n\n\n\n<p>Luego de las investigaciones, las autoridades obtuvieron una orden de aprehensi\u00f3n contra Jos\u00e9 Alberto \u201cN\u201d, quien fue capturado con apoyo de la Polic\u00eda Municipal de Solidaridad. Ahora, ser\u00e1 un juez quien determine su situaci\u00f3n legal.<\/p>\n","protected":false},"excerpt":{"rendered":"<p>\ud83d\udd3a\ufe0f Agentes ministeriales cumplieron una orden de aprehensi\u00f3n contra Jos\u00e9 Alberto &#8220;N&#8221;, qui\u00e9n es se\u00f1alado de provocar lesiones graves contra un menor que est\u00e1 bajo resguardo del DIF Un hombre identificado como Jos\u00e9 Alberto \u201cN\u201d fue detenido en Solidaridad por presuntamente agredir a un menor de edad, a quien habr\u00eda causado quemaduras con un encendedor, [&hellip;]<\/p>\n","protected":false},"author":9,"featured_media":82341,"comment_status":"closed","ping_status":"closed","sticky":false,"template":"","format":"standard","meta":{"footnotes":"","_wpscppro_dont_share_socialmedia":false,"_wpscppro_custom_social_share_image":0,"_facebook_share_type":"default","_twitter_share_type":"custom","_linkedin_share_type":"default","_pinterest_share_type":"default","_linkedin_share_type_page":"default","_instagram_share_type":"default","_medium_share_type":"","_threads_share_type":"","_google_business_share_type":"","_selected_social_profile":[{"id":753595702106742800,"platform":"twitter","platformKey":0,"name":"InspectorNocturnoOficial","thumbnail_url":"http:\/\/pbs.twimg.com\/profile_images\/869067525337862144\/lyGXp0kf_normal.jpg","share_type":"default"}],"_wpsp_enable_custom_social_template":false,"_wpsp_social_scheduling":{"enabled":false,"datetime":null,"platforms":[],"status":"template_only","dateOption":"today","timeOption":"now","customDays":"","customHours":"","customDate":"","customTime":"","schedulingType":"absolute"},"_wpsp_active_default_template":true},"categories":[50,3],"tags":[],"class_list":["post-82340","post","type-post","status-publish","format-standard","has-post-thumbnail","hentry","category-playa-del-carmen","category-quintana-roo"],"yoast_head":"<!-- This site is optimized with the Yoast SEO plugin v27.4 - https:\/\/yoast.com\/product\/yoast-seo-wordpress\/ -->\n<title>CAPTURAN A HOMBRE ACUSADO DE QUEMAR A NI\u00d1O EN VILLAS DEL SOL - Inspector Nocturno<\/title>\n<meta name=\"robots\" content=\"index, follow, max-snippet:-1, max-image-preview:large, max-video-preview:-1\" \/>\n<link rel=\"canonical\" href=\"https:\/\/inspectornocturno.com.mx\/?p=82340\" \/>\n<meta property=\"og:locale\" content=\"es_ES\" \/>\n<meta property=\"og:type\" content=\"article\" \/>\n<meta property=\"og:title\" content=\"CAPTURAN A HOMBRE ACUSADO DE QUEMAR A NI\u00d1O EN VILLAS DEL SOL - Inspector Nocturno\" \/>\n<meta property=\"og:description\" content=\"\ud83d\udd3a\ufe0f Agentes ministeriales cumplieron una orden de aprehensi\u00f3n contra Jos\u00e9 Alberto &#8220;N&#8221;, qui\u00e9n es se\u00f1alado de provocar lesiones graves contra un menor que est\u00e1 bajo resguardo del DIF Un hombre identificado como Jos\u00e9 Alberto \u201cN\u201d fue detenido en Solidaridad por presuntamente agredir a un menor de edad, a quien habr\u00eda causado quemaduras con un encendedor, [&hellip;]\" \/>\n<meta property=\"og:url\" content=\"https:\/\/inspectornocturno.com.mx\/?p=82340\" \/>\n<meta property=\"og:site_name\" content=\"Inspector Nocturno\" \/>\n<meta property=\"article:published_time\" content=\"2025-02-08T17:02:37+00:00\" \/>\n<meta property=\"article:modified_time\" content=\"2025-02-08T17:02:38+00:00\" \/>\n<meta property=\"og:image\" content=\"https:\/\/inspectornocturno.com.mx\/wp-content\/uploads\/2025\/02\/IMG-20250208-WA0051-scaled.jpg\" \/>\n\t<meta property=\"og:image:width\" content=\"695\" \/>\n\t<meta property=\"og:image:height\" content=\"900\" \/>\n\t<meta property=\"og:image:type\" content=\"image\/jpeg\" \/>\n<meta name=\"author\" content=\"Inspector Nocturno\" \/>\n<meta name=\"twitter:card\" content=\"summary_large_image\" \/>\n<script type=\"application\/ld+json\" class=\"yoast-schema-graph\">{\"@context\":\"https:\\\/\\\/schema.org\",\"@graph\":[{\"@type\":\"Article\",\"@id\":\"https:\\\/\\\/inspectornocturno.com.mx\\\/?p=82340#article\",\"isPartOf\":{\"@id\":\"https:\\\/\\\/inspectornocturno.com.mx\\\/?p=82340\"},\"author\":{\"name\":\"Inspector Nocturno\",\"@id\":\"https:\\\/\\\/inspectornocturno.com.mx\\\/#\\\/schema\\\/person\\\/e9418c22a987eae8f9a24e3f6f11b64a\"},\"headline\":\"CAPTURAN A HOMBRE ACUSADO DE QUEMAR A NI\u00d1O EN VILLAS DEL SOL\",\"datePublished\":\"2025-02-08T17:02:37+00:00\",\"dateModified\":\"2025-02-08T17:02:38+00:00\",\"mainEntityOfPage\":{\"@id\":\"https:\\\/\\\/inspectornocturno.com.mx\\\/?p=82340\"},\"wordCount\":180,\"publisher\":{\"@id\":\"https:\\\/\\\/inspectornocturno.com.mx\\\/#\\\/schema\\\/person\\\/63eb343fea17271215b1dd2793b27897\"},\"image\":{\"@id\":\"https:\\\/\\\/inspectornocturno.com.mx\\\/?p=82340#primaryimage\"},\"thumbnailUrl\":\"https:\\\/\\\/inspectornocturno.com.mx\\\/wp-content\\\/uploads\\\/2025\\\/02\\\/IMG-20250208-WA0051-scaled.jpg\",\"articleSection\":[\"Playa del Carmen\",\"Quintana Roo\"],\"inLanguage\":\"es\"},{\"@type\":\"WebPage\",\"@id\":\"https:\\\/\\\/inspectornocturno.com.mx\\\/?p=82340\",\"url\":\"https:\\\/\\\/inspectornocturno.com.mx\\\/?p=82340\",\"name\":\"CAPTURAN A HOMBRE ACUSADO DE QUEMAR A NI\u00d1O EN VILLAS DEL SOL - Inspector Nocturno\",\"isPartOf\":{\"@id\":\"https:\\\/\\\/inspectornocturno.com.mx\\\/#website\"},\"primaryImageOfPage\":{\"@id\":\"https:\\\/\\\/inspectornocturno.com.mx\\\/?p=82340#primaryimage\"},\"image\":{\"@id\":\"https:\\\/\\\/inspectornocturno.com.mx\\\/?p=82340#primaryimage\"},\"thumbnailUrl\":\"https:\\\/\\\/inspectornocturno.com.mx\\\/wp-content\\\/uploads\\\/2025\\\/02\\\/IMG-20250208-WA0051-scaled.jpg\",\"datePublished\":\"2025-02-08T17:02:37+00:00\",\"dateModified\":\"2025-02-08T17:02:38+00:00\",\"breadcrumb\":{\"@id\":\"https:\\\/\\\/inspectornocturno.com.mx\\\/?p=82340#breadcrumb\"},\"inLanguage\":\"es\",\"potentialAction\":[{\"@type\":\"ReadAction\",\"target\":[\"https:\\\/\\\/inspectornocturno.com.mx\\\/?p=82340\"]}]},{\"@type\":\"ImageObject\",\"inLanguage\":\"es\",\"@id\":\"https:\\\/\\\/inspectornocturno.com.mx\\\/?p=82340#primaryimage\",\"url\":\"https:\\\/\\\/inspectornocturno.com.mx\\\/wp-content\\\/uploads\\\/2025\\\/02\\\/IMG-20250208-WA0051-scaled.jpg\",\"contentUrl\":\"https:\\\/\\\/inspectornocturno.com.mx\\\/wp-content\\\/uploads\\\/2025\\\/02\\\/IMG-20250208-WA0051-scaled.jpg\",\"width\":695,\"height\":900},{\"@type\":\"BreadcrumbList\",\"@id\":\"https:\\\/\\\/inspectornocturno.com.mx\\\/?p=82340#breadcrumb\",\"itemListElement\":[{\"@type\":\"ListItem\",\"position\":1,\"name\":\"Portada\",\"item\":\"https:\\\/\\\/inspectornocturno.com.mx\\\/\"},{\"@type\":\"ListItem\",\"position\":2,\"name\":\"CAPTURAN A HOMBRE ACUSADO DE QUEMAR A NI\u00d1O EN VILLAS DEL SOL\"}]},{\"@type\":\"WebSite\",\"@id\":\"https:\\\/\\\/inspectornocturno.com.mx\\\/#website\",\"url\":\"https:\\\/\\\/inspectornocturno.com.mx\\\/\",\"name\":\"Inspector Nocturno\",\"description\":\"Canc\u00fan, noticias al minuto del inspector nocturno\",\"publisher\":{\"@id\":\"https:\\\/\\\/inspectornocturno.com.mx\\\/#\\\/schema\\\/person\\\/63eb343fea17271215b1dd2793b27897\"},\"alternateName\":\"Noticias de impacto al momento de los hechos\",\"potentialAction\":[{\"@type\":\"SearchAction\",\"target\":{\"@type\":\"EntryPoint\",\"urlTemplate\":\"https:\\\/\\\/inspectornocturno.com.mx\\\/?s={search_term_string}\"},\"query-input\":{\"@type\":\"PropertyValueSpecification\",\"valueRequired\":true,\"valueName\":\"search_term_string\"}}],\"inLanguage\":\"es\"},{\"@type\":[\"Person\",\"Organization\"],\"@id\":\"https:\\\/\\\/inspectornocturno.com.mx\\\/#\\\/schema\\\/person\\\/63eb343fea17271215b1dd2793b27897\",\"name\":\"Inspector Nocturno\",\"image\":{\"@type\":\"ImageObject\",\"inLanguage\":\"es\",\"@id\":\"https:\\\/\\\/inspectornocturno.com.mx\\\/wp-content\\\/uploads\\\/2021\\\/10\\\/logo-transparente.png\",\"url\":\"https:\\\/\\\/inspectornocturno.com.mx\\\/wp-content\\\/uploads\\\/2021\\\/10\\\/logo-transparente.png\",\"contentUrl\":\"https:\\\/\\\/inspectornocturno.com.mx\\\/wp-content\\\/uploads\\\/2021\\\/10\\\/logo-transparente.png\",\"width\":561,\"height\":668,\"caption\":\"Inspector Nocturno\"},\"logo\":{\"@id\":\"https:\\\/\\\/inspectornocturno.com.mx\\\/wp-content\\\/uploads\\\/2021\\\/10\\\/logo-transparente.png\"},\"sameAs\":[\"http:\\\/\\\/inspectornocturno.com.mx\"]},{\"@type\":\"Person\",\"@id\":\"https:\\\/\\\/inspectornocturno.com.mx\\\/#\\\/schema\\\/person\\\/e9418c22a987eae8f9a24e3f6f11b64a\",\"name\":\"Inspector Nocturno\"}]}<\/script>\n<!-- \/ Yoast SEO plugin. -->","yoast_head_json":{"title":"CAPTURAN A HOMBRE ACUSADO DE QUEMAR A NI\u00d1O EN VILLAS DEL SOL - Inspector Nocturno","robots":{"index":"index","follow":"follow","max-snippet":"max-snippet:-1","max-image-preview":"max-image-preview:large","max-video-preview":"max-video-preview:-1"},"canonical":"https:\/\/inspectornocturno.com.mx\/?p=82340","og_locale":"es_ES","og_type":"article","og_title":"CAPTURAN A HOMBRE ACUSADO DE QUEMAR A NI\u00d1O EN VILLAS DEL SOL - Inspector Nocturno","og_description":"\ud83d\udd3a\ufe0f Agentes ministeriales cumplieron una orden de aprehensi\u00f3n contra Jos\u00e9 Alberto &#8220;N&#8221;, qui\u00e9n es se\u00f1alado de provocar lesiones graves contra un menor que est\u00e1 bajo resguardo del DIF Un hombre identificado como Jos\u00e9 Alberto \u201cN\u201d fue detenido en Solidaridad por presuntamente agredir a un menor de edad, a quien habr\u00eda causado quemaduras con un encendedor, [&hellip;]","og_url":"https:\/\/inspectornocturno.com.mx\/?p=82340","og_site_name":"Inspector Nocturno","article_published_time":"2025-02-08T17:02:37+00:00","article_modified_time":"2025-02-08T17:02:38+00:00","og_image":[{"width":695,"height":900,"url":"https:\/\/inspectornocturno.com.mx\/wp-content\/uploads\/2025\/02\/IMG-20250208-WA0051-scaled.jpg","type":"image\/jpeg"}],"author":"Inspector Nocturno","twitter_card":"summary_large_image","schema":{"@context":"https:\/\/schema.org","@graph":[{"@type":"Article","@id":"https:\/\/inspectornocturno.com.mx\/?p=82340#article","isPartOf":{"@id":"https:\/\/inspectornocturno.com.mx\/?p=82340"},"author":{"name":"Inspector Nocturno","@id":"https:\/\/inspectornocturno.com.mx\/#\/schema\/person\/e9418c22a987eae8f9a24e3f6f11b64a"},"headline":"CAPTURAN A HOMBRE ACUSADO DE QUEMAR A NI\u00d1O EN VILLAS DEL SOL","datePublished":"2025-02-08T17:02:37+00:00","dateModified":"2025-02-08T17:02:38+00:00","mainEntityOfPage":{"@id":"https:\/\/inspectornocturno.com.mx\/?p=82340"},"wordCount":180,"publisher":{"@id":"https:\/\/inspectornocturno.com.mx\/#\/schema\/person\/63eb343fea17271215b1dd2793b27897"},"image":{"@id":"https:\/\/inspectornocturno.com.mx\/?p=82340#primaryimage"},"thumbnailUrl":"https:\/\/inspectornocturno.com.mx\/wp-content\/uploads\/2025\/02\/IMG-20250208-WA0051-scaled.jpg","articleSection":["Playa del Carmen","Quintana Roo"],"inLanguage":"es"},{"@type":"WebPage","@id":"https:\/\/inspectornocturno.com.mx\/?p=82340","url":"https:\/\/inspectornocturno.com.mx\/?p=82340","name":"CAPTURAN A HOMBRE ACUSADO DE QUEMAR A NI\u00d1O EN VILLAS DEL SOL - Inspector Nocturno","isPartOf":{"@id":"https:\/\/inspectornocturno.com.mx\/#website"},"primaryImageOfPage":{"@id":"https:\/\/inspectornocturno.com.mx\/?p=82340#primaryimage"},"image":{"@id":"https:\/\/inspectornocturno.com.mx\/?p=82340#primaryimage"},"thumbnailUrl":"https:\/\/inspectornocturno.com.mx\/wp-content\/uploads\/2025\/02\/IMG-20250208-WA0051-scaled.jpg","datePublished":"2025-02-08T17:02:37+00:00","dateModified":"2025-02-08T17:02:38+00:00","breadcrumb":{"@id":"https:\/\/inspectornocturno.com.mx\/?p=82340#breadcrumb"},"inLanguage":"es","potentialAction":[{"@type":"ReadAction","target":["https:\/\/inspectornocturno.com.mx\/?p=82340"]}]},{"@type":"ImageObject","inLanguage":"es","@id":"https:\/\/inspectornocturno.com.mx\/?p=82340#primaryimage","url":"https:\/\/inspectornocturno.com.mx\/wp-content\/uploads\/2025\/02\/IMG-20250208-WA0051-scaled.jpg","contentUrl":"https:\/\/inspectornocturno.com.mx\/wp-content\/uploads\/2025\/02\/IMG-20250208-WA0051-scaled.jpg","width":695,"height":900},{"@type":"BreadcrumbList","@id":"https:\/\/inspectornocturno.com.mx\/?p=82340#breadcrumb","itemListElement":[{"@type":"ListItem","position":1,"name":"Portada","item":"https:\/\/inspectornocturno.com.mx\/"},{"@type":"ListItem","position":2,"name":"CAPTURAN A HOMBRE ACUSADO DE QUEMAR A NI\u00d1O EN VILLAS DEL SOL"}]},{"@type":"WebSite","@id":"https:\/\/inspectornocturno.com.mx\/#website","url":"https:\/\/inspectornocturno.com.mx\/","name":"Inspector Nocturno","description":"Canc\u00fan, noticias al minuto del inspector nocturno","publisher":{"@id":"https:\/\/inspectornocturno.com.mx\/#\/schema\/person\/63eb343fea17271215b1dd2793b27897"},"alternateName":"Noticias de impacto al momento de los hechos","potentialAction":[{"@type":"SearchAction","target":{"@type":"EntryPoint","urlTemplate":"https:\/\/inspectornocturno.com.mx\/?s={search_term_string}"},"query-input":{"@type":"PropertyValueSpecification","valueRequired":true,"valueName":"search_term_string"}}],"inLanguage":"es"},{"@type":["Person","Organization"],"@id":"https:\/\/inspectornocturno.com.mx\/#\/schema\/person\/63eb343fea17271215b1dd2793b27897","name":"Inspector Nocturno","image":{"@type":"ImageObject","inLanguage":"es","@id":"https:\/\/inspectornocturno.com.mx\/wp-content\/uploads\/2021\/10\/logo-transparente.png","url":"https:\/\/inspectornocturno.com.mx\/wp-content\/uploads\/2021\/10\/logo-transparente.png","contentUrl":"https:\/\/inspectornocturno.com.mx\/wp-content\/uploads\/2021\/10\/logo-transparente.png","width":561,"height":668,"caption":"Inspector Nocturno"},"logo":{"@id":"https:\/\/inspectornocturno.com.mx\/wp-content\/uploads\/2021\/10\/logo-transparente.png"},"sameAs":["http:\/\/inspectornocturno.com.mx"]},{"@type":"Person","@id":"https:\/\/inspectornocturno.com.mx\/#\/schema\/person\/e9418c22a987eae8f9a24e3f6f11b64a","name":"Inspector Nocturno"}]}},"views":426,"_links":{"self":[{"href":"https:\/\/inspectornocturno.com.mx\/index.php?rest_route=\/wp\/v2\/posts\/82340","targetHints":{"allow":["GET"]}}],"collection":[{"href":"https:\/\/inspectornocturno.com.mx\/index.php?rest_route=\/wp\/v2\/posts"}],"about":[{"href":"https:\/\/inspectornocturno.com.mx\/index.php?rest_route=\/wp\/v2\/types\/post"}],"author":[{"embeddable":true,"href":"https:\/\/inspectornocturno.com.mx\/index.php?rest_route=\/wp\/v2\/users\/9"}],"replies":[{"embeddable":true,"href":"https:\/\/inspectornocturno.com.mx\/index.php?rest_route=%2Fwp%2Fv2%2Fcomments&post=82340"}],"version-history":[{"count":1,"href":"https:\/\/inspectornocturno.com.mx\/index.php?rest_route=\/wp\/v2\/posts\/82340\/revisions"}],"predecessor-version":[{"id":82342,"href":"https:\/\/inspectornocturno.com.mx\/index.php?rest_route=\/wp\/v2\/posts\/82340\/revisions\/82342"}],"wp:featuredmedia":[{"embeddable":true,"href":"https:\/\/inspectornocturno.com.mx\/index.php?rest_route=\/wp\/v2\/media\/82341"}],"wp:attachment":[{"href":"https:\/\/inspectornocturno.com.mx\/index.php?rest_route=%2Fwp%2Fv2%2Fmedia&parent=82340"}],"wp:term":[{"taxonomy":"category","embeddable":true,"href":"https:\/\/inspectornocturno.com.mx\/index.php?rest_route=%2Fwp%2Fv2%2Fcategories&post=82340"},{"taxonomy":"post_tag","embeddable":true,"href":"https:\/\/inspectornocturno.com.mx\/index.php?rest_route=%2Fwp%2Fv2%2Ftags&post=82340"}],"curies":[{"name":"wp","href":"https:\/\/api.w.org\/{rel}","templated":true}]}}