{"id":81846,"date":"2025-01-30T12:59:29","date_gmt":"2025-01-30T17:59:29","guid":{"rendered":"https:\/\/inspectornocturno.com.mx\/?p=81846"},"modified":"2025-01-30T12:59:30","modified_gmt":"2025-01-30T17:59:30","slug":"separan-de-sus-cargos-a-policias-involucrados-en-agresion-a-turistas","status":"publish","type":"post","link":"https:\/\/inspectornocturno.com.mx\/?p=81846","title":{"rendered":"SEPARAN DE SUS CARGOS A POLIC\u00cdAS INVOLUCRADOS EN AGRESI\u00d3N A TURISTAS\u00a0"},"content":{"rendered":"\n<p class=\"wp-block-paragraph\">\ud83d\udd3aLa Fiscal\u00eda General del Estado analiza los videos para determinar si el personal del hotel excedi\u00f3 la fuerza.<\/p>\n\n\n\n<p class=\"wp-block-paragraph\">Los polic\u00edas que se vieron involucrados en un tema de presunta agresi\u00f3n contra los hu\u00e9spedes del hotel Riu Caribe, fueron separados de sus funciones mientras se llevan a cabo las averiguaciones, confirm\u00f3 la presidenta municipal, Ana Paty Peralta.<\/p>\n\n\n\n<p class=\"wp-block-paragraph\">Luego de que a trav\u00e9s de las redes sociales se difundi\u00f3 los videos en los que se observ\u00f3 a un grupo de empleados de seguridad privada del hotel ubicado en la zona hotelera, estaba agrediendo a dos hombres y una mujer, las autoridades iniciaron las investigaciones.<\/p>\n\n\n\n<p class=\"wp-block-paragraph\">Como parte del esclarecimiento del caso, los elementos de la Polic\u00eda Tur\u00edstica que participaron en la detenci\u00f3n fueron separados de sus cargos, de igual forma la Fiscal\u00eda General del Estado analiza los videos para determinar si el personal del hotel excedi\u00f3 la fuerza.<\/p>\n\n\n\n<p class=\"wp-block-paragraph\">&#8220;Es fundamental que se hagan este tipo de videos y se proceda con la denuncia&#8221; explic\u00f3 Peralta de la Pe\u00f1a, pues esto permite tener un panorama de lo sucedido para aplicar las sanciones que corresponda.<\/p>\n\n\n\n<p class=\"wp-block-paragraph\">Del 2022 a la fecha se han removido a 147 elementos de la Secretar\u00eda Municipal de Seguridad Ciudadana y Tr\u00e1nsito, 42 han sido suspendidos y 13 arrestados.<\/p>\n","protected":false},"excerpt":{"rendered":"<p>\ud83d\udd3aLa Fiscal\u00eda General del Estado analiza los videos para determinar si el personal del hotel excedi\u00f3 la fuerza. Los polic\u00edas que se vieron involucrados en un tema de presunta agresi\u00f3n contra los hu\u00e9spedes del hotel Riu Caribe, fueron separados de sus funciones mientras se llevan a cabo las averiguaciones, confirm\u00f3 la presidenta municipal, Ana Paty [&hellip;]<\/p>\n","protected":false},"author":3,"featured_media":81847,"comment_status":"closed","ping_status":"closed","sticky":false,"template":"","format":"standard","meta":{"footnotes":"","_wpscppro_dont_share_socialmedia":false,"_wpscppro_custom_social_share_image":0,"_facebook_share_type":"default","_twitter_share_type":"default","_linkedin_share_type":"default","_pinterest_share_type":"default","_linkedin_share_type_page":"default","_instagram_share_type":"default","_medium_share_type":"","_threads_share_type":"","_google_business_share_type":"","_selected_social_profile":[{"id":753595702106742800,"platform":"twitter","platformKey":0,"name":"InspectorNocturnoOficial","thumbnail_url":"http:\/\/pbs.twimg.com\/profile_images\/869067525337862144\/lyGXp0kf_normal.jpg","share_type":"default"}],"_wpsp_enable_custom_social_template":false,"_wpsp_social_scheduling":{"enabled":false,"datetime":null,"platforms":[],"status":"template_only","dateOption":"today","timeOption":"now","customDays":"","customHours":"","customDate":"","customTime":"","schedulingType":"absolute"},"_wpsp_active_default_template":true},"categories":[57,3],"tags":[],"class_list":["post-81846","post","type-post","status-publish","format-standard","has-post-thumbnail","hentry","category-cancun","category-quintana-roo"],"yoast_head":"<!-- This site is optimized with the Yoast SEO plugin v27.7 - https:\/\/yoast.com\/product\/yoast-seo-wordpress\/ -->\n<title>SEPARAN DE SUS CARGOS A POLIC\u00cdAS INVOLUCRADOS EN AGRESI\u00d3N A TURISTAS\u00a0 - Inspector Nocturno<\/title>\n<meta name=\"robots\" content=\"index, follow, max-snippet:-1, max-image-preview:large, max-video-preview:-1\" \/>\n<link rel=\"canonical\" href=\"https:\/\/inspectornocturno.com.mx\/?p=81846\" \/>\n<meta property=\"og:locale\" content=\"es_ES\" \/>\n<meta property=\"og:type\" content=\"article\" \/>\n<meta property=\"og:title\" content=\"SEPARAN DE SUS CARGOS A POLIC\u00cdAS INVOLUCRADOS EN AGRESI\u00d3N A TURISTAS\u00a0 - Inspector Nocturno\" \/>\n<meta property=\"og:description\" content=\"\ud83d\udd3aLa Fiscal\u00eda General del Estado analiza los videos para determinar si el personal del hotel excedi\u00f3 la fuerza. Los polic\u00edas que se vieron involucrados en un tema de presunta agresi\u00f3n contra los hu\u00e9spedes del hotel Riu Caribe, fueron separados de sus funciones mientras se llevan a cabo las averiguaciones, confirm\u00f3 la presidenta municipal, Ana Paty [&hellip;]\" \/>\n<meta property=\"og:url\" content=\"https:\/\/inspectornocturno.com.mx\/?p=81846\" \/>\n<meta property=\"og:site_name\" content=\"Inspector Nocturno\" \/>\n<meta property=\"article:published_time\" content=\"2025-01-30T17:59:29+00:00\" \/>\n<meta property=\"article:modified_time\" content=\"2025-01-30T17:59:30+00:00\" \/>\n<meta property=\"og:image\" content=\"https:\/\/inspectornocturno.com.mx\/wp-content\/uploads\/2025\/01\/IMG-20250130-WA0060.jpg\" \/>\n\t<meta property=\"og:image:width\" content=\"720\" \/>\n\t<meta property=\"og:image:height\" content=\"720\" \/>\n\t<meta property=\"og:image:type\" content=\"image\/jpeg\" \/>\n<meta name=\"author\" content=\"Inspector Nocturno\" \/>\n<meta name=\"twitter:card\" content=\"summary_large_image\" \/>\n<meta name=\"twitter:image\" content=\"https:\/\/inspectornocturno.com.mx\/wp-content\/uploads\/2025\/01\/IMG-20250130-WA0060.jpg\" \/>\n<script type=\"application\/ld+json\" class=\"yoast-schema-graph\">{\"@context\":\"https:\\\/\\\/schema.org\",\"@graph\":[{\"@type\":\"Article\",\"@id\":\"https:\\\/\\\/inspectornocturno.com.mx\\\/?p=81846#article\",\"isPartOf\":{\"@id\":\"https:\\\/\\\/inspectornocturno.com.mx\\\/?p=81846\"},\"author\":{\"name\":\"Inspector Nocturno\",\"@id\":\"https:\\\/\\\/inspectornocturno.com.mx\\\/#\\\/schema\\\/person\\\/2f4c4173b1712fd9cf4f4b9365ce65db\"},\"headline\":\"SEPARAN DE SUS CARGOS A POLIC\u00cdAS INVOLUCRADOS EN AGRESI\u00d3N A TURISTAS\u00a0\",\"datePublished\":\"2025-01-30T17:59:29+00:00\",\"dateModified\":\"2025-01-30T17:59:30+00:00\",\"mainEntityOfPage\":{\"@id\":\"https:\\\/\\\/inspectornocturno.com.mx\\\/?p=81846\"},\"wordCount\":228,\"publisher\":{\"@id\":\"https:\\\/\\\/inspectornocturno.com.mx\\\/#\\\/schema\\\/person\\\/63eb343fea17271215b1dd2793b27897\"},\"image\":{\"@id\":\"https:\\\/\\\/inspectornocturno.com.mx\\\/?p=81846#primaryimage\"},\"thumbnailUrl\":\"https:\\\/\\\/inspectornocturno.com.mx\\\/wp-content\\\/uploads\\\/2025\\\/01\\\/IMG-20250130-WA0060.jpg\",\"articleSection\":[\"Canc\u00fan\",\"Quintana Roo\"],\"inLanguage\":\"es\"},{\"@type\":\"WebPage\",\"@id\":\"https:\\\/\\\/inspectornocturno.com.mx\\\/?p=81846\",\"url\":\"https:\\\/\\\/inspectornocturno.com.mx\\\/?p=81846\",\"name\":\"SEPARAN DE SUS CARGOS A POLIC\u00cdAS INVOLUCRADOS EN AGRESI\u00d3N A TURISTAS\u00a0 - Inspector Nocturno\",\"isPartOf\":{\"@id\":\"https:\\\/\\\/inspectornocturno.com.mx\\\/#website\"},\"primaryImageOfPage\":{\"@id\":\"https:\\\/\\\/inspectornocturno.com.mx\\\/?p=81846#primaryimage\"},\"image\":{\"@id\":\"https:\\\/\\\/inspectornocturno.com.mx\\\/?p=81846#primaryimage\"},\"thumbnailUrl\":\"https:\\\/\\\/inspectornocturno.com.mx\\\/wp-content\\\/uploads\\\/2025\\\/01\\\/IMG-20250130-WA0060.jpg\",\"datePublished\":\"2025-01-30T17:59:29+00:00\",\"dateModified\":\"2025-01-30T17:59:30+00:00\",\"breadcrumb\":{\"@id\":\"https:\\\/\\\/inspectornocturno.com.mx\\\/?p=81846#breadcrumb\"},\"inLanguage\":\"es\",\"potentialAction\":[{\"@type\":\"ReadAction\",\"target\":[\"https:\\\/\\\/inspectornocturno.com.mx\\\/?p=81846\"]}]},{\"@type\":\"ImageObject\",\"inLanguage\":\"es\",\"@id\":\"https:\\\/\\\/inspectornocturno.com.mx\\\/?p=81846#primaryimage\",\"url\":\"https:\\\/\\\/inspectornocturno.com.mx\\\/wp-content\\\/uploads\\\/2025\\\/01\\\/IMG-20250130-WA0060.jpg\",\"contentUrl\":\"https:\\\/\\\/inspectornocturno.com.mx\\\/wp-content\\\/uploads\\\/2025\\\/01\\\/IMG-20250130-WA0060.jpg\",\"width\":720,\"height\":720},{\"@type\":\"BreadcrumbList\",\"@id\":\"https:\\\/\\\/inspectornocturno.com.mx\\\/?p=81846#breadcrumb\",\"itemListElement\":[{\"@type\":\"ListItem\",\"position\":1,\"name\":\"Portada\",\"item\":\"https:\\\/\\\/inspectornocturno.com.mx\\\/\"},{\"@type\":\"ListItem\",\"position\":2,\"name\":\"SEPARAN DE SUS CARGOS A POLIC\u00cdAS INVOLUCRADOS EN AGRESI\u00d3N A TURISTAS\u00a0\"}]},{\"@type\":\"WebSite\",\"@id\":\"https:\\\/\\\/inspectornocturno.com.mx\\\/#website\",\"url\":\"https:\\\/\\\/inspectornocturno.com.mx\\\/\",\"name\":\"Inspector Nocturno\",\"description\":\"Canc\u00fan, noticias al minuto del inspector nocturno\",\"publisher\":{\"@id\":\"https:\\\/\\\/inspectornocturno.com.mx\\\/#\\\/schema\\\/person\\\/63eb343fea17271215b1dd2793b27897\"},\"alternateName\":\"Noticias de impacto al momento de los hechos\",\"potentialAction\":[{\"@type\":\"SearchAction\",\"target\":{\"@type\":\"EntryPoint\",\"urlTemplate\":\"https:\\\/\\\/inspectornocturno.com.mx\\\/?s={search_term_string}\"},\"query-input\":{\"@type\":\"PropertyValueSpecification\",\"valueRequired\":true,\"valueName\":\"search_term_string\"}}],\"inLanguage\":\"es\"},{\"@type\":[\"Person\",\"Organization\"],\"@id\":\"https:\\\/\\\/inspectornocturno.com.mx\\\/#\\\/schema\\\/person\\\/63eb343fea17271215b1dd2793b27897\",\"name\":\"Inspector Nocturno\",\"image\":{\"@type\":\"ImageObject\",\"inLanguage\":\"es\",\"@id\":\"https:\\\/\\\/inspectornocturno.com.mx\\\/wp-content\\\/uploads\\\/2021\\\/10\\\/logo-transparente.png\",\"url\":\"https:\\\/\\\/inspectornocturno.com.mx\\\/wp-content\\\/uploads\\\/2021\\\/10\\\/logo-transparente.png\",\"contentUrl\":\"https:\\\/\\\/inspectornocturno.com.mx\\\/wp-content\\\/uploads\\\/2021\\\/10\\\/logo-transparente.png\",\"width\":561,\"height\":668,\"caption\":\"Inspector Nocturno\"},\"logo\":{\"@id\":\"https:\\\/\\\/inspectornocturno.com.mx\\\/wp-content\\\/uploads\\\/2021\\\/10\\\/logo-transparente.png\"},\"sameAs\":[\"http:\\\/\\\/inspectornocturno.com.mx\"]},{\"@type\":\"Person\",\"@id\":\"https:\\\/\\\/inspectornocturno.com.mx\\\/#\\\/schema\\\/person\\\/2f4c4173b1712fd9cf4f4b9365ce65db\",\"name\":\"Inspector Nocturno\",\"sameAs\":[\"http:\\\/\\\/inspectornocturno.com.mx\"]}]}<\/script>\n<!-- \/ Yoast SEO plugin. -->","yoast_head_json":{"title":"SEPARAN DE SUS CARGOS A POLIC\u00cdAS INVOLUCRADOS EN AGRESI\u00d3N A TURISTAS\u00a0 - Inspector Nocturno","robots":{"index":"index","follow":"follow","max-snippet":"max-snippet:-1","max-image-preview":"max-image-preview:large","max-video-preview":"max-video-preview:-1"},"canonical":"https:\/\/inspectornocturno.com.mx\/?p=81846","og_locale":"es_ES","og_type":"article","og_title":"SEPARAN DE SUS CARGOS A POLIC\u00cdAS INVOLUCRADOS EN AGRESI\u00d3N A TURISTAS\u00a0 - Inspector Nocturno","og_description":"\ud83d\udd3aLa Fiscal\u00eda General del Estado analiza los videos para determinar si el personal del hotel excedi\u00f3 la fuerza. Los polic\u00edas que se vieron involucrados en un tema de presunta agresi\u00f3n contra los hu\u00e9spedes del hotel Riu Caribe, fueron separados de sus funciones mientras se llevan a cabo las averiguaciones, confirm\u00f3 la presidenta municipal, Ana Paty [&hellip;]","og_url":"https:\/\/inspectornocturno.com.mx\/?p=81846","og_site_name":"Inspector Nocturno","article_published_time":"2025-01-30T17:59:29+00:00","article_modified_time":"2025-01-30T17:59:30+00:00","og_image":[{"width":720,"height":720,"url":"https:\/\/inspectornocturno.com.mx\/wp-content\/uploads\/2025\/01\/IMG-20250130-WA0060.jpg","type":"image\/jpeg"}],"author":"Inspector Nocturno","twitter_card":"summary_large_image","twitter_image":"https:\/\/inspectornocturno.com.mx\/wp-content\/uploads\/2025\/01\/IMG-20250130-WA0060.jpg","schema":{"@context":"https:\/\/schema.org","@graph":[{"@type":"Article","@id":"https:\/\/inspectornocturno.com.mx\/?p=81846#article","isPartOf":{"@id":"https:\/\/inspectornocturno.com.mx\/?p=81846"},"author":{"name":"Inspector Nocturno","@id":"https:\/\/inspectornocturno.com.mx\/#\/schema\/person\/2f4c4173b1712fd9cf4f4b9365ce65db"},"headline":"SEPARAN DE SUS CARGOS A POLIC\u00cdAS INVOLUCRADOS EN AGRESI\u00d3N A TURISTAS\u00a0","datePublished":"2025-01-30T17:59:29+00:00","dateModified":"2025-01-30T17:59:30+00:00","mainEntityOfPage":{"@id":"https:\/\/inspectornocturno.com.mx\/?p=81846"},"wordCount":228,"publisher":{"@id":"https:\/\/inspectornocturno.com.mx\/#\/schema\/person\/63eb343fea17271215b1dd2793b27897"},"image":{"@id":"https:\/\/inspectornocturno.com.mx\/?p=81846#primaryimage"},"thumbnailUrl":"https:\/\/inspectornocturno.com.mx\/wp-content\/uploads\/2025\/01\/IMG-20250130-WA0060.jpg","articleSection":["Canc\u00fan","Quintana Roo"],"inLanguage":"es"},{"@type":"WebPage","@id":"https:\/\/inspectornocturno.com.mx\/?p=81846","url":"https:\/\/inspectornocturno.com.mx\/?p=81846","name":"SEPARAN DE SUS CARGOS A POLIC\u00cdAS INVOLUCRADOS EN AGRESI\u00d3N A TURISTAS\u00a0 - Inspector Nocturno","isPartOf":{"@id":"https:\/\/inspectornocturno.com.mx\/#website"},"primaryImageOfPage":{"@id":"https:\/\/inspectornocturno.com.mx\/?p=81846#primaryimage"},"image":{"@id":"https:\/\/inspectornocturno.com.mx\/?p=81846#primaryimage"},"thumbnailUrl":"https:\/\/inspectornocturno.com.mx\/wp-content\/uploads\/2025\/01\/IMG-20250130-WA0060.jpg","datePublished":"2025-01-30T17:59:29+00:00","dateModified":"2025-01-30T17:59:30+00:00","breadcrumb":{"@id":"https:\/\/inspectornocturno.com.mx\/?p=81846#breadcrumb"},"inLanguage":"es","potentialAction":[{"@type":"ReadAction","target":["https:\/\/inspectornocturno.com.mx\/?p=81846"]}]},{"@type":"ImageObject","inLanguage":"es","@id":"https:\/\/inspectornocturno.com.mx\/?p=81846#primaryimage","url":"https:\/\/inspectornocturno.com.mx\/wp-content\/uploads\/2025\/01\/IMG-20250130-WA0060.jpg","contentUrl":"https:\/\/inspectornocturno.com.mx\/wp-content\/uploads\/2025\/01\/IMG-20250130-WA0060.jpg","width":720,"height":720},{"@type":"BreadcrumbList","@id":"https:\/\/inspectornocturno.com.mx\/?p=81846#breadcrumb","itemListElement":[{"@type":"ListItem","position":1,"name":"Portada","item":"https:\/\/inspectornocturno.com.mx\/"},{"@type":"ListItem","position":2,"name":"SEPARAN DE SUS CARGOS A POLIC\u00cdAS INVOLUCRADOS EN AGRESI\u00d3N A TURISTAS\u00a0"}]},{"@type":"WebSite","@id":"https:\/\/inspectornocturno.com.mx\/#website","url":"https:\/\/inspectornocturno.com.mx\/","name":"Inspector Nocturno","description":"Canc\u00fan, noticias al minuto del inspector nocturno","publisher":{"@id":"https:\/\/inspectornocturno.com.mx\/#\/schema\/person\/63eb343fea17271215b1dd2793b27897"},"alternateName":"Noticias de impacto al momento de los hechos","potentialAction":[{"@type":"SearchAction","target":{"@type":"EntryPoint","urlTemplate":"https:\/\/inspectornocturno.com.mx\/?s={search_term_string}"},"query-input":{"@type":"PropertyValueSpecification","valueRequired":true,"valueName":"search_term_string"}}],"inLanguage":"es"},{"@type":["Person","Organization"],"@id":"https:\/\/inspectornocturno.com.mx\/#\/schema\/person\/63eb343fea17271215b1dd2793b27897","name":"Inspector Nocturno","image":{"@type":"ImageObject","inLanguage":"es","@id":"https:\/\/inspectornocturno.com.mx\/wp-content\/uploads\/2021\/10\/logo-transparente.png","url":"https:\/\/inspectornocturno.com.mx\/wp-content\/uploads\/2021\/10\/logo-transparente.png","contentUrl":"https:\/\/inspectornocturno.com.mx\/wp-content\/uploads\/2021\/10\/logo-transparente.png","width":561,"height":668,"caption":"Inspector Nocturno"},"logo":{"@id":"https:\/\/inspectornocturno.com.mx\/wp-content\/uploads\/2021\/10\/logo-transparente.png"},"sameAs":["http:\/\/inspectornocturno.com.mx"]},{"@type":"Person","@id":"https:\/\/inspectornocturno.com.mx\/#\/schema\/person\/2f4c4173b1712fd9cf4f4b9365ce65db","name":"Inspector Nocturno","sameAs":["http:\/\/inspectornocturno.com.mx"]}]}},"views":522,"_links":{"self":[{"href":"https:\/\/inspectornocturno.com.mx\/index.php?rest_route=\/wp\/v2\/posts\/81846","targetHints":{"allow":["GET"]}}],"collection":[{"href":"https:\/\/inspectornocturno.com.mx\/index.php?rest_route=\/wp\/v2\/posts"}],"about":[{"href":"https:\/\/inspectornocturno.com.mx\/index.php?rest_route=\/wp\/v2\/types\/post"}],"author":[{"embeddable":true,"href":"https:\/\/inspectornocturno.com.mx\/index.php?rest_route=\/wp\/v2\/users\/3"}],"replies":[{"embeddable":true,"href":"https:\/\/inspectornocturno.com.mx\/index.php?rest_route=%2Fwp%2Fv2%2Fcomments&post=81846"}],"version-history":[{"count":1,"href":"https:\/\/inspectornocturno.com.mx\/index.php?rest_route=\/wp\/v2\/posts\/81846\/revisions"}],"predecessor-version":[{"id":81848,"href":"https:\/\/inspectornocturno.com.mx\/index.php?rest_route=\/wp\/v2\/posts\/81846\/revisions\/81848"}],"wp:featuredmedia":[{"embeddable":true,"href":"https:\/\/inspectornocturno.com.mx\/index.php?rest_route=\/wp\/v2\/media\/81847"}],"wp:attachment":[{"href":"https:\/\/inspectornocturno.com.mx\/index.php?rest_route=%2Fwp%2Fv2%2Fmedia&parent=81846"}],"wp:term":[{"taxonomy":"category","embeddable":true,"href":"https:\/\/inspectornocturno.com.mx\/index.php?rest_route=%2Fwp%2Fv2%2Fcategories&post=81846"},{"taxonomy":"post_tag","embeddable":true,"href":"https:\/\/inspectornocturno.com.mx\/index.php?rest_route=%2Fwp%2Fv2%2Ftags&post=81846"}],"curies":[{"name":"wp","href":"https:\/\/api.w.org\/{rel}","templated":true}]}}