{"id":81657,"date":"2025-01-27T13:01:27","date_gmt":"2025-01-27T18:01:27","guid":{"rendered":"https:\/\/inspectornocturno.com.mx\/?p=81657"},"modified":"2025-01-27T13:01:28","modified_gmt":"2025-01-27T18:01:28","slug":"asi-ocurrio-la-ejecucion-en-el-estacionamiento-de-plaza-las-americas","status":"publish","type":"post","link":"https:\/\/inspectornocturno.com.mx\/?p=81657","title":{"rendered":"AS\u00cd OCURRI\u00d3 LA EJECUCI\u00d3N EN EL ESTACIONAMIENTO DE PLAZA LAS AM\u00c9RICAS"},"content":{"rendered":"\n<p class=\"wp-block-paragraph\">\ud83d\udd3aDurante la conferencia del Gabinete de Seguridad se inform\u00f3 que los responsables est\u00e1n identificados, y la l\u00ednea de investigaci\u00f3n que se sigue es la de narcomenudeo.<\/p>\n\n\n\n<p class=\"wp-block-paragraph\">Nuevos datos salieron a la luz durante las averiguaciones en torno al homicidio de un hombre en el estacionamiento de plaza Las Am\u00e9ricas, ocurrido el pasado s\u00e1bado; la Fiscal\u00eda General del Estado confirm\u00f3 que la v\u00edctima falleci\u00f3 por fractura de cr\u00e1neo y t\u00f3rax al recibir por lo menos siete impactos de arma de fuego, de 29 detonaciones que realizaron.<\/p>\n\n\n\n<p class=\"wp-block-paragraph\">Durante la conferencia del Gabinete de Seguridad realizada en el Complejo C5, las autoridades confirmaron que David \u201cN\u201d, de 31 a\u00f1os, interactu\u00f3 con sus victimarios antes del ataque, esto se pudo saber por las im\u00e1genes de c\u00e1maras que captaron el momento de la agresi\u00f3n, mismas que ayudaron a identificar plenamente a los responsables.<\/p>\n\n\n\n<p class=\"wp-block-paragraph\">Se explic\u00f3 que David ingres\u00f3 al estacionamiento de la plaza aproximadamentr a las 2:50 de la tarde del pasado s\u00e1bado, dio algunas vueltas y minutos despu\u00e9s se estacion\u00f3 frente a la entrada de la tienda Sears; m\u00e1s tarde lleg\u00f3 un veh\u00edculo blanco con cinco sujetos a bordo, los cuales se estacionaron a unos metros de la v\u00edctima.<\/p>\n\n\n\n<p class=\"wp-block-paragraph\">Dos de los responsables descendieron del veh\u00edculo y caminaron hacia el Suzuki Swift color negro, propiedad de David, luego de dialogar, \u00e9l les da acceso al auto, ah\u00ed permanecerion por un momento, hasta que el joven baj\u00f3 y camin\u00f3 hacia la cajuela regresando minutos despu\u00e9s con un objeto en las manos, mismo que entrega a los dos sicarios.<\/p>\n\n\n\n<p class=\"wp-block-paragraph\">En las im\u00e1genes obtenidas por las autoridades tambi\u00e9n se apreci\u00f3 que los otros tres hombres permanecieron vigilando en los alrededores del estacionamiento, pero ya con el objeto en su poder, los cinco sujetos subieron al veh\u00edculo blanco, para despu\u00e9s descender y rodear el Suzuki, mientras que David hac\u00eda maniobras para darse a la fuga.<\/p>\n\n\n\n<p class=\"wp-block-paragraph\">Dos de los sujetos sacaron armas de fuego realizando al menos 29 detonaciones con arma corta, de las cuales se logr\u00f3 asegurar 25 casquillos; luego dos de los responsables subieron al auto blanco y se dieron a la fuga, mientras que los otros tres sospechosos corrieron entre los autos estacionados, saliendo al otro extremo del estacionamiento.<\/p>\n\n\n\n<p class=\"wp-block-paragraph\">La necropsia realizada por los m\u00e9dicos forenses de la Fiscal\u00eda General del Estado confirm\u00f3 que David muri\u00f3 por fractura craneoencef\u00e1lica y traumatismo de t\u00f3rax; de igual forma se corrobor\u00f3 que recibi\u00f3 siete impactos en el cr\u00e1neo, p\u00f3mulo, cuello, hombro, antebrazos, mismos que le provocaron la muerte al instante.<\/p>\n\n\n\n<p class=\"wp-block-paragraph\">Esta informaci\u00f3n fue obtenida durante las primeras horas de las averiguaciones, en las que tambi\u00e9n se agreg\u00f3 al expediente que en un compartimiento del auto hab\u00eda un cargador de arma corta sin balas y un cuchillo.<\/p>\n\n\n\n<p class=\"wp-block-paragraph\">Como se ha informado previamente, las autoridades dieron a conocer que los responsables de este ataque est\u00e1n identificados aunque hasta el momento no hay ning\u00fan detenido. Cabe mencionar que hasta el momento la l\u00ednea de investigaci\u00f3n m\u00e1s s\u00f3lida es la de narcomenudeo, y la Fiscal\u00eda no revel\u00f3 m\u00e1s detalles sobre qu\u00e9 presuntos grupos delictivos participaron en esta ejecuci\u00f3n.<\/p>\n","protected":false},"excerpt":{"rendered":"<p>\ud83d\udd3aDurante la conferencia del Gabinete de Seguridad se inform\u00f3 que los responsables est\u00e1n identificados, y la l\u00ednea de investigaci\u00f3n que se sigue es la de narcomenudeo. Nuevos datos salieron a la luz durante las averiguaciones en torno al homicidio de un hombre en el estacionamiento de plaza Las Am\u00e9ricas, ocurrido el pasado s\u00e1bado; la Fiscal\u00eda [&hellip;]<\/p>\n","protected":false},"author":3,"featured_media":81658,"comment_status":"closed","ping_status":"closed","sticky":false,"template":"","format":"standard","meta":{"footnotes":"","_wpscppro_dont_share_socialmedia":false,"_wpscppro_custom_social_share_image":0,"_facebook_share_type":"default","_twitter_share_type":"default","_linkedin_share_type":"default","_pinterest_share_type":"default","_linkedin_share_type_page":"default","_instagram_share_type":"default","_medium_share_type":"","_threads_share_type":"","_google_business_share_type":"","_selected_social_profile":[{"id":753595702106742800,"platform":"twitter","platformKey":0,"name":"InspectorNocturnoOficial","thumbnail_url":"http:\/\/pbs.twimg.com\/profile_images\/869067525337862144\/lyGXp0kf_normal.jpg","share_type":"default"}],"_wpsp_enable_custom_social_template":false,"_wpsp_social_scheduling":{"enabled":false,"datetime":null,"platforms":[],"status":"template_only","dateOption":"today","timeOption":"now","customDays":"","customHours":"","customDate":"","customTime":"","schedulingType":"absolute"},"_wpsp_active_default_template":true},"categories":[57,3],"tags":[],"class_list":["post-81657","post","type-post","status-publish","format-standard","has-post-thumbnail","hentry","category-cancun","category-quintana-roo"],"yoast_head":"<!-- This site is optimized with the Yoast SEO plugin v27.7 - https:\/\/yoast.com\/product\/yoast-seo-wordpress\/ -->\n<title>AS\u00cd OCURRI\u00d3 LA EJECUCI\u00d3N EN EL ESTACIONAMIENTO DE PLAZA LAS AM\u00c9RICAS - Inspector Nocturno<\/title>\n<meta name=\"robots\" content=\"index, follow, max-snippet:-1, max-image-preview:large, max-video-preview:-1\" \/>\n<link rel=\"canonical\" href=\"https:\/\/inspectornocturno.com.mx\/?p=81657\" \/>\n<meta property=\"og:locale\" content=\"es_ES\" \/>\n<meta property=\"og:type\" content=\"article\" \/>\n<meta property=\"og:title\" content=\"AS\u00cd OCURRI\u00d3 LA EJECUCI\u00d3N EN EL ESTACIONAMIENTO DE PLAZA LAS AM\u00c9RICAS - Inspector Nocturno\" \/>\n<meta property=\"og:description\" content=\"\ud83d\udd3aDurante la conferencia del Gabinete de Seguridad se inform\u00f3 que los responsables est\u00e1n identificados, y la l\u00ednea de investigaci\u00f3n que se sigue es la de narcomenudeo. Nuevos datos salieron a la luz durante las averiguaciones en torno al homicidio de un hombre en el estacionamiento de plaza Las Am\u00e9ricas, ocurrido el pasado s\u00e1bado; la Fiscal\u00eda [&hellip;]\" \/>\n<meta property=\"og:url\" content=\"https:\/\/inspectornocturno.com.mx\/?p=81657\" \/>\n<meta property=\"og:site_name\" content=\"Inspector Nocturno\" \/>\n<meta property=\"article:published_time\" content=\"2025-01-27T18:01:27+00:00\" \/>\n<meta property=\"article:modified_time\" content=\"2025-01-27T18:01:28+00:00\" \/>\n<meta property=\"og:image\" content=\"https:\/\/inspectornocturno.com.mx\/wp-content\/uploads\/2025\/01\/IMG-20250125-WA0123-scaled.jpg\" \/>\n\t<meta property=\"og:image:width\" content=\"900\" \/>\n\t<meta property=\"og:image:height\" content=\"781\" \/>\n\t<meta property=\"og:image:type\" content=\"image\/jpeg\" \/>\n<meta name=\"author\" content=\"Inspector Nocturno\" \/>\n<meta name=\"twitter:card\" content=\"summary_large_image\" \/>\n<meta name=\"twitter:image\" content=\"https:\/\/inspectornocturno.com.mx\/wp-content\/uploads\/2025\/01\/IMG-20250125-WA0123-scaled.jpg\" \/>\n<script type=\"application\/ld+json\" class=\"yoast-schema-graph\">{\"@context\":\"https:\\\/\\\/schema.org\",\"@graph\":[{\"@type\":\"Article\",\"@id\":\"https:\\\/\\\/inspectornocturno.com.mx\\\/?p=81657#article\",\"isPartOf\":{\"@id\":\"https:\\\/\\\/inspectornocturno.com.mx\\\/?p=81657\"},\"author\":{\"name\":\"Inspector Nocturno\",\"@id\":\"https:\\\/\\\/inspectornocturno.com.mx\\\/#\\\/schema\\\/person\\\/2f4c4173b1712fd9cf4f4b9365ce65db\"},\"headline\":\"AS\u00cd OCURRI\u00d3 LA EJECUCI\u00d3N EN EL ESTACIONAMIENTO DE PLAZA LAS AM\u00c9RICAS\",\"datePublished\":\"2025-01-27T18:01:27+00:00\",\"dateModified\":\"2025-01-27T18:01:28+00:00\",\"mainEntityOfPage\":{\"@id\":\"https:\\\/\\\/inspectornocturno.com.mx\\\/?p=81657\"},\"wordCount\":556,\"publisher\":{\"@id\":\"https:\\\/\\\/inspectornocturno.com.mx\\\/#\\\/schema\\\/person\\\/63eb343fea17271215b1dd2793b27897\"},\"image\":{\"@id\":\"https:\\\/\\\/inspectornocturno.com.mx\\\/?p=81657#primaryimage\"},\"thumbnailUrl\":\"https:\\\/\\\/inspectornocturno.com.mx\\\/wp-content\\\/uploads\\\/2025\\\/01\\\/IMG-20250125-WA0123-scaled.jpg\",\"articleSection\":[\"Canc\u00fan\",\"Quintana Roo\"],\"inLanguage\":\"es\"},{\"@type\":\"WebPage\",\"@id\":\"https:\\\/\\\/inspectornocturno.com.mx\\\/?p=81657\",\"url\":\"https:\\\/\\\/inspectornocturno.com.mx\\\/?p=81657\",\"name\":\"AS\u00cd OCURRI\u00d3 LA EJECUCI\u00d3N EN EL ESTACIONAMIENTO DE PLAZA LAS AM\u00c9RICAS - Inspector Nocturno\",\"isPartOf\":{\"@id\":\"https:\\\/\\\/inspectornocturno.com.mx\\\/#website\"},\"primaryImageOfPage\":{\"@id\":\"https:\\\/\\\/inspectornocturno.com.mx\\\/?p=81657#primaryimage\"},\"image\":{\"@id\":\"https:\\\/\\\/inspectornocturno.com.mx\\\/?p=81657#primaryimage\"},\"thumbnailUrl\":\"https:\\\/\\\/inspectornocturno.com.mx\\\/wp-content\\\/uploads\\\/2025\\\/01\\\/IMG-20250125-WA0123-scaled.jpg\",\"datePublished\":\"2025-01-27T18:01:27+00:00\",\"dateModified\":\"2025-01-27T18:01:28+00:00\",\"breadcrumb\":{\"@id\":\"https:\\\/\\\/inspectornocturno.com.mx\\\/?p=81657#breadcrumb\"},\"inLanguage\":\"es\",\"potentialAction\":[{\"@type\":\"ReadAction\",\"target\":[\"https:\\\/\\\/inspectornocturno.com.mx\\\/?p=81657\"]}]},{\"@type\":\"ImageObject\",\"inLanguage\":\"es\",\"@id\":\"https:\\\/\\\/inspectornocturno.com.mx\\\/?p=81657#primaryimage\",\"url\":\"https:\\\/\\\/inspectornocturno.com.mx\\\/wp-content\\\/uploads\\\/2025\\\/01\\\/IMG-20250125-WA0123-scaled.jpg\",\"contentUrl\":\"https:\\\/\\\/inspectornocturno.com.mx\\\/wp-content\\\/uploads\\\/2025\\\/01\\\/IMG-20250125-WA0123-scaled.jpg\",\"width\":900,\"height\":781},{\"@type\":\"BreadcrumbList\",\"@id\":\"https:\\\/\\\/inspectornocturno.com.mx\\\/?p=81657#breadcrumb\",\"itemListElement\":[{\"@type\":\"ListItem\",\"position\":1,\"name\":\"Portada\",\"item\":\"https:\\\/\\\/inspectornocturno.com.mx\\\/\"},{\"@type\":\"ListItem\",\"position\":2,\"name\":\"AS\u00cd OCURRI\u00d3 LA EJECUCI\u00d3N EN EL ESTACIONAMIENTO DE PLAZA LAS AM\u00c9RICAS\"}]},{\"@type\":\"WebSite\",\"@id\":\"https:\\\/\\\/inspectornocturno.com.mx\\\/#website\",\"url\":\"https:\\\/\\\/inspectornocturno.com.mx\\\/\",\"name\":\"Inspector Nocturno\",\"description\":\"Canc\u00fan, noticias al minuto del inspector nocturno\",\"publisher\":{\"@id\":\"https:\\\/\\\/inspectornocturno.com.mx\\\/#\\\/schema\\\/person\\\/63eb343fea17271215b1dd2793b27897\"},\"alternateName\":\"Noticias de impacto al momento de los hechos\",\"potentialAction\":[{\"@type\":\"SearchAction\",\"target\":{\"@type\":\"EntryPoint\",\"urlTemplate\":\"https:\\\/\\\/inspectornocturno.com.mx\\\/?s={search_term_string}\"},\"query-input\":{\"@type\":\"PropertyValueSpecification\",\"valueRequired\":true,\"valueName\":\"search_term_string\"}}],\"inLanguage\":\"es\"},{\"@type\":[\"Person\",\"Organization\"],\"@id\":\"https:\\\/\\\/inspectornocturno.com.mx\\\/#\\\/schema\\\/person\\\/63eb343fea17271215b1dd2793b27897\",\"name\":\"Inspector Nocturno\",\"image\":{\"@type\":\"ImageObject\",\"inLanguage\":\"es\",\"@id\":\"https:\\\/\\\/inspectornocturno.com.mx\\\/wp-content\\\/uploads\\\/2021\\\/10\\\/logo-transparente.png\",\"url\":\"https:\\\/\\\/inspectornocturno.com.mx\\\/wp-content\\\/uploads\\\/2021\\\/10\\\/logo-transparente.png\",\"contentUrl\":\"https:\\\/\\\/inspectornocturno.com.mx\\\/wp-content\\\/uploads\\\/2021\\\/10\\\/logo-transparente.png\",\"width\":561,\"height\":668,\"caption\":\"Inspector Nocturno\"},\"logo\":{\"@id\":\"https:\\\/\\\/inspectornocturno.com.mx\\\/wp-content\\\/uploads\\\/2021\\\/10\\\/logo-transparente.png\"},\"sameAs\":[\"http:\\\/\\\/inspectornocturno.com.mx\"]},{\"@type\":\"Person\",\"@id\":\"https:\\\/\\\/inspectornocturno.com.mx\\\/#\\\/schema\\\/person\\\/2f4c4173b1712fd9cf4f4b9365ce65db\",\"name\":\"Inspector Nocturno\",\"sameAs\":[\"http:\\\/\\\/inspectornocturno.com.mx\"]}]}<\/script>\n<!-- \/ Yoast SEO plugin. -->","yoast_head_json":{"title":"AS\u00cd OCURRI\u00d3 LA EJECUCI\u00d3N EN EL ESTACIONAMIENTO DE PLAZA LAS AM\u00c9RICAS - Inspector Nocturno","robots":{"index":"index","follow":"follow","max-snippet":"max-snippet:-1","max-image-preview":"max-image-preview:large","max-video-preview":"max-video-preview:-1"},"canonical":"https:\/\/inspectornocturno.com.mx\/?p=81657","og_locale":"es_ES","og_type":"article","og_title":"AS\u00cd OCURRI\u00d3 LA EJECUCI\u00d3N EN EL ESTACIONAMIENTO DE PLAZA LAS AM\u00c9RICAS - Inspector Nocturno","og_description":"\ud83d\udd3aDurante la conferencia del Gabinete de Seguridad se inform\u00f3 que los responsables est\u00e1n identificados, y la l\u00ednea de investigaci\u00f3n que se sigue es la de narcomenudeo. Nuevos datos salieron a la luz durante las averiguaciones en torno al homicidio de un hombre en el estacionamiento de plaza Las Am\u00e9ricas, ocurrido el pasado s\u00e1bado; la Fiscal\u00eda [&hellip;]","og_url":"https:\/\/inspectornocturno.com.mx\/?p=81657","og_site_name":"Inspector Nocturno","article_published_time":"2025-01-27T18:01:27+00:00","article_modified_time":"2025-01-27T18:01:28+00:00","og_image":[{"width":900,"height":781,"url":"https:\/\/inspectornocturno.com.mx\/wp-content\/uploads\/2025\/01\/IMG-20250125-WA0123-scaled.jpg","type":"image\/jpeg"}],"author":"Inspector Nocturno","twitter_card":"summary_large_image","twitter_image":"https:\/\/inspectornocturno.com.mx\/wp-content\/uploads\/2025\/01\/IMG-20250125-WA0123-scaled.jpg","schema":{"@context":"https:\/\/schema.org","@graph":[{"@type":"Article","@id":"https:\/\/inspectornocturno.com.mx\/?p=81657#article","isPartOf":{"@id":"https:\/\/inspectornocturno.com.mx\/?p=81657"},"author":{"name":"Inspector Nocturno","@id":"https:\/\/inspectornocturno.com.mx\/#\/schema\/person\/2f4c4173b1712fd9cf4f4b9365ce65db"},"headline":"AS\u00cd OCURRI\u00d3 LA EJECUCI\u00d3N EN EL ESTACIONAMIENTO DE PLAZA LAS AM\u00c9RICAS","datePublished":"2025-01-27T18:01:27+00:00","dateModified":"2025-01-27T18:01:28+00:00","mainEntityOfPage":{"@id":"https:\/\/inspectornocturno.com.mx\/?p=81657"},"wordCount":556,"publisher":{"@id":"https:\/\/inspectornocturno.com.mx\/#\/schema\/person\/63eb343fea17271215b1dd2793b27897"},"image":{"@id":"https:\/\/inspectornocturno.com.mx\/?p=81657#primaryimage"},"thumbnailUrl":"https:\/\/inspectornocturno.com.mx\/wp-content\/uploads\/2025\/01\/IMG-20250125-WA0123-scaled.jpg","articleSection":["Canc\u00fan","Quintana Roo"],"inLanguage":"es"},{"@type":"WebPage","@id":"https:\/\/inspectornocturno.com.mx\/?p=81657","url":"https:\/\/inspectornocturno.com.mx\/?p=81657","name":"AS\u00cd OCURRI\u00d3 LA EJECUCI\u00d3N EN EL ESTACIONAMIENTO DE PLAZA LAS AM\u00c9RICAS - Inspector Nocturno","isPartOf":{"@id":"https:\/\/inspectornocturno.com.mx\/#website"},"primaryImageOfPage":{"@id":"https:\/\/inspectornocturno.com.mx\/?p=81657#primaryimage"},"image":{"@id":"https:\/\/inspectornocturno.com.mx\/?p=81657#primaryimage"},"thumbnailUrl":"https:\/\/inspectornocturno.com.mx\/wp-content\/uploads\/2025\/01\/IMG-20250125-WA0123-scaled.jpg","datePublished":"2025-01-27T18:01:27+00:00","dateModified":"2025-01-27T18:01:28+00:00","breadcrumb":{"@id":"https:\/\/inspectornocturno.com.mx\/?p=81657#breadcrumb"},"inLanguage":"es","potentialAction":[{"@type":"ReadAction","target":["https:\/\/inspectornocturno.com.mx\/?p=81657"]}]},{"@type":"ImageObject","inLanguage":"es","@id":"https:\/\/inspectornocturno.com.mx\/?p=81657#primaryimage","url":"https:\/\/inspectornocturno.com.mx\/wp-content\/uploads\/2025\/01\/IMG-20250125-WA0123-scaled.jpg","contentUrl":"https:\/\/inspectornocturno.com.mx\/wp-content\/uploads\/2025\/01\/IMG-20250125-WA0123-scaled.jpg","width":900,"height":781},{"@type":"BreadcrumbList","@id":"https:\/\/inspectornocturno.com.mx\/?p=81657#breadcrumb","itemListElement":[{"@type":"ListItem","position":1,"name":"Portada","item":"https:\/\/inspectornocturno.com.mx\/"},{"@type":"ListItem","position":2,"name":"AS\u00cd OCURRI\u00d3 LA EJECUCI\u00d3N EN EL ESTACIONAMIENTO DE PLAZA LAS AM\u00c9RICAS"}]},{"@type":"WebSite","@id":"https:\/\/inspectornocturno.com.mx\/#website","url":"https:\/\/inspectornocturno.com.mx\/","name":"Inspector Nocturno","description":"Canc\u00fan, noticias al minuto del inspector nocturno","publisher":{"@id":"https:\/\/inspectornocturno.com.mx\/#\/schema\/person\/63eb343fea17271215b1dd2793b27897"},"alternateName":"Noticias de impacto al momento de los hechos","potentialAction":[{"@type":"SearchAction","target":{"@type":"EntryPoint","urlTemplate":"https:\/\/inspectornocturno.com.mx\/?s={search_term_string}"},"query-input":{"@type":"PropertyValueSpecification","valueRequired":true,"valueName":"search_term_string"}}],"inLanguage":"es"},{"@type":["Person","Organization"],"@id":"https:\/\/inspectornocturno.com.mx\/#\/schema\/person\/63eb343fea17271215b1dd2793b27897","name":"Inspector Nocturno","image":{"@type":"ImageObject","inLanguage":"es","@id":"https:\/\/inspectornocturno.com.mx\/wp-content\/uploads\/2021\/10\/logo-transparente.png","url":"https:\/\/inspectornocturno.com.mx\/wp-content\/uploads\/2021\/10\/logo-transparente.png","contentUrl":"https:\/\/inspectornocturno.com.mx\/wp-content\/uploads\/2021\/10\/logo-transparente.png","width":561,"height":668,"caption":"Inspector Nocturno"},"logo":{"@id":"https:\/\/inspectornocturno.com.mx\/wp-content\/uploads\/2021\/10\/logo-transparente.png"},"sameAs":["http:\/\/inspectornocturno.com.mx"]},{"@type":"Person","@id":"https:\/\/inspectornocturno.com.mx\/#\/schema\/person\/2f4c4173b1712fd9cf4f4b9365ce65db","name":"Inspector Nocturno","sameAs":["http:\/\/inspectornocturno.com.mx"]}]}},"views":1108,"_links":{"self":[{"href":"https:\/\/inspectornocturno.com.mx\/index.php?rest_route=\/wp\/v2\/posts\/81657","targetHints":{"allow":["GET"]}}],"collection":[{"href":"https:\/\/inspectornocturno.com.mx\/index.php?rest_route=\/wp\/v2\/posts"}],"about":[{"href":"https:\/\/inspectornocturno.com.mx\/index.php?rest_route=\/wp\/v2\/types\/post"}],"author":[{"embeddable":true,"href":"https:\/\/inspectornocturno.com.mx\/index.php?rest_route=\/wp\/v2\/users\/3"}],"replies":[{"embeddable":true,"href":"https:\/\/inspectornocturno.com.mx\/index.php?rest_route=%2Fwp%2Fv2%2Fcomments&post=81657"}],"version-history":[{"count":1,"href":"https:\/\/inspectornocturno.com.mx\/index.php?rest_route=\/wp\/v2\/posts\/81657\/revisions"}],"predecessor-version":[{"id":81659,"href":"https:\/\/inspectornocturno.com.mx\/index.php?rest_route=\/wp\/v2\/posts\/81657\/revisions\/81659"}],"wp:featuredmedia":[{"embeddable":true,"href":"https:\/\/inspectornocturno.com.mx\/index.php?rest_route=\/wp\/v2\/media\/81658"}],"wp:attachment":[{"href":"https:\/\/inspectornocturno.com.mx\/index.php?rest_route=%2Fwp%2Fv2%2Fmedia&parent=81657"}],"wp:term":[{"taxonomy":"category","embeddable":true,"href":"https:\/\/inspectornocturno.com.mx\/index.php?rest_route=%2Fwp%2Fv2%2Fcategories&post=81657"},{"taxonomy":"post_tag","embeddable":true,"href":"https:\/\/inspectornocturno.com.mx\/index.php?rest_route=%2Fwp%2Fv2%2Ftags&post=81657"}],"curies":[{"name":"wp","href":"https:\/\/api.w.org\/{rel}","templated":true}]}}