{"id":81163,"date":"2025-01-18T21:58:06","date_gmt":"2025-01-19T02:58:06","guid":{"rendered":"https:\/\/inspectornocturno.com.mx\/?p=81163"},"modified":"2025-01-18T21:58:07","modified_gmt":"2025-01-19T02:58:07","slug":"detienen-al-yerno-del-mayo-zambada","status":"publish","type":"post","link":"https:\/\/inspectornocturno.com.mx\/?p=81163","title":{"rendered":"DETIENEN AL YERNO DEL &#8220;MAYO&#8221; ZAMBADA"},"content":{"rendered":"\n<p class=\"wp-block-paragraph\">\ud83d\udd3aJuan Carlos F\u00e9lix Gast\u00e9lum, alias \u2018El Chavo F\u00e9lix\u2019 fue detenido en la sindicatura de Quil\u00e1, al sur del municipio de Culiac\u00e1n.<\/p>\n\n\n\n<p class=\"wp-block-paragraph\">Filtran las primeras fotograf\u00edas de Juan Carlos F\u00e9lix Gast\u00e9lum, alias \u2018El Chavo F\u00e9lix\u2019, yerno del narcotraficante preso Ismael \u2018Mayo\u2019 Zambada, tras ser capturado hoy s\u00e1bado 18 de enero de 2025.<\/p>\n\n\n\n<p class=\"wp-block-paragraph\">Al momento de la aprehensi\u00f3n, \u201cEl Chavo\u201d vest\u00eda una playera tipo polo color negro, pantal\u00f3n de mezclilla color azul y unas botas de color caf\u00e9.<\/p>\n\n\n\n<p class=\"wp-block-paragraph\">Juan Carlos F\u00e9lix Gast\u00e9lum fue descrito por las autoridades como de 1.88 metros de estatura, tez clara, complexi\u00f3n media, cabello negro, con barba y bigote.<\/p>\n\n\n\n<p class=\"wp-block-paragraph\">La detenci\u00f3n ocurri\u00f3 al mediod\u00eda de este s\u00e1bado, en la sindicatura de Quil\u00e1, al sur del municipio de Culiac\u00e1n.<\/p>\n\n\n\n<p class=\"wp-block-paragraph\">\u2018El Chavo F\u00e9lix\u2019 fue capturado en un operativo de personal militar, con el apoyo de helic\u00f3pteros artillados de las Fuerzas Armadas.<\/p>\n\n\n\n<p class=\"wp-block-paragraph\">La captura ocurri\u00f3 en pleno pueblo, y lo agarraron en un domicilio ubicado en la calle L\u00e1zaro C\u00e1rdenas entre calle 12 de Octubre y Guadalupe Victoria, en Quil\u00e1.<\/p>\n","protected":false},"excerpt":{"rendered":"<p>\ud83d\udd3aJuan Carlos F\u00e9lix Gast\u00e9lum, alias \u2018El Chavo F\u00e9lix\u2019 fue detenido en la sindicatura de Quil\u00e1, al sur del municipio de Culiac\u00e1n. Filtran las primeras fotograf\u00edas de Juan Carlos F\u00e9lix Gast\u00e9lum, alias \u2018El Chavo F\u00e9lix\u2019, yerno del narcotraficante preso Ismael \u2018Mayo\u2019 Zambada, tras ser capturado hoy s\u00e1bado 18 de enero de 2025. Al momento de la [&hellip;]<\/p>\n","protected":false},"author":3,"featured_media":81164,"comment_status":"closed","ping_status":"closed","sticky":false,"template":"","format":"standard","meta":{"footnotes":"","_wpscppro_dont_share_socialmedia":false,"_wpscppro_custom_social_share_image":0,"_facebook_share_type":"default","_twitter_share_type":"default","_linkedin_share_type":"default","_pinterest_share_type":"default","_linkedin_share_type_page":"default","_instagram_share_type":"default","_medium_share_type":"","_threads_share_type":"","_google_business_share_type":"","_selected_social_profile":[{"id":753595702106742800,"platform":"twitter","platformKey":0,"name":"InspectorNocturnoOficial","thumbnail_url":"http:\/\/pbs.twimg.com\/profile_images\/869067525337862144\/lyGXp0kf_normal.jpg","share_type":"default"}],"_wpsp_enable_custom_social_template":false,"_wpsp_social_scheduling":{"enabled":false,"datetime":null,"platforms":[],"status":"template_only","dateOption":"today","timeOption":"now","customDays":"","customHours":"","customDate":"","customTime":"","schedulingType":"absolute"},"_wpsp_active_default_template":true},"categories":[81],"tags":[],"class_list":["post-81163","post","type-post","status-publish","format-standard","has-post-thumbnail","hentry","category-nacional"],"yoast_head":"<!-- This site is optimized with the Yoast SEO plugin v27.7 - https:\/\/yoast.com\/product\/yoast-seo-wordpress\/ -->\n<title>DETIENEN AL YERNO DEL &quot;MAYO&quot; ZAMBADA - Inspector Nocturno<\/title>\n<meta name=\"robots\" content=\"index, follow, max-snippet:-1, max-image-preview:large, max-video-preview:-1\" \/>\n<link rel=\"canonical\" href=\"https:\/\/inspectornocturno.com.mx\/?p=81163\" \/>\n<meta property=\"og:locale\" content=\"es_ES\" \/>\n<meta property=\"og:type\" content=\"article\" \/>\n<meta property=\"og:title\" content=\"DETIENEN AL YERNO DEL &quot;MAYO&quot; ZAMBADA - Inspector Nocturno\" \/>\n<meta property=\"og:description\" content=\"\ud83d\udd3aJuan Carlos F\u00e9lix Gast\u00e9lum, alias \u2018El Chavo F\u00e9lix\u2019 fue detenido en la sindicatura de Quil\u00e1, al sur del municipio de Culiac\u00e1n. Filtran las primeras fotograf\u00edas de Juan Carlos F\u00e9lix Gast\u00e9lum, alias \u2018El Chavo F\u00e9lix\u2019, yerno del narcotraficante preso Ismael \u2018Mayo\u2019 Zambada, tras ser capturado hoy s\u00e1bado 18 de enero de 2025. Al momento de la [&hellip;]\" \/>\n<meta property=\"og:url\" content=\"https:\/\/inspectornocturno.com.mx\/?p=81163\" \/>\n<meta property=\"og:site_name\" content=\"Inspector Nocturno\" \/>\n<meta property=\"article:published_time\" content=\"2025-01-19T02:58:06+00:00\" \/>\n<meta property=\"article:modified_time\" content=\"2025-01-19T02:58:07+00:00\" \/>\n<meta property=\"og:image\" content=\"https:\/\/inspectornocturno.com.mx\/wp-content\/uploads\/2025\/01\/IMG-20250118-WA0146-scaled.jpg\" \/>\n\t<meta property=\"og:image:width\" content=\"900\" \/>\n\t<meta property=\"og:image:height\" content=\"633\" \/>\n\t<meta property=\"og:image:type\" content=\"image\/jpeg\" \/>\n<meta name=\"author\" content=\"Inspector Nocturno\" \/>\n<meta name=\"twitter:card\" content=\"summary_large_image\" \/>\n<meta name=\"twitter:image\" content=\"https:\/\/inspectornocturno.com.mx\/wp-content\/uploads\/2025\/01\/IMG-20250118-WA0146-scaled.jpg\" \/>\n<script type=\"application\/ld+json\" class=\"yoast-schema-graph\">{\"@context\":\"https:\\\/\\\/schema.org\",\"@graph\":[{\"@type\":\"Article\",\"@id\":\"https:\\\/\\\/inspectornocturno.com.mx\\\/?p=81163#article\",\"isPartOf\":{\"@id\":\"https:\\\/\\\/inspectornocturno.com.mx\\\/?p=81163\"},\"author\":{\"name\":\"Inspector Nocturno\",\"@id\":\"https:\\\/\\\/inspectornocturno.com.mx\\\/#\\\/schema\\\/person\\\/2f4c4173b1712fd9cf4f4b9365ce65db\"},\"headline\":\"DETIENEN AL YERNO DEL &#8220;MAYO&#8221; ZAMBADA\",\"datePublished\":\"2025-01-19T02:58:06+00:00\",\"dateModified\":\"2025-01-19T02:58:07+00:00\",\"mainEntityOfPage\":{\"@id\":\"https:\\\/\\\/inspectornocturno.com.mx\\\/?p=81163\"},\"wordCount\":194,\"publisher\":{\"@id\":\"https:\\\/\\\/inspectornocturno.com.mx\\\/#\\\/schema\\\/person\\\/63eb343fea17271215b1dd2793b27897\"},\"image\":{\"@id\":\"https:\\\/\\\/inspectornocturno.com.mx\\\/?p=81163#primaryimage\"},\"thumbnailUrl\":\"https:\\\/\\\/inspectornocturno.com.mx\\\/wp-content\\\/uploads\\\/2025\\\/01\\\/IMG-20250118-WA0146-scaled.jpg\",\"articleSection\":[\"Nacional\"],\"inLanguage\":\"es\"},{\"@type\":\"WebPage\",\"@id\":\"https:\\\/\\\/inspectornocturno.com.mx\\\/?p=81163\",\"url\":\"https:\\\/\\\/inspectornocturno.com.mx\\\/?p=81163\",\"name\":\"DETIENEN AL YERNO DEL \\\"MAYO\\\" ZAMBADA - Inspector Nocturno\",\"isPartOf\":{\"@id\":\"https:\\\/\\\/inspectornocturno.com.mx\\\/#website\"},\"primaryImageOfPage\":{\"@id\":\"https:\\\/\\\/inspectornocturno.com.mx\\\/?p=81163#primaryimage\"},\"image\":{\"@id\":\"https:\\\/\\\/inspectornocturno.com.mx\\\/?p=81163#primaryimage\"},\"thumbnailUrl\":\"https:\\\/\\\/inspectornocturno.com.mx\\\/wp-content\\\/uploads\\\/2025\\\/01\\\/IMG-20250118-WA0146-scaled.jpg\",\"datePublished\":\"2025-01-19T02:58:06+00:00\",\"dateModified\":\"2025-01-19T02:58:07+00:00\",\"breadcrumb\":{\"@id\":\"https:\\\/\\\/inspectornocturno.com.mx\\\/?p=81163#breadcrumb\"},\"inLanguage\":\"es\",\"potentialAction\":[{\"@type\":\"ReadAction\",\"target\":[\"https:\\\/\\\/inspectornocturno.com.mx\\\/?p=81163\"]}]},{\"@type\":\"ImageObject\",\"inLanguage\":\"es\",\"@id\":\"https:\\\/\\\/inspectornocturno.com.mx\\\/?p=81163#primaryimage\",\"url\":\"https:\\\/\\\/inspectornocturno.com.mx\\\/wp-content\\\/uploads\\\/2025\\\/01\\\/IMG-20250118-WA0146-scaled.jpg\",\"contentUrl\":\"https:\\\/\\\/inspectornocturno.com.mx\\\/wp-content\\\/uploads\\\/2025\\\/01\\\/IMG-20250118-WA0146-scaled.jpg\",\"width\":900,\"height\":633},{\"@type\":\"BreadcrumbList\",\"@id\":\"https:\\\/\\\/inspectornocturno.com.mx\\\/?p=81163#breadcrumb\",\"itemListElement\":[{\"@type\":\"ListItem\",\"position\":1,\"name\":\"Portada\",\"item\":\"https:\\\/\\\/inspectornocturno.com.mx\\\/\"},{\"@type\":\"ListItem\",\"position\":2,\"name\":\"DETIENEN AL YERNO DEL &#8220;MAYO&#8221; ZAMBADA\"}]},{\"@type\":\"WebSite\",\"@id\":\"https:\\\/\\\/inspectornocturno.com.mx\\\/#website\",\"url\":\"https:\\\/\\\/inspectornocturno.com.mx\\\/\",\"name\":\"Inspector Nocturno\",\"description\":\"Canc\u00fan, noticias al minuto del inspector nocturno\",\"publisher\":{\"@id\":\"https:\\\/\\\/inspectornocturno.com.mx\\\/#\\\/schema\\\/person\\\/63eb343fea17271215b1dd2793b27897\"},\"alternateName\":\"Noticias de impacto al momento de los hechos\",\"potentialAction\":[{\"@type\":\"SearchAction\",\"target\":{\"@type\":\"EntryPoint\",\"urlTemplate\":\"https:\\\/\\\/inspectornocturno.com.mx\\\/?s={search_term_string}\"},\"query-input\":{\"@type\":\"PropertyValueSpecification\",\"valueRequired\":true,\"valueName\":\"search_term_string\"}}],\"inLanguage\":\"es\"},{\"@type\":[\"Person\",\"Organization\"],\"@id\":\"https:\\\/\\\/inspectornocturno.com.mx\\\/#\\\/schema\\\/person\\\/63eb343fea17271215b1dd2793b27897\",\"name\":\"Inspector Nocturno\",\"image\":{\"@type\":\"ImageObject\",\"inLanguage\":\"es\",\"@id\":\"https:\\\/\\\/inspectornocturno.com.mx\\\/wp-content\\\/uploads\\\/2021\\\/10\\\/logo-transparente.png\",\"url\":\"https:\\\/\\\/inspectornocturno.com.mx\\\/wp-content\\\/uploads\\\/2021\\\/10\\\/logo-transparente.png\",\"contentUrl\":\"https:\\\/\\\/inspectornocturno.com.mx\\\/wp-content\\\/uploads\\\/2021\\\/10\\\/logo-transparente.png\",\"width\":561,\"height\":668,\"caption\":\"Inspector Nocturno\"},\"logo\":{\"@id\":\"https:\\\/\\\/inspectornocturno.com.mx\\\/wp-content\\\/uploads\\\/2021\\\/10\\\/logo-transparente.png\"},\"sameAs\":[\"http:\\\/\\\/inspectornocturno.com.mx\"]},{\"@type\":\"Person\",\"@id\":\"https:\\\/\\\/inspectornocturno.com.mx\\\/#\\\/schema\\\/person\\\/2f4c4173b1712fd9cf4f4b9365ce65db\",\"name\":\"Inspector Nocturno\",\"sameAs\":[\"http:\\\/\\\/inspectornocturno.com.mx\"]}]}<\/script>\n<!-- \/ Yoast SEO plugin. -->","yoast_head_json":{"title":"DETIENEN AL YERNO DEL \"MAYO\" ZAMBADA - Inspector Nocturno","robots":{"index":"index","follow":"follow","max-snippet":"max-snippet:-1","max-image-preview":"max-image-preview:large","max-video-preview":"max-video-preview:-1"},"canonical":"https:\/\/inspectornocturno.com.mx\/?p=81163","og_locale":"es_ES","og_type":"article","og_title":"DETIENEN AL YERNO DEL \"MAYO\" ZAMBADA - Inspector Nocturno","og_description":"\ud83d\udd3aJuan Carlos F\u00e9lix Gast\u00e9lum, alias \u2018El Chavo F\u00e9lix\u2019 fue detenido en la sindicatura de Quil\u00e1, al sur del municipio de Culiac\u00e1n. Filtran las primeras fotograf\u00edas de Juan Carlos F\u00e9lix Gast\u00e9lum, alias \u2018El Chavo F\u00e9lix\u2019, yerno del narcotraficante preso Ismael \u2018Mayo\u2019 Zambada, tras ser capturado hoy s\u00e1bado 18 de enero de 2025. Al momento de la [&hellip;]","og_url":"https:\/\/inspectornocturno.com.mx\/?p=81163","og_site_name":"Inspector Nocturno","article_published_time":"2025-01-19T02:58:06+00:00","article_modified_time":"2025-01-19T02:58:07+00:00","og_image":[{"width":900,"height":633,"url":"https:\/\/inspectornocturno.com.mx\/wp-content\/uploads\/2025\/01\/IMG-20250118-WA0146-scaled.jpg","type":"image\/jpeg"}],"author":"Inspector Nocturno","twitter_card":"summary_large_image","twitter_image":"https:\/\/inspectornocturno.com.mx\/wp-content\/uploads\/2025\/01\/IMG-20250118-WA0146-scaled.jpg","schema":{"@context":"https:\/\/schema.org","@graph":[{"@type":"Article","@id":"https:\/\/inspectornocturno.com.mx\/?p=81163#article","isPartOf":{"@id":"https:\/\/inspectornocturno.com.mx\/?p=81163"},"author":{"name":"Inspector Nocturno","@id":"https:\/\/inspectornocturno.com.mx\/#\/schema\/person\/2f4c4173b1712fd9cf4f4b9365ce65db"},"headline":"DETIENEN AL YERNO DEL &#8220;MAYO&#8221; ZAMBADA","datePublished":"2025-01-19T02:58:06+00:00","dateModified":"2025-01-19T02:58:07+00:00","mainEntityOfPage":{"@id":"https:\/\/inspectornocturno.com.mx\/?p=81163"},"wordCount":194,"publisher":{"@id":"https:\/\/inspectornocturno.com.mx\/#\/schema\/person\/63eb343fea17271215b1dd2793b27897"},"image":{"@id":"https:\/\/inspectornocturno.com.mx\/?p=81163#primaryimage"},"thumbnailUrl":"https:\/\/inspectornocturno.com.mx\/wp-content\/uploads\/2025\/01\/IMG-20250118-WA0146-scaled.jpg","articleSection":["Nacional"],"inLanguage":"es"},{"@type":"WebPage","@id":"https:\/\/inspectornocturno.com.mx\/?p=81163","url":"https:\/\/inspectornocturno.com.mx\/?p=81163","name":"DETIENEN AL YERNO DEL \"MAYO\" ZAMBADA - Inspector Nocturno","isPartOf":{"@id":"https:\/\/inspectornocturno.com.mx\/#website"},"primaryImageOfPage":{"@id":"https:\/\/inspectornocturno.com.mx\/?p=81163#primaryimage"},"image":{"@id":"https:\/\/inspectornocturno.com.mx\/?p=81163#primaryimage"},"thumbnailUrl":"https:\/\/inspectornocturno.com.mx\/wp-content\/uploads\/2025\/01\/IMG-20250118-WA0146-scaled.jpg","datePublished":"2025-01-19T02:58:06+00:00","dateModified":"2025-01-19T02:58:07+00:00","breadcrumb":{"@id":"https:\/\/inspectornocturno.com.mx\/?p=81163#breadcrumb"},"inLanguage":"es","potentialAction":[{"@type":"ReadAction","target":["https:\/\/inspectornocturno.com.mx\/?p=81163"]}]},{"@type":"ImageObject","inLanguage":"es","@id":"https:\/\/inspectornocturno.com.mx\/?p=81163#primaryimage","url":"https:\/\/inspectornocturno.com.mx\/wp-content\/uploads\/2025\/01\/IMG-20250118-WA0146-scaled.jpg","contentUrl":"https:\/\/inspectornocturno.com.mx\/wp-content\/uploads\/2025\/01\/IMG-20250118-WA0146-scaled.jpg","width":900,"height":633},{"@type":"BreadcrumbList","@id":"https:\/\/inspectornocturno.com.mx\/?p=81163#breadcrumb","itemListElement":[{"@type":"ListItem","position":1,"name":"Portada","item":"https:\/\/inspectornocturno.com.mx\/"},{"@type":"ListItem","position":2,"name":"DETIENEN AL YERNO DEL &#8220;MAYO&#8221; ZAMBADA"}]},{"@type":"WebSite","@id":"https:\/\/inspectornocturno.com.mx\/#website","url":"https:\/\/inspectornocturno.com.mx\/","name":"Inspector Nocturno","description":"Canc\u00fan, noticias al minuto del inspector nocturno","publisher":{"@id":"https:\/\/inspectornocturno.com.mx\/#\/schema\/person\/63eb343fea17271215b1dd2793b27897"},"alternateName":"Noticias de impacto al momento de los hechos","potentialAction":[{"@type":"SearchAction","target":{"@type":"EntryPoint","urlTemplate":"https:\/\/inspectornocturno.com.mx\/?s={search_term_string}"},"query-input":{"@type":"PropertyValueSpecification","valueRequired":true,"valueName":"search_term_string"}}],"inLanguage":"es"},{"@type":["Person","Organization"],"@id":"https:\/\/inspectornocturno.com.mx\/#\/schema\/person\/63eb343fea17271215b1dd2793b27897","name":"Inspector Nocturno","image":{"@type":"ImageObject","inLanguage":"es","@id":"https:\/\/inspectornocturno.com.mx\/wp-content\/uploads\/2021\/10\/logo-transparente.png","url":"https:\/\/inspectornocturno.com.mx\/wp-content\/uploads\/2021\/10\/logo-transparente.png","contentUrl":"https:\/\/inspectornocturno.com.mx\/wp-content\/uploads\/2021\/10\/logo-transparente.png","width":561,"height":668,"caption":"Inspector Nocturno"},"logo":{"@id":"https:\/\/inspectornocturno.com.mx\/wp-content\/uploads\/2021\/10\/logo-transparente.png"},"sameAs":["http:\/\/inspectornocturno.com.mx"]},{"@type":"Person","@id":"https:\/\/inspectornocturno.com.mx\/#\/schema\/person\/2f4c4173b1712fd9cf4f4b9365ce65db","name":"Inspector Nocturno","sameAs":["http:\/\/inspectornocturno.com.mx"]}]}},"views":233,"_links":{"self":[{"href":"https:\/\/inspectornocturno.com.mx\/index.php?rest_route=\/wp\/v2\/posts\/81163","targetHints":{"allow":["GET"]}}],"collection":[{"href":"https:\/\/inspectornocturno.com.mx\/index.php?rest_route=\/wp\/v2\/posts"}],"about":[{"href":"https:\/\/inspectornocturno.com.mx\/index.php?rest_route=\/wp\/v2\/types\/post"}],"author":[{"embeddable":true,"href":"https:\/\/inspectornocturno.com.mx\/index.php?rest_route=\/wp\/v2\/users\/3"}],"replies":[{"embeddable":true,"href":"https:\/\/inspectornocturno.com.mx\/index.php?rest_route=%2Fwp%2Fv2%2Fcomments&post=81163"}],"version-history":[{"count":1,"href":"https:\/\/inspectornocturno.com.mx\/index.php?rest_route=\/wp\/v2\/posts\/81163\/revisions"}],"predecessor-version":[{"id":81165,"href":"https:\/\/inspectornocturno.com.mx\/index.php?rest_route=\/wp\/v2\/posts\/81163\/revisions\/81165"}],"wp:featuredmedia":[{"embeddable":true,"href":"https:\/\/inspectornocturno.com.mx\/index.php?rest_route=\/wp\/v2\/media\/81164"}],"wp:attachment":[{"href":"https:\/\/inspectornocturno.com.mx\/index.php?rest_route=%2Fwp%2Fv2%2Fmedia&parent=81163"}],"wp:term":[{"taxonomy":"category","embeddable":true,"href":"https:\/\/inspectornocturno.com.mx\/index.php?rest_route=%2Fwp%2Fv2%2Fcategories&post=81163"},{"taxonomy":"post_tag","embeddable":true,"href":"https:\/\/inspectornocturno.com.mx\/index.php?rest_route=%2Fwp%2Fv2%2Ftags&post=81163"}],"curies":[{"name":"wp","href":"https:\/\/api.w.org\/{rel}","templated":true}]}}