{"id":80697,"date":"2025-01-11T10:43:53","date_gmt":"2025-01-11T15:43:53","guid":{"rendered":"https:\/\/inspectornocturno.com.mx\/?p=80697"},"modified":"2025-01-11T10:43:54","modified_gmt":"2025-01-11T15:43:54","slug":"colision-mortal-en-el-arco-norte","status":"publish","type":"post","link":"https:\/\/inspectornocturno.com.mx\/?p=80697","title":{"rendered":"COLISI\u00d3N MORTAL EN EL ARCO NORTE"},"content":{"rendered":"\n<p class=\"wp-block-paragraph\">\ud83d\udd3a\ufe0f En la madrugada de este s\u00e1bado, una combi de transporte p\u00fablico y un cami\u00f3n chocaron brutalmente frente, dejando como saldo una persona fallecida<\/p>\n\n\n\n<p class=\"wp-block-paragraph\">Durante la madrugada de este s\u00e1bado, alrededor de las 00.30 horas, se registr\u00f3 un tr\u00e1gico accidente sobre la avenida Arco Norte, a la altura del fraccionamiento Vista Real, que dej\u00f3 como saldo una persona fallecida. El incidente involucr\u00f3 una combi de transporte p\u00fablico con n\u00famero econ\u00f3mico 620 y un cami\u00f3n de la empresa Lipu.<\/p>\n\n\n\n<p class=\"wp-block-paragraph\">Seg\u00fan testigos, el accidente ocurri\u00f3 cuando el cami\u00f3n presuntamente invadi\u00f3 el carril contrario, provocando un choque frontal con la combi. La intensidad del impacto fue tal que el conductor de la combi, identificado como Mois\u00e9s, perdi\u00f3 la vida en el lugar.<\/p>\n\n\n\n<p class=\"wp-block-paragraph\">Param\u00e9dicos de la Cruz Roja llegaron al sitio para brindar auxilio, pero \u00fanicamente pudieron confirmar el fallecimiento del conductor. Por otro lado, el operador del cami\u00f3n fue trasladado a un hospital con lesiones menores y se encuentra fuera de peligro.<\/p>\n\n\n\n<p class=\"wp-block-paragraph\">El incidente gener\u00f3 una importante movilizaci\u00f3n de cuerpos de emergencia, entre ellos la Cruz Roja, Bomberos y personal de Tr\u00e1nsito. Durante aproximadamente dos horas, la avenida permaneci\u00f3 cerrada mientras se realizaban las diligencias correspondientes. Servicios periciales realizaron el levantamiento del cuerpo y su traslado para las investigaciones de ley.<\/p>\n\n\n\n<p class=\"wp-block-paragraph\">Familiares de la v\u00edctima arribaron al lugar del accidente, profundamente consternados por la tragedia. Mientras tanto, las autoridades competentes continuar\u00e1n las investigaciones para deslindar responsabilidades en este caso.<br>Vecinos de la zona se\u00f1alaron que la avenida Arco Norte es un punto cr\u00edtico donde los accidentes son frecuentes debido a la imprudencia de algunos conductores. Este lamentable hecho pone de manifiesto la urgente necesidad de reforzar las medidas de seguridad vial en el \u00e1rea para prevenir futuros incidentes.<\/p>\n","protected":false},"excerpt":{"rendered":"<p>\ud83d\udd3a\ufe0f En la madrugada de este s\u00e1bado, una combi de transporte p\u00fablico y un cami\u00f3n chocaron brutalmente frente, dejando como saldo una persona fallecida Durante la madrugada de este s\u00e1bado, alrededor de las 00.30 horas, se registr\u00f3 un tr\u00e1gico accidente sobre la avenida Arco Norte, a la altura del fraccionamiento Vista Real, que dej\u00f3 como [&hellip;]<\/p>\n","protected":false},"author":9,"featured_media":80699,"comment_status":"closed","ping_status":"closed","sticky":false,"template":"","format":"standard","meta":{"footnotes":"","_wpscppro_dont_share_socialmedia":false,"_wpscppro_custom_social_share_image":0,"_facebook_share_type":"default","_twitter_share_type":"custom","_linkedin_share_type":"default","_pinterest_share_type":"default","_linkedin_share_type_page":"default","_instagram_share_type":"default","_medium_share_type":"","_threads_share_type":"","_google_business_share_type":"","_selected_social_profile":[{"id":753595702106742800,"platform":"twitter","platformKey":0,"name":"InspectorNocturnoOficial","thumbnail_url":"http:\/\/pbs.twimg.com\/profile_images\/869067525337862144\/lyGXp0kf_normal.jpg","share_type":"default"}],"_wpsp_enable_custom_social_template":false,"_wpsp_social_scheduling":{"enabled":false,"datetime":null,"platforms":[],"status":"template_only","dateOption":"today","timeOption":"now","customDays":"","customHours":"","customDate":"","customTime":"","schedulingType":"absolute"},"_wpsp_active_default_template":true},"categories":[57,3],"tags":[],"class_list":["post-80697","post","type-post","status-publish","format-standard","has-post-thumbnail","hentry","category-cancun","category-quintana-roo"],"yoast_head":"<!-- This site is optimized with the Yoast SEO plugin v27.7 - https:\/\/yoast.com\/product\/yoast-seo-wordpress\/ -->\n<title>COLISI\u00d3N MORTAL EN EL ARCO NORTE - Inspector Nocturno<\/title>\n<meta name=\"robots\" content=\"index, follow, max-snippet:-1, max-image-preview:large, max-video-preview:-1\" \/>\n<link rel=\"canonical\" href=\"https:\/\/inspectornocturno.com.mx\/?p=80697\" \/>\n<meta property=\"og:locale\" content=\"es_ES\" \/>\n<meta property=\"og:type\" content=\"article\" \/>\n<meta property=\"og:title\" content=\"COLISI\u00d3N MORTAL EN EL ARCO NORTE - Inspector Nocturno\" \/>\n<meta property=\"og:description\" content=\"\ud83d\udd3a\ufe0f En la madrugada de este s\u00e1bado, una combi de transporte p\u00fablico y un cami\u00f3n chocaron brutalmente frente, dejando como saldo una persona fallecida Durante la madrugada de este s\u00e1bado, alrededor de las 00.30 horas, se registr\u00f3 un tr\u00e1gico accidente sobre la avenida Arco Norte, a la altura del fraccionamiento Vista Real, que dej\u00f3 como [&hellip;]\" \/>\n<meta property=\"og:url\" content=\"https:\/\/inspectornocturno.com.mx\/?p=80697\" \/>\n<meta property=\"og:site_name\" content=\"Inspector Nocturno\" \/>\n<meta property=\"article:published_time\" content=\"2025-01-11T15:43:53+00:00\" \/>\n<meta property=\"article:modified_time\" content=\"2025-01-11T15:43:54+00:00\" \/>\n<meta property=\"og:image\" content=\"https:\/\/inspectornocturno.com.mx\/wp-content\/uploads\/2025\/01\/Photo_1736610031290-1-scaled.jpg\" \/>\n\t<meta property=\"og:image:width\" content=\"900\" \/>\n\t<meta property=\"og:image:height\" content=\"675\" \/>\n\t<meta property=\"og:image:type\" content=\"image\/jpeg\" \/>\n<meta name=\"author\" content=\"Inspector Nocturno\" \/>\n<meta name=\"twitter:card\" content=\"summary_large_image\" \/>\n<script type=\"application\/ld+json\" class=\"yoast-schema-graph\">{\"@context\":\"https:\\\/\\\/schema.org\",\"@graph\":[{\"@type\":\"Article\",\"@id\":\"https:\\\/\\\/inspectornocturno.com.mx\\\/?p=80697#article\",\"isPartOf\":{\"@id\":\"https:\\\/\\\/inspectornocturno.com.mx\\\/?p=80697\"},\"author\":{\"name\":\"Inspector Nocturno\",\"@id\":\"https:\\\/\\\/inspectornocturno.com.mx\\\/#\\\/schema\\\/person\\\/e9418c22a987eae8f9a24e3f6f11b64a\"},\"headline\":\"COLISI\u00d3N MORTAL EN EL ARCO NORTE\",\"datePublished\":\"2025-01-11T15:43:53+00:00\",\"dateModified\":\"2025-01-11T15:43:54+00:00\",\"mainEntityOfPage\":{\"@id\":\"https:\\\/\\\/inspectornocturno.com.mx\\\/?p=80697\"},\"wordCount\":309,\"publisher\":{\"@id\":\"https:\\\/\\\/inspectornocturno.com.mx\\\/#\\\/schema\\\/person\\\/63eb343fea17271215b1dd2793b27897\"},\"image\":{\"@id\":\"https:\\\/\\\/inspectornocturno.com.mx\\\/?p=80697#primaryimage\"},\"thumbnailUrl\":\"https:\\\/\\\/inspectornocturno.com.mx\\\/wp-content\\\/uploads\\\/2025\\\/01\\\/Photo_1736610031290-1-scaled.jpg\",\"articleSection\":[\"Canc\u00fan\",\"Quintana Roo\"],\"inLanguage\":\"es\"},{\"@type\":\"WebPage\",\"@id\":\"https:\\\/\\\/inspectornocturno.com.mx\\\/?p=80697\",\"url\":\"https:\\\/\\\/inspectornocturno.com.mx\\\/?p=80697\",\"name\":\"COLISI\u00d3N MORTAL EN EL ARCO NORTE - Inspector Nocturno\",\"isPartOf\":{\"@id\":\"https:\\\/\\\/inspectornocturno.com.mx\\\/#website\"},\"primaryImageOfPage\":{\"@id\":\"https:\\\/\\\/inspectornocturno.com.mx\\\/?p=80697#primaryimage\"},\"image\":{\"@id\":\"https:\\\/\\\/inspectornocturno.com.mx\\\/?p=80697#primaryimage\"},\"thumbnailUrl\":\"https:\\\/\\\/inspectornocturno.com.mx\\\/wp-content\\\/uploads\\\/2025\\\/01\\\/Photo_1736610031290-1-scaled.jpg\",\"datePublished\":\"2025-01-11T15:43:53+00:00\",\"dateModified\":\"2025-01-11T15:43:54+00:00\",\"breadcrumb\":{\"@id\":\"https:\\\/\\\/inspectornocturno.com.mx\\\/?p=80697#breadcrumb\"},\"inLanguage\":\"es\",\"potentialAction\":[{\"@type\":\"ReadAction\",\"target\":[\"https:\\\/\\\/inspectornocturno.com.mx\\\/?p=80697\"]}]},{\"@type\":\"ImageObject\",\"inLanguage\":\"es\",\"@id\":\"https:\\\/\\\/inspectornocturno.com.mx\\\/?p=80697#primaryimage\",\"url\":\"https:\\\/\\\/inspectornocturno.com.mx\\\/wp-content\\\/uploads\\\/2025\\\/01\\\/Photo_1736610031290-1-scaled.jpg\",\"contentUrl\":\"https:\\\/\\\/inspectornocturno.com.mx\\\/wp-content\\\/uploads\\\/2025\\\/01\\\/Photo_1736610031290-1-scaled.jpg\",\"width\":900,\"height\":675},{\"@type\":\"BreadcrumbList\",\"@id\":\"https:\\\/\\\/inspectornocturno.com.mx\\\/?p=80697#breadcrumb\",\"itemListElement\":[{\"@type\":\"ListItem\",\"position\":1,\"name\":\"Portada\",\"item\":\"https:\\\/\\\/inspectornocturno.com.mx\\\/\"},{\"@type\":\"ListItem\",\"position\":2,\"name\":\"COLISI\u00d3N MORTAL EN EL ARCO NORTE\"}]},{\"@type\":\"WebSite\",\"@id\":\"https:\\\/\\\/inspectornocturno.com.mx\\\/#website\",\"url\":\"https:\\\/\\\/inspectornocturno.com.mx\\\/\",\"name\":\"Inspector Nocturno\",\"description\":\"Canc\u00fan, noticias al minuto del inspector nocturno\",\"publisher\":{\"@id\":\"https:\\\/\\\/inspectornocturno.com.mx\\\/#\\\/schema\\\/person\\\/63eb343fea17271215b1dd2793b27897\"},\"alternateName\":\"Noticias de impacto al momento de los hechos\",\"potentialAction\":[{\"@type\":\"SearchAction\",\"target\":{\"@type\":\"EntryPoint\",\"urlTemplate\":\"https:\\\/\\\/inspectornocturno.com.mx\\\/?s={search_term_string}\"},\"query-input\":{\"@type\":\"PropertyValueSpecification\",\"valueRequired\":true,\"valueName\":\"search_term_string\"}}],\"inLanguage\":\"es\"},{\"@type\":[\"Person\",\"Organization\"],\"@id\":\"https:\\\/\\\/inspectornocturno.com.mx\\\/#\\\/schema\\\/person\\\/63eb343fea17271215b1dd2793b27897\",\"name\":\"Inspector Nocturno\",\"image\":{\"@type\":\"ImageObject\",\"inLanguage\":\"es\",\"@id\":\"https:\\\/\\\/inspectornocturno.com.mx\\\/wp-content\\\/uploads\\\/2021\\\/10\\\/logo-transparente.png\",\"url\":\"https:\\\/\\\/inspectornocturno.com.mx\\\/wp-content\\\/uploads\\\/2021\\\/10\\\/logo-transparente.png\",\"contentUrl\":\"https:\\\/\\\/inspectornocturno.com.mx\\\/wp-content\\\/uploads\\\/2021\\\/10\\\/logo-transparente.png\",\"width\":561,\"height\":668,\"caption\":\"Inspector Nocturno\"},\"logo\":{\"@id\":\"https:\\\/\\\/inspectornocturno.com.mx\\\/wp-content\\\/uploads\\\/2021\\\/10\\\/logo-transparente.png\"},\"sameAs\":[\"http:\\\/\\\/inspectornocturno.com.mx\"]},{\"@type\":\"Person\",\"@id\":\"https:\\\/\\\/inspectornocturno.com.mx\\\/#\\\/schema\\\/person\\\/e9418c22a987eae8f9a24e3f6f11b64a\",\"name\":\"Inspector Nocturno\"}]}<\/script>\n<!-- \/ Yoast SEO plugin. -->","yoast_head_json":{"title":"COLISI\u00d3N MORTAL EN EL ARCO NORTE - Inspector Nocturno","robots":{"index":"index","follow":"follow","max-snippet":"max-snippet:-1","max-image-preview":"max-image-preview:large","max-video-preview":"max-video-preview:-1"},"canonical":"https:\/\/inspectornocturno.com.mx\/?p=80697","og_locale":"es_ES","og_type":"article","og_title":"COLISI\u00d3N MORTAL EN EL ARCO NORTE - Inspector Nocturno","og_description":"\ud83d\udd3a\ufe0f En la madrugada de este s\u00e1bado, una combi de transporte p\u00fablico y un cami\u00f3n chocaron brutalmente frente, dejando como saldo una persona fallecida Durante la madrugada de este s\u00e1bado, alrededor de las 00.30 horas, se registr\u00f3 un tr\u00e1gico accidente sobre la avenida Arco Norte, a la altura del fraccionamiento Vista Real, que dej\u00f3 como [&hellip;]","og_url":"https:\/\/inspectornocturno.com.mx\/?p=80697","og_site_name":"Inspector Nocturno","article_published_time":"2025-01-11T15:43:53+00:00","article_modified_time":"2025-01-11T15:43:54+00:00","og_image":[{"width":900,"height":675,"url":"https:\/\/inspectornocturno.com.mx\/wp-content\/uploads\/2025\/01\/Photo_1736610031290-1-scaled.jpg","type":"image\/jpeg"}],"author":"Inspector Nocturno","twitter_card":"summary_large_image","schema":{"@context":"https:\/\/schema.org","@graph":[{"@type":"Article","@id":"https:\/\/inspectornocturno.com.mx\/?p=80697#article","isPartOf":{"@id":"https:\/\/inspectornocturno.com.mx\/?p=80697"},"author":{"name":"Inspector Nocturno","@id":"https:\/\/inspectornocturno.com.mx\/#\/schema\/person\/e9418c22a987eae8f9a24e3f6f11b64a"},"headline":"COLISI\u00d3N MORTAL EN EL ARCO NORTE","datePublished":"2025-01-11T15:43:53+00:00","dateModified":"2025-01-11T15:43:54+00:00","mainEntityOfPage":{"@id":"https:\/\/inspectornocturno.com.mx\/?p=80697"},"wordCount":309,"publisher":{"@id":"https:\/\/inspectornocturno.com.mx\/#\/schema\/person\/63eb343fea17271215b1dd2793b27897"},"image":{"@id":"https:\/\/inspectornocturno.com.mx\/?p=80697#primaryimage"},"thumbnailUrl":"https:\/\/inspectornocturno.com.mx\/wp-content\/uploads\/2025\/01\/Photo_1736610031290-1-scaled.jpg","articleSection":["Canc\u00fan","Quintana Roo"],"inLanguage":"es"},{"@type":"WebPage","@id":"https:\/\/inspectornocturno.com.mx\/?p=80697","url":"https:\/\/inspectornocturno.com.mx\/?p=80697","name":"COLISI\u00d3N MORTAL EN EL ARCO NORTE - Inspector Nocturno","isPartOf":{"@id":"https:\/\/inspectornocturno.com.mx\/#website"},"primaryImageOfPage":{"@id":"https:\/\/inspectornocturno.com.mx\/?p=80697#primaryimage"},"image":{"@id":"https:\/\/inspectornocturno.com.mx\/?p=80697#primaryimage"},"thumbnailUrl":"https:\/\/inspectornocturno.com.mx\/wp-content\/uploads\/2025\/01\/Photo_1736610031290-1-scaled.jpg","datePublished":"2025-01-11T15:43:53+00:00","dateModified":"2025-01-11T15:43:54+00:00","breadcrumb":{"@id":"https:\/\/inspectornocturno.com.mx\/?p=80697#breadcrumb"},"inLanguage":"es","potentialAction":[{"@type":"ReadAction","target":["https:\/\/inspectornocturno.com.mx\/?p=80697"]}]},{"@type":"ImageObject","inLanguage":"es","@id":"https:\/\/inspectornocturno.com.mx\/?p=80697#primaryimage","url":"https:\/\/inspectornocturno.com.mx\/wp-content\/uploads\/2025\/01\/Photo_1736610031290-1-scaled.jpg","contentUrl":"https:\/\/inspectornocturno.com.mx\/wp-content\/uploads\/2025\/01\/Photo_1736610031290-1-scaled.jpg","width":900,"height":675},{"@type":"BreadcrumbList","@id":"https:\/\/inspectornocturno.com.mx\/?p=80697#breadcrumb","itemListElement":[{"@type":"ListItem","position":1,"name":"Portada","item":"https:\/\/inspectornocturno.com.mx\/"},{"@type":"ListItem","position":2,"name":"COLISI\u00d3N MORTAL EN EL ARCO NORTE"}]},{"@type":"WebSite","@id":"https:\/\/inspectornocturno.com.mx\/#website","url":"https:\/\/inspectornocturno.com.mx\/","name":"Inspector Nocturno","description":"Canc\u00fan, noticias al minuto del inspector nocturno","publisher":{"@id":"https:\/\/inspectornocturno.com.mx\/#\/schema\/person\/63eb343fea17271215b1dd2793b27897"},"alternateName":"Noticias de impacto al momento de los hechos","potentialAction":[{"@type":"SearchAction","target":{"@type":"EntryPoint","urlTemplate":"https:\/\/inspectornocturno.com.mx\/?s={search_term_string}"},"query-input":{"@type":"PropertyValueSpecification","valueRequired":true,"valueName":"search_term_string"}}],"inLanguage":"es"},{"@type":["Person","Organization"],"@id":"https:\/\/inspectornocturno.com.mx\/#\/schema\/person\/63eb343fea17271215b1dd2793b27897","name":"Inspector Nocturno","image":{"@type":"ImageObject","inLanguage":"es","@id":"https:\/\/inspectornocturno.com.mx\/wp-content\/uploads\/2021\/10\/logo-transparente.png","url":"https:\/\/inspectornocturno.com.mx\/wp-content\/uploads\/2021\/10\/logo-transparente.png","contentUrl":"https:\/\/inspectornocturno.com.mx\/wp-content\/uploads\/2021\/10\/logo-transparente.png","width":561,"height":668,"caption":"Inspector Nocturno"},"logo":{"@id":"https:\/\/inspectornocturno.com.mx\/wp-content\/uploads\/2021\/10\/logo-transparente.png"},"sameAs":["http:\/\/inspectornocturno.com.mx"]},{"@type":"Person","@id":"https:\/\/inspectornocturno.com.mx\/#\/schema\/person\/e9418c22a987eae8f9a24e3f6f11b64a","name":"Inspector Nocturno"}]}},"views":913,"_links":{"self":[{"href":"https:\/\/inspectornocturno.com.mx\/index.php?rest_route=\/wp\/v2\/posts\/80697","targetHints":{"allow":["GET"]}}],"collection":[{"href":"https:\/\/inspectornocturno.com.mx\/index.php?rest_route=\/wp\/v2\/posts"}],"about":[{"href":"https:\/\/inspectornocturno.com.mx\/index.php?rest_route=\/wp\/v2\/types\/post"}],"author":[{"embeddable":true,"href":"https:\/\/inspectornocturno.com.mx\/index.php?rest_route=\/wp\/v2\/users\/9"}],"replies":[{"embeddable":true,"href":"https:\/\/inspectornocturno.com.mx\/index.php?rest_route=%2Fwp%2Fv2%2Fcomments&post=80697"}],"version-history":[{"count":2,"href":"https:\/\/inspectornocturno.com.mx\/index.php?rest_route=\/wp\/v2\/posts\/80697\/revisions"}],"predecessor-version":[{"id":80701,"href":"https:\/\/inspectornocturno.com.mx\/index.php?rest_route=\/wp\/v2\/posts\/80697\/revisions\/80701"}],"wp:featuredmedia":[{"embeddable":true,"href":"https:\/\/inspectornocturno.com.mx\/index.php?rest_route=\/wp\/v2\/media\/80699"}],"wp:attachment":[{"href":"https:\/\/inspectornocturno.com.mx\/index.php?rest_route=%2Fwp%2Fv2%2Fmedia&parent=80697"}],"wp:term":[{"taxonomy":"category","embeddable":true,"href":"https:\/\/inspectornocturno.com.mx\/index.php?rest_route=%2Fwp%2Fv2%2Fcategories&post=80697"},{"taxonomy":"post_tag","embeddable":true,"href":"https:\/\/inspectornocturno.com.mx\/index.php?rest_route=%2Fwp%2Fv2%2Ftags&post=80697"}],"curies":[{"name":"wp","href":"https:\/\/api.w.org\/{rel}","templated":true}]}}