{"id":78319,"date":"2024-11-26T19:48:38","date_gmt":"2024-11-27T00:48:38","guid":{"rendered":"https:\/\/inspectornocturno.com.mx\/?p=78319"},"modified":"2024-11-26T19:48:38","modified_gmt":"2024-11-27T00:48:38","slug":"dan-inicio-a-la-nueva-catedral-de-cancun-mara-lezama-y-monsenor-pedro-pablo-elizondo-para-fortalecer-el-turismo-religioso-y-espiritual","status":"publish","type":"post","link":"https:\/\/inspectornocturno.com.mx\/?p=78319","title":{"rendered":"DAN INICIO A LA NUEVA CATEDRAL DE CANC\u00daN, MARA LEZAMA Y MONSE\u00d1OR PEDRO PABLO ELIZONDO PARA FORTALECER EL TURISMO RELIGIOSO Y ESPIRITUAL"},"content":{"rendered":"\n<p class=\"wp-block-paragraph\">\ud83d\udd3aLa obra concluir\u00e1 en diciembre de 2025 y se contempla invitar al Papa Francisco para su bendici\u00f3n.<\/p>\n\n\n\n<p class=\"wp-block-paragraph\">Canc\u00fan.- La Gobernadora Mara Lezama Espinosa acompa\u00f1\u00f3 a Monse\u00f1or Pedro Pablo Elizondo, Obispo de la Di\u00f3cesis Canc\u00fan-Chetumal, al inicio de obras de la Catedral de la Santa Cruz de Canc\u00fan y la construcci\u00f3n de su centro comunitario, en el coraz\u00f3n del ombligo verde.<\/p>\n\n\n\n<p class=\"wp-block-paragraph\">Mara Lezama afirm\u00f3 que \u201cla iglesia es una aliada fundamental en la lucha contra la injusticia y la construcci\u00f3n de paz, a la empat\u00eda y a la compasi\u00f3n; nos invita a reflexionar sobre nuestros actos, a tratar de ser mejores seres humanos, a sacar la mejor versi\u00f3n de nosotros mismos\u201d.<\/p>\n\n\n\n<p class=\"wp-block-paragraph\">Luego de escuchar parte del proyecto, la titular del Ejecutivo expres\u00f3 que ser\u00e1 tambi\u00e9n un punto de atractivo tur\u00edstico, pues muchos visitantes se preguntan por la Catedral de Canc\u00fan, el destino m\u00e1s importante de Latinoam\u00e9rica, pues reiter\u00f3 que las iglesias, las religiones, son comunidades que integran a las personas a profesar la fe en torno a valores que no debemos perder nunca, valores humanos, espirituales, que contribuyen al bien com\u00fan de la sociedad.<\/p>\n\n\n\n<p class=\"wp-block-paragraph\">Monse\u00f1or Pedro Pablo Elizondo explic\u00f3 que la Catedral tendr\u00e1 una cruz atrial de 25 metros de altura sobre una pir\u00e1mide maya de 12 escalones de piedra, aludiendo al cimiento de los 12 ap\u00f3stoles y recordando el momento hist\u00f3rico de la llegada del cristianismo a tierras mexicanas en 1518 en la isla de Cozumel.<\/p>\n\n\n\n<p class=\"wp-block-paragraph\">Al lado de la gran cruz nacer\u00e1 un cenote capilla bautisterio para recordar a los primeros cristianos mayas, Melchor y Juli\u00e1n, bautizados.<\/p>\n\n\n\n<p class=\"wp-block-paragraph\">El Obispo destac\u00f3 un nuevo sector en el turismo que est\u00e1 despertando, el turismo religioso, pues Quintana Roo cuenta con numerosos centros de atracci\u00f3n, como el Santuario de la Desatadora de Nudos, la capilla Estrella de Mar, la iglesia Cristo Resucitado, el Encuentro Mariano, el Viacrucis de Playa Delfines, la capilla ic\u00f3nica de la Quinta Avenida en Playa del Carmen, la capilla hist\u00f3rica de la Santa Cruz del malec\u00f3n de Cozumel, la capilla universitaria, 32 capillas semip\u00fablicas tur\u00edsticas en 32 hoteles al lado del mar turquesa, en donde se escuchan confesiones y celebraciones en 7 idiomas principales del mundo, incluyendo la Maya.<\/p>\n\n\n\n<p class=\"wp-block-paragraph\">Durante las explicaciones, Monse\u00f1or Pablo Elizondo afirm\u00f3 que se quiere invitar al Papa Francisco, o su representante en M\u00e9xico, a la bendici\u00f3n, consagraci\u00f3n y dedicaci\u00f3n de esta nueva Catedral para diciembre del a\u00f1o santo del 2025.<\/p>\n\n\n\n<p class=\"wp-block-paragraph\">Por otra parte, la construcci\u00f3n del Centro Comunitario permitir\u00e1 ofrecer servicios como, el comedor comunitario, un dispensario con atenci\u00f3n m\u00e9dica gratuita, asesor\u00eda legal, apoyo psicol\u00f3gico y emocional, apoyo a los migrantes y un centro de ayuda para la mujer.<\/p>\n\n\n\n<p class=\"wp-block-paragraph\">Participaron en las explicaciones el ingeniero Juan Ignacio Athi\u00e9 y el arquitecto Raymundo Magos, as\u00ed como la responsable del proyecto del Centro Comunitario, Maricarmen Mart\u00ednez.<\/p>\n\n\n\n<p class=\"wp-block-paragraph\">Estuvieron presentes, la presidenta honoraria del Sistema DIF Quintana Roo, Ver\u00f3nica Lezama Espinosa; el magistrado Heyden Cebada Rivas, presidente del Tribunal Superior de Justicia; las presidentas municipales, Ana Paty Peralta de la Pe\u00f1a, de Benito Ju\u00e1rez; Atenea G\u00f3mez Ricalde, de Isla Mujeres; y Mary Carmen Hern\u00e1ndez, de Felipe Carrillo Puerto.<\/p>\n","protected":false},"excerpt":{"rendered":"<p>\ud83d\udd3aLa obra concluir\u00e1 en diciembre de 2025 y se contempla invitar al Papa Francisco para su bendici\u00f3n. Canc\u00fan.- La Gobernadora Mara Lezama Espinosa acompa\u00f1\u00f3 a Monse\u00f1or Pedro Pablo Elizondo, Obispo de la Di\u00f3cesis Canc\u00fan-Chetumal, al inicio de obras de la Catedral de la Santa Cruz de Canc\u00fan y la construcci\u00f3n de su centro comunitario, en [&hellip;]<\/p>\n","protected":false},"author":1,"featured_media":78320,"comment_status":"closed","ping_status":"closed","sticky":false,"template":"","format":"standard","meta":{"footnotes":"","_wpscppro_dont_share_socialmedia":false,"_wpscppro_custom_social_share_image":0,"_facebook_share_type":"default","_twitter_share_type":"default","_linkedin_share_type":"default","_pinterest_share_type":"default","_linkedin_share_type_page":"","_instagram_share_type":"default","_medium_share_type":"","_threads_share_type":"","_google_business_share_type":"","_selected_social_profile":[],"_wpsp_enable_custom_social_template":false,"_wpsp_social_scheduling":{"enabled":false,"datetime":null,"platforms":[],"status":"template_only","dateOption":"today","timeOption":"now","customDays":"","customHours":"","customDate":"","customTime":"","schedulingType":"absolute"},"_wpsp_active_default_template":true},"categories":[57,69,3],"tags":[],"class_list":["post-78319","post","type-post","status-publish","format-standard","has-post-thumbnail","hentry","category-cancun","category-politica","category-quintana-roo"],"yoast_head":"<!-- This site is optimized with the Yoast SEO plugin v27.7 - https:\/\/yoast.com\/product\/yoast-seo-wordpress\/ -->\n<title>DAN INICIO A LA NUEVA CATEDRAL DE CANC\u00daN, MARA LEZAMA Y MONSE\u00d1OR PEDRO PABLO ELIZONDO PARA FORTALECER EL TURISMO RELIGIOSO Y ESPIRITUAL - Inspector Nocturno<\/title>\n<meta name=\"robots\" content=\"index, follow, max-snippet:-1, max-image-preview:large, max-video-preview:-1\" \/>\n<link rel=\"canonical\" href=\"https:\/\/inspectornocturno.com.mx\/?p=78319\" \/>\n<meta property=\"og:locale\" content=\"es_ES\" \/>\n<meta property=\"og:type\" content=\"article\" \/>\n<meta property=\"og:title\" content=\"DAN INICIO A LA NUEVA CATEDRAL DE CANC\u00daN, MARA LEZAMA Y MONSE\u00d1OR PEDRO PABLO ELIZONDO PARA FORTALECER EL TURISMO RELIGIOSO Y ESPIRITUAL - Inspector Nocturno\" \/>\n<meta property=\"og:description\" content=\"\ud83d\udd3aLa obra concluir\u00e1 en diciembre de 2025 y se contempla invitar al Papa Francisco para su bendici\u00f3n. Canc\u00fan.- La Gobernadora Mara Lezama Espinosa acompa\u00f1\u00f3 a Monse\u00f1or Pedro Pablo Elizondo, Obispo de la Di\u00f3cesis Canc\u00fan-Chetumal, al inicio de obras de la Catedral de la Santa Cruz de Canc\u00fan y la construcci\u00f3n de su centro comunitario, en [&hellip;]\" \/>\n<meta property=\"og:url\" content=\"https:\/\/inspectornocturno.com.mx\/?p=78319\" \/>\n<meta property=\"og:site_name\" content=\"Inspector Nocturno\" \/>\n<meta property=\"article:published_time\" content=\"2024-11-27T00:48:38+00:00\" \/>\n<meta property=\"og:image\" content=\"https:\/\/inspectornocturno.com.mx\/wp-content\/uploads\/2024\/11\/WhatsApp-Image-2024-11-26-at-3.29.23-PM-scaled.jpeg\" \/>\n\t<meta property=\"og:image:width\" content=\"900\" \/>\n\t<meta property=\"og:image:height\" content=\"600\" \/>\n\t<meta property=\"og:image:type\" content=\"image\/jpeg\" \/>\n<meta name=\"author\" content=\"inspector nocturno, noticias al momento, noticias de ultima hora, informando al minuto\" \/>\n<meta name=\"twitter:card\" content=\"summary_large_image\" \/>\n<script type=\"application\/ld+json\" class=\"yoast-schema-graph\">{\"@context\":\"https:\\\/\\\/schema.org\",\"@graph\":[{\"@type\":\"Article\",\"@id\":\"https:\\\/\\\/inspectornocturno.com.mx\\\/?p=78319#article\",\"isPartOf\":{\"@id\":\"https:\\\/\\\/inspectornocturno.com.mx\\\/?p=78319\"},\"author\":{\"name\":\"inspector nocturno, noticias al momento, noticias de ultima hora, informando al minuto\",\"@id\":\"https:\\\/\\\/inspectornocturno.com.mx\\\/#\\\/schema\\\/person\\\/7dc0a76c90dafd204473535370236590\"},\"headline\":\"DAN INICIO A LA NUEVA CATEDRAL DE CANC\u00daN, MARA LEZAMA Y MONSE\u00d1OR PEDRO PABLO ELIZONDO PARA FORTALECER EL TURISMO RELIGIOSO Y ESPIRITUAL\",\"datePublished\":\"2024-11-27T00:48:38+00:00\",\"mainEntityOfPage\":{\"@id\":\"https:\\\/\\\/inspectornocturno.com.mx\\\/?p=78319\"},\"wordCount\":572,\"publisher\":{\"@id\":\"https:\\\/\\\/inspectornocturno.com.mx\\\/#\\\/schema\\\/person\\\/63eb343fea17271215b1dd2793b27897\"},\"image\":{\"@id\":\"https:\\\/\\\/inspectornocturno.com.mx\\\/?p=78319#primaryimage\"},\"thumbnailUrl\":\"https:\\\/\\\/inspectornocturno.com.mx\\\/wp-content\\\/uploads\\\/2024\\\/11\\\/WhatsApp-Image-2024-11-26-at-3.29.23-PM-scaled.jpeg\",\"articleSection\":[\"Canc\u00fan\",\"Pol\u00edtica\",\"Quintana Roo\"],\"inLanguage\":\"es\"},{\"@type\":\"WebPage\",\"@id\":\"https:\\\/\\\/inspectornocturno.com.mx\\\/?p=78319\",\"url\":\"https:\\\/\\\/inspectornocturno.com.mx\\\/?p=78319\",\"name\":\"DAN INICIO A LA NUEVA CATEDRAL DE CANC\u00daN, MARA LEZAMA Y MONSE\u00d1OR PEDRO PABLO ELIZONDO PARA FORTALECER EL TURISMO RELIGIOSO Y ESPIRITUAL - Inspector Nocturno\",\"isPartOf\":{\"@id\":\"https:\\\/\\\/inspectornocturno.com.mx\\\/#website\"},\"primaryImageOfPage\":{\"@id\":\"https:\\\/\\\/inspectornocturno.com.mx\\\/?p=78319#primaryimage\"},\"image\":{\"@id\":\"https:\\\/\\\/inspectornocturno.com.mx\\\/?p=78319#primaryimage\"},\"thumbnailUrl\":\"https:\\\/\\\/inspectornocturno.com.mx\\\/wp-content\\\/uploads\\\/2024\\\/11\\\/WhatsApp-Image-2024-11-26-at-3.29.23-PM-scaled.jpeg\",\"datePublished\":\"2024-11-27T00:48:38+00:00\",\"breadcrumb\":{\"@id\":\"https:\\\/\\\/inspectornocturno.com.mx\\\/?p=78319#breadcrumb\"},\"inLanguage\":\"es\",\"potentialAction\":[{\"@type\":\"ReadAction\",\"target\":[\"https:\\\/\\\/inspectornocturno.com.mx\\\/?p=78319\"]}]},{\"@type\":\"ImageObject\",\"inLanguage\":\"es\",\"@id\":\"https:\\\/\\\/inspectornocturno.com.mx\\\/?p=78319#primaryimage\",\"url\":\"https:\\\/\\\/inspectornocturno.com.mx\\\/wp-content\\\/uploads\\\/2024\\\/11\\\/WhatsApp-Image-2024-11-26-at-3.29.23-PM-scaled.jpeg\",\"contentUrl\":\"https:\\\/\\\/inspectornocturno.com.mx\\\/wp-content\\\/uploads\\\/2024\\\/11\\\/WhatsApp-Image-2024-11-26-at-3.29.23-PM-scaled.jpeg\",\"width\":900,\"height\":600},{\"@type\":\"BreadcrumbList\",\"@id\":\"https:\\\/\\\/inspectornocturno.com.mx\\\/?p=78319#breadcrumb\",\"itemListElement\":[{\"@type\":\"ListItem\",\"position\":1,\"name\":\"Portada\",\"item\":\"https:\\\/\\\/inspectornocturno.com.mx\\\/\"},{\"@type\":\"ListItem\",\"position\":2,\"name\":\"DAN INICIO A LA NUEVA CATEDRAL DE CANC\u00daN, MARA LEZAMA Y MONSE\u00d1OR PEDRO PABLO ELIZONDO PARA FORTALECER EL TURISMO RELIGIOSO Y ESPIRITUAL\"}]},{\"@type\":\"WebSite\",\"@id\":\"https:\\\/\\\/inspectornocturno.com.mx\\\/#website\",\"url\":\"https:\\\/\\\/inspectornocturno.com.mx\\\/\",\"name\":\"Inspector Nocturno\",\"description\":\"Canc\u00fan, noticias al minuto del inspector nocturno\",\"publisher\":{\"@id\":\"https:\\\/\\\/inspectornocturno.com.mx\\\/#\\\/schema\\\/person\\\/63eb343fea17271215b1dd2793b27897\"},\"alternateName\":\"Noticias de impacto al momento de los hechos\",\"potentialAction\":[{\"@type\":\"SearchAction\",\"target\":{\"@type\":\"EntryPoint\",\"urlTemplate\":\"https:\\\/\\\/inspectornocturno.com.mx\\\/?s={search_term_string}\"},\"query-input\":{\"@type\":\"PropertyValueSpecification\",\"valueRequired\":true,\"valueName\":\"search_term_string\"}}],\"inLanguage\":\"es\"},{\"@type\":[\"Person\",\"Organization\"],\"@id\":\"https:\\\/\\\/inspectornocturno.com.mx\\\/#\\\/schema\\\/person\\\/63eb343fea17271215b1dd2793b27897\",\"name\":\"Inspector Nocturno\",\"image\":{\"@type\":\"ImageObject\",\"inLanguage\":\"es\",\"@id\":\"https:\\\/\\\/inspectornocturno.com.mx\\\/wp-content\\\/uploads\\\/2021\\\/10\\\/logo-transparente.png\",\"url\":\"https:\\\/\\\/inspectornocturno.com.mx\\\/wp-content\\\/uploads\\\/2021\\\/10\\\/logo-transparente.png\",\"contentUrl\":\"https:\\\/\\\/inspectornocturno.com.mx\\\/wp-content\\\/uploads\\\/2021\\\/10\\\/logo-transparente.png\",\"width\":561,\"height\":668,\"caption\":\"Inspector Nocturno\"},\"logo\":{\"@id\":\"https:\\\/\\\/inspectornocturno.com.mx\\\/wp-content\\\/uploads\\\/2021\\\/10\\\/logo-transparente.png\"},\"sameAs\":[\"http:\\\/\\\/inspectornocturno.com.mx\"]},{\"@type\":\"Person\",\"@id\":\"https:\\\/\\\/inspectornocturno.com.mx\\\/#\\\/schema\\\/person\\\/7dc0a76c90dafd204473535370236590\",\"name\":\"inspector nocturno, noticias al momento, noticias de ultima hora, informando al minuto\",\"sameAs\":[\"https:\\\/\\\/inspectornocturno.com.mx\"]}]}<\/script>\n<!-- \/ Yoast SEO plugin. -->","yoast_head_json":{"title":"DAN INICIO A LA NUEVA CATEDRAL DE CANC\u00daN, MARA LEZAMA Y MONSE\u00d1OR PEDRO PABLO ELIZONDO PARA FORTALECER EL TURISMO RELIGIOSO Y ESPIRITUAL - Inspector Nocturno","robots":{"index":"index","follow":"follow","max-snippet":"max-snippet:-1","max-image-preview":"max-image-preview:large","max-video-preview":"max-video-preview:-1"},"canonical":"https:\/\/inspectornocturno.com.mx\/?p=78319","og_locale":"es_ES","og_type":"article","og_title":"DAN INICIO A LA NUEVA CATEDRAL DE CANC\u00daN, MARA LEZAMA Y MONSE\u00d1OR PEDRO PABLO ELIZONDO PARA FORTALECER EL TURISMO RELIGIOSO Y ESPIRITUAL - Inspector Nocturno","og_description":"\ud83d\udd3aLa obra concluir\u00e1 en diciembre de 2025 y se contempla invitar al Papa Francisco para su bendici\u00f3n. Canc\u00fan.- La Gobernadora Mara Lezama Espinosa acompa\u00f1\u00f3 a Monse\u00f1or Pedro Pablo Elizondo, Obispo de la Di\u00f3cesis Canc\u00fan-Chetumal, al inicio de obras de la Catedral de la Santa Cruz de Canc\u00fan y la construcci\u00f3n de su centro comunitario, en [&hellip;]","og_url":"https:\/\/inspectornocturno.com.mx\/?p=78319","og_site_name":"Inspector Nocturno","article_published_time":"2024-11-27T00:48:38+00:00","og_image":[{"width":900,"height":600,"url":"https:\/\/inspectornocturno.com.mx\/wp-content\/uploads\/2024\/11\/WhatsApp-Image-2024-11-26-at-3.29.23-PM-scaled.jpeg","type":"image\/jpeg"}],"author":"inspector nocturno, noticias al momento, noticias de ultima hora, informando al minuto","twitter_card":"summary_large_image","schema":{"@context":"https:\/\/schema.org","@graph":[{"@type":"Article","@id":"https:\/\/inspectornocturno.com.mx\/?p=78319#article","isPartOf":{"@id":"https:\/\/inspectornocturno.com.mx\/?p=78319"},"author":{"name":"inspector nocturno, noticias al momento, noticias de ultima hora, informando al minuto","@id":"https:\/\/inspectornocturno.com.mx\/#\/schema\/person\/7dc0a76c90dafd204473535370236590"},"headline":"DAN INICIO A LA NUEVA CATEDRAL DE CANC\u00daN, MARA LEZAMA Y MONSE\u00d1OR PEDRO PABLO ELIZONDO PARA FORTALECER EL TURISMO RELIGIOSO Y ESPIRITUAL","datePublished":"2024-11-27T00:48:38+00:00","mainEntityOfPage":{"@id":"https:\/\/inspectornocturno.com.mx\/?p=78319"},"wordCount":572,"publisher":{"@id":"https:\/\/inspectornocturno.com.mx\/#\/schema\/person\/63eb343fea17271215b1dd2793b27897"},"image":{"@id":"https:\/\/inspectornocturno.com.mx\/?p=78319#primaryimage"},"thumbnailUrl":"https:\/\/inspectornocturno.com.mx\/wp-content\/uploads\/2024\/11\/WhatsApp-Image-2024-11-26-at-3.29.23-PM-scaled.jpeg","articleSection":["Canc\u00fan","Pol\u00edtica","Quintana Roo"],"inLanguage":"es"},{"@type":"WebPage","@id":"https:\/\/inspectornocturno.com.mx\/?p=78319","url":"https:\/\/inspectornocturno.com.mx\/?p=78319","name":"DAN INICIO A LA NUEVA CATEDRAL DE CANC\u00daN, MARA LEZAMA Y MONSE\u00d1OR PEDRO PABLO ELIZONDO PARA FORTALECER EL TURISMO RELIGIOSO Y ESPIRITUAL - Inspector Nocturno","isPartOf":{"@id":"https:\/\/inspectornocturno.com.mx\/#website"},"primaryImageOfPage":{"@id":"https:\/\/inspectornocturno.com.mx\/?p=78319#primaryimage"},"image":{"@id":"https:\/\/inspectornocturno.com.mx\/?p=78319#primaryimage"},"thumbnailUrl":"https:\/\/inspectornocturno.com.mx\/wp-content\/uploads\/2024\/11\/WhatsApp-Image-2024-11-26-at-3.29.23-PM-scaled.jpeg","datePublished":"2024-11-27T00:48:38+00:00","breadcrumb":{"@id":"https:\/\/inspectornocturno.com.mx\/?p=78319#breadcrumb"},"inLanguage":"es","potentialAction":[{"@type":"ReadAction","target":["https:\/\/inspectornocturno.com.mx\/?p=78319"]}]},{"@type":"ImageObject","inLanguage":"es","@id":"https:\/\/inspectornocturno.com.mx\/?p=78319#primaryimage","url":"https:\/\/inspectornocturno.com.mx\/wp-content\/uploads\/2024\/11\/WhatsApp-Image-2024-11-26-at-3.29.23-PM-scaled.jpeg","contentUrl":"https:\/\/inspectornocturno.com.mx\/wp-content\/uploads\/2024\/11\/WhatsApp-Image-2024-11-26-at-3.29.23-PM-scaled.jpeg","width":900,"height":600},{"@type":"BreadcrumbList","@id":"https:\/\/inspectornocturno.com.mx\/?p=78319#breadcrumb","itemListElement":[{"@type":"ListItem","position":1,"name":"Portada","item":"https:\/\/inspectornocturno.com.mx\/"},{"@type":"ListItem","position":2,"name":"DAN INICIO A LA NUEVA CATEDRAL DE CANC\u00daN, MARA LEZAMA Y MONSE\u00d1OR PEDRO PABLO ELIZONDO PARA FORTALECER EL TURISMO RELIGIOSO Y ESPIRITUAL"}]},{"@type":"WebSite","@id":"https:\/\/inspectornocturno.com.mx\/#website","url":"https:\/\/inspectornocturno.com.mx\/","name":"Inspector Nocturno","description":"Canc\u00fan, noticias al minuto del inspector nocturno","publisher":{"@id":"https:\/\/inspectornocturno.com.mx\/#\/schema\/person\/63eb343fea17271215b1dd2793b27897"},"alternateName":"Noticias de impacto al momento de los hechos","potentialAction":[{"@type":"SearchAction","target":{"@type":"EntryPoint","urlTemplate":"https:\/\/inspectornocturno.com.mx\/?s={search_term_string}"},"query-input":{"@type":"PropertyValueSpecification","valueRequired":true,"valueName":"search_term_string"}}],"inLanguage":"es"},{"@type":["Person","Organization"],"@id":"https:\/\/inspectornocturno.com.mx\/#\/schema\/person\/63eb343fea17271215b1dd2793b27897","name":"Inspector Nocturno","image":{"@type":"ImageObject","inLanguage":"es","@id":"https:\/\/inspectornocturno.com.mx\/wp-content\/uploads\/2021\/10\/logo-transparente.png","url":"https:\/\/inspectornocturno.com.mx\/wp-content\/uploads\/2021\/10\/logo-transparente.png","contentUrl":"https:\/\/inspectornocturno.com.mx\/wp-content\/uploads\/2021\/10\/logo-transparente.png","width":561,"height":668,"caption":"Inspector Nocturno"},"logo":{"@id":"https:\/\/inspectornocturno.com.mx\/wp-content\/uploads\/2021\/10\/logo-transparente.png"},"sameAs":["http:\/\/inspectornocturno.com.mx"]},{"@type":"Person","@id":"https:\/\/inspectornocturno.com.mx\/#\/schema\/person\/7dc0a76c90dafd204473535370236590","name":"inspector nocturno, noticias al momento, noticias de ultima hora, informando al minuto","sameAs":["https:\/\/inspectornocturno.com.mx"]}]}},"views":226,"_links":{"self":[{"href":"https:\/\/inspectornocturno.com.mx\/index.php?rest_route=\/wp\/v2\/posts\/78319","targetHints":{"allow":["GET"]}}],"collection":[{"href":"https:\/\/inspectornocturno.com.mx\/index.php?rest_route=\/wp\/v2\/posts"}],"about":[{"href":"https:\/\/inspectornocturno.com.mx\/index.php?rest_route=\/wp\/v2\/types\/post"}],"author":[{"embeddable":true,"href":"https:\/\/inspectornocturno.com.mx\/index.php?rest_route=\/wp\/v2\/users\/1"}],"replies":[{"embeddable":true,"href":"https:\/\/inspectornocturno.com.mx\/index.php?rest_route=%2Fwp%2Fv2%2Fcomments&post=78319"}],"version-history":[{"count":1,"href":"https:\/\/inspectornocturno.com.mx\/index.php?rest_route=\/wp\/v2\/posts\/78319\/revisions"}],"predecessor-version":[{"id":78321,"href":"https:\/\/inspectornocturno.com.mx\/index.php?rest_route=\/wp\/v2\/posts\/78319\/revisions\/78321"}],"wp:featuredmedia":[{"embeddable":true,"href":"https:\/\/inspectornocturno.com.mx\/index.php?rest_route=\/wp\/v2\/media\/78320"}],"wp:attachment":[{"href":"https:\/\/inspectornocturno.com.mx\/index.php?rest_route=%2Fwp%2Fv2%2Fmedia&parent=78319"}],"wp:term":[{"taxonomy":"category","embeddable":true,"href":"https:\/\/inspectornocturno.com.mx\/index.php?rest_route=%2Fwp%2Fv2%2Fcategories&post=78319"},{"taxonomy":"post_tag","embeddable":true,"href":"https:\/\/inspectornocturno.com.mx\/index.php?rest_route=%2Fwp%2Fv2%2Ftags&post=78319"}],"curies":[{"name":"wp","href":"https:\/\/api.w.org\/{rel}","templated":true}]}}