{"id":78280,"date":"2024-11-25T18:55:55","date_gmt":"2024-11-25T23:55:55","guid":{"rendered":"https:\/\/inspectornocturno.com.mx\/?p=78280"},"modified":"2024-11-25T18:55:56","modified_gmt":"2024-11-25T23:55:56","slug":"reafirma-ana-paty-peralta-compromiso-para-la-eliminacion-de-la-violencia-contra-la-mujer","status":"publish","type":"post","link":"https:\/\/inspectornocturno.com.mx\/?p=78280","title":{"rendered":"REAFIRMA ANA PATY PERALTA COMPROMISO PARA LA ELIMINACI\u00d3N DE LA VIOLENCIA CONTRA LA MUJER"},"content":{"rendered":"\n<p class=\"wp-block-paragraph\">\ud83d\udd3aEl objetivo es concientizar, sensibilizar y educar sobre la prevenci\u00f3n y denuncia de la violencia hacia las mujeres, reafirmando su compromiso a la \u201ccero tolerancias\u201d.<\/p>\n\n\n\n<p class=\"wp-block-paragraph\">Canc\u00fan.- \u201cNuestro compromiso es claro, promoveremos los 16 d\u00edas de activismo, encenderemos nuestra ciudad de naranja y haremos las acciones necesarias porque las mujeres cancunenses cuentan con nosotras\u201d, enfatiz\u00f3 la Presidenta Municipal Ana Paty Peralta, al informar sobre las diversas acciones que el Ayuntamiento llevar\u00e1 a cabo en conmemoraci\u00f3n al D\u00eda Internacional de la Eliminaci\u00f3n de la Violencia contra la Mujer.<\/p>\n\n\n\n<p class=\"wp-block-paragraph\">Destac\u00f3 que en este gobierno hay mujeres valiosas y comprometidas que trabajan en la atenci\u00f3n integral de ni\u00f1as, adolescentes y mujeres, por lo que invita a las y los cancunenses a participar en esta campa\u00f1a internacional que se realiza cada a\u00f1o, que inicia el 25 de noviembre y finaliza el 10 de diciembre con la conmemoraci\u00f3n del D\u00eda de los Derechos Humanos.<\/p>\n\n\n\n<p class=\"wp-block-paragraph\">Recalc\u00f3 que es una campa\u00f1a transversal en la que participan diversas dependencias como: el Instituto Municipal de la Mujer (IMM), el Sistema DIF Benito Ju\u00e1rez, la Secretar\u00eda Municipal de Bienestar, el Instituto de Cultura y las Artes (ICA), Instituto Municipal de Desarrollo Administrativo e Innovaci\u00f3n (IMDAI), Grupo Especializado en Atenci\u00f3n a la Violencia Familiar y de G\u00e9nero (GEAVIG), Secretaria Municipal de Seguridad Ciudadana y Tr\u00e1nsito, Instituto Municipal Contra las Adicciones (IMCA), la direcci\u00f3n de Atenci\u00f3n a la Diversidad Sexual y Instituto Municipal de la Juventud (IMJUVE), entre otras, que trabajan con diversas actividades para prevenir y erradicar la violencia contra mujeres y ni\u00f1as.<\/p>\n\n\n\n<p class=\"wp-block-paragraph\">En el marco del D\u00eda Internacional de la Eliminaci\u00f3n de la Violencia contra la Mujer, que se conmemora cada 25 de noviembre, mencion\u00f3 que las dependencias municipales llevan a cabo diversas acciones, tal es el caso del IMM que contar\u00e1 con la inauguraci\u00f3n del M\u00f3dulo de Atenci\u00f3n Integral para la Mujer, as\u00ed como la firma de un convenio con Fiscal\u00eda General del Estado (FGE).<\/p>\n\n\n\n<p class=\"wp-block-paragraph\">El 26 de noviembre se realizar\u00e1 la firma de Convenio de Colaboraci\u00f3n entre el IMM y la Universidad Aut\u00f3noma De Quintana Roo; adem\u00e1s el 27 se inaugurar\u00e1 el M\u00f3dulo de Atenci\u00f3n Integral para la Mujer en la colonia Lombardo Toledano.<\/p>\n\n\n\n<p class=\"wp-block-paragraph\">De la misma manera, indic\u00f3 que el jueves 28 de noviembre se realizara una capacitaci\u00f3n a las y los polic\u00edas municipales; asimismo se realizar\u00e1 la entrega de reconocimientos a alumnos del CONALEP de \u201cNuevas Masculinidades\u201d; adem\u00e1s de la Clausura de talleres para el autoempleo.<\/p>\n\n\n\n<p class=\"wp-block-paragraph\">En tanto, el 1 de diciembre se efectuar\u00e1 el \u201cBazar de mujeres en Malec\u00f3n Tajamar\u201d; el 2 se inaugurar\u00e1 la Preparatoria Secundaria de las Mujeres; el 3 se instalar\u00e1 y se tomar\u00e1 protesta de las y los integrantes del Sistema Municipal para Prevenir, Atender, Sancionar y Erradicar la Violencia contra las Mujeres.<\/p>\n\n\n\n<p class=\"wp-block-paragraph\">A\u00f1adi\u00f3 que el 4 de diciembre se realizar\u00e1 la entrega de la tarjeta de beneficios BIMM; el 9 se lanzar\u00e1 la Campa\u00f1a Nosotras Todas, finalizar\u00e1 con el Foro sobre Derechos Humanos de las Mujeres y el 10 de diciembre se realizar\u00e1 una posada de emprendedoras<\/p>\n\n\n\n<p class=\"wp-block-paragraph\">Ana Paty Peralta afirm\u00f3 que el GEAVIG tambi\u00e9n se suma a estas acciones de los 16 d\u00edas de activismo con la entrega y cambio de cintas de la disciplina Karate Do el pr\u00f3ximo 30 de noviembre, a las ni\u00f1as y ni\u00f1os que forman parte del grupo \u201cMentes Futuras\u201d, para ofrecer alternativas positivas de tiempo libre que alejen a los menores en situaciones de riesgo como la violencia, las drogas y el crimen.<\/p>\n\n\n\n<p class=\"wp-block-paragraph\">Tambi\u00e9n, invit\u00f3 a participar en la promoci\u00f3n de ensayos sobre los derechos humanos, la igualdad de g\u00e9nero y la prevenci\u00f3n de la violencia en la comunidad, que busca incentivar la elaboraci\u00f3n de estos escritos sobre estos temas para maximizar el alcance y el impacto en la sensibilizaci\u00f3n de los j\u00f3venes.<\/p>\n\n\n\n<p class=\"wp-block-paragraph\">En lo que respecta el DIF BJ, coment\u00f3 que el 25 de noviembre se realizar\u00e1 el evento Arte y Prevenci\u00f3n, 16 d\u00edas de activismo pintado y la inauguraci\u00f3n del mural conmemorativo de la prevenci\u00f3n de las violencias hacia las ni\u00f1as y mujeres.<\/p>\n\n\n\n<p class=\"wp-block-paragraph\">Adem\u00e1s de la pl\u00e1tica \u201cRazones de G\u00e9nero\u201d dirigido a CODISCUN, A.C.; en tanto, el 26 entregar\u00e1 el Distintivo Coraz\u00f3n Azul al Hotel Dreams Sands Canc\u00fan Resort &amp; Spa; y se dar\u00e1 la pl\u00e1tica \u201cRazones de g\u00e9nero\u201d; entre otras acciones.<\/p>\n\n\n\n<p class=\"wp-block-paragraph\">Mientras tanto, convoc\u00f3 a escuchar de lunes a viernes el programa del ICA \u201cPor amor al arte\u201d a trav\u00e9s de Radio Cultural Ayuntamiento de lunes a viernes en donde se realizar\u00e1n c\u00e1psulas durante los 16 d\u00edas de activismo; adem\u00e1s el 29 de noviembre habr\u00e1 concierto de peque\u00f1o formato de mujeres y ese mismo d\u00eda habr\u00e1 un conversatorio \u201cMujeres en el Butoh\u201d con Yumiko Yoshioka, bailarina japonesa; y el 30 de noviembre se har\u00e1 la representaci\u00f3n art\u00edstica de mujeres en diferentes disciplinas; teatro, danza y m\u00fasica.<\/p>\n\n\n\n<p class=\"wp-block-paragraph\">La Alcaldesa subray\u00f3 que el IMCA organizar\u00e1 una Feria por la Paz el d\u00eda 30 de noviembre de 08:00 a 13:00 horas, en la cual se realizar\u00e1n servicios y atenciones en el marco del D\u00eda Naranja, en coordinaci\u00f3n con el Centro Integral de Atenci\u00f3n a las Mujeres (CIAM). Finalmente, dijo que el 04 de diciembre, el IMJUVE impartir\u00e1 una conferencia con enfoque al empoderamiento de la mujer en punto de las 11:00 horas, con el objetivo de complementar las actividades por los 16 d\u00edas de activismo.<\/p>\n","protected":false},"excerpt":{"rendered":"<p>\ud83d\udd3aEl objetivo es concientizar, sensibilizar y educar sobre la prevenci\u00f3n y denuncia de la violencia hacia las mujeres, reafirmando su compromiso a la \u201ccero tolerancias\u201d. Canc\u00fan.- \u201cNuestro compromiso es claro, promoveremos los 16 d\u00edas de activismo, encenderemos nuestra ciudad de naranja y haremos las acciones necesarias porque las mujeres cancunenses cuentan con nosotras\u201d, enfatiz\u00f3 la [&hellip;]<\/p>\n","protected":false},"author":1,"featured_media":78281,"comment_status":"closed","ping_status":"closed","sticky":false,"template":"","format":"standard","meta":{"footnotes":"","_wpscppro_dont_share_socialmedia":false,"_wpscppro_custom_social_share_image":0,"_facebook_share_type":"default","_twitter_share_type":"default","_linkedin_share_type":"default","_pinterest_share_type":"default","_linkedin_share_type_page":"","_instagram_share_type":"default","_medium_share_type":"","_threads_share_type":"","_google_business_share_type":"","_selected_social_profile":[],"_wpsp_enable_custom_social_template":false,"_wpsp_social_scheduling":{"enabled":false,"datetime":null,"platforms":[],"status":"template_only","dateOption":"today","timeOption":"now","customDays":"","customHours":"","customDate":"","customTime":"","schedulingType":"absolute"},"_wpsp_active_default_template":true},"categories":[57,69,3],"tags":[],"class_list":["post-78280","post","type-post","status-publish","format-standard","has-post-thumbnail","hentry","category-cancun","category-politica","category-quintana-roo"],"yoast_head":"<!-- This site is optimized with the Yoast SEO plugin v27.7 - https:\/\/yoast.com\/product\/yoast-seo-wordpress\/ -->\n<title>REAFIRMA ANA PATY PERALTA COMPROMISO PARA LA ELIMINACI\u00d3N DE LA VIOLENCIA CONTRA LA MUJER - Inspector Nocturno<\/title>\n<meta name=\"robots\" content=\"index, follow, max-snippet:-1, max-image-preview:large, max-video-preview:-1\" \/>\n<link rel=\"canonical\" href=\"https:\/\/inspectornocturno.com.mx\/?p=78280\" \/>\n<meta property=\"og:locale\" content=\"es_ES\" \/>\n<meta property=\"og:type\" content=\"article\" \/>\n<meta property=\"og:title\" content=\"REAFIRMA ANA PATY PERALTA COMPROMISO PARA LA ELIMINACI\u00d3N DE LA VIOLENCIA CONTRA LA MUJER - Inspector Nocturno\" \/>\n<meta property=\"og:description\" content=\"\ud83d\udd3aEl objetivo es concientizar, sensibilizar y educar sobre la prevenci\u00f3n y denuncia de la violencia hacia las mujeres, reafirmando su compromiso a la \u201ccero tolerancias\u201d. Canc\u00fan.- \u201cNuestro compromiso es claro, promoveremos los 16 d\u00edas de activismo, encenderemos nuestra ciudad de naranja y haremos las acciones necesarias porque las mujeres cancunenses cuentan con nosotras\u201d, enfatiz\u00f3 la [&hellip;]\" \/>\n<meta property=\"og:url\" content=\"https:\/\/inspectornocturno.com.mx\/?p=78280\" \/>\n<meta property=\"og:site_name\" content=\"Inspector Nocturno\" \/>\n<meta property=\"article:published_time\" content=\"2024-11-25T23:55:55+00:00\" \/>\n<meta property=\"article:modified_time\" content=\"2024-11-25T23:55:56+00:00\" \/>\n<meta property=\"og:image\" content=\"https:\/\/inspectornocturno.com.mx\/wp-content\/uploads\/2024\/11\/IMG-20241125-WA0014-scaled.jpg\" \/>\n\t<meta property=\"og:image:width\" content=\"900\" \/>\n\t<meta property=\"og:image:height\" content=\"641\" \/>\n\t<meta property=\"og:image:type\" content=\"image\/jpeg\" \/>\n<meta name=\"author\" content=\"inspector nocturno, noticias al momento, noticias de ultima hora, informando al minuto\" \/>\n<meta name=\"twitter:card\" content=\"summary_large_image\" \/>\n<script type=\"application\/ld+json\" class=\"yoast-schema-graph\">{\"@context\":\"https:\\\/\\\/schema.org\",\"@graph\":[{\"@type\":\"Article\",\"@id\":\"https:\\\/\\\/inspectornocturno.com.mx\\\/?p=78280#article\",\"isPartOf\":{\"@id\":\"https:\\\/\\\/inspectornocturno.com.mx\\\/?p=78280\"},\"author\":{\"name\":\"inspector nocturno, noticias al momento, noticias de ultima hora, informando al minuto\",\"@id\":\"https:\\\/\\\/inspectornocturno.com.mx\\\/#\\\/schema\\\/person\\\/7dc0a76c90dafd204473535370236590\"},\"headline\":\"REAFIRMA ANA PATY PERALTA COMPROMISO PARA LA ELIMINACI\u00d3N DE LA VIOLENCIA CONTRA LA MUJER\",\"datePublished\":\"2024-11-25T23:55:55+00:00\",\"dateModified\":\"2024-11-25T23:55:56+00:00\",\"mainEntityOfPage\":{\"@id\":\"https:\\\/\\\/inspectornocturno.com.mx\\\/?p=78280\"},\"wordCount\":939,\"publisher\":{\"@id\":\"https:\\\/\\\/inspectornocturno.com.mx\\\/#\\\/schema\\\/person\\\/63eb343fea17271215b1dd2793b27897\"},\"image\":{\"@id\":\"https:\\\/\\\/inspectornocturno.com.mx\\\/?p=78280#primaryimage\"},\"thumbnailUrl\":\"https:\\\/\\\/inspectornocturno.com.mx\\\/wp-content\\\/uploads\\\/2024\\\/11\\\/IMG-20241125-WA0014-scaled.jpg\",\"articleSection\":[\"Canc\u00fan\",\"Pol\u00edtica\",\"Quintana Roo\"],\"inLanguage\":\"es\"},{\"@type\":\"WebPage\",\"@id\":\"https:\\\/\\\/inspectornocturno.com.mx\\\/?p=78280\",\"url\":\"https:\\\/\\\/inspectornocturno.com.mx\\\/?p=78280\",\"name\":\"REAFIRMA ANA PATY PERALTA COMPROMISO PARA LA ELIMINACI\u00d3N DE LA VIOLENCIA CONTRA LA MUJER - Inspector Nocturno\",\"isPartOf\":{\"@id\":\"https:\\\/\\\/inspectornocturno.com.mx\\\/#website\"},\"primaryImageOfPage\":{\"@id\":\"https:\\\/\\\/inspectornocturno.com.mx\\\/?p=78280#primaryimage\"},\"image\":{\"@id\":\"https:\\\/\\\/inspectornocturno.com.mx\\\/?p=78280#primaryimage\"},\"thumbnailUrl\":\"https:\\\/\\\/inspectornocturno.com.mx\\\/wp-content\\\/uploads\\\/2024\\\/11\\\/IMG-20241125-WA0014-scaled.jpg\",\"datePublished\":\"2024-11-25T23:55:55+00:00\",\"dateModified\":\"2024-11-25T23:55:56+00:00\",\"breadcrumb\":{\"@id\":\"https:\\\/\\\/inspectornocturno.com.mx\\\/?p=78280#breadcrumb\"},\"inLanguage\":\"es\",\"potentialAction\":[{\"@type\":\"ReadAction\",\"target\":[\"https:\\\/\\\/inspectornocturno.com.mx\\\/?p=78280\"]}]},{\"@type\":\"ImageObject\",\"inLanguage\":\"es\",\"@id\":\"https:\\\/\\\/inspectornocturno.com.mx\\\/?p=78280#primaryimage\",\"url\":\"https:\\\/\\\/inspectornocturno.com.mx\\\/wp-content\\\/uploads\\\/2024\\\/11\\\/IMG-20241125-WA0014-scaled.jpg\",\"contentUrl\":\"https:\\\/\\\/inspectornocturno.com.mx\\\/wp-content\\\/uploads\\\/2024\\\/11\\\/IMG-20241125-WA0014-scaled.jpg\",\"width\":900,\"height\":641},{\"@type\":\"BreadcrumbList\",\"@id\":\"https:\\\/\\\/inspectornocturno.com.mx\\\/?p=78280#breadcrumb\",\"itemListElement\":[{\"@type\":\"ListItem\",\"position\":1,\"name\":\"Portada\",\"item\":\"https:\\\/\\\/inspectornocturno.com.mx\\\/\"},{\"@type\":\"ListItem\",\"position\":2,\"name\":\"REAFIRMA ANA PATY PERALTA COMPROMISO PARA LA ELIMINACI\u00d3N DE LA VIOLENCIA CONTRA LA MUJER\"}]},{\"@type\":\"WebSite\",\"@id\":\"https:\\\/\\\/inspectornocturno.com.mx\\\/#website\",\"url\":\"https:\\\/\\\/inspectornocturno.com.mx\\\/\",\"name\":\"Inspector Nocturno\",\"description\":\"Canc\u00fan, noticias al minuto del inspector nocturno\",\"publisher\":{\"@id\":\"https:\\\/\\\/inspectornocturno.com.mx\\\/#\\\/schema\\\/person\\\/63eb343fea17271215b1dd2793b27897\"},\"alternateName\":\"Noticias de impacto al momento de los hechos\",\"potentialAction\":[{\"@type\":\"SearchAction\",\"target\":{\"@type\":\"EntryPoint\",\"urlTemplate\":\"https:\\\/\\\/inspectornocturno.com.mx\\\/?s={search_term_string}\"},\"query-input\":{\"@type\":\"PropertyValueSpecification\",\"valueRequired\":true,\"valueName\":\"search_term_string\"}}],\"inLanguage\":\"es\"},{\"@type\":[\"Person\",\"Organization\"],\"@id\":\"https:\\\/\\\/inspectornocturno.com.mx\\\/#\\\/schema\\\/person\\\/63eb343fea17271215b1dd2793b27897\",\"name\":\"Inspector Nocturno\",\"image\":{\"@type\":\"ImageObject\",\"inLanguage\":\"es\",\"@id\":\"https:\\\/\\\/inspectornocturno.com.mx\\\/wp-content\\\/uploads\\\/2021\\\/10\\\/logo-transparente.png\",\"url\":\"https:\\\/\\\/inspectornocturno.com.mx\\\/wp-content\\\/uploads\\\/2021\\\/10\\\/logo-transparente.png\",\"contentUrl\":\"https:\\\/\\\/inspectornocturno.com.mx\\\/wp-content\\\/uploads\\\/2021\\\/10\\\/logo-transparente.png\",\"width\":561,\"height\":668,\"caption\":\"Inspector Nocturno\"},\"logo\":{\"@id\":\"https:\\\/\\\/inspectornocturno.com.mx\\\/wp-content\\\/uploads\\\/2021\\\/10\\\/logo-transparente.png\"},\"sameAs\":[\"http:\\\/\\\/inspectornocturno.com.mx\"]},{\"@type\":\"Person\",\"@id\":\"https:\\\/\\\/inspectornocturno.com.mx\\\/#\\\/schema\\\/person\\\/7dc0a76c90dafd204473535370236590\",\"name\":\"inspector nocturno, noticias al momento, noticias de ultima hora, informando al minuto\",\"sameAs\":[\"https:\\\/\\\/inspectornocturno.com.mx\"]}]}<\/script>\n<!-- \/ Yoast SEO plugin. -->","yoast_head_json":{"title":"REAFIRMA ANA PATY PERALTA COMPROMISO PARA LA ELIMINACI\u00d3N DE LA VIOLENCIA CONTRA LA MUJER - Inspector Nocturno","robots":{"index":"index","follow":"follow","max-snippet":"max-snippet:-1","max-image-preview":"max-image-preview:large","max-video-preview":"max-video-preview:-1"},"canonical":"https:\/\/inspectornocturno.com.mx\/?p=78280","og_locale":"es_ES","og_type":"article","og_title":"REAFIRMA ANA PATY PERALTA COMPROMISO PARA LA ELIMINACI\u00d3N DE LA VIOLENCIA CONTRA LA MUJER - Inspector Nocturno","og_description":"\ud83d\udd3aEl objetivo es concientizar, sensibilizar y educar sobre la prevenci\u00f3n y denuncia de la violencia hacia las mujeres, reafirmando su compromiso a la \u201ccero tolerancias\u201d. Canc\u00fan.- \u201cNuestro compromiso es claro, promoveremos los 16 d\u00edas de activismo, encenderemos nuestra ciudad de naranja y haremos las acciones necesarias porque las mujeres cancunenses cuentan con nosotras\u201d, enfatiz\u00f3 la [&hellip;]","og_url":"https:\/\/inspectornocturno.com.mx\/?p=78280","og_site_name":"Inspector Nocturno","article_published_time":"2024-11-25T23:55:55+00:00","article_modified_time":"2024-11-25T23:55:56+00:00","og_image":[{"width":900,"height":641,"url":"https:\/\/inspectornocturno.com.mx\/wp-content\/uploads\/2024\/11\/IMG-20241125-WA0014-scaled.jpg","type":"image\/jpeg"}],"author":"inspector nocturno, noticias al momento, noticias de ultima hora, informando al minuto","twitter_card":"summary_large_image","schema":{"@context":"https:\/\/schema.org","@graph":[{"@type":"Article","@id":"https:\/\/inspectornocturno.com.mx\/?p=78280#article","isPartOf":{"@id":"https:\/\/inspectornocturno.com.mx\/?p=78280"},"author":{"name":"inspector nocturno, noticias al momento, noticias de ultima hora, informando al minuto","@id":"https:\/\/inspectornocturno.com.mx\/#\/schema\/person\/7dc0a76c90dafd204473535370236590"},"headline":"REAFIRMA ANA PATY PERALTA COMPROMISO PARA LA ELIMINACI\u00d3N DE LA VIOLENCIA CONTRA LA MUJER","datePublished":"2024-11-25T23:55:55+00:00","dateModified":"2024-11-25T23:55:56+00:00","mainEntityOfPage":{"@id":"https:\/\/inspectornocturno.com.mx\/?p=78280"},"wordCount":939,"publisher":{"@id":"https:\/\/inspectornocturno.com.mx\/#\/schema\/person\/63eb343fea17271215b1dd2793b27897"},"image":{"@id":"https:\/\/inspectornocturno.com.mx\/?p=78280#primaryimage"},"thumbnailUrl":"https:\/\/inspectornocturno.com.mx\/wp-content\/uploads\/2024\/11\/IMG-20241125-WA0014-scaled.jpg","articleSection":["Canc\u00fan","Pol\u00edtica","Quintana Roo"],"inLanguage":"es"},{"@type":"WebPage","@id":"https:\/\/inspectornocturno.com.mx\/?p=78280","url":"https:\/\/inspectornocturno.com.mx\/?p=78280","name":"REAFIRMA ANA PATY PERALTA COMPROMISO PARA LA ELIMINACI\u00d3N DE LA VIOLENCIA CONTRA LA MUJER - Inspector Nocturno","isPartOf":{"@id":"https:\/\/inspectornocturno.com.mx\/#website"},"primaryImageOfPage":{"@id":"https:\/\/inspectornocturno.com.mx\/?p=78280#primaryimage"},"image":{"@id":"https:\/\/inspectornocturno.com.mx\/?p=78280#primaryimage"},"thumbnailUrl":"https:\/\/inspectornocturno.com.mx\/wp-content\/uploads\/2024\/11\/IMG-20241125-WA0014-scaled.jpg","datePublished":"2024-11-25T23:55:55+00:00","dateModified":"2024-11-25T23:55:56+00:00","breadcrumb":{"@id":"https:\/\/inspectornocturno.com.mx\/?p=78280#breadcrumb"},"inLanguage":"es","potentialAction":[{"@type":"ReadAction","target":["https:\/\/inspectornocturno.com.mx\/?p=78280"]}]},{"@type":"ImageObject","inLanguage":"es","@id":"https:\/\/inspectornocturno.com.mx\/?p=78280#primaryimage","url":"https:\/\/inspectornocturno.com.mx\/wp-content\/uploads\/2024\/11\/IMG-20241125-WA0014-scaled.jpg","contentUrl":"https:\/\/inspectornocturno.com.mx\/wp-content\/uploads\/2024\/11\/IMG-20241125-WA0014-scaled.jpg","width":900,"height":641},{"@type":"BreadcrumbList","@id":"https:\/\/inspectornocturno.com.mx\/?p=78280#breadcrumb","itemListElement":[{"@type":"ListItem","position":1,"name":"Portada","item":"https:\/\/inspectornocturno.com.mx\/"},{"@type":"ListItem","position":2,"name":"REAFIRMA ANA PATY PERALTA COMPROMISO PARA LA ELIMINACI\u00d3N DE LA VIOLENCIA CONTRA LA MUJER"}]},{"@type":"WebSite","@id":"https:\/\/inspectornocturno.com.mx\/#website","url":"https:\/\/inspectornocturno.com.mx\/","name":"Inspector Nocturno","description":"Canc\u00fan, noticias al minuto del inspector nocturno","publisher":{"@id":"https:\/\/inspectornocturno.com.mx\/#\/schema\/person\/63eb343fea17271215b1dd2793b27897"},"alternateName":"Noticias de impacto al momento de los hechos","potentialAction":[{"@type":"SearchAction","target":{"@type":"EntryPoint","urlTemplate":"https:\/\/inspectornocturno.com.mx\/?s={search_term_string}"},"query-input":{"@type":"PropertyValueSpecification","valueRequired":true,"valueName":"search_term_string"}}],"inLanguage":"es"},{"@type":["Person","Organization"],"@id":"https:\/\/inspectornocturno.com.mx\/#\/schema\/person\/63eb343fea17271215b1dd2793b27897","name":"Inspector Nocturno","image":{"@type":"ImageObject","inLanguage":"es","@id":"https:\/\/inspectornocturno.com.mx\/wp-content\/uploads\/2021\/10\/logo-transparente.png","url":"https:\/\/inspectornocturno.com.mx\/wp-content\/uploads\/2021\/10\/logo-transparente.png","contentUrl":"https:\/\/inspectornocturno.com.mx\/wp-content\/uploads\/2021\/10\/logo-transparente.png","width":561,"height":668,"caption":"Inspector Nocturno"},"logo":{"@id":"https:\/\/inspectornocturno.com.mx\/wp-content\/uploads\/2021\/10\/logo-transparente.png"},"sameAs":["http:\/\/inspectornocturno.com.mx"]},{"@type":"Person","@id":"https:\/\/inspectornocturno.com.mx\/#\/schema\/person\/7dc0a76c90dafd204473535370236590","name":"inspector nocturno, noticias al momento, noticias de ultima hora, informando al minuto","sameAs":["https:\/\/inspectornocturno.com.mx"]}]}},"views":142,"_links":{"self":[{"href":"https:\/\/inspectornocturno.com.mx\/index.php?rest_route=\/wp\/v2\/posts\/78280","targetHints":{"allow":["GET"]}}],"collection":[{"href":"https:\/\/inspectornocturno.com.mx\/index.php?rest_route=\/wp\/v2\/posts"}],"about":[{"href":"https:\/\/inspectornocturno.com.mx\/index.php?rest_route=\/wp\/v2\/types\/post"}],"author":[{"embeddable":true,"href":"https:\/\/inspectornocturno.com.mx\/index.php?rest_route=\/wp\/v2\/users\/1"}],"replies":[{"embeddable":true,"href":"https:\/\/inspectornocturno.com.mx\/index.php?rest_route=%2Fwp%2Fv2%2Fcomments&post=78280"}],"version-history":[{"count":1,"href":"https:\/\/inspectornocturno.com.mx\/index.php?rest_route=\/wp\/v2\/posts\/78280\/revisions"}],"predecessor-version":[{"id":78282,"href":"https:\/\/inspectornocturno.com.mx\/index.php?rest_route=\/wp\/v2\/posts\/78280\/revisions\/78282"}],"wp:featuredmedia":[{"embeddable":true,"href":"https:\/\/inspectornocturno.com.mx\/index.php?rest_route=\/wp\/v2\/media\/78281"}],"wp:attachment":[{"href":"https:\/\/inspectornocturno.com.mx\/index.php?rest_route=%2Fwp%2Fv2%2Fmedia&parent=78280"}],"wp:term":[{"taxonomy":"category","embeddable":true,"href":"https:\/\/inspectornocturno.com.mx\/index.php?rest_route=%2Fwp%2Fv2%2Fcategories&post=78280"},{"taxonomy":"post_tag","embeddable":true,"href":"https:\/\/inspectornocturno.com.mx\/index.php?rest_route=%2Fwp%2Fv2%2Ftags&post=78280"}],"curies":[{"name":"wp","href":"https:\/\/api.w.org\/{rel}","templated":true}]}}