{"id":75488,"date":"2024-10-08T22:18:44","date_gmt":"2024-10-09T03:18:44","guid":{"rendered":"https:\/\/inspectornocturno.com.mx\/?p=75488"},"modified":"2024-10-08T22:18:45","modified_gmt":"2024-10-09T03:18:45","slug":"enaltece-ana-paty-peralta-orgullo-de-ser-quintanarooense-y-cancunense","status":"publish","type":"post","link":"https:\/\/inspectornocturno.com.mx\/?p=75488","title":{"rendered":"ENALTECE ANA PATY PERALTA ORGULLO DE SER QUINTANAROOENSE Y CANCUNENSE"},"content":{"rendered":"\n<p>\ud83d\udd3aRecibe reconocimiento a nombre de su abuelo Diego de la Pe\u00f1a, por ser un ciudadano ejemplar en la entidad.<\/p>\n\n\n\n<p>Chetumal.- \u201cEs un honor ser quintanarroense y cancunense, en esta tierra que nos ha dado tanto y que somos ejemplo a nivel nacional de muchas cosas. Yo s\u00e9 que vienen los mejores a\u00f1os para Quintana Roo, ya que tenemos al frente una mujer imparable como lo es nuestra gobernadora Mara Lezama y tambi\u00e9n de la mano de nuestra Presidenta Claudia Sheinbaum\u201d, expres\u00f3 la Presidenta Municipal, Ana Paty Peralta, en el marco del 50 Aniversario de la creaci\u00f3n del Estado Libre y Soberano de Quintana Roo, quien adem\u00e1s recibi\u00f3 un reconocimiento a nombre de su abuelo Diego de la Pe\u00f1a por ser un ciudadano que contribuy\u00f3 al turismo, progreso y resiliencia de la entidad.<\/p>\n\n\n\n<p>Al participar en diferentes eventos conmemorativos por ese motivo como la entrega de reconocimiento a 61 ciudadanos que han contribuido al desarrollo de la sociedad quintanarroense en los \u00e1mbitos como cultura, educaci\u00f3n, deporte, investigaci\u00f3n, turismo, entre otros, Ana Paty Peralta refrend\u00f3 su compromiso de seguir trabajando de la mano de la Gobernadora para que la prosperidad llegue a los hogares de todos los municipios.<\/p>\n\n\n\n<p>Primeramente, atestigu\u00f3 la Sesi\u00f3n Solemne celebrada en el Sal\u00f3n de Sesiones del Poder Legislativo en la capital de la entidad, en la que se ley\u00f3 el decreto del entonces presidente Luis Echeverr\u00eda \u00c1lvarez, por el que se erigi\u00f3 la entidad el 8 de octubre de 1974 como parte integrante de la federaci\u00f3n.<\/p>\n\n\n\n<p>\u201cEs un orgullo celebrar todo lo que hemos construido y continuar transformando nuestra tierra, unidas y unidos, trabajando por un futuro lleno de bienestar para todas las familias cancunenses y quintanarroense\u201d, dijo.<\/p>\n\n\n\n<p>Como un elemento cultural, se proyect\u00f3 un video alusivo al festejo, con la canci\u00f3n \u201cVoces del Mayab\u201d, interpretada por ni\u00f1as, ni\u00f1os y j\u00f3venes quintanarroenses bajo la direcci\u00f3n musical de Fernando Rojas, producida por la asociaci\u00f3n civil \u201cXaman Ha\u201d e inspirada en elementos caracter\u00edsticos de la bandera de Quintana Roo como<br>el sol, la estrella, el caracol, la selva y la fauna, en el que se enaltecieron la belleza y atractivos de todos los municipios, destacando las playas de Canc\u00fan.<\/p>\n\n\n\n<p>En presencia del diputado constituyente Gilberto Pastrana y otros mandatarios estatales, la Gobernadora resalt\u00f3 que pese a la contingencia clim\u00e1tica en la que se mantuvo todo el tiempo al pendiente de la atenci\u00f3n a los ciudadanos con presidentes municipales como Ana Paty Peralta en Benito Ju\u00e1rez, se lograron realizar los festejos para disfrute de la poblaci\u00f3n, ya que precisamente se caracteriza por ser un estado resiliente que ha sabido enfrentar no solo fen\u00f3menos hidrometeorol\u00f3gicos, sino ha crecido tanto como otros sitios que llevan siglos consolidando su historia.<\/p>\n\n\n\n<p>Posteriormente, la Presidenta Municipal de Benito Ju\u00e1rez estuvo presente en la inauguraci\u00f3n del Festival del Caribe \u201cEsto es Quintana Roo\u201d, en la explanada de la Bandera, una verbena popular y fiesta cultural para los quintanarroenses, en la que se tuvieron presentaciones de m\u00fasica, danza y folclor propios de la identidad local.<\/p>\n","protected":false},"excerpt":{"rendered":"<p>\ud83d\udd3aRecibe reconocimiento a nombre de su abuelo Diego de la Pe\u00f1a, por ser un ciudadano ejemplar en la entidad. Chetumal.- \u201cEs un honor ser quintanarroense y cancunense, en esta tierra que nos ha dado tanto y que somos ejemplo a nivel nacional de muchas cosas. Yo s\u00e9 que vienen los mejores a\u00f1os para Quintana Roo, [&hellip;]<\/p>\n","protected":false},"author":1,"featured_media":75490,"comment_status":"closed","ping_status":"closed","sticky":false,"template":"","format":"standard","meta":{"footnotes":"","_wpscppro_dont_share_socialmedia":false,"_wpscppro_custom_social_share_image":0,"_facebook_share_type":"default","_twitter_share_type":"default","_linkedin_share_type":"default","_pinterest_share_type":"default","_linkedin_share_type_page":"","_instagram_share_type":"default","_medium_share_type":"","_threads_share_type":"","_google_business_share_type":"","_selected_social_profile":[],"_wpsp_enable_custom_social_template":false,"_wpsp_social_scheduling":{"enabled":false,"datetime":null,"platforms":[],"status":"template_only","dateOption":"today","timeOption":"now","customDays":"","customHours":"","customDate":"","customTime":"","schedulingType":"absolute"},"_wpsp_active_default_template":true},"categories":[56,69,3],"tags":[],"class_list":["post-75488","post","type-post","status-publish","format-standard","has-post-thumbnail","hentry","category-chetumal","category-politica","category-quintana-roo"],"yoast_head":"<!-- This site is optimized with the Yoast SEO plugin v27.4 - https:\/\/yoast.com\/product\/yoast-seo-wordpress\/ -->\n<title>ENALTECE ANA PATY PERALTA ORGULLO DE SER QUINTANAROOENSE Y CANCUNENSE - Inspector Nocturno<\/title>\n<meta name=\"robots\" content=\"index, follow, max-snippet:-1, max-image-preview:large, max-video-preview:-1\" \/>\n<link rel=\"canonical\" href=\"https:\/\/inspectornocturno.com.mx\/?p=75488\" \/>\n<meta property=\"og:locale\" content=\"es_ES\" \/>\n<meta property=\"og:type\" content=\"article\" \/>\n<meta property=\"og:title\" content=\"ENALTECE ANA PATY PERALTA ORGULLO DE SER QUINTANAROOENSE Y CANCUNENSE - Inspector Nocturno\" \/>\n<meta property=\"og:description\" content=\"\ud83d\udd3aRecibe reconocimiento a nombre de su abuelo Diego de la Pe\u00f1a, por ser un ciudadano ejemplar en la entidad. Chetumal.- \u201cEs un honor ser quintanarroense y cancunense, en esta tierra que nos ha dado tanto y que somos ejemplo a nivel nacional de muchas cosas. Yo s\u00e9 que vienen los mejores a\u00f1os para Quintana Roo, [&hellip;]\" \/>\n<meta property=\"og:url\" content=\"https:\/\/inspectornocturno.com.mx\/?p=75488\" \/>\n<meta property=\"og:site_name\" content=\"Inspector Nocturno\" \/>\n<meta property=\"article:published_time\" content=\"2024-10-09T03:18:44+00:00\" \/>\n<meta property=\"article:modified_time\" content=\"2024-10-09T03:18:45+00:00\" \/>\n<meta property=\"og:image\" content=\"https:\/\/inspectornocturno.com.mx\/wp-content\/uploads\/2024\/10\/IMG-20241008-WA0044-scaled.jpg\" \/>\n\t<meta property=\"og:image:width\" content=\"900\" \/>\n\t<meta property=\"og:image:height\" content=\"600\" \/>\n\t<meta property=\"og:image:type\" content=\"image\/jpeg\" \/>\n<meta name=\"author\" content=\"inspector nocturno, noticias al momento, noticias de ultima hora, informando al minuto\" \/>\n<meta name=\"twitter:card\" content=\"summary_large_image\" \/>\n<script type=\"application\/ld+json\" class=\"yoast-schema-graph\">{\"@context\":\"https:\\\/\\\/schema.org\",\"@graph\":[{\"@type\":\"Article\",\"@id\":\"https:\\\/\\\/inspectornocturno.com.mx\\\/?p=75488#article\",\"isPartOf\":{\"@id\":\"https:\\\/\\\/inspectornocturno.com.mx\\\/?p=75488\"},\"author\":{\"name\":\"inspector nocturno, noticias al momento, noticias de ultima hora, informando al minuto\",\"@id\":\"https:\\\/\\\/inspectornocturno.com.mx\\\/#\\\/schema\\\/person\\\/7dc0a76c90dafd204473535370236590\"},\"headline\":\"ENALTECE ANA PATY PERALTA ORGULLO DE SER QUINTANAROOENSE Y CANCUNENSE\",\"datePublished\":\"2024-10-09T03:18:44+00:00\",\"dateModified\":\"2024-10-09T03:18:45+00:00\",\"mainEntityOfPage\":{\"@id\":\"https:\\\/\\\/inspectornocturno.com.mx\\\/?p=75488\"},\"wordCount\":532,\"publisher\":{\"@id\":\"https:\\\/\\\/inspectornocturno.com.mx\\\/#\\\/schema\\\/person\\\/63eb343fea17271215b1dd2793b27897\"},\"image\":{\"@id\":\"https:\\\/\\\/inspectornocturno.com.mx\\\/?p=75488#primaryimage\"},\"thumbnailUrl\":\"https:\\\/\\\/inspectornocturno.com.mx\\\/wp-content\\\/uploads\\\/2024\\\/10\\\/IMG-20241008-WA0044-scaled.jpg\",\"articleSection\":[\"Chetumal\",\"Pol\u00edtica\",\"Quintana Roo\"],\"inLanguage\":\"es\"},{\"@type\":\"WebPage\",\"@id\":\"https:\\\/\\\/inspectornocturno.com.mx\\\/?p=75488\",\"url\":\"https:\\\/\\\/inspectornocturno.com.mx\\\/?p=75488\",\"name\":\"ENALTECE ANA PATY PERALTA ORGULLO DE SER QUINTANAROOENSE Y CANCUNENSE - Inspector Nocturno\",\"isPartOf\":{\"@id\":\"https:\\\/\\\/inspectornocturno.com.mx\\\/#website\"},\"primaryImageOfPage\":{\"@id\":\"https:\\\/\\\/inspectornocturno.com.mx\\\/?p=75488#primaryimage\"},\"image\":{\"@id\":\"https:\\\/\\\/inspectornocturno.com.mx\\\/?p=75488#primaryimage\"},\"thumbnailUrl\":\"https:\\\/\\\/inspectornocturno.com.mx\\\/wp-content\\\/uploads\\\/2024\\\/10\\\/IMG-20241008-WA0044-scaled.jpg\",\"datePublished\":\"2024-10-09T03:18:44+00:00\",\"dateModified\":\"2024-10-09T03:18:45+00:00\",\"breadcrumb\":{\"@id\":\"https:\\\/\\\/inspectornocturno.com.mx\\\/?p=75488#breadcrumb\"},\"inLanguage\":\"es\",\"potentialAction\":[{\"@type\":\"ReadAction\",\"target\":[\"https:\\\/\\\/inspectornocturno.com.mx\\\/?p=75488\"]}]},{\"@type\":\"ImageObject\",\"inLanguage\":\"es\",\"@id\":\"https:\\\/\\\/inspectornocturno.com.mx\\\/?p=75488#primaryimage\",\"url\":\"https:\\\/\\\/inspectornocturno.com.mx\\\/wp-content\\\/uploads\\\/2024\\\/10\\\/IMG-20241008-WA0044-scaled.jpg\",\"contentUrl\":\"https:\\\/\\\/inspectornocturno.com.mx\\\/wp-content\\\/uploads\\\/2024\\\/10\\\/IMG-20241008-WA0044-scaled.jpg\",\"width\":900,\"height\":600},{\"@type\":\"BreadcrumbList\",\"@id\":\"https:\\\/\\\/inspectornocturno.com.mx\\\/?p=75488#breadcrumb\",\"itemListElement\":[{\"@type\":\"ListItem\",\"position\":1,\"name\":\"Portada\",\"item\":\"https:\\\/\\\/inspectornocturno.com.mx\\\/\"},{\"@type\":\"ListItem\",\"position\":2,\"name\":\"ENALTECE ANA PATY PERALTA ORGULLO DE SER QUINTANAROOENSE Y CANCUNENSE\"}]},{\"@type\":\"WebSite\",\"@id\":\"https:\\\/\\\/inspectornocturno.com.mx\\\/#website\",\"url\":\"https:\\\/\\\/inspectornocturno.com.mx\\\/\",\"name\":\"Inspector Nocturno\",\"description\":\"Canc\u00fan, noticias al minuto del inspector nocturno\",\"publisher\":{\"@id\":\"https:\\\/\\\/inspectornocturno.com.mx\\\/#\\\/schema\\\/person\\\/63eb343fea17271215b1dd2793b27897\"},\"alternateName\":\"Noticias de impacto al momento de los hechos\",\"potentialAction\":[{\"@type\":\"SearchAction\",\"target\":{\"@type\":\"EntryPoint\",\"urlTemplate\":\"https:\\\/\\\/inspectornocturno.com.mx\\\/?s={search_term_string}\"},\"query-input\":{\"@type\":\"PropertyValueSpecification\",\"valueRequired\":true,\"valueName\":\"search_term_string\"}}],\"inLanguage\":\"es\"},{\"@type\":[\"Person\",\"Organization\"],\"@id\":\"https:\\\/\\\/inspectornocturno.com.mx\\\/#\\\/schema\\\/person\\\/63eb343fea17271215b1dd2793b27897\",\"name\":\"Inspector Nocturno\",\"image\":{\"@type\":\"ImageObject\",\"inLanguage\":\"es\",\"@id\":\"https:\\\/\\\/inspectornocturno.com.mx\\\/wp-content\\\/uploads\\\/2021\\\/10\\\/logo-transparente.png\",\"url\":\"https:\\\/\\\/inspectornocturno.com.mx\\\/wp-content\\\/uploads\\\/2021\\\/10\\\/logo-transparente.png\",\"contentUrl\":\"https:\\\/\\\/inspectornocturno.com.mx\\\/wp-content\\\/uploads\\\/2021\\\/10\\\/logo-transparente.png\",\"width\":561,\"height\":668,\"caption\":\"Inspector Nocturno\"},\"logo\":{\"@id\":\"https:\\\/\\\/inspectornocturno.com.mx\\\/wp-content\\\/uploads\\\/2021\\\/10\\\/logo-transparente.png\"},\"sameAs\":[\"http:\\\/\\\/inspectornocturno.com.mx\"]},{\"@type\":\"Person\",\"@id\":\"https:\\\/\\\/inspectornocturno.com.mx\\\/#\\\/schema\\\/person\\\/7dc0a76c90dafd204473535370236590\",\"name\":\"inspector nocturno, noticias al momento, noticias de ultima hora, informando al minuto\",\"sameAs\":[\"https:\\\/\\\/inspectornocturno.com.mx\"]}]}<\/script>\n<!-- \/ Yoast SEO plugin. -->","yoast_head_json":{"title":"ENALTECE ANA PATY PERALTA ORGULLO DE SER QUINTANAROOENSE Y CANCUNENSE - Inspector Nocturno","robots":{"index":"index","follow":"follow","max-snippet":"max-snippet:-1","max-image-preview":"max-image-preview:large","max-video-preview":"max-video-preview:-1"},"canonical":"https:\/\/inspectornocturno.com.mx\/?p=75488","og_locale":"es_ES","og_type":"article","og_title":"ENALTECE ANA PATY PERALTA ORGULLO DE SER QUINTANAROOENSE Y CANCUNENSE - Inspector Nocturno","og_description":"\ud83d\udd3aRecibe reconocimiento a nombre de su abuelo Diego de la Pe\u00f1a, por ser un ciudadano ejemplar en la entidad. Chetumal.- \u201cEs un honor ser quintanarroense y cancunense, en esta tierra que nos ha dado tanto y que somos ejemplo a nivel nacional de muchas cosas. Yo s\u00e9 que vienen los mejores a\u00f1os para Quintana Roo, [&hellip;]","og_url":"https:\/\/inspectornocturno.com.mx\/?p=75488","og_site_name":"Inspector Nocturno","article_published_time":"2024-10-09T03:18:44+00:00","article_modified_time":"2024-10-09T03:18:45+00:00","og_image":[{"width":900,"height":600,"url":"https:\/\/inspectornocturno.com.mx\/wp-content\/uploads\/2024\/10\/IMG-20241008-WA0044-scaled.jpg","type":"image\/jpeg"}],"author":"inspector nocturno, noticias al momento, noticias de ultima hora, informando al minuto","twitter_card":"summary_large_image","schema":{"@context":"https:\/\/schema.org","@graph":[{"@type":"Article","@id":"https:\/\/inspectornocturno.com.mx\/?p=75488#article","isPartOf":{"@id":"https:\/\/inspectornocturno.com.mx\/?p=75488"},"author":{"name":"inspector nocturno, noticias al momento, noticias de ultima hora, informando al minuto","@id":"https:\/\/inspectornocturno.com.mx\/#\/schema\/person\/7dc0a76c90dafd204473535370236590"},"headline":"ENALTECE ANA PATY PERALTA ORGULLO DE SER QUINTANAROOENSE Y CANCUNENSE","datePublished":"2024-10-09T03:18:44+00:00","dateModified":"2024-10-09T03:18:45+00:00","mainEntityOfPage":{"@id":"https:\/\/inspectornocturno.com.mx\/?p=75488"},"wordCount":532,"publisher":{"@id":"https:\/\/inspectornocturno.com.mx\/#\/schema\/person\/63eb343fea17271215b1dd2793b27897"},"image":{"@id":"https:\/\/inspectornocturno.com.mx\/?p=75488#primaryimage"},"thumbnailUrl":"https:\/\/inspectornocturno.com.mx\/wp-content\/uploads\/2024\/10\/IMG-20241008-WA0044-scaled.jpg","articleSection":["Chetumal","Pol\u00edtica","Quintana Roo"],"inLanguage":"es"},{"@type":"WebPage","@id":"https:\/\/inspectornocturno.com.mx\/?p=75488","url":"https:\/\/inspectornocturno.com.mx\/?p=75488","name":"ENALTECE ANA PATY PERALTA ORGULLO DE SER QUINTANAROOENSE Y CANCUNENSE - Inspector Nocturno","isPartOf":{"@id":"https:\/\/inspectornocturno.com.mx\/#website"},"primaryImageOfPage":{"@id":"https:\/\/inspectornocturno.com.mx\/?p=75488#primaryimage"},"image":{"@id":"https:\/\/inspectornocturno.com.mx\/?p=75488#primaryimage"},"thumbnailUrl":"https:\/\/inspectornocturno.com.mx\/wp-content\/uploads\/2024\/10\/IMG-20241008-WA0044-scaled.jpg","datePublished":"2024-10-09T03:18:44+00:00","dateModified":"2024-10-09T03:18:45+00:00","breadcrumb":{"@id":"https:\/\/inspectornocturno.com.mx\/?p=75488#breadcrumb"},"inLanguage":"es","potentialAction":[{"@type":"ReadAction","target":["https:\/\/inspectornocturno.com.mx\/?p=75488"]}]},{"@type":"ImageObject","inLanguage":"es","@id":"https:\/\/inspectornocturno.com.mx\/?p=75488#primaryimage","url":"https:\/\/inspectornocturno.com.mx\/wp-content\/uploads\/2024\/10\/IMG-20241008-WA0044-scaled.jpg","contentUrl":"https:\/\/inspectornocturno.com.mx\/wp-content\/uploads\/2024\/10\/IMG-20241008-WA0044-scaled.jpg","width":900,"height":600},{"@type":"BreadcrumbList","@id":"https:\/\/inspectornocturno.com.mx\/?p=75488#breadcrumb","itemListElement":[{"@type":"ListItem","position":1,"name":"Portada","item":"https:\/\/inspectornocturno.com.mx\/"},{"@type":"ListItem","position":2,"name":"ENALTECE ANA PATY PERALTA ORGULLO DE SER QUINTANAROOENSE Y CANCUNENSE"}]},{"@type":"WebSite","@id":"https:\/\/inspectornocturno.com.mx\/#website","url":"https:\/\/inspectornocturno.com.mx\/","name":"Inspector Nocturno","description":"Canc\u00fan, noticias al minuto del inspector nocturno","publisher":{"@id":"https:\/\/inspectornocturno.com.mx\/#\/schema\/person\/63eb343fea17271215b1dd2793b27897"},"alternateName":"Noticias de impacto al momento de los hechos","potentialAction":[{"@type":"SearchAction","target":{"@type":"EntryPoint","urlTemplate":"https:\/\/inspectornocturno.com.mx\/?s={search_term_string}"},"query-input":{"@type":"PropertyValueSpecification","valueRequired":true,"valueName":"search_term_string"}}],"inLanguage":"es"},{"@type":["Person","Organization"],"@id":"https:\/\/inspectornocturno.com.mx\/#\/schema\/person\/63eb343fea17271215b1dd2793b27897","name":"Inspector Nocturno","image":{"@type":"ImageObject","inLanguage":"es","@id":"https:\/\/inspectornocturno.com.mx\/wp-content\/uploads\/2021\/10\/logo-transparente.png","url":"https:\/\/inspectornocturno.com.mx\/wp-content\/uploads\/2021\/10\/logo-transparente.png","contentUrl":"https:\/\/inspectornocturno.com.mx\/wp-content\/uploads\/2021\/10\/logo-transparente.png","width":561,"height":668,"caption":"Inspector Nocturno"},"logo":{"@id":"https:\/\/inspectornocturno.com.mx\/wp-content\/uploads\/2021\/10\/logo-transparente.png"},"sameAs":["http:\/\/inspectornocturno.com.mx"]},{"@type":"Person","@id":"https:\/\/inspectornocturno.com.mx\/#\/schema\/person\/7dc0a76c90dafd204473535370236590","name":"inspector nocturno, noticias al momento, noticias de ultima hora, informando al minuto","sameAs":["https:\/\/inspectornocturno.com.mx"]}]}},"views":461,"_links":{"self":[{"href":"https:\/\/inspectornocturno.com.mx\/index.php?rest_route=\/wp\/v2\/posts\/75488","targetHints":{"allow":["GET"]}}],"collection":[{"href":"https:\/\/inspectornocturno.com.mx\/index.php?rest_route=\/wp\/v2\/posts"}],"about":[{"href":"https:\/\/inspectornocturno.com.mx\/index.php?rest_route=\/wp\/v2\/types\/post"}],"author":[{"embeddable":true,"href":"https:\/\/inspectornocturno.com.mx\/index.php?rest_route=\/wp\/v2\/users\/1"}],"replies":[{"embeddable":true,"href":"https:\/\/inspectornocturno.com.mx\/index.php?rest_route=%2Fwp%2Fv2%2Fcomments&post=75488"}],"version-history":[{"count":1,"href":"https:\/\/inspectornocturno.com.mx\/index.php?rest_route=\/wp\/v2\/posts\/75488\/revisions"}],"predecessor-version":[{"id":75491,"href":"https:\/\/inspectornocturno.com.mx\/index.php?rest_route=\/wp\/v2\/posts\/75488\/revisions\/75491"}],"wp:featuredmedia":[{"embeddable":true,"href":"https:\/\/inspectornocturno.com.mx\/index.php?rest_route=\/wp\/v2\/media\/75490"}],"wp:attachment":[{"href":"https:\/\/inspectornocturno.com.mx\/index.php?rest_route=%2Fwp%2Fv2%2Fmedia&parent=75488"}],"wp:term":[{"taxonomy":"category","embeddable":true,"href":"https:\/\/inspectornocturno.com.mx\/index.php?rest_route=%2Fwp%2Fv2%2Fcategories&post=75488"},{"taxonomy":"post_tag","embeddable":true,"href":"https:\/\/inspectornocturno.com.mx\/index.php?rest_route=%2Fwp%2Fv2%2Ftags&post=75488"}],"curies":[{"name":"wp","href":"https:\/\/api.w.org\/{rel}","templated":true}]}}