{"id":75368,"date":"2024-10-06T23:28:58","date_gmt":"2024-10-07T04:28:58","guid":{"rendered":"https:\/\/inspectornocturno.com.mx\/?p=75368"},"modified":"2024-10-06T23:28:59","modified_gmt":"2024-10-07T04:28:59","slug":"reconstruiran-rodilla-del-futbolista-dani-carvajal","status":"publish","type":"post","link":"https:\/\/inspectornocturno.com.mx\/?p=75368","title":{"rendered":"RECONSTRUIR\u00c1N RODILLA DEL FUTBOLISTA DANI CARVAJAL"},"content":{"rendered":"\n<p class=\"wp-block-paragraph\">\ud83d\udd3aEl lateral derecho del Real Madrid estar\u00e1 fuera de las canchas por lo que resta de la temporada, tras sufrir la ruptura de dos ligamentos y un tend\u00f3n de la pierna derecha.<\/p>\n\n\n\n<p class=\"wp-block-paragraph\">Madrid.- Dani Carvajal, lateral derecho del Real Madrid, ser\u00e1 operado tras romperse dos ligamentos y un tend\u00f3n de la rodilla derecha, inform\u00f3 el club merengue, un d\u00eda despu\u00e9s de que fue retirado en camilla durante la victoria por 2-0 del s\u00e1bado de local ante el Villarreal.<\/p>\n\n\n\n<p class=\"wp-block-paragraph\">El internacional espa\u00f1ol, de 32 a\u00f1os, se torci\u00f3 la rodilla derecha durante un duelo con el centrocampista del Villarreal Yeremy Pino en el tiempo a\u00f1adido.<\/p>\n\n\n\n<p class=\"wp-block-paragraph\">\u201cSe confirma una lesi\u00f3n grave de ligamento cruzado, voy a tener que pasar por quir\u00f3fano y estar unos meses fuera de los terrenos de juego\u201d, dijo Carvajal en Instagram, donde tambi\u00e9n colg\u00f3 una foto suya en una ambulancia.<\/p>\n\n\n\n<figure class=\"wp-block-embed is-type-rich is-provider-twitter wp-block-embed-twitter\"><div class=\"wp-block-embed__wrapper\">\n<blockquote class=\"twitter-tweet\" data-width=\"550\" data-dnt=\"true\"><p lang=\"es\" dir=\"ltr\">Se confirma una lesi\u00f3n grave de ligamento cruzado, voy a tener que pasar por quir\u00f3fano y estar unos meses fuera de los terrenos de juego. <br>Ya estoy deseando empezar la recuperaci\u00f3n y regresar como una bestia.<br>Muchas gracias a todos por vuestros mensajes, me siento muy querido. \ud83e\udd0d <a href=\"https:\/\/t.co\/FdVgVhrLEC\">pic.twitter.com\/FdVgVhrLEC<\/a><\/p>&mdash; Dani Carvajal Ramos (@DaniCarvajal92) <a href=\"https:\/\/twitter.com\/DaniCarvajal92\/status\/1842827449136038354?ref_src=twsrc%5Etfw\">October 6, 2024<\/a><\/blockquote><script async src=\"https:\/\/platform.twitter.com\/widgets.js\" charset=\"utf-8\"><\/script>\n<\/div><\/figure>\n\n\n\n<p class=\"wp-block-paragraph\">Carlo Ancelotti, t\u00e9cnico del Real Madrid, dijo que estaba preocupado por la lesi\u00f3n de Carvajal, un nuevo golpe para el equipo espa\u00f1ol despu\u00e9s de jugar sin el portero Thibaut Courtois, quien sufri\u00f3 una lesi\u00f3n muscular en el abductor contra el Atl\u00e9tico de Madrid el pasado fin de semana.<\/p>\n\n\n\n<figure class=\"wp-block-embed is-type-video is-provider-youtube wp-block-embed-youtube wp-embed-aspect-16-9 wp-has-aspect-ratio\"><div class=\"wp-block-embed__wrapper\">\n<iframe title=\"Carvajal confirma que tiene una lesi\u00f3n en el ligamento cruzado I MARCA\" width=\"1320\" height=\"743\" data-src=\"https:\/\/www.youtube.com\/embed\/35vmlm2hU9k?feature=oembed\" frameborder=\"0\" allow=\"accelerometer; autoplay; clipboard-write; encrypted-media; gyroscope; picture-in-picture; web-share\" referrerpolicy=\"strict-origin-when-cross-origin\" allowfullscreen src=\"data:image\/svg+xml;base64,PHN2ZyB3aWR0aD0iMSIgaGVpZ2h0PSIxIiB4bWxucz0iaHR0cDovL3d3dy53My5vcmcvMjAwMC9zdmciPjwvc3ZnPg==\" class=\"lazyload\" data-load-mode=\"1\"><\/iframe>\n<\/div><\/figure>\n\n\n\n<p class=\"wp-block-paragraph\">En un comunicado lanzado este domingo, Real Madrid anunci\u00f3 los detalles de la lesi\u00f3n: \u201cDiagnosticado una rotura del ligamento cruzado anterior, una rotura del ligamento colateral externo y una rotura del tend\u00f3n popl\u00edteo de la pierna derecha\u201d.<\/p>\n\n\n\n<p class=\"wp-block-paragraph\">Real Madrid anunci\u00f3 m\u00e1s tarde que hab\u00eda ampliado el contrato de Carvajal hasta junio de 2026.<\/p>\n\n\n\n<p class=\"wp-block-paragraph\">El club de LaLiga tambi\u00e9n dijo que el extremo brasile\u00f1o Vinicius Jr. hab\u00eda sufrido una lesi\u00f3n en el cuello en el mismo partido.<\/p>\n\n\n\n<p class=\"wp-block-paragraph\">Real Madrid es segundo en la clasificaci\u00f3n con 21 puntos. Su pr\u00f3ximo partido ser\u00e1 de visita ante el Celta de Vigo, despu\u00e9s de la Fecha FIFA, el s\u00e1bado 19 de octubre a la 1:00 pm (CDMX).<\/p>\n\n\n\n<p class=\"wp-block-paragraph\">Fuente: Aristegui Noticias\/Marca.<\/p>\n","protected":false},"excerpt":{"rendered":"<p>\ud83d\udd3aEl lateral derecho del Real Madrid estar\u00e1 fuera de las canchas por lo que resta de la temporada, tras sufrir la ruptura de dos ligamentos y un tend\u00f3n de la pierna derecha. Madrid.- Dani Carvajal, lateral derecho del Real Madrid, ser\u00e1 operado tras romperse dos ligamentos y un tend\u00f3n de la rodilla derecha, inform\u00f3 el [&hellip;]<\/p>\n","protected":false},"author":7,"featured_media":75369,"comment_status":"closed","ping_status":"closed","sticky":false,"template":"","format":"standard","meta":{"footnotes":"","_wpscppro_dont_share_socialmedia":false,"_wpscppro_custom_social_share_image":0,"_facebook_share_type":"default","_twitter_share_type":"default","_linkedin_share_type":"default","_pinterest_share_type":"default","_linkedin_share_type_page":"","_instagram_share_type":"default","_medium_share_type":"","_threads_share_type":"","_google_business_share_type":"","_selected_social_profile":[],"_wpsp_enable_custom_social_template":false,"_wpsp_social_scheduling":{"enabled":false,"datetime":null,"platforms":[],"status":"template_only","dateOption":"today","timeOption":"now","customDays":"","customHours":"","customDate":"","customTime":"","schedulingType":"absolute"},"_wpsp_active_default_template":true},"categories":[7,77],"tags":[],"class_list":["post-75368","post","type-post","status-publish","format-standard","has-post-thumbnail","hentry","category-arena-deportiva","category-internacional"],"yoast_head":"<!-- This site is optimized with the Yoast SEO plugin v27.7 - https:\/\/yoast.com\/product\/yoast-seo-wordpress\/ -->\n<title>RECONSTRUIR\u00c1N RODILLA DEL FUTBOLISTA DANI CARVAJAL - Inspector Nocturno<\/title>\n<meta name=\"robots\" content=\"index, follow, max-snippet:-1, max-image-preview:large, max-video-preview:-1\" \/>\n<link rel=\"canonical\" href=\"https:\/\/inspectornocturno.com.mx\/?p=75368\" \/>\n<meta property=\"og:locale\" content=\"es_ES\" \/>\n<meta property=\"og:type\" content=\"article\" \/>\n<meta property=\"og:title\" content=\"RECONSTRUIR\u00c1N RODILLA DEL FUTBOLISTA DANI CARVAJAL - Inspector Nocturno\" \/>\n<meta property=\"og:description\" content=\"\ud83d\udd3aEl lateral derecho del Real Madrid estar\u00e1 fuera de las canchas por lo que resta de la temporada, tras sufrir la ruptura de dos ligamentos y un tend\u00f3n de la pierna derecha. Madrid.- Dani Carvajal, lateral derecho del Real Madrid, ser\u00e1 operado tras romperse dos ligamentos y un tend\u00f3n de la rodilla derecha, inform\u00f3 el [&hellip;]\" \/>\n<meta property=\"og:url\" content=\"https:\/\/inspectornocturno.com.mx\/?p=75368\" \/>\n<meta property=\"og:site_name\" content=\"Inspector Nocturno\" \/>\n<meta property=\"article:published_time\" content=\"2024-10-07T04:28:58+00:00\" \/>\n<meta property=\"article:modified_time\" content=\"2024-10-07T04:28:59+00:00\" \/>\n<meta property=\"og:image\" content=\"https:\/\/inspectornocturno.com.mx\/wp-content\/uploads\/2024\/10\/DANI_CARVAJAL_50299-scaled.jpg\" \/>\n\t<meta property=\"og:image:width\" content=\"900\" \/>\n\t<meta property=\"og:image:height\" content=\"600\" \/>\n\t<meta property=\"og:image:type\" content=\"image\/jpeg\" \/>\n<meta name=\"author\" content=\"Inspector Nocturno\" \/>\n<meta name=\"twitter:card\" content=\"summary_large_image\" \/>\n<meta name=\"twitter:image\" content=\"https:\/\/inspectornocturno.com.mx\/wp-content\/uploads\/2024\/10\/DANI_CARVAJAL_50299-scaled.jpg\" \/>\n<script type=\"application\/ld+json\" class=\"yoast-schema-graph\">{\"@context\":\"https:\\\/\\\/schema.org\",\"@graph\":[{\"@type\":\"Article\",\"@id\":\"https:\\\/\\\/inspectornocturno.com.mx\\\/?p=75368#article\",\"isPartOf\":{\"@id\":\"https:\\\/\\\/inspectornocturno.com.mx\\\/?p=75368\"},\"author\":{\"name\":\"Inspector Nocturno\",\"@id\":\"https:\\\/\\\/inspectornocturno.com.mx\\\/#\\\/schema\\\/person\\\/969c25a2260bdff0de14d7ccb1e77752\"},\"headline\":\"RECONSTRUIR\u00c1N RODILLA DEL FUTBOLISTA DANI CARVAJAL\",\"datePublished\":\"2024-10-07T04:28:58+00:00\",\"dateModified\":\"2024-10-07T04:28:59+00:00\",\"mainEntityOfPage\":{\"@id\":\"https:\\\/\\\/inspectornocturno.com.mx\\\/?p=75368\"},\"wordCount\":358,\"publisher\":{\"@id\":\"https:\\\/\\\/inspectornocturno.com.mx\\\/#\\\/schema\\\/person\\\/63eb343fea17271215b1dd2793b27897\"},\"image\":{\"@id\":\"https:\\\/\\\/inspectornocturno.com.mx\\\/?p=75368#primaryimage\"},\"thumbnailUrl\":\"https:\\\/\\\/inspectornocturno.com.mx\\\/wp-content\\\/uploads\\\/2024\\\/10\\\/DANI_CARVAJAL_50299-scaled.jpg\",\"articleSection\":[\"Arena Deportiva\",\"Internacional\"],\"inLanguage\":\"es\"},{\"@type\":\"WebPage\",\"@id\":\"https:\\\/\\\/inspectornocturno.com.mx\\\/?p=75368\",\"url\":\"https:\\\/\\\/inspectornocturno.com.mx\\\/?p=75368\",\"name\":\"RECONSTRUIR\u00c1N RODILLA DEL FUTBOLISTA DANI CARVAJAL - Inspector Nocturno\",\"isPartOf\":{\"@id\":\"https:\\\/\\\/inspectornocturno.com.mx\\\/#website\"},\"primaryImageOfPage\":{\"@id\":\"https:\\\/\\\/inspectornocturno.com.mx\\\/?p=75368#primaryimage\"},\"image\":{\"@id\":\"https:\\\/\\\/inspectornocturno.com.mx\\\/?p=75368#primaryimage\"},\"thumbnailUrl\":\"https:\\\/\\\/inspectornocturno.com.mx\\\/wp-content\\\/uploads\\\/2024\\\/10\\\/DANI_CARVAJAL_50299-scaled.jpg\",\"datePublished\":\"2024-10-07T04:28:58+00:00\",\"dateModified\":\"2024-10-07T04:28:59+00:00\",\"breadcrumb\":{\"@id\":\"https:\\\/\\\/inspectornocturno.com.mx\\\/?p=75368#breadcrumb\"},\"inLanguage\":\"es\",\"potentialAction\":[{\"@type\":\"ReadAction\",\"target\":[\"https:\\\/\\\/inspectornocturno.com.mx\\\/?p=75368\"]}]},{\"@type\":\"ImageObject\",\"inLanguage\":\"es\",\"@id\":\"https:\\\/\\\/inspectornocturno.com.mx\\\/?p=75368#primaryimage\",\"url\":\"https:\\\/\\\/inspectornocturno.com.mx\\\/wp-content\\\/uploads\\\/2024\\\/10\\\/DANI_CARVAJAL_50299-scaled.jpg\",\"contentUrl\":\"https:\\\/\\\/inspectornocturno.com.mx\\\/wp-content\\\/uploads\\\/2024\\\/10\\\/DANI_CARVAJAL_50299-scaled.jpg\",\"width\":900,\"height\":600},{\"@type\":\"BreadcrumbList\",\"@id\":\"https:\\\/\\\/inspectornocturno.com.mx\\\/?p=75368#breadcrumb\",\"itemListElement\":[{\"@type\":\"ListItem\",\"position\":1,\"name\":\"Portada\",\"item\":\"https:\\\/\\\/inspectornocturno.com.mx\\\/\"},{\"@type\":\"ListItem\",\"position\":2,\"name\":\"RECONSTRUIR\u00c1N RODILLA DEL FUTBOLISTA DANI CARVAJAL\"}]},{\"@type\":\"WebSite\",\"@id\":\"https:\\\/\\\/inspectornocturno.com.mx\\\/#website\",\"url\":\"https:\\\/\\\/inspectornocturno.com.mx\\\/\",\"name\":\"Inspector Nocturno\",\"description\":\"Canc\u00fan, noticias al minuto del inspector nocturno\",\"publisher\":{\"@id\":\"https:\\\/\\\/inspectornocturno.com.mx\\\/#\\\/schema\\\/person\\\/63eb343fea17271215b1dd2793b27897\"},\"alternateName\":\"Noticias de impacto al momento de los hechos\",\"potentialAction\":[{\"@type\":\"SearchAction\",\"target\":{\"@type\":\"EntryPoint\",\"urlTemplate\":\"https:\\\/\\\/inspectornocturno.com.mx\\\/?s={search_term_string}\"},\"query-input\":{\"@type\":\"PropertyValueSpecification\",\"valueRequired\":true,\"valueName\":\"search_term_string\"}}],\"inLanguage\":\"es\"},{\"@type\":[\"Person\",\"Organization\"],\"@id\":\"https:\\\/\\\/inspectornocturno.com.mx\\\/#\\\/schema\\\/person\\\/63eb343fea17271215b1dd2793b27897\",\"name\":\"Inspector Nocturno\",\"image\":{\"@type\":\"ImageObject\",\"inLanguage\":\"es\",\"@id\":\"https:\\\/\\\/inspectornocturno.com.mx\\\/wp-content\\\/uploads\\\/2021\\\/10\\\/logo-transparente.png\",\"url\":\"https:\\\/\\\/inspectornocturno.com.mx\\\/wp-content\\\/uploads\\\/2021\\\/10\\\/logo-transparente.png\",\"contentUrl\":\"https:\\\/\\\/inspectornocturno.com.mx\\\/wp-content\\\/uploads\\\/2021\\\/10\\\/logo-transparente.png\",\"width\":561,\"height\":668,\"caption\":\"Inspector Nocturno\"},\"logo\":{\"@id\":\"https:\\\/\\\/inspectornocturno.com.mx\\\/wp-content\\\/uploads\\\/2021\\\/10\\\/logo-transparente.png\"},\"sameAs\":[\"http:\\\/\\\/inspectornocturno.com.mx\"]},{\"@type\":\"Person\",\"@id\":\"https:\\\/\\\/inspectornocturno.com.mx\\\/#\\\/schema\\\/person\\\/969c25a2260bdff0de14d7ccb1e77752\",\"name\":\"Inspector Nocturno\"}]}<\/script>\n<!-- \/ Yoast SEO plugin. -->","yoast_head_json":{"title":"RECONSTRUIR\u00c1N RODILLA DEL FUTBOLISTA DANI CARVAJAL - Inspector Nocturno","robots":{"index":"index","follow":"follow","max-snippet":"max-snippet:-1","max-image-preview":"max-image-preview:large","max-video-preview":"max-video-preview:-1"},"canonical":"https:\/\/inspectornocturno.com.mx\/?p=75368","og_locale":"es_ES","og_type":"article","og_title":"RECONSTRUIR\u00c1N RODILLA DEL FUTBOLISTA DANI CARVAJAL - Inspector Nocturno","og_description":"\ud83d\udd3aEl lateral derecho del Real Madrid estar\u00e1 fuera de las canchas por lo que resta de la temporada, tras sufrir la ruptura de dos ligamentos y un tend\u00f3n de la pierna derecha. Madrid.- Dani Carvajal, lateral derecho del Real Madrid, ser\u00e1 operado tras romperse dos ligamentos y un tend\u00f3n de la rodilla derecha, inform\u00f3 el [&hellip;]","og_url":"https:\/\/inspectornocturno.com.mx\/?p=75368","og_site_name":"Inspector Nocturno","article_published_time":"2024-10-07T04:28:58+00:00","article_modified_time":"2024-10-07T04:28:59+00:00","og_image":[{"width":900,"height":600,"url":"https:\/\/inspectornocturno.com.mx\/wp-content\/uploads\/2024\/10\/DANI_CARVAJAL_50299-scaled.jpg","type":"image\/jpeg"}],"author":"Inspector Nocturno","twitter_card":"summary_large_image","twitter_image":"https:\/\/inspectornocturno.com.mx\/wp-content\/uploads\/2024\/10\/DANI_CARVAJAL_50299-scaled.jpg","schema":{"@context":"https:\/\/schema.org","@graph":[{"@type":"Article","@id":"https:\/\/inspectornocturno.com.mx\/?p=75368#article","isPartOf":{"@id":"https:\/\/inspectornocturno.com.mx\/?p=75368"},"author":{"name":"Inspector Nocturno","@id":"https:\/\/inspectornocturno.com.mx\/#\/schema\/person\/969c25a2260bdff0de14d7ccb1e77752"},"headline":"RECONSTRUIR\u00c1N RODILLA DEL FUTBOLISTA DANI CARVAJAL","datePublished":"2024-10-07T04:28:58+00:00","dateModified":"2024-10-07T04:28:59+00:00","mainEntityOfPage":{"@id":"https:\/\/inspectornocturno.com.mx\/?p=75368"},"wordCount":358,"publisher":{"@id":"https:\/\/inspectornocturno.com.mx\/#\/schema\/person\/63eb343fea17271215b1dd2793b27897"},"image":{"@id":"https:\/\/inspectornocturno.com.mx\/?p=75368#primaryimage"},"thumbnailUrl":"https:\/\/inspectornocturno.com.mx\/wp-content\/uploads\/2024\/10\/DANI_CARVAJAL_50299-scaled.jpg","articleSection":["Arena Deportiva","Internacional"],"inLanguage":"es"},{"@type":"WebPage","@id":"https:\/\/inspectornocturno.com.mx\/?p=75368","url":"https:\/\/inspectornocturno.com.mx\/?p=75368","name":"RECONSTRUIR\u00c1N RODILLA DEL FUTBOLISTA DANI CARVAJAL - Inspector Nocturno","isPartOf":{"@id":"https:\/\/inspectornocturno.com.mx\/#website"},"primaryImageOfPage":{"@id":"https:\/\/inspectornocturno.com.mx\/?p=75368#primaryimage"},"image":{"@id":"https:\/\/inspectornocturno.com.mx\/?p=75368#primaryimage"},"thumbnailUrl":"https:\/\/inspectornocturno.com.mx\/wp-content\/uploads\/2024\/10\/DANI_CARVAJAL_50299-scaled.jpg","datePublished":"2024-10-07T04:28:58+00:00","dateModified":"2024-10-07T04:28:59+00:00","breadcrumb":{"@id":"https:\/\/inspectornocturno.com.mx\/?p=75368#breadcrumb"},"inLanguage":"es","potentialAction":[{"@type":"ReadAction","target":["https:\/\/inspectornocturno.com.mx\/?p=75368"]}]},{"@type":"ImageObject","inLanguage":"es","@id":"https:\/\/inspectornocturno.com.mx\/?p=75368#primaryimage","url":"https:\/\/inspectornocturno.com.mx\/wp-content\/uploads\/2024\/10\/DANI_CARVAJAL_50299-scaled.jpg","contentUrl":"https:\/\/inspectornocturno.com.mx\/wp-content\/uploads\/2024\/10\/DANI_CARVAJAL_50299-scaled.jpg","width":900,"height":600},{"@type":"BreadcrumbList","@id":"https:\/\/inspectornocturno.com.mx\/?p=75368#breadcrumb","itemListElement":[{"@type":"ListItem","position":1,"name":"Portada","item":"https:\/\/inspectornocturno.com.mx\/"},{"@type":"ListItem","position":2,"name":"RECONSTRUIR\u00c1N RODILLA DEL FUTBOLISTA DANI CARVAJAL"}]},{"@type":"WebSite","@id":"https:\/\/inspectornocturno.com.mx\/#website","url":"https:\/\/inspectornocturno.com.mx\/","name":"Inspector Nocturno","description":"Canc\u00fan, noticias al minuto del inspector nocturno","publisher":{"@id":"https:\/\/inspectornocturno.com.mx\/#\/schema\/person\/63eb343fea17271215b1dd2793b27897"},"alternateName":"Noticias de impacto al momento de los hechos","potentialAction":[{"@type":"SearchAction","target":{"@type":"EntryPoint","urlTemplate":"https:\/\/inspectornocturno.com.mx\/?s={search_term_string}"},"query-input":{"@type":"PropertyValueSpecification","valueRequired":true,"valueName":"search_term_string"}}],"inLanguage":"es"},{"@type":["Person","Organization"],"@id":"https:\/\/inspectornocturno.com.mx\/#\/schema\/person\/63eb343fea17271215b1dd2793b27897","name":"Inspector Nocturno","image":{"@type":"ImageObject","inLanguage":"es","@id":"https:\/\/inspectornocturno.com.mx\/wp-content\/uploads\/2021\/10\/logo-transparente.png","url":"https:\/\/inspectornocturno.com.mx\/wp-content\/uploads\/2021\/10\/logo-transparente.png","contentUrl":"https:\/\/inspectornocturno.com.mx\/wp-content\/uploads\/2021\/10\/logo-transparente.png","width":561,"height":668,"caption":"Inspector Nocturno"},"logo":{"@id":"https:\/\/inspectornocturno.com.mx\/wp-content\/uploads\/2021\/10\/logo-transparente.png"},"sameAs":["http:\/\/inspectornocturno.com.mx"]},{"@type":"Person","@id":"https:\/\/inspectornocturno.com.mx\/#\/schema\/person\/969c25a2260bdff0de14d7ccb1e77752","name":"Inspector Nocturno"}]}},"views":553,"_links":{"self":[{"href":"https:\/\/inspectornocturno.com.mx\/index.php?rest_route=\/wp\/v2\/posts\/75368","targetHints":{"allow":["GET"]}}],"collection":[{"href":"https:\/\/inspectornocturno.com.mx\/index.php?rest_route=\/wp\/v2\/posts"}],"about":[{"href":"https:\/\/inspectornocturno.com.mx\/index.php?rest_route=\/wp\/v2\/types\/post"}],"author":[{"embeddable":true,"href":"https:\/\/inspectornocturno.com.mx\/index.php?rest_route=\/wp\/v2\/users\/7"}],"replies":[{"embeddable":true,"href":"https:\/\/inspectornocturno.com.mx\/index.php?rest_route=%2Fwp%2Fv2%2Fcomments&post=75368"}],"version-history":[{"count":1,"href":"https:\/\/inspectornocturno.com.mx\/index.php?rest_route=\/wp\/v2\/posts\/75368\/revisions"}],"predecessor-version":[{"id":75370,"href":"https:\/\/inspectornocturno.com.mx\/index.php?rest_route=\/wp\/v2\/posts\/75368\/revisions\/75370"}],"wp:featuredmedia":[{"embeddable":true,"href":"https:\/\/inspectornocturno.com.mx\/index.php?rest_route=\/wp\/v2\/media\/75369"}],"wp:attachment":[{"href":"https:\/\/inspectornocturno.com.mx\/index.php?rest_route=%2Fwp%2Fv2%2Fmedia&parent=75368"}],"wp:term":[{"taxonomy":"category","embeddable":true,"href":"https:\/\/inspectornocturno.com.mx\/index.php?rest_route=%2Fwp%2Fv2%2Fcategories&post=75368"},{"taxonomy":"post_tag","embeddable":true,"href":"https:\/\/inspectornocturno.com.mx\/index.php?rest_route=%2Fwp%2Fv2%2Ftags&post=75368"}],"curies":[{"name":"wp","href":"https:\/\/api.w.org\/{rel}","templated":true}]}}