{"id":73227,"date":"2024-09-02T15:37:46","date_gmt":"2024-09-02T20:37:46","guid":{"rendered":"https:\/\/inspectornocturno.com.mx\/?p=73227"},"modified":"2024-09-02T15:37:47","modified_gmt":"2024-09-02T20:37:47","slug":"detienen-a-presunto-responsable-del-homicidio-de-dulce-yarely","status":"publish","type":"post","link":"https:\/\/inspectornocturno.com.mx\/?p=73227","title":{"rendered":"DETIENEN A PRESUNTO RESPONSABLE DEL HOMICIDIO DE DULCE YARELY\u00a0"},"content":{"rendered":"\n<p>\ud83d\udd3a Tras 72 horas de reportada su desaparici\u00f3n, la Fiscal\u00eda General del Estado encontr\u00f3 su cuerpo en la comunidad de Calderitas y logr\u00f3 la detenci\u00f3n de Edwin Jes\u00fas \u201cN\u201d, quien es la \u00faltima persona que la vio con vida.<\/p>\n\n\n\n<p>La Fiscal\u00eda General del Estado informa sobre la detenci\u00f3n de una persona del sexo masculino, presuntamente relacionada con el feminicidio de la joven Dulce Yarely, ocurrido en este municipio.<\/p>\n\n\n\n<p>El detenido es identificado como Edwin Jes\u00fas \u201cN\u201d, quien es la \u00faltima persona con la que se vio a la v\u00edctima el d\u00eda de su desaparici\u00f3n, el 29 de agosto del a\u00f1o en curso; sus familiares la reportaron como no localizada el 30 agosto, por lo que esta Representaci\u00f3n Social emiti\u00f3 una ficha de b\u00fasqueda del Protocolo Alba.<\/p>\n\n\n\n<p>Tras un operativo de b\u00fasqueda, en el que participaron corporaciones de los tres \u00f3rdenes de gobierno, el cuerpo de la v\u00edctima fue encontrado este lunes cerca de la comunidad de Calderitas.<\/p>\n\n\n\n<p>Luego de su detenci\u00f3n, Edwin Jes\u00fas \u201cN\u201d fue puesto a disposici\u00f3n de la autoridad ministerial, quien en el t\u00e9rmino constitucional previsto definir\u00e1 su situaci\u00f3n jur\u00eddica.<\/p>\n","protected":false},"excerpt":{"rendered":"<p>\ud83d\udd3a Tras 72 horas de reportada su desaparici\u00f3n, la Fiscal\u00eda General del Estado encontr\u00f3 su cuerpo en la comunidad de Calderitas y logr\u00f3 la detenci\u00f3n de Edwin Jes\u00fas \u201cN\u201d, quien es la \u00faltima persona que la vio con vida. La Fiscal\u00eda General del Estado informa sobre la detenci\u00f3n de una persona del sexo masculino, presuntamente [&hellip;]<\/p>\n","protected":false},"author":3,"featured_media":73228,"comment_status":"closed","ping_status":"closed","sticky":false,"template":"","format":"standard","meta":{"footnotes":"","_wpscppro_dont_share_socialmedia":false,"_wpscppro_custom_social_share_image":0,"_facebook_share_type":"default","_twitter_share_type":"default","_linkedin_share_type":"default","_pinterest_share_type":"default","_linkedin_share_type_page":"default","_instagram_share_type":"default","_medium_share_type":"","_threads_share_type":"","_google_business_share_type":"","_selected_social_profile":[{"id":753595702106742800,"platform":"twitter","platformKey":0,"name":"InspectorNocturnoOficial","thumbnail_url":"http:\/\/pbs.twimg.com\/profile_images\/869067525337862144\/lyGXp0kf_normal.jpg","share_type":"default"}],"_wpsp_enable_custom_social_template":false,"_wpsp_social_scheduling":{"enabled":false,"datetime":null,"platforms":[],"status":"template_only","dateOption":"today","timeOption":"now","customDays":"","customHours":"","customDate":"","customTime":"","schedulingType":"absolute"},"_wpsp_active_default_template":true},"categories":[56,3],"tags":[],"class_list":["post-73227","post","type-post","status-publish","format-standard","has-post-thumbnail","hentry","category-chetumal","category-quintana-roo"],"yoast_head":"<!-- This site is optimized with the Yoast SEO plugin v27.4 - https:\/\/yoast.com\/product\/yoast-seo-wordpress\/ -->\n<title>DETIENEN A PRESUNTO RESPONSABLE DEL HOMICIDIO DE DULCE YARELY\u00a0 - Inspector Nocturno<\/title>\n<meta name=\"robots\" content=\"index, follow, max-snippet:-1, max-image-preview:large, max-video-preview:-1\" \/>\n<link rel=\"canonical\" href=\"https:\/\/inspectornocturno.com.mx\/?p=73227\" \/>\n<meta property=\"og:locale\" content=\"es_ES\" \/>\n<meta property=\"og:type\" content=\"article\" \/>\n<meta property=\"og:title\" content=\"DETIENEN A PRESUNTO RESPONSABLE DEL HOMICIDIO DE DULCE YARELY\u00a0 - Inspector Nocturno\" \/>\n<meta property=\"og:description\" content=\"\ud83d\udd3a Tras 72 horas de reportada su desaparici\u00f3n, la Fiscal\u00eda General del Estado encontr\u00f3 su cuerpo en la comunidad de Calderitas y logr\u00f3 la detenci\u00f3n de Edwin Jes\u00fas \u201cN\u201d, quien es la \u00faltima persona que la vio con vida. La Fiscal\u00eda General del Estado informa sobre la detenci\u00f3n de una persona del sexo masculino, presuntamente [&hellip;]\" \/>\n<meta property=\"og:url\" content=\"https:\/\/inspectornocturno.com.mx\/?p=73227\" \/>\n<meta property=\"og:site_name\" content=\"Inspector Nocturno\" \/>\n<meta property=\"article:published_time\" content=\"2024-09-02T20:37:46+00:00\" \/>\n<meta property=\"article:modified_time\" content=\"2024-09-02T20:37:47+00:00\" \/>\n<meta property=\"og:image\" content=\"https:\/\/inspectornocturno.com.mx\/wp-content\/uploads\/2024\/09\/IMG-20240902-WA0043-scaled.jpg\" \/>\n\t<meta property=\"og:image:width\" content=\"695\" \/>\n\t<meta property=\"og:image:height\" content=\"900\" \/>\n\t<meta property=\"og:image:type\" content=\"image\/jpeg\" \/>\n<meta name=\"author\" content=\"Inspector Nocturno\" \/>\n<meta name=\"twitter:card\" content=\"summary_large_image\" \/>\n<meta name=\"twitter:image\" content=\"https:\/\/inspectornocturno.com.mx\/wp-content\/uploads\/2024\/09\/IMG-20240902-WA0043-scaled.jpg\" \/>\n<script type=\"application\/ld+json\" class=\"yoast-schema-graph\">{\"@context\":\"https:\\\/\\\/schema.org\",\"@graph\":[{\"@type\":\"Article\",\"@id\":\"https:\\\/\\\/inspectornocturno.com.mx\\\/?p=73227#article\",\"isPartOf\":{\"@id\":\"https:\\\/\\\/inspectornocturno.com.mx\\\/?p=73227\"},\"author\":{\"name\":\"Inspector Nocturno\",\"@id\":\"https:\\\/\\\/inspectornocturno.com.mx\\\/#\\\/schema\\\/person\\\/2f4c4173b1712fd9cf4f4b9365ce65db\"},\"headline\":\"DETIENEN A PRESUNTO RESPONSABLE DEL HOMICIDIO DE DULCE YARELY\u00a0\",\"datePublished\":\"2024-09-02T20:37:46+00:00\",\"dateModified\":\"2024-09-02T20:37:47+00:00\",\"mainEntityOfPage\":{\"@id\":\"https:\\\/\\\/inspectornocturno.com.mx\\\/?p=73227\"},\"wordCount\":208,\"publisher\":{\"@id\":\"https:\\\/\\\/inspectornocturno.com.mx\\\/#\\\/schema\\\/person\\\/63eb343fea17271215b1dd2793b27897\"},\"image\":{\"@id\":\"https:\\\/\\\/inspectornocturno.com.mx\\\/?p=73227#primaryimage\"},\"thumbnailUrl\":\"https:\\\/\\\/inspectornocturno.com.mx\\\/wp-content\\\/uploads\\\/2024\\\/09\\\/IMG-20240902-WA0043-scaled.jpg\",\"articleSection\":[\"Chetumal\",\"Quintana Roo\"],\"inLanguage\":\"es\"},{\"@type\":\"WebPage\",\"@id\":\"https:\\\/\\\/inspectornocturno.com.mx\\\/?p=73227\",\"url\":\"https:\\\/\\\/inspectornocturno.com.mx\\\/?p=73227\",\"name\":\"DETIENEN A PRESUNTO RESPONSABLE DEL HOMICIDIO DE DULCE YARELY\u00a0 - Inspector Nocturno\",\"isPartOf\":{\"@id\":\"https:\\\/\\\/inspectornocturno.com.mx\\\/#website\"},\"primaryImageOfPage\":{\"@id\":\"https:\\\/\\\/inspectornocturno.com.mx\\\/?p=73227#primaryimage\"},\"image\":{\"@id\":\"https:\\\/\\\/inspectornocturno.com.mx\\\/?p=73227#primaryimage\"},\"thumbnailUrl\":\"https:\\\/\\\/inspectornocturno.com.mx\\\/wp-content\\\/uploads\\\/2024\\\/09\\\/IMG-20240902-WA0043-scaled.jpg\",\"datePublished\":\"2024-09-02T20:37:46+00:00\",\"dateModified\":\"2024-09-02T20:37:47+00:00\",\"breadcrumb\":{\"@id\":\"https:\\\/\\\/inspectornocturno.com.mx\\\/?p=73227#breadcrumb\"},\"inLanguage\":\"es\",\"potentialAction\":[{\"@type\":\"ReadAction\",\"target\":[\"https:\\\/\\\/inspectornocturno.com.mx\\\/?p=73227\"]}]},{\"@type\":\"ImageObject\",\"inLanguage\":\"es\",\"@id\":\"https:\\\/\\\/inspectornocturno.com.mx\\\/?p=73227#primaryimage\",\"url\":\"https:\\\/\\\/inspectornocturno.com.mx\\\/wp-content\\\/uploads\\\/2024\\\/09\\\/IMG-20240902-WA0043-scaled.jpg\",\"contentUrl\":\"https:\\\/\\\/inspectornocturno.com.mx\\\/wp-content\\\/uploads\\\/2024\\\/09\\\/IMG-20240902-WA0043-scaled.jpg\",\"width\":695,\"height\":900},{\"@type\":\"BreadcrumbList\",\"@id\":\"https:\\\/\\\/inspectornocturno.com.mx\\\/?p=73227#breadcrumb\",\"itemListElement\":[{\"@type\":\"ListItem\",\"position\":1,\"name\":\"Portada\",\"item\":\"https:\\\/\\\/inspectornocturno.com.mx\\\/\"},{\"@type\":\"ListItem\",\"position\":2,\"name\":\"DETIENEN A PRESUNTO RESPONSABLE DEL HOMICIDIO DE DULCE YARELY\u00a0\"}]},{\"@type\":\"WebSite\",\"@id\":\"https:\\\/\\\/inspectornocturno.com.mx\\\/#website\",\"url\":\"https:\\\/\\\/inspectornocturno.com.mx\\\/\",\"name\":\"Inspector Nocturno\",\"description\":\"Canc\u00fan, noticias al minuto del inspector nocturno\",\"publisher\":{\"@id\":\"https:\\\/\\\/inspectornocturno.com.mx\\\/#\\\/schema\\\/person\\\/63eb343fea17271215b1dd2793b27897\"},\"alternateName\":\"Noticias de impacto al momento de los hechos\",\"potentialAction\":[{\"@type\":\"SearchAction\",\"target\":{\"@type\":\"EntryPoint\",\"urlTemplate\":\"https:\\\/\\\/inspectornocturno.com.mx\\\/?s={search_term_string}\"},\"query-input\":{\"@type\":\"PropertyValueSpecification\",\"valueRequired\":true,\"valueName\":\"search_term_string\"}}],\"inLanguage\":\"es\"},{\"@type\":[\"Person\",\"Organization\"],\"@id\":\"https:\\\/\\\/inspectornocturno.com.mx\\\/#\\\/schema\\\/person\\\/63eb343fea17271215b1dd2793b27897\",\"name\":\"Inspector Nocturno\",\"image\":{\"@type\":\"ImageObject\",\"inLanguage\":\"es\",\"@id\":\"https:\\\/\\\/inspectornocturno.com.mx\\\/wp-content\\\/uploads\\\/2021\\\/10\\\/logo-transparente.png\",\"url\":\"https:\\\/\\\/inspectornocturno.com.mx\\\/wp-content\\\/uploads\\\/2021\\\/10\\\/logo-transparente.png\",\"contentUrl\":\"https:\\\/\\\/inspectornocturno.com.mx\\\/wp-content\\\/uploads\\\/2021\\\/10\\\/logo-transparente.png\",\"width\":561,\"height\":668,\"caption\":\"Inspector Nocturno\"},\"logo\":{\"@id\":\"https:\\\/\\\/inspectornocturno.com.mx\\\/wp-content\\\/uploads\\\/2021\\\/10\\\/logo-transparente.png\"},\"sameAs\":[\"http:\\\/\\\/inspectornocturno.com.mx\"]},{\"@type\":\"Person\",\"@id\":\"https:\\\/\\\/inspectornocturno.com.mx\\\/#\\\/schema\\\/person\\\/2f4c4173b1712fd9cf4f4b9365ce65db\",\"name\":\"Inspector Nocturno\",\"sameAs\":[\"http:\\\/\\\/inspectornocturno.com.mx\"]}]}<\/script>\n<!-- \/ Yoast SEO plugin. -->","yoast_head_json":{"title":"DETIENEN A PRESUNTO RESPONSABLE DEL HOMICIDIO DE DULCE YARELY\u00a0 - Inspector Nocturno","robots":{"index":"index","follow":"follow","max-snippet":"max-snippet:-1","max-image-preview":"max-image-preview:large","max-video-preview":"max-video-preview:-1"},"canonical":"https:\/\/inspectornocturno.com.mx\/?p=73227","og_locale":"es_ES","og_type":"article","og_title":"DETIENEN A PRESUNTO RESPONSABLE DEL HOMICIDIO DE DULCE YARELY\u00a0 - Inspector Nocturno","og_description":"\ud83d\udd3a Tras 72 horas de reportada su desaparici\u00f3n, la Fiscal\u00eda General del Estado encontr\u00f3 su cuerpo en la comunidad de Calderitas y logr\u00f3 la detenci\u00f3n de Edwin Jes\u00fas \u201cN\u201d, quien es la \u00faltima persona que la vio con vida. La Fiscal\u00eda General del Estado informa sobre la detenci\u00f3n de una persona del sexo masculino, presuntamente [&hellip;]","og_url":"https:\/\/inspectornocturno.com.mx\/?p=73227","og_site_name":"Inspector Nocturno","article_published_time":"2024-09-02T20:37:46+00:00","article_modified_time":"2024-09-02T20:37:47+00:00","og_image":[{"width":695,"height":900,"url":"https:\/\/inspectornocturno.com.mx\/wp-content\/uploads\/2024\/09\/IMG-20240902-WA0043-scaled.jpg","type":"image\/jpeg"}],"author":"Inspector Nocturno","twitter_card":"summary_large_image","twitter_image":"https:\/\/inspectornocturno.com.mx\/wp-content\/uploads\/2024\/09\/IMG-20240902-WA0043-scaled.jpg","schema":{"@context":"https:\/\/schema.org","@graph":[{"@type":"Article","@id":"https:\/\/inspectornocturno.com.mx\/?p=73227#article","isPartOf":{"@id":"https:\/\/inspectornocturno.com.mx\/?p=73227"},"author":{"name":"Inspector Nocturno","@id":"https:\/\/inspectornocturno.com.mx\/#\/schema\/person\/2f4c4173b1712fd9cf4f4b9365ce65db"},"headline":"DETIENEN A PRESUNTO RESPONSABLE DEL HOMICIDIO DE DULCE YARELY\u00a0","datePublished":"2024-09-02T20:37:46+00:00","dateModified":"2024-09-02T20:37:47+00:00","mainEntityOfPage":{"@id":"https:\/\/inspectornocturno.com.mx\/?p=73227"},"wordCount":208,"publisher":{"@id":"https:\/\/inspectornocturno.com.mx\/#\/schema\/person\/63eb343fea17271215b1dd2793b27897"},"image":{"@id":"https:\/\/inspectornocturno.com.mx\/?p=73227#primaryimage"},"thumbnailUrl":"https:\/\/inspectornocturno.com.mx\/wp-content\/uploads\/2024\/09\/IMG-20240902-WA0043-scaled.jpg","articleSection":["Chetumal","Quintana Roo"],"inLanguage":"es"},{"@type":"WebPage","@id":"https:\/\/inspectornocturno.com.mx\/?p=73227","url":"https:\/\/inspectornocturno.com.mx\/?p=73227","name":"DETIENEN A PRESUNTO RESPONSABLE DEL HOMICIDIO DE DULCE YARELY\u00a0 - Inspector Nocturno","isPartOf":{"@id":"https:\/\/inspectornocturno.com.mx\/#website"},"primaryImageOfPage":{"@id":"https:\/\/inspectornocturno.com.mx\/?p=73227#primaryimage"},"image":{"@id":"https:\/\/inspectornocturno.com.mx\/?p=73227#primaryimage"},"thumbnailUrl":"https:\/\/inspectornocturno.com.mx\/wp-content\/uploads\/2024\/09\/IMG-20240902-WA0043-scaled.jpg","datePublished":"2024-09-02T20:37:46+00:00","dateModified":"2024-09-02T20:37:47+00:00","breadcrumb":{"@id":"https:\/\/inspectornocturno.com.mx\/?p=73227#breadcrumb"},"inLanguage":"es","potentialAction":[{"@type":"ReadAction","target":["https:\/\/inspectornocturno.com.mx\/?p=73227"]}]},{"@type":"ImageObject","inLanguage":"es","@id":"https:\/\/inspectornocturno.com.mx\/?p=73227#primaryimage","url":"https:\/\/inspectornocturno.com.mx\/wp-content\/uploads\/2024\/09\/IMG-20240902-WA0043-scaled.jpg","contentUrl":"https:\/\/inspectornocturno.com.mx\/wp-content\/uploads\/2024\/09\/IMG-20240902-WA0043-scaled.jpg","width":695,"height":900},{"@type":"BreadcrumbList","@id":"https:\/\/inspectornocturno.com.mx\/?p=73227#breadcrumb","itemListElement":[{"@type":"ListItem","position":1,"name":"Portada","item":"https:\/\/inspectornocturno.com.mx\/"},{"@type":"ListItem","position":2,"name":"DETIENEN A PRESUNTO RESPONSABLE DEL HOMICIDIO DE DULCE YARELY\u00a0"}]},{"@type":"WebSite","@id":"https:\/\/inspectornocturno.com.mx\/#website","url":"https:\/\/inspectornocturno.com.mx\/","name":"Inspector Nocturno","description":"Canc\u00fan, noticias al minuto del inspector nocturno","publisher":{"@id":"https:\/\/inspectornocturno.com.mx\/#\/schema\/person\/63eb343fea17271215b1dd2793b27897"},"alternateName":"Noticias de impacto al momento de los hechos","potentialAction":[{"@type":"SearchAction","target":{"@type":"EntryPoint","urlTemplate":"https:\/\/inspectornocturno.com.mx\/?s={search_term_string}"},"query-input":{"@type":"PropertyValueSpecification","valueRequired":true,"valueName":"search_term_string"}}],"inLanguage":"es"},{"@type":["Person","Organization"],"@id":"https:\/\/inspectornocturno.com.mx\/#\/schema\/person\/63eb343fea17271215b1dd2793b27897","name":"Inspector Nocturno","image":{"@type":"ImageObject","inLanguage":"es","@id":"https:\/\/inspectornocturno.com.mx\/wp-content\/uploads\/2021\/10\/logo-transparente.png","url":"https:\/\/inspectornocturno.com.mx\/wp-content\/uploads\/2021\/10\/logo-transparente.png","contentUrl":"https:\/\/inspectornocturno.com.mx\/wp-content\/uploads\/2021\/10\/logo-transparente.png","width":561,"height":668,"caption":"Inspector Nocturno"},"logo":{"@id":"https:\/\/inspectornocturno.com.mx\/wp-content\/uploads\/2021\/10\/logo-transparente.png"},"sameAs":["http:\/\/inspectornocturno.com.mx"]},{"@type":"Person","@id":"https:\/\/inspectornocturno.com.mx\/#\/schema\/person\/2f4c4173b1712fd9cf4f4b9365ce65db","name":"Inspector Nocturno","sameAs":["http:\/\/inspectornocturno.com.mx"]}]}},"views":560,"_links":{"self":[{"href":"https:\/\/inspectornocturno.com.mx\/index.php?rest_route=\/wp\/v2\/posts\/73227","targetHints":{"allow":["GET"]}}],"collection":[{"href":"https:\/\/inspectornocturno.com.mx\/index.php?rest_route=\/wp\/v2\/posts"}],"about":[{"href":"https:\/\/inspectornocturno.com.mx\/index.php?rest_route=\/wp\/v2\/types\/post"}],"author":[{"embeddable":true,"href":"https:\/\/inspectornocturno.com.mx\/index.php?rest_route=\/wp\/v2\/users\/3"}],"replies":[{"embeddable":true,"href":"https:\/\/inspectornocturno.com.mx\/index.php?rest_route=%2Fwp%2Fv2%2Fcomments&post=73227"}],"version-history":[{"count":2,"href":"https:\/\/inspectornocturno.com.mx\/index.php?rest_route=\/wp\/v2\/posts\/73227\/revisions"}],"predecessor-version":[{"id":73230,"href":"https:\/\/inspectornocturno.com.mx\/index.php?rest_route=\/wp\/v2\/posts\/73227\/revisions\/73230"}],"wp:featuredmedia":[{"embeddable":true,"href":"https:\/\/inspectornocturno.com.mx\/index.php?rest_route=\/wp\/v2\/media\/73228"}],"wp:attachment":[{"href":"https:\/\/inspectornocturno.com.mx\/index.php?rest_route=%2Fwp%2Fv2%2Fmedia&parent=73227"}],"wp:term":[{"taxonomy":"category","embeddable":true,"href":"https:\/\/inspectornocturno.com.mx\/index.php?rest_route=%2Fwp%2Fv2%2Fcategories&post=73227"},{"taxonomy":"post_tag","embeddable":true,"href":"https:\/\/inspectornocturno.com.mx\/index.php?rest_route=%2Fwp%2Fv2%2Ftags&post=73227"}],"curies":[{"name":"wp","href":"https:\/\/api.w.org\/{rel}","templated":true}]}}