{"id":72348,"date":"2024-08-18T12:24:55","date_gmt":"2024-08-18T17:24:55","guid":{"rendered":"https:\/\/inspectornocturno.com.mx\/?p=72348"},"modified":"2024-08-18T12:24:56","modified_gmt":"2024-08-18T17:24:56","slug":"bacalar-celebra-el-dia-del-caracol-chivita-con-acciones-de-concientizacion-ecologica","status":"publish","type":"post","link":"https:\/\/inspectornocturno.com.mx\/?p=72348","title":{"rendered":"BACALAR CELEBRA EL D\u00cdA DEL CARACOL CHIVITA CON ACCIONES DE CONCIENTIZACI\u00d3N ECOL\u00d3GICA"},"content":{"rendered":"\n<p>\ud83d\udd3a Grupos ciudadanos colocan letreros en el parque ecol\u00f3gico para sensibilizar a la comunidad sobre la importancia de proteger la especie, la cual es crucial para la salud de la Laguna de Bacalar.<\/p>\n\n\n\n<p>En el marco del D\u00eda Municipal del Caracol Chivita, Bacalar fue escenario de una importante iniciativa de concientizaci\u00f3n ambiental. Diversos grupos ciudadanos, entre ellos los Guardianes Comunitarios de Bacalar, unieron fuerzas para colocar letreros informativos en el parque ecol\u00f3gico de la ciudad, con el fin de sensibilizar a la poblaci\u00f3n local y a los turistas sobre la necesidad de proteger esta especie dulceacu\u00edcola.<\/p>\n\n\n\n<p>El Caracol Chivita, cuyo nombre cient\u00edfico es Pomacea flagellata, es un molusco que juega un papel vital en el equilibrio ecol\u00f3gico de la Laguna de Bacalar. Sus conchas, compuestas de material biol\u00f3gico calc\u00e1reo, contribuyen al ciclo del carbonato de calcio de la laguna, mientras que su dieta herb\u00edvora y detrit\u00edvora lo convierte en un agente natural de limpieza y control biol\u00f3gico.<\/p>\n\n\n\n<p>Sin embargo, recientes estudios han revelado que esta especie ha sido impactada por los escurrimientos provocados por la tormenta Crist\u00f3bal, lo que ha generado preocupaci\u00f3n entre investigadores y ecologistas. Ante esta situaci\u00f3n, los esfuerzos de concientizaci\u00f3n se han intensificado para proteger al Caracol Chivita y preservar la salud ecol\u00f3gica de la Laguna de Bacalar.<\/p>\n\n\n\n<p>La iniciativa no solo busca informar, sino tambi\u00e9n inspirar a la comunidad a tomar medidas activas para proteger a esta especie y su entorno natural. Con la colocaci\u00f3n de los letreros en el parque ecol\u00f3gico, se espera que tanto residentes como visitantes comprendan la importancia de mantener el equilibrio ecol\u00f3gico de este ic\u00f3nico cuerpo de agua.<\/p>\n","protected":false},"excerpt":{"rendered":"<p>\ud83d\udd3a Grupos ciudadanos colocan letreros en el parque ecol\u00f3gico para sensibilizar a la comunidad sobre la importancia de proteger la especie, la cual es crucial para la salud de la Laguna de Bacalar. En el marco del D\u00eda Municipal del Caracol Chivita, Bacalar fue escenario de una importante iniciativa de concientizaci\u00f3n ambiental. Diversos grupos ciudadanos, [&hellip;]<\/p>\n","protected":false},"author":9,"featured_media":72349,"comment_status":"closed","ping_status":"closed","sticky":false,"template":"","format":"standard","meta":{"footnotes":"","_wpscppro_dont_share_socialmedia":false,"_wpscppro_custom_social_share_image":0,"_facebook_share_type":"","_twitter_share_type":"","_linkedin_share_type":"","_pinterest_share_type":"","_linkedin_share_type_page":"","_instagram_share_type":"","_medium_share_type":"","_threads_share_type":"","_google_business_share_type":"","_selected_social_profile":[],"_wpsp_enable_custom_social_template":false,"_wpsp_social_scheduling":{"enabled":false,"datetime":null,"platforms":[],"status":"template_only","dateOption":"today","timeOption":"now","customDays":"","customHours":"","customDate":"","customTime":"","schedulingType":"absolute"},"_wpsp_active_default_template":true},"categories":[58,3],"tags":[],"class_list":["post-72348","post","type-post","status-publish","format-standard","has-post-thumbnail","hentry","category-bacalar","category-quintana-roo"],"yoast_head":"<!-- This site is optimized with the Yoast SEO plugin v27.4 - https:\/\/yoast.com\/product\/yoast-seo-wordpress\/ -->\n<title>BACALAR CELEBRA EL D\u00cdA DEL CARACOL CHIVITA CON ACCIONES DE CONCIENTIZACI\u00d3N ECOL\u00d3GICA - Inspector Nocturno<\/title>\n<meta name=\"robots\" content=\"index, follow, max-snippet:-1, max-image-preview:large, max-video-preview:-1\" \/>\n<link rel=\"canonical\" href=\"https:\/\/inspectornocturno.com.mx\/?p=72348\" \/>\n<meta property=\"og:locale\" content=\"es_ES\" \/>\n<meta property=\"og:type\" content=\"article\" \/>\n<meta property=\"og:title\" content=\"BACALAR CELEBRA EL D\u00cdA DEL CARACOL CHIVITA CON ACCIONES DE CONCIENTIZACI\u00d3N ECOL\u00d3GICA - Inspector Nocturno\" \/>\n<meta property=\"og:description\" content=\"\ud83d\udd3a Grupos ciudadanos colocan letreros en el parque ecol\u00f3gico para sensibilizar a la comunidad sobre la importancia de proteger la especie, la cual es crucial para la salud de la Laguna de Bacalar. En el marco del D\u00eda Municipal del Caracol Chivita, Bacalar fue escenario de una importante iniciativa de concientizaci\u00f3n ambiental. Diversos grupos ciudadanos, [&hellip;]\" \/>\n<meta property=\"og:url\" content=\"https:\/\/inspectornocturno.com.mx\/?p=72348\" \/>\n<meta property=\"og:site_name\" content=\"Inspector Nocturno\" \/>\n<meta property=\"article:published_time\" content=\"2024-08-18T17:24:55+00:00\" \/>\n<meta property=\"article:modified_time\" content=\"2024-08-18T17:24:56+00:00\" \/>\n<meta property=\"og:image\" content=\"https:\/\/inspectornocturno.com.mx\/wp-content\/uploads\/2024\/08\/WhatsApp-Image-2024-08-18-at-09.45.22-scaled.jpeg\" \/>\n\t<meta property=\"og:image:width\" content=\"900\" \/>\n\t<meta property=\"og:image:height\" content=\"466\" \/>\n\t<meta property=\"og:image:type\" content=\"image\/jpeg\" \/>\n<meta name=\"author\" content=\"Inspector Nocturno\" \/>\n<meta name=\"twitter:card\" content=\"summary_large_image\" \/>\n<script type=\"application\/ld+json\" class=\"yoast-schema-graph\">{\"@context\":\"https:\\\/\\\/schema.org\",\"@graph\":[{\"@type\":\"Article\",\"@id\":\"https:\\\/\\\/inspectornocturno.com.mx\\\/?p=72348#article\",\"isPartOf\":{\"@id\":\"https:\\\/\\\/inspectornocturno.com.mx\\\/?p=72348\"},\"author\":{\"name\":\"Inspector Nocturno\",\"@id\":\"https:\\\/\\\/inspectornocturno.com.mx\\\/#\\\/schema\\\/person\\\/e9418c22a987eae8f9a24e3f6f11b64a\"},\"headline\":\"BACALAR CELEBRA EL D\u00cdA DEL CARACOL CHIVITA CON ACCIONES DE CONCIENTIZACI\u00d3N ECOL\u00d3GICA\",\"datePublished\":\"2024-08-18T17:24:55+00:00\",\"dateModified\":\"2024-08-18T17:24:56+00:00\",\"mainEntityOfPage\":{\"@id\":\"https:\\\/\\\/inspectornocturno.com.mx\\\/?p=72348\"},\"wordCount\":304,\"publisher\":{\"@id\":\"https:\\\/\\\/inspectornocturno.com.mx\\\/#\\\/schema\\\/person\\\/63eb343fea17271215b1dd2793b27897\"},\"image\":{\"@id\":\"https:\\\/\\\/inspectornocturno.com.mx\\\/?p=72348#primaryimage\"},\"thumbnailUrl\":\"https:\\\/\\\/inspectornocturno.com.mx\\\/wp-content\\\/uploads\\\/2024\\\/08\\\/WhatsApp-Image-2024-08-18-at-09.45.22-scaled.jpeg\",\"articleSection\":[\"Bacalar\",\"Quintana Roo\"],\"inLanguage\":\"es\"},{\"@type\":\"WebPage\",\"@id\":\"https:\\\/\\\/inspectornocturno.com.mx\\\/?p=72348\",\"url\":\"https:\\\/\\\/inspectornocturno.com.mx\\\/?p=72348\",\"name\":\"BACALAR CELEBRA EL D\u00cdA DEL CARACOL CHIVITA CON ACCIONES DE CONCIENTIZACI\u00d3N ECOL\u00d3GICA - Inspector Nocturno\",\"isPartOf\":{\"@id\":\"https:\\\/\\\/inspectornocturno.com.mx\\\/#website\"},\"primaryImageOfPage\":{\"@id\":\"https:\\\/\\\/inspectornocturno.com.mx\\\/?p=72348#primaryimage\"},\"image\":{\"@id\":\"https:\\\/\\\/inspectornocturno.com.mx\\\/?p=72348#primaryimage\"},\"thumbnailUrl\":\"https:\\\/\\\/inspectornocturno.com.mx\\\/wp-content\\\/uploads\\\/2024\\\/08\\\/WhatsApp-Image-2024-08-18-at-09.45.22-scaled.jpeg\",\"datePublished\":\"2024-08-18T17:24:55+00:00\",\"dateModified\":\"2024-08-18T17:24:56+00:00\",\"breadcrumb\":{\"@id\":\"https:\\\/\\\/inspectornocturno.com.mx\\\/?p=72348#breadcrumb\"},\"inLanguage\":\"es\",\"potentialAction\":[{\"@type\":\"ReadAction\",\"target\":[\"https:\\\/\\\/inspectornocturno.com.mx\\\/?p=72348\"]}]},{\"@type\":\"ImageObject\",\"inLanguage\":\"es\",\"@id\":\"https:\\\/\\\/inspectornocturno.com.mx\\\/?p=72348#primaryimage\",\"url\":\"https:\\\/\\\/inspectornocturno.com.mx\\\/wp-content\\\/uploads\\\/2024\\\/08\\\/WhatsApp-Image-2024-08-18-at-09.45.22-scaled.jpeg\",\"contentUrl\":\"https:\\\/\\\/inspectornocturno.com.mx\\\/wp-content\\\/uploads\\\/2024\\\/08\\\/WhatsApp-Image-2024-08-18-at-09.45.22-scaled.jpeg\",\"width\":900,\"height\":466},{\"@type\":\"BreadcrumbList\",\"@id\":\"https:\\\/\\\/inspectornocturno.com.mx\\\/?p=72348#breadcrumb\",\"itemListElement\":[{\"@type\":\"ListItem\",\"position\":1,\"name\":\"Portada\",\"item\":\"https:\\\/\\\/inspectornocturno.com.mx\\\/\"},{\"@type\":\"ListItem\",\"position\":2,\"name\":\"BACALAR CELEBRA EL D\u00cdA DEL CARACOL CHIVITA CON ACCIONES DE CONCIENTIZACI\u00d3N ECOL\u00d3GICA\"}]},{\"@type\":\"WebSite\",\"@id\":\"https:\\\/\\\/inspectornocturno.com.mx\\\/#website\",\"url\":\"https:\\\/\\\/inspectornocturno.com.mx\\\/\",\"name\":\"Inspector Nocturno\",\"description\":\"Canc\u00fan, noticias al minuto del inspector nocturno\",\"publisher\":{\"@id\":\"https:\\\/\\\/inspectornocturno.com.mx\\\/#\\\/schema\\\/person\\\/63eb343fea17271215b1dd2793b27897\"},\"alternateName\":\"Noticias de impacto al momento de los hechos\",\"potentialAction\":[{\"@type\":\"SearchAction\",\"target\":{\"@type\":\"EntryPoint\",\"urlTemplate\":\"https:\\\/\\\/inspectornocturno.com.mx\\\/?s={search_term_string}\"},\"query-input\":{\"@type\":\"PropertyValueSpecification\",\"valueRequired\":true,\"valueName\":\"search_term_string\"}}],\"inLanguage\":\"es\"},{\"@type\":[\"Person\",\"Organization\"],\"@id\":\"https:\\\/\\\/inspectornocturno.com.mx\\\/#\\\/schema\\\/person\\\/63eb343fea17271215b1dd2793b27897\",\"name\":\"Inspector Nocturno\",\"image\":{\"@type\":\"ImageObject\",\"inLanguage\":\"es\",\"@id\":\"https:\\\/\\\/inspectornocturno.com.mx\\\/wp-content\\\/uploads\\\/2021\\\/10\\\/logo-transparente.png\",\"url\":\"https:\\\/\\\/inspectornocturno.com.mx\\\/wp-content\\\/uploads\\\/2021\\\/10\\\/logo-transparente.png\",\"contentUrl\":\"https:\\\/\\\/inspectornocturno.com.mx\\\/wp-content\\\/uploads\\\/2021\\\/10\\\/logo-transparente.png\",\"width\":561,\"height\":668,\"caption\":\"Inspector Nocturno\"},\"logo\":{\"@id\":\"https:\\\/\\\/inspectornocturno.com.mx\\\/wp-content\\\/uploads\\\/2021\\\/10\\\/logo-transparente.png\"},\"sameAs\":[\"http:\\\/\\\/inspectornocturno.com.mx\"]},{\"@type\":\"Person\",\"@id\":\"https:\\\/\\\/inspectornocturno.com.mx\\\/#\\\/schema\\\/person\\\/e9418c22a987eae8f9a24e3f6f11b64a\",\"name\":\"Inspector Nocturno\"}]}<\/script>\n<!-- \/ Yoast SEO plugin. -->","yoast_head_json":{"title":"BACALAR CELEBRA EL D\u00cdA DEL CARACOL CHIVITA CON ACCIONES DE CONCIENTIZACI\u00d3N ECOL\u00d3GICA - Inspector Nocturno","robots":{"index":"index","follow":"follow","max-snippet":"max-snippet:-1","max-image-preview":"max-image-preview:large","max-video-preview":"max-video-preview:-1"},"canonical":"https:\/\/inspectornocturno.com.mx\/?p=72348","og_locale":"es_ES","og_type":"article","og_title":"BACALAR CELEBRA EL D\u00cdA DEL CARACOL CHIVITA CON ACCIONES DE CONCIENTIZACI\u00d3N ECOL\u00d3GICA - Inspector Nocturno","og_description":"\ud83d\udd3a Grupos ciudadanos colocan letreros en el parque ecol\u00f3gico para sensibilizar a la comunidad sobre la importancia de proteger la especie, la cual es crucial para la salud de la Laguna de Bacalar. En el marco del D\u00eda Municipal del Caracol Chivita, Bacalar fue escenario de una importante iniciativa de concientizaci\u00f3n ambiental. Diversos grupos ciudadanos, [&hellip;]","og_url":"https:\/\/inspectornocturno.com.mx\/?p=72348","og_site_name":"Inspector Nocturno","article_published_time":"2024-08-18T17:24:55+00:00","article_modified_time":"2024-08-18T17:24:56+00:00","og_image":[{"width":900,"height":466,"url":"https:\/\/inspectornocturno.com.mx\/wp-content\/uploads\/2024\/08\/WhatsApp-Image-2024-08-18-at-09.45.22-scaled.jpeg","type":"image\/jpeg"}],"author":"Inspector Nocturno","twitter_card":"summary_large_image","schema":{"@context":"https:\/\/schema.org","@graph":[{"@type":"Article","@id":"https:\/\/inspectornocturno.com.mx\/?p=72348#article","isPartOf":{"@id":"https:\/\/inspectornocturno.com.mx\/?p=72348"},"author":{"name":"Inspector Nocturno","@id":"https:\/\/inspectornocturno.com.mx\/#\/schema\/person\/e9418c22a987eae8f9a24e3f6f11b64a"},"headline":"BACALAR CELEBRA EL D\u00cdA DEL CARACOL CHIVITA CON ACCIONES DE CONCIENTIZACI\u00d3N ECOL\u00d3GICA","datePublished":"2024-08-18T17:24:55+00:00","dateModified":"2024-08-18T17:24:56+00:00","mainEntityOfPage":{"@id":"https:\/\/inspectornocturno.com.mx\/?p=72348"},"wordCount":304,"publisher":{"@id":"https:\/\/inspectornocturno.com.mx\/#\/schema\/person\/63eb343fea17271215b1dd2793b27897"},"image":{"@id":"https:\/\/inspectornocturno.com.mx\/?p=72348#primaryimage"},"thumbnailUrl":"https:\/\/inspectornocturno.com.mx\/wp-content\/uploads\/2024\/08\/WhatsApp-Image-2024-08-18-at-09.45.22-scaled.jpeg","articleSection":["Bacalar","Quintana Roo"],"inLanguage":"es"},{"@type":"WebPage","@id":"https:\/\/inspectornocturno.com.mx\/?p=72348","url":"https:\/\/inspectornocturno.com.mx\/?p=72348","name":"BACALAR CELEBRA EL D\u00cdA DEL CARACOL CHIVITA CON ACCIONES DE CONCIENTIZACI\u00d3N ECOL\u00d3GICA - Inspector Nocturno","isPartOf":{"@id":"https:\/\/inspectornocturno.com.mx\/#website"},"primaryImageOfPage":{"@id":"https:\/\/inspectornocturno.com.mx\/?p=72348#primaryimage"},"image":{"@id":"https:\/\/inspectornocturno.com.mx\/?p=72348#primaryimage"},"thumbnailUrl":"https:\/\/inspectornocturno.com.mx\/wp-content\/uploads\/2024\/08\/WhatsApp-Image-2024-08-18-at-09.45.22-scaled.jpeg","datePublished":"2024-08-18T17:24:55+00:00","dateModified":"2024-08-18T17:24:56+00:00","breadcrumb":{"@id":"https:\/\/inspectornocturno.com.mx\/?p=72348#breadcrumb"},"inLanguage":"es","potentialAction":[{"@type":"ReadAction","target":["https:\/\/inspectornocturno.com.mx\/?p=72348"]}]},{"@type":"ImageObject","inLanguage":"es","@id":"https:\/\/inspectornocturno.com.mx\/?p=72348#primaryimage","url":"https:\/\/inspectornocturno.com.mx\/wp-content\/uploads\/2024\/08\/WhatsApp-Image-2024-08-18-at-09.45.22-scaled.jpeg","contentUrl":"https:\/\/inspectornocturno.com.mx\/wp-content\/uploads\/2024\/08\/WhatsApp-Image-2024-08-18-at-09.45.22-scaled.jpeg","width":900,"height":466},{"@type":"BreadcrumbList","@id":"https:\/\/inspectornocturno.com.mx\/?p=72348#breadcrumb","itemListElement":[{"@type":"ListItem","position":1,"name":"Portada","item":"https:\/\/inspectornocturno.com.mx\/"},{"@type":"ListItem","position":2,"name":"BACALAR CELEBRA EL D\u00cdA DEL CARACOL CHIVITA CON ACCIONES DE CONCIENTIZACI\u00d3N ECOL\u00d3GICA"}]},{"@type":"WebSite","@id":"https:\/\/inspectornocturno.com.mx\/#website","url":"https:\/\/inspectornocturno.com.mx\/","name":"Inspector Nocturno","description":"Canc\u00fan, noticias al minuto del inspector nocturno","publisher":{"@id":"https:\/\/inspectornocturno.com.mx\/#\/schema\/person\/63eb343fea17271215b1dd2793b27897"},"alternateName":"Noticias de impacto al momento de los hechos","potentialAction":[{"@type":"SearchAction","target":{"@type":"EntryPoint","urlTemplate":"https:\/\/inspectornocturno.com.mx\/?s={search_term_string}"},"query-input":{"@type":"PropertyValueSpecification","valueRequired":true,"valueName":"search_term_string"}}],"inLanguage":"es"},{"@type":["Person","Organization"],"@id":"https:\/\/inspectornocturno.com.mx\/#\/schema\/person\/63eb343fea17271215b1dd2793b27897","name":"Inspector Nocturno","image":{"@type":"ImageObject","inLanguage":"es","@id":"https:\/\/inspectornocturno.com.mx\/wp-content\/uploads\/2021\/10\/logo-transparente.png","url":"https:\/\/inspectornocturno.com.mx\/wp-content\/uploads\/2021\/10\/logo-transparente.png","contentUrl":"https:\/\/inspectornocturno.com.mx\/wp-content\/uploads\/2021\/10\/logo-transparente.png","width":561,"height":668,"caption":"Inspector Nocturno"},"logo":{"@id":"https:\/\/inspectornocturno.com.mx\/wp-content\/uploads\/2021\/10\/logo-transparente.png"},"sameAs":["http:\/\/inspectornocturno.com.mx"]},{"@type":"Person","@id":"https:\/\/inspectornocturno.com.mx\/#\/schema\/person\/e9418c22a987eae8f9a24e3f6f11b64a","name":"Inspector Nocturno"}]}},"views":316,"_links":{"self":[{"href":"https:\/\/inspectornocturno.com.mx\/index.php?rest_route=\/wp\/v2\/posts\/72348","targetHints":{"allow":["GET"]}}],"collection":[{"href":"https:\/\/inspectornocturno.com.mx\/index.php?rest_route=\/wp\/v2\/posts"}],"about":[{"href":"https:\/\/inspectornocturno.com.mx\/index.php?rest_route=\/wp\/v2\/types\/post"}],"author":[{"embeddable":true,"href":"https:\/\/inspectornocturno.com.mx\/index.php?rest_route=\/wp\/v2\/users\/9"}],"replies":[{"embeddable":true,"href":"https:\/\/inspectornocturno.com.mx\/index.php?rest_route=%2Fwp%2Fv2%2Fcomments&post=72348"}],"version-history":[{"count":1,"href":"https:\/\/inspectornocturno.com.mx\/index.php?rest_route=\/wp\/v2\/posts\/72348\/revisions"}],"predecessor-version":[{"id":72350,"href":"https:\/\/inspectornocturno.com.mx\/index.php?rest_route=\/wp\/v2\/posts\/72348\/revisions\/72350"}],"wp:featuredmedia":[{"embeddable":true,"href":"https:\/\/inspectornocturno.com.mx\/index.php?rest_route=\/wp\/v2\/media\/72349"}],"wp:attachment":[{"href":"https:\/\/inspectornocturno.com.mx\/index.php?rest_route=%2Fwp%2Fv2%2Fmedia&parent=72348"}],"wp:term":[{"taxonomy":"category","embeddable":true,"href":"https:\/\/inspectornocturno.com.mx\/index.php?rest_route=%2Fwp%2Fv2%2Fcategories&post=72348"},{"taxonomy":"post_tag","embeddable":true,"href":"https:\/\/inspectornocturno.com.mx\/index.php?rest_route=%2Fwp%2Fv2%2Ftags&post=72348"}],"curies":[{"name":"wp","href":"https:\/\/api.w.org\/{rel}","templated":true}]}}