{"id":7083,"date":"2021-12-01T19:21:35","date_gmt":"2021-12-02T00:21:35","guid":{"rendered":"https:\/\/inspectornocturno.com.mx\/?p=7083"},"modified":"2021-12-01T19:56:13","modified_gmt":"2021-12-02T00:56:13","slug":"de-sinaloa-el-piloto-de-narcoavion-quemado-en-belice","status":"publish","type":"post","link":"https:\/\/inspectornocturno.com.mx\/?p=7083","title":{"rendered":"DE SINALOA, EL PILOTO DE NARCOAVI\u00d3N QUEMADO EN BELICE"},"content":{"rendered":"\n<p>\ud83d\udd3aLa aeronave, que fue encontrada al sur del vecino pa\u00eds, llevaba media tonelada de coca\u00edna que ya fue decomisada; el piloto est\u00e1 detenido.<\/p>\n\n\n\n<p>Belice.- El Departamento de Polic\u00eda de este pa\u00eds inform\u00f3 que encontr\u00f3 el cargamento de coca\u00edna que fue tra\u00eddo en el avi\u00f3n encontrado quemado el pasado domingo en el sur del pa\u00eds y tambi\u00e9n que ubic\u00f3 y detuvo a uno de los pilotos, quien se encuentra hospitalizado con graves heridas.<\/p>\n\n\n\n<figure class=\"wp-block-image size-full\"><img decoding=\"async\" width=\"640\" height=\"960\" data-src=\"https:\/\/inspectornocturno.com.mx\/wp-content\/uploads\/2021\/12\/IMG-20211201-WA0223.jpg\" alt=\"\" class=\"wp-image-7085 lazyload\" data-srcset=\"https:\/\/inspectornocturno.com.mx\/wp-content\/uploads\/2021\/12\/IMG-20211201-WA0223.jpg 640w, https:\/\/inspectornocturno.com.mx\/wp-content\/uploads\/2021\/12\/IMG-20211201-WA0223-200x300.jpg 200w\" data-sizes=\"(max-width: 640px) 100vw, 640px\" src=\"data:image\/svg+xml;base64,PHN2ZyB3aWR0aD0iMSIgaGVpZ2h0PSIxIiB4bWxucz0iaHR0cDovL3d3dy53My5vcmcvMjAwMC9zdmciPjwvc3ZnPg==\" style=\"--smush-placeholder-width: 640px; --smush-placeholder-aspect-ratio: 640\/960;\" \/><\/figure>\n\n\n\n<p>El piloto fue identificado como Jes\u00fas Alberto M. Q., de 27 a\u00f1os de edad, de origen mexicano, del estado de Sinaloa, mientras que la droga encontrada estaba distribuida en paquetes y pesa aproximadamente 500 kilos.<\/p>\n\n\n\n<p>El sujeto fue arrestado ayer en la ma\u00f1ana cerca de la zona donde los polic\u00edas encontraron el avi\u00f3n, en el \u00e1rea conocida como Mountain Pine Ridge, distrito de Cayo, y m\u00e1s tarde encontraron el cargamento de coca\u00edna.<\/p>\n\n\n\n<figure class=\"wp-block-image size-full\"><img decoding=\"async\" width=\"643\" height=\"683\" data-src=\"https:\/\/inspectornocturno.com.mx\/wp-content\/uploads\/2021\/12\/IMG-20211201-WA0225.jpg\" alt=\"\" class=\"wp-image-7087 lazyload\" data-srcset=\"https:\/\/inspectornocturno.com.mx\/wp-content\/uploads\/2021\/12\/IMG-20211201-WA0225.jpg 643w, https:\/\/inspectornocturno.com.mx\/wp-content\/uploads\/2021\/12\/IMG-20211201-WA0225-282x300.jpg 282w\" data-sizes=\"(max-width: 643px) 100vw, 643px\" src=\"data:image\/svg+xml;base64,PHN2ZyB3aWR0aD0iMSIgaGVpZ2h0PSIxIiB4bWxucz0iaHR0cDovL3d3dy53My5vcmcvMjAwMC9zdmciPjwvc3ZnPg==\" style=\"--smush-placeholder-width: 643px; --smush-placeholder-aspect-ratio: 643\/683;\" \/><\/figure>\n\n\n\n<p>Tras su detenci\u00f3n, el piloto fue hospitalizado en la ciudad de Belice, porque presentaba heridas graves, que hacen suponer que el aterrizaje fall\u00f3 y el avi\u00f3n termin\u00f3 accidentado.<\/p>\n\n\n\n<p>Por otra parte, los otros seis detenidos en relaci\u00f3n con este narcoavi\u00f3n, fueron presentados ante la corte, acusados de facilitar la operaci\u00f3n de aterrizaje.<\/p>\n\n\n\n<figure class=\"wp-block-image size-large\"><img decoding=\"async\" width=\"1024\" height=\"768\" data-src=\"https:\/\/inspectornocturno.com.mx\/wp-content\/uploads\/2021\/12\/IMG-20211201-WA0224-1024x768.jpg\" alt=\"\" class=\"wp-image-7086 lazyload\" data-srcset=\"https:\/\/inspectornocturno.com.mx\/wp-content\/uploads\/2021\/12\/IMG-20211201-WA0224-1024x768.jpg 1024w, https:\/\/inspectornocturno.com.mx\/wp-content\/uploads\/2021\/12\/IMG-20211201-WA0224-300x225.jpg 300w, https:\/\/inspectornocturno.com.mx\/wp-content\/uploads\/2021\/12\/IMG-20211201-WA0224-768x576.jpg 768w, https:\/\/inspectornocturno.com.mx\/wp-content\/uploads\/2021\/12\/IMG-20211201-WA0224-74x55.jpg 74w, https:\/\/inspectornocturno.com.mx\/wp-content\/uploads\/2021\/12\/IMG-20211201-WA0224-111x83.jpg 111w, https:\/\/inspectornocturno.com.mx\/wp-content\/uploads\/2021\/12\/IMG-20211201-WA0224-215x161.jpg 215w, https:\/\/inspectornocturno.com.mx\/wp-content\/uploads\/2021\/12\/IMG-20211201-WA0224-990x743.jpg 990w, https:\/\/inspectornocturno.com.mx\/wp-content\/uploads\/2021\/12\/IMG-20211201-WA0224.jpg 1080w\" data-sizes=\"(max-width: 1024px) 100vw, 1024px\" src=\"data:image\/svg+xml;base64,PHN2ZyB3aWR0aD0iMSIgaGVpZ2h0PSIxIiB4bWxucz0iaHR0cDovL3d3dy53My5vcmcvMjAwMC9zdmciPjwvc3ZnPg==\" style=\"--smush-placeholder-width: 1024px; --smush-placeholder-aspect-ratio: 1024\/768;\" \/><\/figure>\n\n\n\n<p>Los hombres son el menonita Saulus Penner, el cabo de polic\u00eda Eric Young; Miguel Zetina, Edwin Gonz\u00e1lez, Jaime Maas y Edilberto Medrano, quienes comparecieron en el Juzgado de Magistrados de San Ignacio, donde se les neg\u00f3 la fianza.<\/p>\n\n\n\n<p>Como se recordar\u00e1, el fin de semana se inform\u00f3 que las fuerzas de seguridad de Belice encontraron en la madrugada del domingo un narcoavi\u00f3n que aterriz\u00f3 en un camino del \u00e1rea de Hidden Valley de la Reserva Forestal Mountain Pine Ridge, en el distrito de Cayo, al sur de Belice.<\/p>\n\n\n\n<p>El avi\u00f3n fue encontrado quemado, sin la carga de droga, pero en el operativo la polic\u00eda pudo detener a cinco hombres con escopetas, una pistola y un fusil de asalto AR-15 con una mira l\u00e1ser en una camioneta pick-up.<\/p>\n\n\n\n<p>Los detenidos ten\u00edan equipo de acampar y afirmaban que estaban cazando, pero la polic\u00eda detuvo a los hombres para ponerlos a disposici\u00f3n de un tribunal y en espera de cargos como parte de una investigaci\u00f3n en curso.<\/p>\n\n\n\n<p>Destaca que entre ellos se encuentra un cabo de polic\u00eda que est\u00e1 asignado a la oficina de la Direcci\u00f3n de la Fiscal\u00eda de Belice y que antes form\u00f3 parte del Equipo de Operaciones Especiales.<\/p>\n","protected":false},"excerpt":{"rendered":"<p>\ud83d\udd3aLa aeronave, que fue encontrada al sur del vecino pa\u00eds, llevaba media tonelada de coca\u00edna que ya fue decomisada; el piloto est\u00e1 detenido. Belice.- El Departamento de Polic\u00eda de este pa\u00eds inform\u00f3 que encontr\u00f3 el cargamento de coca\u00edna que fue tra\u00eddo en el avi\u00f3n encontrado quemado el pasado domingo en el sur del pa\u00eds y [&hellip;]<\/p>\n","protected":false},"author":3,"featured_media":7092,"comment_status":"closed","ping_status":"closed","sticky":false,"template":"","format":"standard","meta":{"footnotes":"","_wpscppro_dont_share_socialmedia":false,"_wpscppro_custom_social_share_image":0,"_facebook_share_type":"","_twitter_share_type":"","_linkedin_share_type":"","_pinterest_share_type":"","_linkedin_share_type_page":"","_instagram_share_type":"","_medium_share_type":"","_threads_share_type":"","_google_business_share_type":"","_selected_social_profile":[],"_wpsp_enable_custom_social_template":false,"_wpsp_social_scheduling":{"enabled":false,"datetime":null,"platforms":[],"status":"template_only","dateOption":"today","timeOption":"now","customDays":"","customHours":"","customDate":"","customTime":"","schedulingType":"absolute"},"_wpsp_active_default_template":true},"categories":[77,75],"tags":[],"class_list":["post-7083","post","type-post","status-publish","format-standard","has-post-thumbnail","hentry","category-internacional","category-policia"],"yoast_head":"<!-- This site is optimized with the Yoast SEO plugin v27.4 - https:\/\/yoast.com\/product\/yoast-seo-wordpress\/ -->\n<title>DE SINALOA, EL PILOTO DE NARCOAVI\u00d3N QUEMADO EN BELICE - Inspector Nocturno<\/title>\n<meta name=\"robots\" content=\"index, follow, max-snippet:-1, max-image-preview:large, max-video-preview:-1\" \/>\n<link rel=\"canonical\" href=\"https:\/\/inspectornocturno.com.mx\/?p=7083\" \/>\n<meta property=\"og:locale\" content=\"es_ES\" \/>\n<meta property=\"og:type\" content=\"article\" \/>\n<meta property=\"og:title\" content=\"DE SINALOA, EL PILOTO DE NARCOAVI\u00d3N QUEMADO EN BELICE - Inspector Nocturno\" \/>\n<meta property=\"og:description\" content=\"\ud83d\udd3aLa aeronave, que fue encontrada al sur del vecino pa\u00eds, llevaba media tonelada de coca\u00edna que ya fue decomisada; el piloto est\u00e1 detenido. Belice.- El Departamento de Polic\u00eda de este pa\u00eds inform\u00f3 que encontr\u00f3 el cargamento de coca\u00edna que fue tra\u00eddo en el avi\u00f3n encontrado quemado el pasado domingo en el sur del pa\u00eds y [&hellip;]\" \/>\n<meta property=\"og:url\" content=\"https:\/\/inspectornocturno.com.mx\/?p=7083\" \/>\n<meta property=\"og:site_name\" content=\"Inspector Nocturno\" \/>\n<meta property=\"article:published_time\" content=\"2021-12-02T00:21:35+00:00\" \/>\n<meta property=\"article:modified_time\" content=\"2021-12-02T00:56:13+00:00\" \/>\n<meta property=\"og:image\" content=\"https:\/\/inspectornocturno.com.mx\/wp-content\/uploads\/2021\/12\/IMG_20211201_195344.jpg\" \/>\n\t<meta property=\"og:image:width\" content=\"643\" \/>\n\t<meta property=\"og:image:height\" content=\"344\" \/>\n\t<meta property=\"og:image:type\" content=\"image\/jpeg\" \/>\n<meta name=\"author\" content=\"Inspector Nocturno\" \/>\n<meta name=\"twitter:card\" content=\"summary_large_image\" \/>\n<meta name=\"twitter:image\" content=\"https:\/\/inspectornocturno.com.mx\/wp-content\/uploads\/2021\/12\/IMG_20211201_195344.jpg\" \/>\n<script type=\"application\/ld+json\" class=\"yoast-schema-graph\">{\"@context\":\"https:\\\/\\\/schema.org\",\"@graph\":[{\"@type\":\"Article\",\"@id\":\"https:\\\/\\\/inspectornocturno.com.mx\\\/?p=7083#article\",\"isPartOf\":{\"@id\":\"https:\\\/\\\/inspectornocturno.com.mx\\\/?p=7083\"},\"author\":{\"name\":\"Inspector Nocturno\",\"@id\":\"https:\\\/\\\/inspectornocturno.com.mx\\\/#\\\/schema\\\/person\\\/2f4c4173b1712fd9cf4f4b9365ce65db\"},\"headline\":\"DE SINALOA, EL PILOTO DE NARCOAVI\u00d3N QUEMADO EN BELICE\",\"datePublished\":\"2021-12-02T00:21:35+00:00\",\"dateModified\":\"2021-12-02T00:56:13+00:00\",\"mainEntityOfPage\":{\"@id\":\"https:\\\/\\\/inspectornocturno.com.mx\\\/?p=7083\"},\"wordCount\":437,\"publisher\":{\"@id\":\"https:\\\/\\\/inspectornocturno.com.mx\\\/#\\\/schema\\\/person\\\/63eb343fea17271215b1dd2793b27897\"},\"image\":{\"@id\":\"https:\\\/\\\/inspectornocturno.com.mx\\\/?p=7083#primaryimage\"},\"thumbnailUrl\":\"https:\\\/\\\/inspectornocturno.com.mx\\\/wp-content\\\/uploads\\\/2021\\\/12\\\/IMG_20211201_195344.jpg\",\"articleSection\":[\"Internacional\",\"Polic\u00eda\"],\"inLanguage\":\"es\"},{\"@type\":\"WebPage\",\"@id\":\"https:\\\/\\\/inspectornocturno.com.mx\\\/?p=7083\",\"url\":\"https:\\\/\\\/inspectornocturno.com.mx\\\/?p=7083\",\"name\":\"DE SINALOA, EL PILOTO DE NARCOAVI\u00d3N QUEMADO EN BELICE - Inspector Nocturno\",\"isPartOf\":{\"@id\":\"https:\\\/\\\/inspectornocturno.com.mx\\\/#website\"},\"primaryImageOfPage\":{\"@id\":\"https:\\\/\\\/inspectornocturno.com.mx\\\/?p=7083#primaryimage\"},\"image\":{\"@id\":\"https:\\\/\\\/inspectornocturno.com.mx\\\/?p=7083#primaryimage\"},\"thumbnailUrl\":\"https:\\\/\\\/inspectornocturno.com.mx\\\/wp-content\\\/uploads\\\/2021\\\/12\\\/IMG_20211201_195344.jpg\",\"datePublished\":\"2021-12-02T00:21:35+00:00\",\"dateModified\":\"2021-12-02T00:56:13+00:00\",\"breadcrumb\":{\"@id\":\"https:\\\/\\\/inspectornocturno.com.mx\\\/?p=7083#breadcrumb\"},\"inLanguage\":\"es\",\"potentialAction\":[{\"@type\":\"ReadAction\",\"target\":[\"https:\\\/\\\/inspectornocturno.com.mx\\\/?p=7083\"]}]},{\"@type\":\"ImageObject\",\"inLanguage\":\"es\",\"@id\":\"https:\\\/\\\/inspectornocturno.com.mx\\\/?p=7083#primaryimage\",\"url\":\"https:\\\/\\\/inspectornocturno.com.mx\\\/wp-content\\\/uploads\\\/2021\\\/12\\\/IMG_20211201_195344.jpg\",\"contentUrl\":\"https:\\\/\\\/inspectornocturno.com.mx\\\/wp-content\\\/uploads\\\/2021\\\/12\\\/IMG_20211201_195344.jpg\",\"width\":643,\"height\":344},{\"@type\":\"BreadcrumbList\",\"@id\":\"https:\\\/\\\/inspectornocturno.com.mx\\\/?p=7083#breadcrumb\",\"itemListElement\":[{\"@type\":\"ListItem\",\"position\":1,\"name\":\"Portada\",\"item\":\"https:\\\/\\\/inspectornocturno.com.mx\\\/\"},{\"@type\":\"ListItem\",\"position\":2,\"name\":\"DE SINALOA, EL PILOTO DE NARCOAVI\u00d3N QUEMADO EN BELICE\"}]},{\"@type\":\"WebSite\",\"@id\":\"https:\\\/\\\/inspectornocturno.com.mx\\\/#website\",\"url\":\"https:\\\/\\\/inspectornocturno.com.mx\\\/\",\"name\":\"Inspector Nocturno\",\"description\":\"Canc\u00fan, noticias al minuto del inspector nocturno\",\"publisher\":{\"@id\":\"https:\\\/\\\/inspectornocturno.com.mx\\\/#\\\/schema\\\/person\\\/63eb343fea17271215b1dd2793b27897\"},\"alternateName\":\"Noticias de impacto al momento de los hechos\",\"potentialAction\":[{\"@type\":\"SearchAction\",\"target\":{\"@type\":\"EntryPoint\",\"urlTemplate\":\"https:\\\/\\\/inspectornocturno.com.mx\\\/?s={search_term_string}\"},\"query-input\":{\"@type\":\"PropertyValueSpecification\",\"valueRequired\":true,\"valueName\":\"search_term_string\"}}],\"inLanguage\":\"es\"},{\"@type\":[\"Person\",\"Organization\"],\"@id\":\"https:\\\/\\\/inspectornocturno.com.mx\\\/#\\\/schema\\\/person\\\/63eb343fea17271215b1dd2793b27897\",\"name\":\"Inspector Nocturno\",\"image\":{\"@type\":\"ImageObject\",\"inLanguage\":\"es\",\"@id\":\"https:\\\/\\\/inspectornocturno.com.mx\\\/wp-content\\\/uploads\\\/2021\\\/10\\\/logo-transparente.png\",\"url\":\"https:\\\/\\\/inspectornocturno.com.mx\\\/wp-content\\\/uploads\\\/2021\\\/10\\\/logo-transparente.png\",\"contentUrl\":\"https:\\\/\\\/inspectornocturno.com.mx\\\/wp-content\\\/uploads\\\/2021\\\/10\\\/logo-transparente.png\",\"width\":561,\"height\":668,\"caption\":\"Inspector Nocturno\"},\"logo\":{\"@id\":\"https:\\\/\\\/inspectornocturno.com.mx\\\/wp-content\\\/uploads\\\/2021\\\/10\\\/logo-transparente.png\"},\"sameAs\":[\"http:\\\/\\\/inspectornocturno.com.mx\"]},{\"@type\":\"Person\",\"@id\":\"https:\\\/\\\/inspectornocturno.com.mx\\\/#\\\/schema\\\/person\\\/2f4c4173b1712fd9cf4f4b9365ce65db\",\"name\":\"Inspector Nocturno\",\"sameAs\":[\"http:\\\/\\\/inspectornocturno.com.mx\"]}]}<\/script>\n<!-- \/ Yoast SEO plugin. -->","yoast_head_json":{"title":"DE SINALOA, EL PILOTO DE NARCOAVI\u00d3N QUEMADO EN BELICE - Inspector Nocturno","robots":{"index":"index","follow":"follow","max-snippet":"max-snippet:-1","max-image-preview":"max-image-preview:large","max-video-preview":"max-video-preview:-1"},"canonical":"https:\/\/inspectornocturno.com.mx\/?p=7083","og_locale":"es_ES","og_type":"article","og_title":"DE SINALOA, EL PILOTO DE NARCOAVI\u00d3N QUEMADO EN BELICE - Inspector Nocturno","og_description":"\ud83d\udd3aLa aeronave, que fue encontrada al sur del vecino pa\u00eds, llevaba media tonelada de coca\u00edna que ya fue decomisada; el piloto est\u00e1 detenido. Belice.- El Departamento de Polic\u00eda de este pa\u00eds inform\u00f3 que encontr\u00f3 el cargamento de coca\u00edna que fue tra\u00eddo en el avi\u00f3n encontrado quemado el pasado domingo en el sur del pa\u00eds y [&hellip;]","og_url":"https:\/\/inspectornocturno.com.mx\/?p=7083","og_site_name":"Inspector Nocturno","article_published_time":"2021-12-02T00:21:35+00:00","article_modified_time":"2021-12-02T00:56:13+00:00","og_image":[{"width":643,"height":344,"url":"https:\/\/inspectornocturno.com.mx\/wp-content\/uploads\/2021\/12\/IMG_20211201_195344.jpg","type":"image\/jpeg"}],"author":"Inspector Nocturno","twitter_card":"summary_large_image","twitter_image":"https:\/\/inspectornocturno.com.mx\/wp-content\/uploads\/2021\/12\/IMG_20211201_195344.jpg","schema":{"@context":"https:\/\/schema.org","@graph":[{"@type":"Article","@id":"https:\/\/inspectornocturno.com.mx\/?p=7083#article","isPartOf":{"@id":"https:\/\/inspectornocturno.com.mx\/?p=7083"},"author":{"name":"Inspector Nocturno","@id":"https:\/\/inspectornocturno.com.mx\/#\/schema\/person\/2f4c4173b1712fd9cf4f4b9365ce65db"},"headline":"DE SINALOA, EL PILOTO DE NARCOAVI\u00d3N QUEMADO EN BELICE","datePublished":"2021-12-02T00:21:35+00:00","dateModified":"2021-12-02T00:56:13+00:00","mainEntityOfPage":{"@id":"https:\/\/inspectornocturno.com.mx\/?p=7083"},"wordCount":437,"publisher":{"@id":"https:\/\/inspectornocturno.com.mx\/#\/schema\/person\/63eb343fea17271215b1dd2793b27897"},"image":{"@id":"https:\/\/inspectornocturno.com.mx\/?p=7083#primaryimage"},"thumbnailUrl":"https:\/\/inspectornocturno.com.mx\/wp-content\/uploads\/2021\/12\/IMG_20211201_195344.jpg","articleSection":["Internacional","Polic\u00eda"],"inLanguage":"es"},{"@type":"WebPage","@id":"https:\/\/inspectornocturno.com.mx\/?p=7083","url":"https:\/\/inspectornocturno.com.mx\/?p=7083","name":"DE SINALOA, EL PILOTO DE NARCOAVI\u00d3N QUEMADO EN BELICE - Inspector Nocturno","isPartOf":{"@id":"https:\/\/inspectornocturno.com.mx\/#website"},"primaryImageOfPage":{"@id":"https:\/\/inspectornocturno.com.mx\/?p=7083#primaryimage"},"image":{"@id":"https:\/\/inspectornocturno.com.mx\/?p=7083#primaryimage"},"thumbnailUrl":"https:\/\/inspectornocturno.com.mx\/wp-content\/uploads\/2021\/12\/IMG_20211201_195344.jpg","datePublished":"2021-12-02T00:21:35+00:00","dateModified":"2021-12-02T00:56:13+00:00","breadcrumb":{"@id":"https:\/\/inspectornocturno.com.mx\/?p=7083#breadcrumb"},"inLanguage":"es","potentialAction":[{"@type":"ReadAction","target":["https:\/\/inspectornocturno.com.mx\/?p=7083"]}]},{"@type":"ImageObject","inLanguage":"es","@id":"https:\/\/inspectornocturno.com.mx\/?p=7083#primaryimage","url":"https:\/\/inspectornocturno.com.mx\/wp-content\/uploads\/2021\/12\/IMG_20211201_195344.jpg","contentUrl":"https:\/\/inspectornocturno.com.mx\/wp-content\/uploads\/2021\/12\/IMG_20211201_195344.jpg","width":643,"height":344},{"@type":"BreadcrumbList","@id":"https:\/\/inspectornocturno.com.mx\/?p=7083#breadcrumb","itemListElement":[{"@type":"ListItem","position":1,"name":"Portada","item":"https:\/\/inspectornocturno.com.mx\/"},{"@type":"ListItem","position":2,"name":"DE SINALOA, EL PILOTO DE NARCOAVI\u00d3N QUEMADO EN BELICE"}]},{"@type":"WebSite","@id":"https:\/\/inspectornocturno.com.mx\/#website","url":"https:\/\/inspectornocturno.com.mx\/","name":"Inspector Nocturno","description":"Canc\u00fan, noticias al minuto del inspector nocturno","publisher":{"@id":"https:\/\/inspectornocturno.com.mx\/#\/schema\/person\/63eb343fea17271215b1dd2793b27897"},"alternateName":"Noticias de impacto al momento de los hechos","potentialAction":[{"@type":"SearchAction","target":{"@type":"EntryPoint","urlTemplate":"https:\/\/inspectornocturno.com.mx\/?s={search_term_string}"},"query-input":{"@type":"PropertyValueSpecification","valueRequired":true,"valueName":"search_term_string"}}],"inLanguage":"es"},{"@type":["Person","Organization"],"@id":"https:\/\/inspectornocturno.com.mx\/#\/schema\/person\/63eb343fea17271215b1dd2793b27897","name":"Inspector Nocturno","image":{"@type":"ImageObject","inLanguage":"es","@id":"https:\/\/inspectornocturno.com.mx\/wp-content\/uploads\/2021\/10\/logo-transparente.png","url":"https:\/\/inspectornocturno.com.mx\/wp-content\/uploads\/2021\/10\/logo-transparente.png","contentUrl":"https:\/\/inspectornocturno.com.mx\/wp-content\/uploads\/2021\/10\/logo-transparente.png","width":561,"height":668,"caption":"Inspector Nocturno"},"logo":{"@id":"https:\/\/inspectornocturno.com.mx\/wp-content\/uploads\/2021\/10\/logo-transparente.png"},"sameAs":["http:\/\/inspectornocturno.com.mx"]},{"@type":"Person","@id":"https:\/\/inspectornocturno.com.mx\/#\/schema\/person\/2f4c4173b1712fd9cf4f4b9365ce65db","name":"Inspector Nocturno","sameAs":["http:\/\/inspectornocturno.com.mx"]}]}},"views":2310,"_links":{"self":[{"href":"https:\/\/inspectornocturno.com.mx\/index.php?rest_route=\/wp\/v2\/posts\/7083","targetHints":{"allow":["GET"]}}],"collection":[{"href":"https:\/\/inspectornocturno.com.mx\/index.php?rest_route=\/wp\/v2\/posts"}],"about":[{"href":"https:\/\/inspectornocturno.com.mx\/index.php?rest_route=\/wp\/v2\/types\/post"}],"author":[{"embeddable":true,"href":"https:\/\/inspectornocturno.com.mx\/index.php?rest_route=\/wp\/v2\/users\/3"}],"replies":[{"embeddable":true,"href":"https:\/\/inspectornocturno.com.mx\/index.php?rest_route=%2Fwp%2Fv2%2Fcomments&post=7083"}],"version-history":[{"count":2,"href":"https:\/\/inspectornocturno.com.mx\/index.php?rest_route=\/wp\/v2\/posts\/7083\/revisions"}],"predecessor-version":[{"id":7093,"href":"https:\/\/inspectornocturno.com.mx\/index.php?rest_route=\/wp\/v2\/posts\/7083\/revisions\/7093"}],"wp:featuredmedia":[{"embeddable":true,"href":"https:\/\/inspectornocturno.com.mx\/index.php?rest_route=\/wp\/v2\/media\/7092"}],"wp:attachment":[{"href":"https:\/\/inspectornocturno.com.mx\/index.php?rest_route=%2Fwp%2Fv2%2Fmedia&parent=7083"}],"wp:term":[{"taxonomy":"category","embeddable":true,"href":"https:\/\/inspectornocturno.com.mx\/index.php?rest_route=%2Fwp%2Fv2%2Fcategories&post=7083"},{"taxonomy":"post_tag","embeddable":true,"href":"https:\/\/inspectornocturno.com.mx\/index.php?rest_route=%2Fwp%2Fv2%2Ftags&post=7083"}],"curies":[{"name":"wp","href":"https:\/\/api.w.org\/{rel}","templated":true}]}}