{"id":7069,"date":"2021-12-01T17:14:57","date_gmt":"2021-12-01T22:14:57","guid":{"rendered":"https:\/\/inspectornocturno.com.mx\/?p=7069"},"modified":"2021-12-01T17:14:58","modified_gmt":"2021-12-01T22:14:58","slug":"blindan-zona-turistica-con-la-guardia-nacional","status":"publish","type":"post","link":"https:\/\/inspectornocturno.com.mx\/?p=7069","title":{"rendered":"BLINDAN ZONA TUR\u00cdSTICA CON LA GUARDIA NACIONAL"},"content":{"rendered":"\n<p>\ud83d\udd3a Ante la presencia de cientos de elementos de la GN en calles del municipio, la ciudadan\u00eda los mir\u00f3 at\u00f3nitos y con la esperanza de que las fuerzas federales logren restaurar la paz en Canc\u00fan.<\/p>\n\n\n\n<p>Canc\u00fan.- Como se dio a conocer hace unas semanas, durante la m\u00e1s reciente visita del presidente Andr\u00e9s Manuel L\u00f3pez Obrador, este primero de diciembre llegaron 800 elementos de la Guardia Nacional que se suman a los 120 y 200 que hab\u00edan llegado hace unos d\u00edas a esta ciudad.<\/p>\n\n\n\n<figure class=\"wp-block-image size-large\"><img decoding=\"async\" width=\"1024\" height=\"577\" data-src=\"https:\/\/inspectornocturno.com.mx\/wp-content\/uploads\/2021\/12\/Photo_1638394612232-1024x577.jpg\" alt=\"\" class=\"wp-image-7072 lazyload\" data-srcset=\"https:\/\/inspectornocturno.com.mx\/wp-content\/uploads\/2021\/12\/Photo_1638394612232-1024x577.jpg 1024w, https:\/\/inspectornocturno.com.mx\/wp-content\/uploads\/2021\/12\/Photo_1638394612232-300x168.jpg 300w, https:\/\/inspectornocturno.com.mx\/wp-content\/uploads\/2021\/12\/Photo_1638394612232-768x432.jpg 768w, https:\/\/inspectornocturno.com.mx\/wp-content\/uploads\/2021\/12\/Photo_1638394612232-1536x865.jpg 1536w, https:\/\/inspectornocturno.com.mx\/wp-content\/uploads\/2021\/12\/Photo_1638394612232-1320x743.jpg 1320w, https:\/\/inspectornocturno.com.mx\/wp-content\/uploads\/2021\/12\/Photo_1638394612232-470x264.jpg 470w, https:\/\/inspectornocturno.com.mx\/wp-content\/uploads\/2021\/12\/Photo_1638394612232-640x360.jpg 640w, https:\/\/inspectornocturno.com.mx\/wp-content\/uploads\/2021\/12\/Photo_1638394612232-215x120.jpg 215w, https:\/\/inspectornocturno.com.mx\/wp-content\/uploads\/2021\/12\/Photo_1638394612232-414x232.jpg 414w, https:\/\/inspectornocturno.com.mx\/wp-content\/uploads\/2021\/12\/Photo_1638394612232-990x557.jpg 990w, https:\/\/inspectornocturno.com.mx\/wp-content\/uploads\/2021\/12\/Photo_1638394612232.jpg 1600w\" data-sizes=\"(max-width: 1024px) 100vw, 1024px\" src=\"data:image\/svg+xml;base64,PHN2ZyB3aWR0aD0iMSIgaGVpZ2h0PSIxIiB4bWxucz0iaHR0cDovL3d3dy53My5vcmcvMjAwMC9zdmciPjwvc3ZnPg==\" style=\"--smush-placeholder-width: 1024px; --smush-placeholder-aspect-ratio: 1024\/577;\" \/><\/figure>\n\n\n\n<p>La ma\u00f1ana de hoy, la presidente municipal Mara Lazama, y autoridades militares dieron el banderazo de inicio de la operaci\u00f3n a manos de la Guardia Nacional, mencionando que 750 ser\u00e1n para Canc\u00fan y 665 para Playa del Carmen.<\/p>\n\n\n\n<p>Tras el acto de protocolo con el pase de revista de las autoridades, en un convoy m\u00e1s de mil elementos de esta corporaci\u00f3n salieron de la ciudad militar D\u00e9cima Brigada, para avanzar sobre Ramal Norte hasta Arco Vial.<\/p>\n\n\n\n<p>En el recorrido de reconocimiento, se avanz\u00f3 sobre Arco Vial hasta Kabah, luego bajaron por 20 de Noviembre hasta Bonampak, el convoy integrado por camionetas pickup y camiones, desfil\u00f3 por la zona del Crucero, avenida Tulum con Uxmal y entraron a Puerto Canc\u00fan.<\/p>\n\n\n\n<figure class=\"wp-block-image size-large\"><img decoding=\"async\" width=\"1024\" height=\"577\" data-src=\"https:\/\/inspectornocturno.com.mx\/wp-content\/uploads\/2021\/12\/Photo_1638394611999-1024x577.jpg\" alt=\"\" class=\"wp-image-7071 lazyload\" data-srcset=\"https:\/\/inspectornocturno.com.mx\/wp-content\/uploads\/2021\/12\/Photo_1638394611999-1024x577.jpg 1024w, https:\/\/inspectornocturno.com.mx\/wp-content\/uploads\/2021\/12\/Photo_1638394611999-300x168.jpg 300w, https:\/\/inspectornocturno.com.mx\/wp-content\/uploads\/2021\/12\/Photo_1638394611999-768x432.jpg 768w, https:\/\/inspectornocturno.com.mx\/wp-content\/uploads\/2021\/12\/Photo_1638394611999-1536x865.jpg 1536w, https:\/\/inspectornocturno.com.mx\/wp-content\/uploads\/2021\/12\/Photo_1638394611999-1320x743.jpg 1320w, https:\/\/inspectornocturno.com.mx\/wp-content\/uploads\/2021\/12\/Photo_1638394611999-470x264.jpg 470w, https:\/\/inspectornocturno.com.mx\/wp-content\/uploads\/2021\/12\/Photo_1638394611999-640x360.jpg 640w, https:\/\/inspectornocturno.com.mx\/wp-content\/uploads\/2021\/12\/Photo_1638394611999-215x120.jpg 215w, https:\/\/inspectornocturno.com.mx\/wp-content\/uploads\/2021\/12\/Photo_1638394611999-414x232.jpg 414w, https:\/\/inspectornocturno.com.mx\/wp-content\/uploads\/2021\/12\/Photo_1638394611999-990x557.jpg 990w, https:\/\/inspectornocturno.com.mx\/wp-content\/uploads\/2021\/12\/Photo_1638394611999.jpg 1600w\" data-sizes=\"(max-width: 1024px) 100vw, 1024px\" src=\"data:image\/svg+xml;base64,PHN2ZyB3aWR0aD0iMSIgaGVpZ2h0PSIxIiB4bWxucz0iaHR0cDovL3d3dy53My5vcmcvMjAwMC9zdmciPjwvc3ZnPg==\" style=\"--smush-placeholder-width: 1024px; --smush-placeholder-aspect-ratio: 1024\/577;\" \/><\/figure>\n\n\n\n<p>El \u00faltimo tramo del recorrido fue el Boulevard Kukulc\u00e1n en la Zona Hotelera, y luego en direcci\u00f3n al Aeropuerto Internacional de Canc\u00fan.<\/p>\n\n\n\n<p>Como lo anunci\u00f3 el presidente de la Rep\u00fablica, Andr\u00e9s Manuel L\u00f3pez Obrador, estos elementos fueron destinados a la base tur\u00edstica que tendr\u00e1 sede en Tulum y se sumar\u00e1n a los trabajos de seguridad que ya implementan las autoridades locales.<\/p>\n\n\n\n<p>CANCUNENSES A FAVOR<br>Ante la presencia de cientos de elementos de la Guardia Nacional en calles del municipio, la ciudadan\u00eda los mir\u00f3 at\u00f3nitos y con la esperanza de que las fuerzas federales logren restaurar la paz en Canc\u00fan.<\/p>\n\n\n\n<p>Durante el paso del convoy, los automovilistas le abrieron camino a los uniformados, algunos m\u00e1s hasta les tomaron fotos de lo tan imponente que se ve\u00eda el desfile de militares.<\/p>\n\n\n\n<figure class=\"wp-block-video\"><video height=\"480\" style=\"aspect-ratio: 848 \/ 480;\" width=\"848\" controls src=\"https:\/\/inspectornocturno.com.mx\/wp-content\/uploads\/2021\/12\/video_watermark1638394755680.mp4\"><\/video><\/figure>\n\n\n\n<p>Asimismo, la ciudadan\u00eda opin\u00f3 que con la llegada de la Guardia Nacional esperan que los \u00edndices delictivos bajen tanto en Canc\u00fan como en Riviera Maya, pues tan solo entre Benito Ju\u00e1rez, Solidaridad y Tulum suman casi 400 ejecutados en lo que va del a\u00f1o.<\/p>\n","protected":false},"excerpt":{"rendered":"<p>\ud83d\udd3a Ante la presencia de cientos de elementos de la GN en calles del municipio, la ciudadan\u00eda los mir\u00f3 at\u00f3nitos y con la esperanza de que las fuerzas federales logren restaurar la paz en Canc\u00fan. Canc\u00fan.- Como se dio a conocer hace unas semanas, durante la m\u00e1s reciente visita del presidente Andr\u00e9s Manuel L\u00f3pez Obrador, [&hellip;]<\/p>\n","protected":false},"author":3,"featured_media":7073,"comment_status":"closed","ping_status":"closed","sticky":false,"template":"","format":"standard","meta":{"footnotes":"","_wpscppro_dont_share_socialmedia":false,"_wpscppro_custom_social_share_image":0,"_facebook_share_type":"","_twitter_share_type":"","_linkedin_share_type":"","_pinterest_share_type":"","_linkedin_share_type_page":"","_instagram_share_type":"","_medium_share_type":"","_threads_share_type":"","_google_business_share_type":"","_selected_social_profile":[],"_wpsp_enable_custom_social_template":false,"_wpsp_social_scheduling":{"enabled":false,"datetime":null,"platforms":[],"status":"template_only","dateOption":"today","timeOption":"now","customDays":"","customHours":"","customDate":"","customTime":"","schedulingType":"absolute"},"_wpsp_active_default_template":true},"categories":[57,75],"tags":[],"class_list":["post-7069","post","type-post","status-publish","format-standard","has-post-thumbnail","hentry","category-cancun","category-policia"],"yoast_head":"<!-- This site is optimized with the Yoast SEO plugin v27.4 - https:\/\/yoast.com\/product\/yoast-seo-wordpress\/ -->\n<title>BLINDAN ZONA TUR\u00cdSTICA CON LA GUARDIA NACIONAL - Inspector Nocturno<\/title>\n<meta name=\"robots\" content=\"index, follow, max-snippet:-1, max-image-preview:large, max-video-preview:-1\" \/>\n<link rel=\"canonical\" href=\"https:\/\/inspectornocturno.com.mx\/?p=7069\" \/>\n<meta property=\"og:locale\" content=\"es_ES\" \/>\n<meta property=\"og:type\" content=\"article\" \/>\n<meta property=\"og:title\" content=\"BLINDAN ZONA TUR\u00cdSTICA CON LA GUARDIA NACIONAL - Inspector Nocturno\" \/>\n<meta property=\"og:description\" content=\"\ud83d\udd3a Ante la presencia de cientos de elementos de la GN en calles del municipio, la ciudadan\u00eda los mir\u00f3 at\u00f3nitos y con la esperanza de que las fuerzas federales logren restaurar la paz en Canc\u00fan. Canc\u00fan.- Como se dio a conocer hace unas semanas, durante la m\u00e1s reciente visita del presidente Andr\u00e9s Manuel L\u00f3pez Obrador, [&hellip;]\" \/>\n<meta property=\"og:url\" content=\"https:\/\/inspectornocturno.com.mx\/?p=7069\" \/>\n<meta property=\"og:site_name\" content=\"Inspector Nocturno\" \/>\n<meta property=\"article:published_time\" content=\"2021-12-01T22:14:57+00:00\" \/>\n<meta property=\"article:modified_time\" content=\"2021-12-01T22:14:58+00:00\" \/>\n<meta property=\"og:image\" content=\"https:\/\/inspectornocturno.com.mx\/wp-content\/uploads\/2021\/12\/Photo_1638394612467.jpg\" \/>\n\t<meta property=\"og:image:width\" content=\"1600\" \/>\n\t<meta property=\"og:image:height\" content=\"901\" \/>\n\t<meta property=\"og:image:type\" content=\"image\/jpeg\" \/>\n<meta name=\"author\" content=\"Inspector Nocturno\" \/>\n<meta name=\"twitter:card\" content=\"summary_large_image\" \/>\n<meta name=\"twitter:image\" content=\"https:\/\/inspectornocturno.com.mx\/wp-content\/uploads\/2021\/12\/Photo_1638394612467.jpg\" \/>\n<script type=\"application\/ld+json\" class=\"yoast-schema-graph\">{\"@context\":\"https:\\\/\\\/schema.org\",\"@graph\":[{\"@type\":\"Article\",\"@id\":\"https:\\\/\\\/inspectornocturno.com.mx\\\/?p=7069#article\",\"isPartOf\":{\"@id\":\"https:\\\/\\\/inspectornocturno.com.mx\\\/?p=7069\"},\"author\":{\"name\":\"Inspector Nocturno\",\"@id\":\"https:\\\/\\\/inspectornocturno.com.mx\\\/#\\\/schema\\\/person\\\/2f4c4173b1712fd9cf4f4b9365ce65db\"},\"headline\":\"BLINDAN ZONA TUR\u00cdSTICA CON LA GUARDIA NACIONAL\",\"datePublished\":\"2021-12-01T22:14:57+00:00\",\"dateModified\":\"2021-12-01T22:14:58+00:00\",\"mainEntityOfPage\":{\"@id\":\"https:\\\/\\\/inspectornocturno.com.mx\\\/?p=7069\"},\"wordCount\":409,\"publisher\":{\"@id\":\"https:\\\/\\\/inspectornocturno.com.mx\\\/#\\\/schema\\\/person\\\/63eb343fea17271215b1dd2793b27897\"},\"image\":{\"@id\":\"https:\\\/\\\/inspectornocturno.com.mx\\\/?p=7069#primaryimage\"},\"thumbnailUrl\":\"https:\\\/\\\/inspectornocturno.com.mx\\\/wp-content\\\/uploads\\\/2021\\\/12\\\/Photo_1638394612467.jpg\",\"articleSection\":[\"Canc\u00fan\",\"Polic\u00eda\"],\"inLanguage\":\"es\"},{\"@type\":\"WebPage\",\"@id\":\"https:\\\/\\\/inspectornocturno.com.mx\\\/?p=7069\",\"url\":\"https:\\\/\\\/inspectornocturno.com.mx\\\/?p=7069\",\"name\":\"BLINDAN ZONA TUR\u00cdSTICA CON LA GUARDIA NACIONAL - Inspector Nocturno\",\"isPartOf\":{\"@id\":\"https:\\\/\\\/inspectornocturno.com.mx\\\/#website\"},\"primaryImageOfPage\":{\"@id\":\"https:\\\/\\\/inspectornocturno.com.mx\\\/?p=7069#primaryimage\"},\"image\":{\"@id\":\"https:\\\/\\\/inspectornocturno.com.mx\\\/?p=7069#primaryimage\"},\"thumbnailUrl\":\"https:\\\/\\\/inspectornocturno.com.mx\\\/wp-content\\\/uploads\\\/2021\\\/12\\\/Photo_1638394612467.jpg\",\"datePublished\":\"2021-12-01T22:14:57+00:00\",\"dateModified\":\"2021-12-01T22:14:58+00:00\",\"breadcrumb\":{\"@id\":\"https:\\\/\\\/inspectornocturno.com.mx\\\/?p=7069#breadcrumb\"},\"inLanguage\":\"es\",\"potentialAction\":[{\"@type\":\"ReadAction\",\"target\":[\"https:\\\/\\\/inspectornocturno.com.mx\\\/?p=7069\"]}]},{\"@type\":\"ImageObject\",\"inLanguage\":\"es\",\"@id\":\"https:\\\/\\\/inspectornocturno.com.mx\\\/?p=7069#primaryimage\",\"url\":\"https:\\\/\\\/inspectornocturno.com.mx\\\/wp-content\\\/uploads\\\/2021\\\/12\\\/Photo_1638394612467.jpg\",\"contentUrl\":\"https:\\\/\\\/inspectornocturno.com.mx\\\/wp-content\\\/uploads\\\/2021\\\/12\\\/Photo_1638394612467.jpg\",\"width\":1600,\"height\":901},{\"@type\":\"BreadcrumbList\",\"@id\":\"https:\\\/\\\/inspectornocturno.com.mx\\\/?p=7069#breadcrumb\",\"itemListElement\":[{\"@type\":\"ListItem\",\"position\":1,\"name\":\"Portada\",\"item\":\"https:\\\/\\\/inspectornocturno.com.mx\\\/\"},{\"@type\":\"ListItem\",\"position\":2,\"name\":\"BLINDAN ZONA TUR\u00cdSTICA CON LA GUARDIA NACIONAL\"}]},{\"@type\":\"WebSite\",\"@id\":\"https:\\\/\\\/inspectornocturno.com.mx\\\/#website\",\"url\":\"https:\\\/\\\/inspectornocturno.com.mx\\\/\",\"name\":\"Inspector Nocturno\",\"description\":\"Canc\u00fan, noticias al minuto del inspector nocturno\",\"publisher\":{\"@id\":\"https:\\\/\\\/inspectornocturno.com.mx\\\/#\\\/schema\\\/person\\\/63eb343fea17271215b1dd2793b27897\"},\"alternateName\":\"Noticias de impacto al momento de los hechos\",\"potentialAction\":[{\"@type\":\"SearchAction\",\"target\":{\"@type\":\"EntryPoint\",\"urlTemplate\":\"https:\\\/\\\/inspectornocturno.com.mx\\\/?s={search_term_string}\"},\"query-input\":{\"@type\":\"PropertyValueSpecification\",\"valueRequired\":true,\"valueName\":\"search_term_string\"}}],\"inLanguage\":\"es\"},{\"@type\":[\"Person\",\"Organization\"],\"@id\":\"https:\\\/\\\/inspectornocturno.com.mx\\\/#\\\/schema\\\/person\\\/63eb343fea17271215b1dd2793b27897\",\"name\":\"Inspector Nocturno\",\"image\":{\"@type\":\"ImageObject\",\"inLanguage\":\"es\",\"@id\":\"https:\\\/\\\/inspectornocturno.com.mx\\\/wp-content\\\/uploads\\\/2021\\\/10\\\/logo-transparente.png\",\"url\":\"https:\\\/\\\/inspectornocturno.com.mx\\\/wp-content\\\/uploads\\\/2021\\\/10\\\/logo-transparente.png\",\"contentUrl\":\"https:\\\/\\\/inspectornocturno.com.mx\\\/wp-content\\\/uploads\\\/2021\\\/10\\\/logo-transparente.png\",\"width\":561,\"height\":668,\"caption\":\"Inspector Nocturno\"},\"logo\":{\"@id\":\"https:\\\/\\\/inspectornocturno.com.mx\\\/wp-content\\\/uploads\\\/2021\\\/10\\\/logo-transparente.png\"},\"sameAs\":[\"http:\\\/\\\/inspectornocturno.com.mx\"]},{\"@type\":\"Person\",\"@id\":\"https:\\\/\\\/inspectornocturno.com.mx\\\/#\\\/schema\\\/person\\\/2f4c4173b1712fd9cf4f4b9365ce65db\",\"name\":\"Inspector Nocturno\",\"sameAs\":[\"http:\\\/\\\/inspectornocturno.com.mx\"]}]}<\/script>\n<!-- \/ Yoast SEO plugin. -->","yoast_head_json":{"title":"BLINDAN ZONA TUR\u00cdSTICA CON LA GUARDIA NACIONAL - Inspector Nocturno","robots":{"index":"index","follow":"follow","max-snippet":"max-snippet:-1","max-image-preview":"max-image-preview:large","max-video-preview":"max-video-preview:-1"},"canonical":"https:\/\/inspectornocturno.com.mx\/?p=7069","og_locale":"es_ES","og_type":"article","og_title":"BLINDAN ZONA TUR\u00cdSTICA CON LA GUARDIA NACIONAL - Inspector Nocturno","og_description":"\ud83d\udd3a Ante la presencia de cientos de elementos de la GN en calles del municipio, la ciudadan\u00eda los mir\u00f3 at\u00f3nitos y con la esperanza de que las fuerzas federales logren restaurar la paz en Canc\u00fan. Canc\u00fan.- Como se dio a conocer hace unas semanas, durante la m\u00e1s reciente visita del presidente Andr\u00e9s Manuel L\u00f3pez Obrador, [&hellip;]","og_url":"https:\/\/inspectornocturno.com.mx\/?p=7069","og_site_name":"Inspector Nocturno","article_published_time":"2021-12-01T22:14:57+00:00","article_modified_time":"2021-12-01T22:14:58+00:00","og_image":[{"width":1600,"height":901,"url":"https:\/\/inspectornocturno.com.mx\/wp-content\/uploads\/2021\/12\/Photo_1638394612467.jpg","type":"image\/jpeg"}],"author":"Inspector Nocturno","twitter_card":"summary_large_image","twitter_image":"https:\/\/inspectornocturno.com.mx\/wp-content\/uploads\/2021\/12\/Photo_1638394612467.jpg","schema":{"@context":"https:\/\/schema.org","@graph":[{"@type":"Article","@id":"https:\/\/inspectornocturno.com.mx\/?p=7069#article","isPartOf":{"@id":"https:\/\/inspectornocturno.com.mx\/?p=7069"},"author":{"name":"Inspector Nocturno","@id":"https:\/\/inspectornocturno.com.mx\/#\/schema\/person\/2f4c4173b1712fd9cf4f4b9365ce65db"},"headline":"BLINDAN ZONA TUR\u00cdSTICA CON LA GUARDIA NACIONAL","datePublished":"2021-12-01T22:14:57+00:00","dateModified":"2021-12-01T22:14:58+00:00","mainEntityOfPage":{"@id":"https:\/\/inspectornocturno.com.mx\/?p=7069"},"wordCount":409,"publisher":{"@id":"https:\/\/inspectornocturno.com.mx\/#\/schema\/person\/63eb343fea17271215b1dd2793b27897"},"image":{"@id":"https:\/\/inspectornocturno.com.mx\/?p=7069#primaryimage"},"thumbnailUrl":"https:\/\/inspectornocturno.com.mx\/wp-content\/uploads\/2021\/12\/Photo_1638394612467.jpg","articleSection":["Canc\u00fan","Polic\u00eda"],"inLanguage":"es"},{"@type":"WebPage","@id":"https:\/\/inspectornocturno.com.mx\/?p=7069","url":"https:\/\/inspectornocturno.com.mx\/?p=7069","name":"BLINDAN ZONA TUR\u00cdSTICA CON LA GUARDIA NACIONAL - Inspector Nocturno","isPartOf":{"@id":"https:\/\/inspectornocturno.com.mx\/#website"},"primaryImageOfPage":{"@id":"https:\/\/inspectornocturno.com.mx\/?p=7069#primaryimage"},"image":{"@id":"https:\/\/inspectornocturno.com.mx\/?p=7069#primaryimage"},"thumbnailUrl":"https:\/\/inspectornocturno.com.mx\/wp-content\/uploads\/2021\/12\/Photo_1638394612467.jpg","datePublished":"2021-12-01T22:14:57+00:00","dateModified":"2021-12-01T22:14:58+00:00","breadcrumb":{"@id":"https:\/\/inspectornocturno.com.mx\/?p=7069#breadcrumb"},"inLanguage":"es","potentialAction":[{"@type":"ReadAction","target":["https:\/\/inspectornocturno.com.mx\/?p=7069"]}]},{"@type":"ImageObject","inLanguage":"es","@id":"https:\/\/inspectornocturno.com.mx\/?p=7069#primaryimage","url":"https:\/\/inspectornocturno.com.mx\/wp-content\/uploads\/2021\/12\/Photo_1638394612467.jpg","contentUrl":"https:\/\/inspectornocturno.com.mx\/wp-content\/uploads\/2021\/12\/Photo_1638394612467.jpg","width":1600,"height":901},{"@type":"BreadcrumbList","@id":"https:\/\/inspectornocturno.com.mx\/?p=7069#breadcrumb","itemListElement":[{"@type":"ListItem","position":1,"name":"Portada","item":"https:\/\/inspectornocturno.com.mx\/"},{"@type":"ListItem","position":2,"name":"BLINDAN ZONA TUR\u00cdSTICA CON LA GUARDIA NACIONAL"}]},{"@type":"WebSite","@id":"https:\/\/inspectornocturno.com.mx\/#website","url":"https:\/\/inspectornocturno.com.mx\/","name":"Inspector Nocturno","description":"Canc\u00fan, noticias al minuto del inspector nocturno","publisher":{"@id":"https:\/\/inspectornocturno.com.mx\/#\/schema\/person\/63eb343fea17271215b1dd2793b27897"},"alternateName":"Noticias de impacto al momento de los hechos","potentialAction":[{"@type":"SearchAction","target":{"@type":"EntryPoint","urlTemplate":"https:\/\/inspectornocturno.com.mx\/?s={search_term_string}"},"query-input":{"@type":"PropertyValueSpecification","valueRequired":true,"valueName":"search_term_string"}}],"inLanguage":"es"},{"@type":["Person","Organization"],"@id":"https:\/\/inspectornocturno.com.mx\/#\/schema\/person\/63eb343fea17271215b1dd2793b27897","name":"Inspector Nocturno","image":{"@type":"ImageObject","inLanguage":"es","@id":"https:\/\/inspectornocturno.com.mx\/wp-content\/uploads\/2021\/10\/logo-transparente.png","url":"https:\/\/inspectornocturno.com.mx\/wp-content\/uploads\/2021\/10\/logo-transparente.png","contentUrl":"https:\/\/inspectornocturno.com.mx\/wp-content\/uploads\/2021\/10\/logo-transparente.png","width":561,"height":668,"caption":"Inspector Nocturno"},"logo":{"@id":"https:\/\/inspectornocturno.com.mx\/wp-content\/uploads\/2021\/10\/logo-transparente.png"},"sameAs":["http:\/\/inspectornocturno.com.mx"]},{"@type":"Person","@id":"https:\/\/inspectornocturno.com.mx\/#\/schema\/person\/2f4c4173b1712fd9cf4f4b9365ce65db","name":"Inspector Nocturno","sameAs":["http:\/\/inspectornocturno.com.mx"]}]}},"views":628,"_links":{"self":[{"href":"https:\/\/inspectornocturno.com.mx\/index.php?rest_route=\/wp\/v2\/posts\/7069","targetHints":{"allow":["GET"]}}],"collection":[{"href":"https:\/\/inspectornocturno.com.mx\/index.php?rest_route=\/wp\/v2\/posts"}],"about":[{"href":"https:\/\/inspectornocturno.com.mx\/index.php?rest_route=\/wp\/v2\/types\/post"}],"author":[{"embeddable":true,"href":"https:\/\/inspectornocturno.com.mx\/index.php?rest_route=\/wp\/v2\/users\/3"}],"replies":[{"embeddable":true,"href":"https:\/\/inspectornocturno.com.mx\/index.php?rest_route=%2Fwp%2Fv2%2Fcomments&post=7069"}],"version-history":[{"count":1,"href":"https:\/\/inspectornocturno.com.mx\/index.php?rest_route=\/wp\/v2\/posts\/7069\/revisions"}],"predecessor-version":[{"id":7078,"href":"https:\/\/inspectornocturno.com.mx\/index.php?rest_route=\/wp\/v2\/posts\/7069\/revisions\/7078"}],"wp:featuredmedia":[{"embeddable":true,"href":"https:\/\/inspectornocturno.com.mx\/index.php?rest_route=\/wp\/v2\/media\/7073"}],"wp:attachment":[{"href":"https:\/\/inspectornocturno.com.mx\/index.php?rest_route=%2Fwp%2Fv2%2Fmedia&parent=7069"}],"wp:term":[{"taxonomy":"category","embeddable":true,"href":"https:\/\/inspectornocturno.com.mx\/index.php?rest_route=%2Fwp%2Fv2%2Fcategories&post=7069"},{"taxonomy":"post_tag","embeddable":true,"href":"https:\/\/inspectornocturno.com.mx\/index.php?rest_route=%2Fwp%2Fv2%2Ftags&post=7069"}],"curies":[{"name":"wp","href":"https:\/\/api.w.org\/{rel}","templated":true}]}}