{"id":69068,"date":"2024-06-29T00:04:43","date_gmt":"2024-06-29T05:04:43","guid":{"rendered":"https:\/\/inspectornocturno.com.mx\/?p=69068"},"modified":"2024-06-29T00:04:44","modified_gmt":"2024-06-29T05:04:44","slug":"exhiben-a-trabajador-de-volaris-por-presunto-hurto","status":"publish","type":"post","link":"https:\/\/inspectornocturno.com.mx\/?p=69068","title":{"rendered":"EXHIBEN A TRABAJADOR DE VOLARIS POR PRESUNTO HURTO"},"content":{"rendered":"\n<figure class=\"wp-block-image size-large\"><img decoding=\"async\" width=\"655\" height=\"1024\" data-src=\"https:\/\/inspectornocturno.com.mx\/wp-content\/uploads\/2024\/06\/1000028481-655x1024.png\" alt=\"\" class=\"wp-image-69069 lazyload\" data-srcset=\"https:\/\/inspectornocturno.com.mx\/wp-content\/uploads\/2024\/06\/1000028481-655x1024.png 655w, https:\/\/inspectornocturno.com.mx\/wp-content\/uploads\/2024\/06\/1000028481-192x300.png 192w, https:\/\/inspectornocturno.com.mx\/wp-content\/uploads\/2024\/06\/1000028481.png 575w\" data-sizes=\"(max-width: 655px) 100vw, 655px\" src=\"data:image\/svg+xml;base64,PHN2ZyB3aWR0aD0iMSIgaGVpZ2h0PSIxIiB4bWxucz0iaHR0cDovL3d3dy53My5vcmcvMjAwMC9zdmciPjwvc3ZnPg==\" style=\"--smush-placeholder-width: 655px; --smush-placeholder-aspect-ratio: 655\/1024;\" \/><\/figure>\n\n\n\n<p><br><br><br>\ud83d\udd3aUna familia fue La afectada y se\u00f1alaron la mala experiencia que tuvieron con la aerol\u00ednea, pues la forma en que cobraron equipaje no fue la adecuada.<br><br><br><br>Una familia de Guadalajara que visit\u00f3 Canc\u00fan denunci\u00f3 la mala experiencia que tuvieron con la aerol\u00ednea Volaris, pues sus empleados bajo amenazas cobraron por equipaje de mano.<br><br>Se explic\u00f3 que ayer los afectados llegaron al aeropuerto para regresar a su lugar de originen, por lo que pagaron boletos con la citada aerol\u00ednea.<br><br>Sin embargo mientras esperaban poder abordar, el empleado de Volaris voce\u00f3 que el vuelo no estaba muy lleno y sin costo extra los pasajeros pod\u00edan documentar el equipaje de mano.<br><br>La sorpresa fue que al llegar al m\u00f3dulo pensando que no ten\u00eda costo, la familia entreg\u00f3 su equipaje a lo que el empleado les estaba cobrando 900 pesos por maleta, en ese momento le indicaron que hab\u00edan dicho que era sin costo.<br><br>Acto seguido, el sujeto llam\u00f3 a otra persona, entre los dos empezaron a amenazar e intimidar a los turistas pues si no pagaban iban a bajar todas sus maletas y no les permitir\u00edan abordar.<br><br>Luego de estar varios minutos presion\u00e1ndolos, los pasajeros tuvieron que pagar, la situaci\u00f3n que claramente era robo de los empleados qued\u00f3 en evidencia, cuando descaradamente el hombre sac\u00f3 su cartera y se guard\u00f3 el efectivo.<\/p>\n","protected":false},"excerpt":{"rendered":"<p>\ud83d\udd3aUna familia fue La afectada y se\u00f1alaron la mala experiencia que tuvieron con la aerol\u00ednea, pues la forma en que cobraron equipaje no fue la adecuada. Una familia de Guadalajara que visit\u00f3 Canc\u00fan denunci\u00f3 la mala experiencia que tuvieron con la aerol\u00ednea Volaris, pues sus empleados bajo amenazas cobraron por equipaje de mano. Se explic\u00f3 [&hellip;]<\/p>\n","protected":false},"author":10,"featured_media":69069,"comment_status":"closed","ping_status":"closed","sticky":false,"template":"","format":"standard","meta":{"footnotes":"","_wpscppro_dont_share_socialmedia":false,"_wpscppro_custom_social_share_image":0,"_facebook_share_type":"","_twitter_share_type":"","_linkedin_share_type":"","_pinterest_share_type":"","_linkedin_share_type_page":"","_instagram_share_type":"","_medium_share_type":"","_threads_share_type":"","_google_business_share_type":"","_selected_social_profile":[],"_wpsp_enable_custom_social_template":false,"_wpsp_social_scheduling":{"enabled":false,"datetime":null,"platforms":[],"status":"template_only","dateOption":"today","timeOption":"now","customDays":"","customHours":"","customDate":"","customTime":"","schedulingType":"absolute"},"_wpsp_active_default_template":true},"categories":[56,75],"tags":[],"class_list":["post-69068","post","type-post","status-publish","format-standard","has-post-thumbnail","hentry","category-chetumal","category-policia"],"yoast_head":"<!-- This site is optimized with the Yoast SEO plugin v27.4 - https:\/\/yoast.com\/product\/yoast-seo-wordpress\/ -->\n<title>EXHIBEN A TRABAJADOR DE VOLARIS POR PRESUNTO HURTO - Inspector Nocturno<\/title>\n<meta name=\"robots\" content=\"index, follow, max-snippet:-1, max-image-preview:large, max-video-preview:-1\" \/>\n<link rel=\"canonical\" href=\"https:\/\/inspectornocturno.com.mx\/?p=69068\" \/>\n<meta property=\"og:locale\" content=\"es_ES\" \/>\n<meta property=\"og:type\" content=\"article\" \/>\n<meta property=\"og:title\" content=\"EXHIBEN A TRABAJADOR DE VOLARIS POR PRESUNTO HURTO - Inspector Nocturno\" \/>\n<meta property=\"og:description\" content=\"\ud83d\udd3aUna familia fue La afectada y se\u00f1alaron la mala experiencia que tuvieron con la aerol\u00ednea, pues la forma en que cobraron equipaje no fue la adecuada. Una familia de Guadalajara que visit\u00f3 Canc\u00fan denunci\u00f3 la mala experiencia que tuvieron con la aerol\u00ednea Volaris, pues sus empleados bajo amenazas cobraron por equipaje de mano. Se explic\u00f3 [&hellip;]\" \/>\n<meta property=\"og:url\" content=\"https:\/\/inspectornocturno.com.mx\/?p=69068\" \/>\n<meta property=\"og:site_name\" content=\"Inspector Nocturno\" \/>\n<meta property=\"article:published_time\" content=\"2024-06-29T05:04:43+00:00\" \/>\n<meta property=\"article:modified_time\" content=\"2024-06-29T05:04:44+00:00\" \/>\n<meta property=\"og:image\" content=\"https:\/\/inspectornocturno.com.mx\/wp-content\/uploads\/2024\/06\/1000028481.png\" \/>\n\t<meta property=\"og:image:width\" content=\"575\" \/>\n\t<meta property=\"og:image:height\" content=\"900\" \/>\n\t<meta property=\"og:image:type\" content=\"image\/png\" \/>\n<meta name=\"author\" content=\"Inspector Nocturno\" \/>\n<meta name=\"twitter:card\" content=\"summary_large_image\" \/>\n<meta name=\"twitter:image\" content=\"https:\/\/inspectornocturno.com.mx\/wp-content\/uploads\/2024\/06\/1000028481.png\" \/>\n<script type=\"application\/ld+json\" class=\"yoast-schema-graph\">{\"@context\":\"https:\\\/\\\/schema.org\",\"@graph\":[{\"@type\":\"Article\",\"@id\":\"https:\\\/\\\/inspectornocturno.com.mx\\\/?p=69068#article\",\"isPartOf\":{\"@id\":\"https:\\\/\\\/inspectornocturno.com.mx\\\/?p=69068\"},\"author\":{\"name\":\"Inspector Nocturno\",\"@id\":\"https:\\\/\\\/inspectornocturno.com.mx\\\/#\\\/schema\\\/person\\\/0fa9058e787ba1832e7e687380f72fe6\"},\"headline\":\"EXHIBEN A TRABAJADOR DE VOLARIS POR PRESUNTO HURTO\",\"datePublished\":\"2024-06-29T05:04:43+00:00\",\"dateModified\":\"2024-06-29T05:04:44+00:00\",\"mainEntityOfPage\":{\"@id\":\"https:\\\/\\\/inspectornocturno.com.mx\\\/?p=69068\"},\"wordCount\":238,\"publisher\":{\"@id\":\"https:\\\/\\\/inspectornocturno.com.mx\\\/#\\\/schema\\\/person\\\/63eb343fea17271215b1dd2793b27897\"},\"image\":{\"@id\":\"https:\\\/\\\/inspectornocturno.com.mx\\\/?p=69068#primaryimage\"},\"thumbnailUrl\":\"https:\\\/\\\/inspectornocturno.com.mx\\\/wp-content\\\/uploads\\\/2024\\\/06\\\/1000028481.png\",\"articleSection\":[\"Chetumal\",\"Polic\u00eda\"],\"inLanguage\":\"es\"},{\"@type\":\"WebPage\",\"@id\":\"https:\\\/\\\/inspectornocturno.com.mx\\\/?p=69068\",\"url\":\"https:\\\/\\\/inspectornocturno.com.mx\\\/?p=69068\",\"name\":\"EXHIBEN A TRABAJADOR DE VOLARIS POR PRESUNTO HURTO - Inspector Nocturno\",\"isPartOf\":{\"@id\":\"https:\\\/\\\/inspectornocturno.com.mx\\\/#website\"},\"primaryImageOfPage\":{\"@id\":\"https:\\\/\\\/inspectornocturno.com.mx\\\/?p=69068#primaryimage\"},\"image\":{\"@id\":\"https:\\\/\\\/inspectornocturno.com.mx\\\/?p=69068#primaryimage\"},\"thumbnailUrl\":\"https:\\\/\\\/inspectornocturno.com.mx\\\/wp-content\\\/uploads\\\/2024\\\/06\\\/1000028481.png\",\"datePublished\":\"2024-06-29T05:04:43+00:00\",\"dateModified\":\"2024-06-29T05:04:44+00:00\",\"breadcrumb\":{\"@id\":\"https:\\\/\\\/inspectornocturno.com.mx\\\/?p=69068#breadcrumb\"},\"inLanguage\":\"es\",\"potentialAction\":[{\"@type\":\"ReadAction\",\"target\":[\"https:\\\/\\\/inspectornocturno.com.mx\\\/?p=69068\"]}]},{\"@type\":\"ImageObject\",\"inLanguage\":\"es\",\"@id\":\"https:\\\/\\\/inspectornocturno.com.mx\\\/?p=69068#primaryimage\",\"url\":\"https:\\\/\\\/inspectornocturno.com.mx\\\/wp-content\\\/uploads\\\/2024\\\/06\\\/1000028481.png\",\"contentUrl\":\"https:\\\/\\\/inspectornocturno.com.mx\\\/wp-content\\\/uploads\\\/2024\\\/06\\\/1000028481.png\",\"width\":575,\"height\":900},{\"@type\":\"BreadcrumbList\",\"@id\":\"https:\\\/\\\/inspectornocturno.com.mx\\\/?p=69068#breadcrumb\",\"itemListElement\":[{\"@type\":\"ListItem\",\"position\":1,\"name\":\"Portada\",\"item\":\"https:\\\/\\\/inspectornocturno.com.mx\\\/\"},{\"@type\":\"ListItem\",\"position\":2,\"name\":\"EXHIBEN A TRABAJADOR DE VOLARIS POR PRESUNTO HURTO\"}]},{\"@type\":\"WebSite\",\"@id\":\"https:\\\/\\\/inspectornocturno.com.mx\\\/#website\",\"url\":\"https:\\\/\\\/inspectornocturno.com.mx\\\/\",\"name\":\"Inspector Nocturno\",\"description\":\"Canc\u00fan, noticias al minuto del inspector nocturno\",\"publisher\":{\"@id\":\"https:\\\/\\\/inspectornocturno.com.mx\\\/#\\\/schema\\\/person\\\/63eb343fea17271215b1dd2793b27897\"},\"alternateName\":\"Noticias de impacto al momento de los hechos\",\"potentialAction\":[{\"@type\":\"SearchAction\",\"target\":{\"@type\":\"EntryPoint\",\"urlTemplate\":\"https:\\\/\\\/inspectornocturno.com.mx\\\/?s={search_term_string}\"},\"query-input\":{\"@type\":\"PropertyValueSpecification\",\"valueRequired\":true,\"valueName\":\"search_term_string\"}}],\"inLanguage\":\"es\"},{\"@type\":[\"Person\",\"Organization\"],\"@id\":\"https:\\\/\\\/inspectornocturno.com.mx\\\/#\\\/schema\\\/person\\\/63eb343fea17271215b1dd2793b27897\",\"name\":\"Inspector Nocturno\",\"image\":{\"@type\":\"ImageObject\",\"inLanguage\":\"es\",\"@id\":\"https:\\\/\\\/inspectornocturno.com.mx\\\/wp-content\\\/uploads\\\/2021\\\/10\\\/logo-transparente.png\",\"url\":\"https:\\\/\\\/inspectornocturno.com.mx\\\/wp-content\\\/uploads\\\/2021\\\/10\\\/logo-transparente.png\",\"contentUrl\":\"https:\\\/\\\/inspectornocturno.com.mx\\\/wp-content\\\/uploads\\\/2021\\\/10\\\/logo-transparente.png\",\"width\":561,\"height\":668,\"caption\":\"Inspector Nocturno\"},\"logo\":{\"@id\":\"https:\\\/\\\/inspectornocturno.com.mx\\\/wp-content\\\/uploads\\\/2021\\\/10\\\/logo-transparente.png\"},\"sameAs\":[\"http:\\\/\\\/inspectornocturno.com.mx\"]},{\"@type\":\"Person\",\"@id\":\"https:\\\/\\\/inspectornocturno.com.mx\\\/#\\\/schema\\\/person\\\/0fa9058e787ba1832e7e687380f72fe6\",\"name\":\"Inspector Nocturno\",\"sameAs\":[\"https:\\\/\\\/inspectornocturno.com.mx\\\/\"]}]}<\/script>\n<!-- \/ Yoast SEO plugin. -->","yoast_head_json":{"title":"EXHIBEN A TRABAJADOR DE VOLARIS POR PRESUNTO HURTO - Inspector Nocturno","robots":{"index":"index","follow":"follow","max-snippet":"max-snippet:-1","max-image-preview":"max-image-preview:large","max-video-preview":"max-video-preview:-1"},"canonical":"https:\/\/inspectornocturno.com.mx\/?p=69068","og_locale":"es_ES","og_type":"article","og_title":"EXHIBEN A TRABAJADOR DE VOLARIS POR PRESUNTO HURTO - Inspector Nocturno","og_description":"\ud83d\udd3aUna familia fue La afectada y se\u00f1alaron la mala experiencia que tuvieron con la aerol\u00ednea, pues la forma en que cobraron equipaje no fue la adecuada. Una familia de Guadalajara que visit\u00f3 Canc\u00fan denunci\u00f3 la mala experiencia que tuvieron con la aerol\u00ednea Volaris, pues sus empleados bajo amenazas cobraron por equipaje de mano. Se explic\u00f3 [&hellip;]","og_url":"https:\/\/inspectornocturno.com.mx\/?p=69068","og_site_name":"Inspector Nocturno","article_published_time":"2024-06-29T05:04:43+00:00","article_modified_time":"2024-06-29T05:04:44+00:00","og_image":[{"width":575,"height":900,"url":"https:\/\/inspectornocturno.com.mx\/wp-content\/uploads\/2024\/06\/1000028481.png","type":"image\/png"}],"author":"Inspector Nocturno","twitter_card":"summary_large_image","twitter_image":"https:\/\/inspectornocturno.com.mx\/wp-content\/uploads\/2024\/06\/1000028481.png","schema":{"@context":"https:\/\/schema.org","@graph":[{"@type":"Article","@id":"https:\/\/inspectornocturno.com.mx\/?p=69068#article","isPartOf":{"@id":"https:\/\/inspectornocturno.com.mx\/?p=69068"},"author":{"name":"Inspector Nocturno","@id":"https:\/\/inspectornocturno.com.mx\/#\/schema\/person\/0fa9058e787ba1832e7e687380f72fe6"},"headline":"EXHIBEN A TRABAJADOR DE VOLARIS POR PRESUNTO HURTO","datePublished":"2024-06-29T05:04:43+00:00","dateModified":"2024-06-29T05:04:44+00:00","mainEntityOfPage":{"@id":"https:\/\/inspectornocturno.com.mx\/?p=69068"},"wordCount":238,"publisher":{"@id":"https:\/\/inspectornocturno.com.mx\/#\/schema\/person\/63eb343fea17271215b1dd2793b27897"},"image":{"@id":"https:\/\/inspectornocturno.com.mx\/?p=69068#primaryimage"},"thumbnailUrl":"https:\/\/inspectornocturno.com.mx\/wp-content\/uploads\/2024\/06\/1000028481.png","articleSection":["Chetumal","Polic\u00eda"],"inLanguage":"es"},{"@type":"WebPage","@id":"https:\/\/inspectornocturno.com.mx\/?p=69068","url":"https:\/\/inspectornocturno.com.mx\/?p=69068","name":"EXHIBEN A TRABAJADOR DE VOLARIS POR PRESUNTO HURTO - Inspector Nocturno","isPartOf":{"@id":"https:\/\/inspectornocturno.com.mx\/#website"},"primaryImageOfPage":{"@id":"https:\/\/inspectornocturno.com.mx\/?p=69068#primaryimage"},"image":{"@id":"https:\/\/inspectornocturno.com.mx\/?p=69068#primaryimage"},"thumbnailUrl":"https:\/\/inspectornocturno.com.mx\/wp-content\/uploads\/2024\/06\/1000028481.png","datePublished":"2024-06-29T05:04:43+00:00","dateModified":"2024-06-29T05:04:44+00:00","breadcrumb":{"@id":"https:\/\/inspectornocturno.com.mx\/?p=69068#breadcrumb"},"inLanguage":"es","potentialAction":[{"@type":"ReadAction","target":["https:\/\/inspectornocturno.com.mx\/?p=69068"]}]},{"@type":"ImageObject","inLanguage":"es","@id":"https:\/\/inspectornocturno.com.mx\/?p=69068#primaryimage","url":"https:\/\/inspectornocturno.com.mx\/wp-content\/uploads\/2024\/06\/1000028481.png","contentUrl":"https:\/\/inspectornocturno.com.mx\/wp-content\/uploads\/2024\/06\/1000028481.png","width":575,"height":900},{"@type":"BreadcrumbList","@id":"https:\/\/inspectornocturno.com.mx\/?p=69068#breadcrumb","itemListElement":[{"@type":"ListItem","position":1,"name":"Portada","item":"https:\/\/inspectornocturno.com.mx\/"},{"@type":"ListItem","position":2,"name":"EXHIBEN A TRABAJADOR DE VOLARIS POR PRESUNTO HURTO"}]},{"@type":"WebSite","@id":"https:\/\/inspectornocturno.com.mx\/#website","url":"https:\/\/inspectornocturno.com.mx\/","name":"Inspector Nocturno","description":"Canc\u00fan, noticias al minuto del inspector nocturno","publisher":{"@id":"https:\/\/inspectornocturno.com.mx\/#\/schema\/person\/63eb343fea17271215b1dd2793b27897"},"alternateName":"Noticias de impacto al momento de los hechos","potentialAction":[{"@type":"SearchAction","target":{"@type":"EntryPoint","urlTemplate":"https:\/\/inspectornocturno.com.mx\/?s={search_term_string}"},"query-input":{"@type":"PropertyValueSpecification","valueRequired":true,"valueName":"search_term_string"}}],"inLanguage":"es"},{"@type":["Person","Organization"],"@id":"https:\/\/inspectornocturno.com.mx\/#\/schema\/person\/63eb343fea17271215b1dd2793b27897","name":"Inspector Nocturno","image":{"@type":"ImageObject","inLanguage":"es","@id":"https:\/\/inspectornocturno.com.mx\/wp-content\/uploads\/2021\/10\/logo-transparente.png","url":"https:\/\/inspectornocturno.com.mx\/wp-content\/uploads\/2021\/10\/logo-transparente.png","contentUrl":"https:\/\/inspectornocturno.com.mx\/wp-content\/uploads\/2021\/10\/logo-transparente.png","width":561,"height":668,"caption":"Inspector Nocturno"},"logo":{"@id":"https:\/\/inspectornocturno.com.mx\/wp-content\/uploads\/2021\/10\/logo-transparente.png"},"sameAs":["http:\/\/inspectornocturno.com.mx"]},{"@type":"Person","@id":"https:\/\/inspectornocturno.com.mx\/#\/schema\/person\/0fa9058e787ba1832e7e687380f72fe6","name":"Inspector Nocturno","sameAs":["https:\/\/inspectornocturno.com.mx\/"]}]}},"views":463,"_links":{"self":[{"href":"https:\/\/inspectornocturno.com.mx\/index.php?rest_route=\/wp\/v2\/posts\/69068","targetHints":{"allow":["GET"]}}],"collection":[{"href":"https:\/\/inspectornocturno.com.mx\/index.php?rest_route=\/wp\/v2\/posts"}],"about":[{"href":"https:\/\/inspectornocturno.com.mx\/index.php?rest_route=\/wp\/v2\/types\/post"}],"author":[{"embeddable":true,"href":"https:\/\/inspectornocturno.com.mx\/index.php?rest_route=\/wp\/v2\/users\/10"}],"replies":[{"embeddable":true,"href":"https:\/\/inspectornocturno.com.mx\/index.php?rest_route=%2Fwp%2Fv2%2Fcomments&post=69068"}],"version-history":[{"count":1,"href":"https:\/\/inspectornocturno.com.mx\/index.php?rest_route=\/wp\/v2\/posts\/69068\/revisions"}],"predecessor-version":[{"id":69070,"href":"https:\/\/inspectornocturno.com.mx\/index.php?rest_route=\/wp\/v2\/posts\/69068\/revisions\/69070"}],"wp:featuredmedia":[{"embeddable":true,"href":"https:\/\/inspectornocturno.com.mx\/index.php?rest_route=\/wp\/v2\/media\/69069"}],"wp:attachment":[{"href":"https:\/\/inspectornocturno.com.mx\/index.php?rest_route=%2Fwp%2Fv2%2Fmedia&parent=69068"}],"wp:term":[{"taxonomy":"category","embeddable":true,"href":"https:\/\/inspectornocturno.com.mx\/index.php?rest_route=%2Fwp%2Fv2%2Fcategories&post=69068"},{"taxonomy":"post_tag","embeddable":true,"href":"https:\/\/inspectornocturno.com.mx\/index.php?rest_route=%2Fwp%2Fv2%2Ftags&post=69068"}],"curies":[{"name":"wp","href":"https:\/\/api.w.org\/{rel}","templated":true}]}}