{"id":62878,"date":"2024-02-22T14:30:37","date_gmt":"2024-02-22T19:30:37","guid":{"rendered":"https:\/\/inspectornocturno.com.mx\/?p=62878"},"modified":"2024-02-22T14:30:39","modified_gmt":"2024-02-22T19:30:39","slug":"denuncian-limitaciones-en-escuela-de-educacion-especial","status":"publish","type":"post","link":"https:\/\/inspectornocturno.com.mx\/?p=62878","title":{"rendered":"DENUNCIAN LIMITACIONES EN ESCUELA DE EDUCACI\u00d3N ESPECIAL\u00a0"},"content":{"rendered":"\n<p><\/p>\n\n\n\n<p>\ud83d\udd3aLos padres de familia piden pronta atenci\u00f3n a los se\u00f1alamientos ya que los alumnos son los m\u00e1s afectados, pues ya son varios a\u00f1os con esta problem\u00e1tica.&nbsp;<\/p>\n\n\n\n<p>Chetumal.- La secundaria de Educaci\u00f3n Especial \u201cCAM Jan Vermeer\u201d fue escenario de una manifestaci\u00f3n en la que padres de familia y docentes denunciaron el continuo obst\u00e1culo impuesto por las autoridades educativas para el turno vespertino, coartando as\u00ed el crecimiento y aprendizaje de los menores.&nbsp; &nbsp;<\/p>\n\n\n\n<figure class=\"wp-block-image size-large\"><img decoding=\"async\" width=\"1024\" height=\"576\" data-src=\"https:\/\/inspectornocturno.com.mx\/wp-content\/uploads\/2024\/02\/f954454f-33f5-48eb-bdbe-bc41561a6666-1024x576.jpeg\" alt=\"\" class=\"wp-image-62879 lazyload\" data-srcset=\"https:\/\/inspectornocturno.com.mx\/wp-content\/uploads\/2024\/02\/f954454f-33f5-48eb-bdbe-bc41561a6666-1024x576.jpeg 1024w, https:\/\/inspectornocturno.com.mx\/wp-content\/uploads\/2024\/02\/f954454f-33f5-48eb-bdbe-bc41561a6666-300x168.jpeg 300w, https:\/\/inspectornocturno.com.mx\/wp-content\/uploads\/2024\/02\/f954454f-33f5-48eb-bdbe-bc41561a6666-768x432.jpeg 768w, https:\/\/inspectornocturno.com.mx\/wp-content\/uploads\/2024\/02\/f954454f-33f5-48eb-bdbe-bc41561a6666-1536x864.jpeg 1536w, https:\/\/inspectornocturno.com.mx\/wp-content\/uploads\/2024\/02\/f954454f-33f5-48eb-bdbe-bc41561a6666-990x557.jpeg 990w, https:\/\/inspectornocturno.com.mx\/wp-content\/uploads\/2024\/02\/f954454f-33f5-48eb-bdbe-bc41561a6666-1320x743.jpeg 1320w, https:\/\/inspectornocturno.com.mx\/wp-content\/uploads\/2024\/02\/f954454f-33f5-48eb-bdbe-bc41561a6666-470x264.jpeg 470w, https:\/\/inspectornocturno.com.mx\/wp-content\/uploads\/2024\/02\/f954454f-33f5-48eb-bdbe-bc41561a6666-640x360.jpeg 640w, https:\/\/inspectornocturno.com.mx\/wp-content\/uploads\/2024\/02\/f954454f-33f5-48eb-bdbe-bc41561a6666-215x120.jpeg 215w, https:\/\/inspectornocturno.com.mx\/wp-content\/uploads\/2024\/02\/f954454f-33f5-48eb-bdbe-bc41561a6666-414x232.jpeg 414w, https:\/\/inspectornocturno.com.mx\/wp-content\/uploads\/2024\/02\/f954454f-33f5-48eb-bdbe-bc41561a6666-scaled.jpeg 900w\" data-sizes=\"(max-width: 1024px) 100vw, 1024px\" src=\"data:image\/svg+xml;base64,PHN2ZyB3aWR0aD0iMSIgaGVpZ2h0PSIxIiB4bWxucz0iaHR0cDovL3d3dy53My5vcmcvMjAwMC9zdmciPjwvc3ZnPg==\" style=\"--smush-placeholder-width: 1024px; --smush-placeholder-aspect-ratio: 1024\/576;\" \/><\/figure>\n\n\n\n<p>La indignaci\u00f3n surge ante la persistente pol\u00edtica de cerrar \u00e1reas del plantel durante el turno vespertino, impidiendo a los alumnos acceder a instalaciones esenciales.&nbsp;<\/p>\n\n\n\n<p>Esta pr\u00e1ctica se arrastra desde hace ocho a\u00f1os y la Secretaria de Educaci\u00f3n no ha hecho algo para evitarlo, toda vez que se trata de una violaci\u00f3n a los derechos humanos de los menores a tener espacios dignos para el aprendizaje.&nbsp;&nbsp;<\/p>\n\n\n\n<p>\u201cEstamos pidiendo junto a los padres de familia que se les de acceso a todas las \u00e1reas de la escuela, nos est\u00e1n mermando este acceso a los chicos de la tarde, las autoridades brillas por su ausencia, son chicos vulnerables y estamos alzando la voz por ellos\u201d. Se\u00f1alo la maestra Yamili Alonso.&nbsp; &nbsp;<\/p>\n\n\n\n<figure class=\"wp-block-gallery has-nested-images columns-default is-cropped wp-block-gallery-1 is-layout-flex wp-block-gallery-is-layout-flex\">\n<figure class=\"wp-block-image size-large\"><img decoding=\"async\" width=\"1024\" height=\"576\" data-id=\"62880\" data-src=\"https:\/\/inspectornocturno.com.mx\/wp-content\/uploads\/2024\/02\/4cb0a492-1be5-4a81-a0a9-e1880859fdbf-1024x576.jpeg\" alt=\"\" class=\"wp-image-62880 lazyload\" data-srcset=\"https:\/\/inspectornocturno.com.mx\/wp-content\/uploads\/2024\/02\/4cb0a492-1be5-4a81-a0a9-e1880859fdbf-1024x576.jpeg 1024w, https:\/\/inspectornocturno.com.mx\/wp-content\/uploads\/2024\/02\/4cb0a492-1be5-4a81-a0a9-e1880859fdbf-300x168.jpeg 300w, https:\/\/inspectornocturno.com.mx\/wp-content\/uploads\/2024\/02\/4cb0a492-1be5-4a81-a0a9-e1880859fdbf-768x432.jpeg 768w, https:\/\/inspectornocturno.com.mx\/wp-content\/uploads\/2024\/02\/4cb0a492-1be5-4a81-a0a9-e1880859fdbf-1536x864.jpeg 1536w, https:\/\/inspectornocturno.com.mx\/wp-content\/uploads\/2024\/02\/4cb0a492-1be5-4a81-a0a9-e1880859fdbf-990x557.jpeg 990w, https:\/\/inspectornocturno.com.mx\/wp-content\/uploads\/2024\/02\/4cb0a492-1be5-4a81-a0a9-e1880859fdbf-1320x743.jpeg 1320w, https:\/\/inspectornocturno.com.mx\/wp-content\/uploads\/2024\/02\/4cb0a492-1be5-4a81-a0a9-e1880859fdbf-470x264.jpeg 470w, https:\/\/inspectornocturno.com.mx\/wp-content\/uploads\/2024\/02\/4cb0a492-1be5-4a81-a0a9-e1880859fdbf-640x360.jpeg 640w, https:\/\/inspectornocturno.com.mx\/wp-content\/uploads\/2024\/02\/4cb0a492-1be5-4a81-a0a9-e1880859fdbf-215x120.jpeg 215w, https:\/\/inspectornocturno.com.mx\/wp-content\/uploads\/2024\/02\/4cb0a492-1be5-4a81-a0a9-e1880859fdbf-414x232.jpeg 414w, https:\/\/inspectornocturno.com.mx\/wp-content\/uploads\/2024\/02\/4cb0a492-1be5-4a81-a0a9-e1880859fdbf-scaled.jpeg 900w\" data-sizes=\"(max-width: 1024px) 100vw, 1024px\" src=\"data:image\/svg+xml;base64,PHN2ZyB3aWR0aD0iMSIgaGVpZ2h0PSIxIiB4bWxucz0iaHR0cDovL3d3dy53My5vcmcvMjAwMC9zdmciPjwvc3ZnPg==\" style=\"--smush-placeholder-width: 1024px; --smush-placeholder-aspect-ratio: 1024\/576;\" \/><\/figure>\n\n\n\n<figure class=\"wp-block-image size-large\"><img decoding=\"async\" width=\"1024\" height=\"576\" data-id=\"62881\" data-src=\"https:\/\/inspectornocturno.com.mx\/wp-content\/uploads\/2024\/02\/dea02230-46e8-4d58-aa25-b1c64ea1e71d-1024x576.jpeg\" alt=\"\" class=\"wp-image-62881 lazyload\" data-srcset=\"https:\/\/inspectornocturno.com.mx\/wp-content\/uploads\/2024\/02\/dea02230-46e8-4d58-aa25-b1c64ea1e71d-1024x576.jpeg 1024w, https:\/\/inspectornocturno.com.mx\/wp-content\/uploads\/2024\/02\/dea02230-46e8-4d58-aa25-b1c64ea1e71d-300x168.jpeg 300w, https:\/\/inspectornocturno.com.mx\/wp-content\/uploads\/2024\/02\/dea02230-46e8-4d58-aa25-b1c64ea1e71d-768x432.jpeg 768w, https:\/\/inspectornocturno.com.mx\/wp-content\/uploads\/2024\/02\/dea02230-46e8-4d58-aa25-b1c64ea1e71d-1536x864.jpeg 1536w, https:\/\/inspectornocturno.com.mx\/wp-content\/uploads\/2024\/02\/dea02230-46e8-4d58-aa25-b1c64ea1e71d-990x557.jpeg 990w, https:\/\/inspectornocturno.com.mx\/wp-content\/uploads\/2024\/02\/dea02230-46e8-4d58-aa25-b1c64ea1e71d-1320x743.jpeg 1320w, https:\/\/inspectornocturno.com.mx\/wp-content\/uploads\/2024\/02\/dea02230-46e8-4d58-aa25-b1c64ea1e71d-470x264.jpeg 470w, https:\/\/inspectornocturno.com.mx\/wp-content\/uploads\/2024\/02\/dea02230-46e8-4d58-aa25-b1c64ea1e71d-640x360.jpeg 640w, https:\/\/inspectornocturno.com.mx\/wp-content\/uploads\/2024\/02\/dea02230-46e8-4d58-aa25-b1c64ea1e71d-215x120.jpeg 215w, https:\/\/inspectornocturno.com.mx\/wp-content\/uploads\/2024\/02\/dea02230-46e8-4d58-aa25-b1c64ea1e71d-414x232.jpeg 414w, https:\/\/inspectornocturno.com.mx\/wp-content\/uploads\/2024\/02\/dea02230-46e8-4d58-aa25-b1c64ea1e71d-scaled.jpeg 900w\" data-sizes=\"(max-width: 1024px) 100vw, 1024px\" src=\"data:image\/svg+xml;base64,PHN2ZyB3aWR0aD0iMSIgaGVpZ2h0PSIxIiB4bWxucz0iaHR0cDovL3d3dy53My5vcmcvMjAwMC9zdmciPjwvc3ZnPg==\" style=\"--smush-placeholder-width: 1024px; --smush-placeholder-aspect-ratio: 1024\/576;\" \/><\/figure>\n<\/figure>\n\n\n\n<p>En esta escuela secundaria en el turno vespertino hay 75 alumnos y los docentes, en\u00e9rgicamente, recalcan que esta medida no solo menoscaba el desarrollo acad\u00e9mico de los estudiantes, sino que adem\u00e1s pone en riesgo su integridad al forzarlos a realizar actividades en salones de clase convencionales en lugar de utilizar los talleres especializados, que deber\u00edan ser accesibles.&nbsp;&nbsp;<\/p>\n\n\n\n<p>&nbsp;\u201cSon 75 alumnos de matricula y hay una incongruencia, por que los alumnos de la ma\u00f1ana tienen acceso total pero en la tarde le cierran el acceso a los alumnos, y se les esta limitando el desarrollo de habilidades y sus capacidades, tambi\u00e9n cierran los ba\u00f1os y la cocina, es decir est\u00e1n limitando a los menores\u201d. Se\u00f1alo la maestra Gladys Escobedo.&nbsp; &nbsp;<\/p>\n\n\n\n<p>La falta de acci\u00f3n por parte de las autoridades educativas deja en evidencia la&nbsp;<\/p>\n\n\n\n<p>falta de compromiso con la inclusi\u00f3n y el bienestar de los estudiantes con discapacidades.&nbsp;&nbsp;<\/p>\n\n\n\n<p>\u201cEsta situaci\u00f3n no es nueva, lleva muchos a\u00f1os, hemos acudido a diferentes autoridades pero no hay respuesta, nos dicen que lo van a platicar y ya han pasado ocho a\u00f1os\u201d. Declaro la maestra Arely Medina.&nbsp; &nbsp;<\/p>\n\n\n\n<p>Por su parte los padres de familia se\u00f1alaron \u201cNo se vale que los muchachos, los alumnos no tengan estos espacios, ellos son especiales y los est\u00e1n limitando\u201d dijo la se\u00f1ora Mar\u00eda Lara.&nbsp; &nbsp;<\/p>\n\n\n\n<p>Do\u00f1a Natividad Cen, tambi\u00e9n se inconformo y se\u00f1alo que no puede ser posible que se este actuando de esta manera contra los peque\u00f1os que requieren de atenci\u00f3n especial y dijo si no se hace algo al respecto podr\u00edan estar tomando mayores acciones de protesta social.&nbsp; &nbsp;<\/p>\n\n\n\n<p>La omisi\u00f3n de adaptar las instalaciones para satisfacer las necesidades de los alumnos con limitaciones es una clara muestra de la insensibilidad y desinter\u00e9s por parte de las autoridades educativas que por ocho a\u00f1os no han mostrado un inter\u00e9s por mejorarlas.&nbsp; &nbsp;<\/p>\n\n\n\n<p>\u201cQueremos que nos hagan caso porque sino vamos a tener que buscar otras medidas, no es justo, los ni\u00f1os deben los mismos derechos y no se est\u00e1n respetando\u201d.&nbsp;&nbsp;Expreso la madre de familia Natividad Cen.<\/p>\n","protected":false},"excerpt":{"rendered":"<p>\ud83d\udd3aLos padres de familia piden pronta atenci\u00f3n a los se\u00f1alamientos ya que los alumnos son los m\u00e1s afectados, pues ya son varios a\u00f1os con esta problem\u00e1tica.&nbsp; Chetumal.- La secundaria de Educaci\u00f3n Especial \u201cCAM Jan Vermeer\u201d fue escenario de una manifestaci\u00f3n en la que padres de familia y docentes denunciaron el continuo obst\u00e1culo impuesto por las [&hellip;]<\/p>\n","protected":false},"author":3,"featured_media":62879,"comment_status":"closed","ping_status":"closed","sticky":false,"template":"","format":"standard","meta":{"footnotes":"","_wpscppro_dont_share_socialmedia":false,"_wpscppro_custom_social_share_image":0,"_facebook_share_type":"","_twitter_share_type":"","_linkedin_share_type":"","_pinterest_share_type":"","_linkedin_share_type_page":"","_instagram_share_type":"","_medium_share_type":"","_threads_share_type":"","_google_business_share_type":"","_selected_social_profile":[],"_wpsp_enable_custom_social_template":false,"_wpsp_social_scheduling":{"enabled":false,"datetime":null,"platforms":[],"status":"template_only","dateOption":"today","timeOption":"now","customDays":"","customHours":"","customDate":"","customTime":"","schedulingType":"absolute"},"_wpsp_active_default_template":true},"categories":[56,75],"tags":[],"class_list":["post-62878","post","type-post","status-publish","format-standard","has-post-thumbnail","hentry","category-chetumal","category-policia"],"yoast_head":"<!-- This site is optimized with the Yoast SEO plugin v27.4 - https:\/\/yoast.com\/product\/yoast-seo-wordpress\/ -->\n<title>DENUNCIAN LIMITACIONES EN ESCUELA DE EDUCACI\u00d3N ESPECIAL\u00a0 - Inspector Nocturno<\/title>\n<meta name=\"robots\" content=\"index, follow, max-snippet:-1, max-image-preview:large, max-video-preview:-1\" \/>\n<link rel=\"canonical\" href=\"https:\/\/inspectornocturno.com.mx\/?p=62878\" \/>\n<meta property=\"og:locale\" content=\"es_ES\" \/>\n<meta property=\"og:type\" content=\"article\" \/>\n<meta property=\"og:title\" content=\"DENUNCIAN LIMITACIONES EN ESCUELA DE EDUCACI\u00d3N ESPECIAL\u00a0 - Inspector Nocturno\" \/>\n<meta property=\"og:description\" content=\"\ud83d\udd3aLos padres de familia piden pronta atenci\u00f3n a los se\u00f1alamientos ya que los alumnos son los m\u00e1s afectados, pues ya son varios a\u00f1os con esta problem\u00e1tica.&nbsp; Chetumal.- La secundaria de Educaci\u00f3n Especial \u201cCAM Jan Vermeer\u201d fue escenario de una manifestaci\u00f3n en la que padres de familia y docentes denunciaron el continuo obst\u00e1culo impuesto por las [&hellip;]\" \/>\n<meta property=\"og:url\" content=\"https:\/\/inspectornocturno.com.mx\/?p=62878\" \/>\n<meta property=\"og:site_name\" content=\"Inspector Nocturno\" \/>\n<meta property=\"article:published_time\" content=\"2024-02-22T19:30:37+00:00\" \/>\n<meta property=\"article:modified_time\" content=\"2024-02-22T19:30:39+00:00\" \/>\n<meta property=\"og:image\" content=\"https:\/\/inspectornocturno.com.mx\/wp-content\/uploads\/2024\/02\/f954454f-33f5-48eb-bdbe-bc41561a6666-scaled.jpeg\" \/>\n\t<meta property=\"og:image:width\" content=\"900\" \/>\n\t<meta property=\"og:image:height\" content=\"506\" \/>\n\t<meta property=\"og:image:type\" content=\"image\/jpeg\" \/>\n<meta name=\"author\" content=\"Inspector Nocturno\" \/>\n<meta name=\"twitter:card\" content=\"summary_large_image\" \/>\n<meta name=\"twitter:image\" content=\"https:\/\/inspectornocturno.com.mx\/wp-content\/uploads\/2024\/02\/f954454f-33f5-48eb-bdbe-bc41561a6666-scaled.jpeg\" \/>\n<script type=\"application\/ld+json\" class=\"yoast-schema-graph\">{\"@context\":\"https:\\\/\\\/schema.org\",\"@graph\":[{\"@type\":\"Article\",\"@id\":\"https:\\\/\\\/inspectornocturno.com.mx\\\/?p=62878#article\",\"isPartOf\":{\"@id\":\"https:\\\/\\\/inspectornocturno.com.mx\\\/?p=62878\"},\"author\":{\"name\":\"Inspector Nocturno\",\"@id\":\"https:\\\/\\\/inspectornocturno.com.mx\\\/#\\\/schema\\\/person\\\/2f4c4173b1712fd9cf4f4b9365ce65db\"},\"headline\":\"DENUNCIAN LIMITACIONES EN ESCUELA DE EDUCACI\u00d3N ESPECIAL\u00a0\",\"datePublished\":\"2024-02-22T19:30:37+00:00\",\"dateModified\":\"2024-02-22T19:30:39+00:00\",\"mainEntityOfPage\":{\"@id\":\"https:\\\/\\\/inspectornocturno.com.mx\\\/?p=62878\"},\"wordCount\":600,\"publisher\":{\"@id\":\"https:\\\/\\\/inspectornocturno.com.mx\\\/#\\\/schema\\\/person\\\/63eb343fea17271215b1dd2793b27897\"},\"image\":{\"@id\":\"https:\\\/\\\/inspectornocturno.com.mx\\\/?p=62878#primaryimage\"},\"thumbnailUrl\":\"https:\\\/\\\/inspectornocturno.com.mx\\\/wp-content\\\/uploads\\\/2024\\\/02\\\/f954454f-33f5-48eb-bdbe-bc41561a6666-scaled.jpeg\",\"articleSection\":[\"Chetumal\",\"Polic\u00eda\"],\"inLanguage\":\"es\"},{\"@type\":\"WebPage\",\"@id\":\"https:\\\/\\\/inspectornocturno.com.mx\\\/?p=62878\",\"url\":\"https:\\\/\\\/inspectornocturno.com.mx\\\/?p=62878\",\"name\":\"DENUNCIAN LIMITACIONES EN ESCUELA DE EDUCACI\u00d3N ESPECIAL\u00a0 - Inspector Nocturno\",\"isPartOf\":{\"@id\":\"https:\\\/\\\/inspectornocturno.com.mx\\\/#website\"},\"primaryImageOfPage\":{\"@id\":\"https:\\\/\\\/inspectornocturno.com.mx\\\/?p=62878#primaryimage\"},\"image\":{\"@id\":\"https:\\\/\\\/inspectornocturno.com.mx\\\/?p=62878#primaryimage\"},\"thumbnailUrl\":\"https:\\\/\\\/inspectornocturno.com.mx\\\/wp-content\\\/uploads\\\/2024\\\/02\\\/f954454f-33f5-48eb-bdbe-bc41561a6666-scaled.jpeg\",\"datePublished\":\"2024-02-22T19:30:37+00:00\",\"dateModified\":\"2024-02-22T19:30:39+00:00\",\"breadcrumb\":{\"@id\":\"https:\\\/\\\/inspectornocturno.com.mx\\\/?p=62878#breadcrumb\"},\"inLanguage\":\"es\",\"potentialAction\":[{\"@type\":\"ReadAction\",\"target\":[\"https:\\\/\\\/inspectornocturno.com.mx\\\/?p=62878\"]}]},{\"@type\":\"ImageObject\",\"inLanguage\":\"es\",\"@id\":\"https:\\\/\\\/inspectornocturno.com.mx\\\/?p=62878#primaryimage\",\"url\":\"https:\\\/\\\/inspectornocturno.com.mx\\\/wp-content\\\/uploads\\\/2024\\\/02\\\/f954454f-33f5-48eb-bdbe-bc41561a6666-scaled.jpeg\",\"contentUrl\":\"https:\\\/\\\/inspectornocturno.com.mx\\\/wp-content\\\/uploads\\\/2024\\\/02\\\/f954454f-33f5-48eb-bdbe-bc41561a6666-scaled.jpeg\",\"width\":900,\"height\":506},{\"@type\":\"BreadcrumbList\",\"@id\":\"https:\\\/\\\/inspectornocturno.com.mx\\\/?p=62878#breadcrumb\",\"itemListElement\":[{\"@type\":\"ListItem\",\"position\":1,\"name\":\"Portada\",\"item\":\"https:\\\/\\\/inspectornocturno.com.mx\\\/\"},{\"@type\":\"ListItem\",\"position\":2,\"name\":\"DENUNCIAN LIMITACIONES EN ESCUELA DE EDUCACI\u00d3N ESPECIAL\u00a0\"}]},{\"@type\":\"WebSite\",\"@id\":\"https:\\\/\\\/inspectornocturno.com.mx\\\/#website\",\"url\":\"https:\\\/\\\/inspectornocturno.com.mx\\\/\",\"name\":\"Inspector Nocturno\",\"description\":\"Canc\u00fan, noticias al minuto del inspector nocturno\",\"publisher\":{\"@id\":\"https:\\\/\\\/inspectornocturno.com.mx\\\/#\\\/schema\\\/person\\\/63eb343fea17271215b1dd2793b27897\"},\"alternateName\":\"Noticias de impacto al momento de los hechos\",\"potentialAction\":[{\"@type\":\"SearchAction\",\"target\":{\"@type\":\"EntryPoint\",\"urlTemplate\":\"https:\\\/\\\/inspectornocturno.com.mx\\\/?s={search_term_string}\"},\"query-input\":{\"@type\":\"PropertyValueSpecification\",\"valueRequired\":true,\"valueName\":\"search_term_string\"}}],\"inLanguage\":\"es\"},{\"@type\":[\"Person\",\"Organization\"],\"@id\":\"https:\\\/\\\/inspectornocturno.com.mx\\\/#\\\/schema\\\/person\\\/63eb343fea17271215b1dd2793b27897\",\"name\":\"Inspector Nocturno\",\"image\":{\"@type\":\"ImageObject\",\"inLanguage\":\"es\",\"@id\":\"https:\\\/\\\/inspectornocturno.com.mx\\\/wp-content\\\/uploads\\\/2021\\\/10\\\/logo-transparente.png\",\"url\":\"https:\\\/\\\/inspectornocturno.com.mx\\\/wp-content\\\/uploads\\\/2021\\\/10\\\/logo-transparente.png\",\"contentUrl\":\"https:\\\/\\\/inspectornocturno.com.mx\\\/wp-content\\\/uploads\\\/2021\\\/10\\\/logo-transparente.png\",\"width\":561,\"height\":668,\"caption\":\"Inspector Nocturno\"},\"logo\":{\"@id\":\"https:\\\/\\\/inspectornocturno.com.mx\\\/wp-content\\\/uploads\\\/2021\\\/10\\\/logo-transparente.png\"},\"sameAs\":[\"http:\\\/\\\/inspectornocturno.com.mx\"]},{\"@type\":\"Person\",\"@id\":\"https:\\\/\\\/inspectornocturno.com.mx\\\/#\\\/schema\\\/person\\\/2f4c4173b1712fd9cf4f4b9365ce65db\",\"name\":\"Inspector Nocturno\",\"sameAs\":[\"http:\\\/\\\/inspectornocturno.com.mx\"]}]}<\/script>\n<!-- \/ Yoast SEO plugin. -->","yoast_head_json":{"title":"DENUNCIAN LIMITACIONES EN ESCUELA DE EDUCACI\u00d3N ESPECIAL\u00a0 - Inspector Nocturno","robots":{"index":"index","follow":"follow","max-snippet":"max-snippet:-1","max-image-preview":"max-image-preview:large","max-video-preview":"max-video-preview:-1"},"canonical":"https:\/\/inspectornocturno.com.mx\/?p=62878","og_locale":"es_ES","og_type":"article","og_title":"DENUNCIAN LIMITACIONES EN ESCUELA DE EDUCACI\u00d3N ESPECIAL\u00a0 - Inspector Nocturno","og_description":"\ud83d\udd3aLos padres de familia piden pronta atenci\u00f3n a los se\u00f1alamientos ya que los alumnos son los m\u00e1s afectados, pues ya son varios a\u00f1os con esta problem\u00e1tica.&nbsp; Chetumal.- La secundaria de Educaci\u00f3n Especial \u201cCAM Jan Vermeer\u201d fue escenario de una manifestaci\u00f3n en la que padres de familia y docentes denunciaron el continuo obst\u00e1culo impuesto por las [&hellip;]","og_url":"https:\/\/inspectornocturno.com.mx\/?p=62878","og_site_name":"Inspector Nocturno","article_published_time":"2024-02-22T19:30:37+00:00","article_modified_time":"2024-02-22T19:30:39+00:00","og_image":[{"width":900,"height":506,"url":"https:\/\/inspectornocturno.com.mx\/wp-content\/uploads\/2024\/02\/f954454f-33f5-48eb-bdbe-bc41561a6666-scaled.jpeg","type":"image\/jpeg"}],"author":"Inspector Nocturno","twitter_card":"summary_large_image","twitter_image":"https:\/\/inspectornocturno.com.mx\/wp-content\/uploads\/2024\/02\/f954454f-33f5-48eb-bdbe-bc41561a6666-scaled.jpeg","schema":{"@context":"https:\/\/schema.org","@graph":[{"@type":"Article","@id":"https:\/\/inspectornocturno.com.mx\/?p=62878#article","isPartOf":{"@id":"https:\/\/inspectornocturno.com.mx\/?p=62878"},"author":{"name":"Inspector Nocturno","@id":"https:\/\/inspectornocturno.com.mx\/#\/schema\/person\/2f4c4173b1712fd9cf4f4b9365ce65db"},"headline":"DENUNCIAN LIMITACIONES EN ESCUELA DE EDUCACI\u00d3N ESPECIAL\u00a0","datePublished":"2024-02-22T19:30:37+00:00","dateModified":"2024-02-22T19:30:39+00:00","mainEntityOfPage":{"@id":"https:\/\/inspectornocturno.com.mx\/?p=62878"},"wordCount":600,"publisher":{"@id":"https:\/\/inspectornocturno.com.mx\/#\/schema\/person\/63eb343fea17271215b1dd2793b27897"},"image":{"@id":"https:\/\/inspectornocturno.com.mx\/?p=62878#primaryimage"},"thumbnailUrl":"https:\/\/inspectornocturno.com.mx\/wp-content\/uploads\/2024\/02\/f954454f-33f5-48eb-bdbe-bc41561a6666-scaled.jpeg","articleSection":["Chetumal","Polic\u00eda"],"inLanguage":"es"},{"@type":"WebPage","@id":"https:\/\/inspectornocturno.com.mx\/?p=62878","url":"https:\/\/inspectornocturno.com.mx\/?p=62878","name":"DENUNCIAN LIMITACIONES EN ESCUELA DE EDUCACI\u00d3N ESPECIAL\u00a0 - Inspector Nocturno","isPartOf":{"@id":"https:\/\/inspectornocturno.com.mx\/#website"},"primaryImageOfPage":{"@id":"https:\/\/inspectornocturno.com.mx\/?p=62878#primaryimage"},"image":{"@id":"https:\/\/inspectornocturno.com.mx\/?p=62878#primaryimage"},"thumbnailUrl":"https:\/\/inspectornocturno.com.mx\/wp-content\/uploads\/2024\/02\/f954454f-33f5-48eb-bdbe-bc41561a6666-scaled.jpeg","datePublished":"2024-02-22T19:30:37+00:00","dateModified":"2024-02-22T19:30:39+00:00","breadcrumb":{"@id":"https:\/\/inspectornocturno.com.mx\/?p=62878#breadcrumb"},"inLanguage":"es","potentialAction":[{"@type":"ReadAction","target":["https:\/\/inspectornocturno.com.mx\/?p=62878"]}]},{"@type":"ImageObject","inLanguage":"es","@id":"https:\/\/inspectornocturno.com.mx\/?p=62878#primaryimage","url":"https:\/\/inspectornocturno.com.mx\/wp-content\/uploads\/2024\/02\/f954454f-33f5-48eb-bdbe-bc41561a6666-scaled.jpeg","contentUrl":"https:\/\/inspectornocturno.com.mx\/wp-content\/uploads\/2024\/02\/f954454f-33f5-48eb-bdbe-bc41561a6666-scaled.jpeg","width":900,"height":506},{"@type":"BreadcrumbList","@id":"https:\/\/inspectornocturno.com.mx\/?p=62878#breadcrumb","itemListElement":[{"@type":"ListItem","position":1,"name":"Portada","item":"https:\/\/inspectornocturno.com.mx\/"},{"@type":"ListItem","position":2,"name":"DENUNCIAN LIMITACIONES EN ESCUELA DE EDUCACI\u00d3N ESPECIAL\u00a0"}]},{"@type":"WebSite","@id":"https:\/\/inspectornocturno.com.mx\/#website","url":"https:\/\/inspectornocturno.com.mx\/","name":"Inspector Nocturno","description":"Canc\u00fan, noticias al minuto del inspector nocturno","publisher":{"@id":"https:\/\/inspectornocturno.com.mx\/#\/schema\/person\/63eb343fea17271215b1dd2793b27897"},"alternateName":"Noticias de impacto al momento de los hechos","potentialAction":[{"@type":"SearchAction","target":{"@type":"EntryPoint","urlTemplate":"https:\/\/inspectornocturno.com.mx\/?s={search_term_string}"},"query-input":{"@type":"PropertyValueSpecification","valueRequired":true,"valueName":"search_term_string"}}],"inLanguage":"es"},{"@type":["Person","Organization"],"@id":"https:\/\/inspectornocturno.com.mx\/#\/schema\/person\/63eb343fea17271215b1dd2793b27897","name":"Inspector Nocturno","image":{"@type":"ImageObject","inLanguage":"es","@id":"https:\/\/inspectornocturno.com.mx\/wp-content\/uploads\/2021\/10\/logo-transparente.png","url":"https:\/\/inspectornocturno.com.mx\/wp-content\/uploads\/2021\/10\/logo-transparente.png","contentUrl":"https:\/\/inspectornocturno.com.mx\/wp-content\/uploads\/2021\/10\/logo-transparente.png","width":561,"height":668,"caption":"Inspector Nocturno"},"logo":{"@id":"https:\/\/inspectornocturno.com.mx\/wp-content\/uploads\/2021\/10\/logo-transparente.png"},"sameAs":["http:\/\/inspectornocturno.com.mx"]},{"@type":"Person","@id":"https:\/\/inspectornocturno.com.mx\/#\/schema\/person\/2f4c4173b1712fd9cf4f4b9365ce65db","name":"Inspector Nocturno","sameAs":["http:\/\/inspectornocturno.com.mx"]}]}},"views":870,"_links":{"self":[{"href":"https:\/\/inspectornocturno.com.mx\/index.php?rest_route=\/wp\/v2\/posts\/62878","targetHints":{"allow":["GET"]}}],"collection":[{"href":"https:\/\/inspectornocturno.com.mx\/index.php?rest_route=\/wp\/v2\/posts"}],"about":[{"href":"https:\/\/inspectornocturno.com.mx\/index.php?rest_route=\/wp\/v2\/types\/post"}],"author":[{"embeddable":true,"href":"https:\/\/inspectornocturno.com.mx\/index.php?rest_route=\/wp\/v2\/users\/3"}],"replies":[{"embeddable":true,"href":"https:\/\/inspectornocturno.com.mx\/index.php?rest_route=%2Fwp%2Fv2%2Fcomments&post=62878"}],"version-history":[{"count":1,"href":"https:\/\/inspectornocturno.com.mx\/index.php?rest_route=\/wp\/v2\/posts\/62878\/revisions"}],"predecessor-version":[{"id":62882,"href":"https:\/\/inspectornocturno.com.mx\/index.php?rest_route=\/wp\/v2\/posts\/62878\/revisions\/62882"}],"wp:featuredmedia":[{"embeddable":true,"href":"https:\/\/inspectornocturno.com.mx\/index.php?rest_route=\/wp\/v2\/media\/62879"}],"wp:attachment":[{"href":"https:\/\/inspectornocturno.com.mx\/index.php?rest_route=%2Fwp%2Fv2%2Fmedia&parent=62878"}],"wp:term":[{"taxonomy":"category","embeddable":true,"href":"https:\/\/inspectornocturno.com.mx\/index.php?rest_route=%2Fwp%2Fv2%2Fcategories&post=62878"},{"taxonomy":"post_tag","embeddable":true,"href":"https:\/\/inspectornocturno.com.mx\/index.php?rest_route=%2Fwp%2Fv2%2Ftags&post=62878"}],"curies":[{"name":"wp","href":"https:\/\/api.w.org\/{rel}","templated":true}]}}