{"id":59203,"date":"2023-12-16T09:45:30","date_gmt":"2023-12-16T14:45:30","guid":{"rendered":"https:\/\/inspectornocturno.com.mx\/?p=59203"},"modified":"2023-12-16T09:45:31","modified_gmt":"2023-12-16T14:45:31","slug":"fallece-uno-de-los-heridos-por-disparos-en-la-colonia-ejido","status":"publish","type":"post","link":"https:\/\/inspectornocturno.com.mx\/?p=59203","title":{"rendered":"FALLECE UNO DE LOS HERIDOS POR DISPAROS EN LA COLONIA EJIDO"},"content":{"rendered":"\n<p>\ud83d\udd3a Los hechos ocurrieron la noche del pasado jueves en la colonia Ejido de Tulum, cuando hombres armados dejaron a tres personas heridas.<\/p>\n\n\n\n<p>#InspectorNocturno\ud83d\udd75\ud83c\udfff\u200d\u2642\ufe0f\ud83d\udd0e #Noticias\ud83d\udea8\ud83d\ude93\ud83d\udc6e\ud83c\udffe\u200d\u2642\ufe0f #Tulum<\/p>\n\n\n\n<p>Tulum.- Lamentablemente, uno de los tres hombres que resultaron heridos de bala durante un ataque la noche del pasado jueves en la colonia Ejido de Tulum ha perdido la vida esta ma\u00f1ana a causa de las graves heridas, mientras recib\u00eda atenci\u00f3n m\u00e9dica en el Hospital General de la ciudad.<\/p>\n\n\n\n<p>El incidente ocurri\u00f3 cuando individuos armados abrieron fuego contra un grupo de personas que se encontraban compartiendo en una vivienda de la mencionada colonia, dejando a tres de ellos lesionados. Uno de los heridos, en estado cr\u00edtico, fue trasladado de manera urgente a Playa del Carmen, donde lamentablemente falleci\u00f3 hoy.<\/p>\n\n\n\n<p>Las autoridades contin\u00faan investigando el motivo detr\u00e1s de este acto violento, mientras que las otras dos v\u00edctimas se encuentran en situaci\u00f3n estable, seg\u00fan informes proporcionados por fuentes del Sector Salud. La comunidad local est\u00e1 conmocionada por esta tr\u00e1gica p\u00e9rdida y se espera que las autoridades esclarezcan los hechos en curso.<\/p>\n","protected":false},"excerpt":{"rendered":"<p>\ud83d\udd3a Los hechos ocurrieron la noche del pasado jueves en la colonia Ejido de Tulum, cuando hombres armados dejaron a tres personas heridas. #InspectorNocturno\ud83d\udd75\ud83c\udfff\u200d\u2642\ufe0f\ud83d\udd0e #Noticias\ud83d\udea8\ud83d\ude93\ud83d\udc6e\ud83c\udffe\u200d\u2642\ufe0f #Tulum Tulum.- Lamentablemente, uno de los tres hombres que resultaron heridos de bala durante un ataque la noche del pasado jueves en la colonia Ejido de Tulum ha perdido la [&hellip;]<\/p>\n","protected":false},"author":9,"featured_media":59204,"comment_status":"closed","ping_status":"closed","sticky":false,"template":"","format":"standard","meta":{"footnotes":"","_wpscppro_dont_share_socialmedia":false,"_wpscppro_custom_social_share_image":0,"_facebook_share_type":"","_twitter_share_type":"","_linkedin_share_type":"","_pinterest_share_type":"","_linkedin_share_type_page":"","_instagram_share_type":"","_medium_share_type":"","_threads_share_type":"","_google_business_share_type":"","_selected_social_profile":[],"_wpsp_enable_custom_social_template":false,"_wpsp_social_scheduling":{"enabled":false,"datetime":null,"platforms":[],"status":"template_only","dateOption":"today","timeOption":"now","customDays":"","customHours":"","customDate":"","customTime":"","schedulingType":"absolute"},"_wpsp_active_default_template":true},"categories":[3,48],"tags":[],"class_list":["post-59203","post","type-post","status-publish","format-standard","has-post-thumbnail","hentry","category-quintana-roo","category-tulum"],"yoast_head":"<!-- This site is optimized with the Yoast SEO plugin v27.4 - https:\/\/yoast.com\/product\/yoast-seo-wordpress\/ -->\n<title>FALLECE UNO DE LOS HERIDOS POR DISPAROS EN LA COLONIA EJIDO - Inspector Nocturno<\/title>\n<meta name=\"robots\" content=\"index, follow, max-snippet:-1, max-image-preview:large, max-video-preview:-1\" \/>\n<link rel=\"canonical\" href=\"https:\/\/inspectornocturno.com.mx\/?p=59203\" \/>\n<meta property=\"og:locale\" content=\"es_ES\" \/>\n<meta property=\"og:type\" content=\"article\" \/>\n<meta property=\"og:title\" content=\"FALLECE UNO DE LOS HERIDOS POR DISPAROS EN LA COLONIA EJIDO - Inspector Nocturno\" \/>\n<meta property=\"og:description\" content=\"\ud83d\udd3a Los hechos ocurrieron la noche del pasado jueves en la colonia Ejido de Tulum, cuando hombres armados dejaron a tres personas heridas. #InspectorNocturno\ud83d\udd75\ud83c\udfff\u200d\u2642\ufe0f\ud83d\udd0e #Noticias\ud83d\udea8\ud83d\ude93\ud83d\udc6e\ud83c\udffe\u200d\u2642\ufe0f #Tulum Tulum.- Lamentablemente, uno de los tres hombres que resultaron heridos de bala durante un ataque la noche del pasado jueves en la colonia Ejido de Tulum ha perdido la [&hellip;]\" \/>\n<meta property=\"og:url\" content=\"https:\/\/inspectornocturno.com.mx\/?p=59203\" \/>\n<meta property=\"og:site_name\" content=\"Inspector Nocturno\" \/>\n<meta property=\"article:published_time\" content=\"2023-12-16T14:45:30+00:00\" \/>\n<meta property=\"article:modified_time\" content=\"2023-12-16T14:45:31+00:00\" \/>\n<meta property=\"og:image\" content=\"https:\/\/inspectornocturno.com.mx\/wp-content\/uploads\/2023\/12\/409363943_749632780528332_1883021417343184823_n-scaled.jpg\" \/>\n\t<meta property=\"og:image:width\" content=\"900\" \/>\n\t<meta property=\"og:image:height\" content=\"520\" \/>\n\t<meta property=\"og:image:type\" content=\"image\/jpeg\" \/>\n<meta name=\"author\" content=\"Inspector Nocturno\" \/>\n<meta name=\"twitter:card\" content=\"summary_large_image\" \/>\n<script type=\"application\/ld+json\" class=\"yoast-schema-graph\">{\"@context\":\"https:\\\/\\\/schema.org\",\"@graph\":[{\"@type\":\"Article\",\"@id\":\"https:\\\/\\\/inspectornocturno.com.mx\\\/?p=59203#article\",\"isPartOf\":{\"@id\":\"https:\\\/\\\/inspectornocturno.com.mx\\\/?p=59203\"},\"author\":{\"name\":\"Inspector Nocturno\",\"@id\":\"https:\\\/\\\/inspectornocturno.com.mx\\\/#\\\/schema\\\/person\\\/e9418c22a987eae8f9a24e3f6f11b64a\"},\"headline\":\"FALLECE UNO DE LOS HERIDOS POR DISPAROS EN LA COLONIA EJIDO\",\"datePublished\":\"2023-12-16T14:45:30+00:00\",\"dateModified\":\"2023-12-16T14:45:31+00:00\",\"mainEntityOfPage\":{\"@id\":\"https:\\\/\\\/inspectornocturno.com.mx\\\/?p=59203\"},\"wordCount\":198,\"publisher\":{\"@id\":\"https:\\\/\\\/inspectornocturno.com.mx\\\/#\\\/schema\\\/person\\\/63eb343fea17271215b1dd2793b27897\"},\"image\":{\"@id\":\"https:\\\/\\\/inspectornocturno.com.mx\\\/?p=59203#primaryimage\"},\"thumbnailUrl\":\"https:\\\/\\\/inspectornocturno.com.mx\\\/wp-content\\\/uploads\\\/2023\\\/12\\\/409363943_749632780528332_1883021417343184823_n-scaled.jpg\",\"articleSection\":[\"Quintana Roo\",\"Tulum\"],\"inLanguage\":\"es\"},{\"@type\":\"WebPage\",\"@id\":\"https:\\\/\\\/inspectornocturno.com.mx\\\/?p=59203\",\"url\":\"https:\\\/\\\/inspectornocturno.com.mx\\\/?p=59203\",\"name\":\"FALLECE UNO DE LOS HERIDOS POR DISPAROS EN LA COLONIA EJIDO - Inspector Nocturno\",\"isPartOf\":{\"@id\":\"https:\\\/\\\/inspectornocturno.com.mx\\\/#website\"},\"primaryImageOfPage\":{\"@id\":\"https:\\\/\\\/inspectornocturno.com.mx\\\/?p=59203#primaryimage\"},\"image\":{\"@id\":\"https:\\\/\\\/inspectornocturno.com.mx\\\/?p=59203#primaryimage\"},\"thumbnailUrl\":\"https:\\\/\\\/inspectornocturno.com.mx\\\/wp-content\\\/uploads\\\/2023\\\/12\\\/409363943_749632780528332_1883021417343184823_n-scaled.jpg\",\"datePublished\":\"2023-12-16T14:45:30+00:00\",\"dateModified\":\"2023-12-16T14:45:31+00:00\",\"breadcrumb\":{\"@id\":\"https:\\\/\\\/inspectornocturno.com.mx\\\/?p=59203#breadcrumb\"},\"inLanguage\":\"es\",\"potentialAction\":[{\"@type\":\"ReadAction\",\"target\":[\"https:\\\/\\\/inspectornocturno.com.mx\\\/?p=59203\"]}]},{\"@type\":\"ImageObject\",\"inLanguage\":\"es\",\"@id\":\"https:\\\/\\\/inspectornocturno.com.mx\\\/?p=59203#primaryimage\",\"url\":\"https:\\\/\\\/inspectornocturno.com.mx\\\/wp-content\\\/uploads\\\/2023\\\/12\\\/409363943_749632780528332_1883021417343184823_n-scaled.jpg\",\"contentUrl\":\"https:\\\/\\\/inspectornocturno.com.mx\\\/wp-content\\\/uploads\\\/2023\\\/12\\\/409363943_749632780528332_1883021417343184823_n-scaled.jpg\",\"width\":900,\"height\":520},{\"@type\":\"BreadcrumbList\",\"@id\":\"https:\\\/\\\/inspectornocturno.com.mx\\\/?p=59203#breadcrumb\",\"itemListElement\":[{\"@type\":\"ListItem\",\"position\":1,\"name\":\"Portada\",\"item\":\"https:\\\/\\\/inspectornocturno.com.mx\\\/\"},{\"@type\":\"ListItem\",\"position\":2,\"name\":\"FALLECE UNO DE LOS HERIDOS POR DISPAROS EN LA COLONIA EJIDO\"}]},{\"@type\":\"WebSite\",\"@id\":\"https:\\\/\\\/inspectornocturno.com.mx\\\/#website\",\"url\":\"https:\\\/\\\/inspectornocturno.com.mx\\\/\",\"name\":\"Inspector Nocturno\",\"description\":\"Canc\u00fan, noticias al minuto del inspector nocturno\",\"publisher\":{\"@id\":\"https:\\\/\\\/inspectornocturno.com.mx\\\/#\\\/schema\\\/person\\\/63eb343fea17271215b1dd2793b27897\"},\"alternateName\":\"Noticias de impacto al momento de los hechos\",\"potentialAction\":[{\"@type\":\"SearchAction\",\"target\":{\"@type\":\"EntryPoint\",\"urlTemplate\":\"https:\\\/\\\/inspectornocturno.com.mx\\\/?s={search_term_string}\"},\"query-input\":{\"@type\":\"PropertyValueSpecification\",\"valueRequired\":true,\"valueName\":\"search_term_string\"}}],\"inLanguage\":\"es\"},{\"@type\":[\"Person\",\"Organization\"],\"@id\":\"https:\\\/\\\/inspectornocturno.com.mx\\\/#\\\/schema\\\/person\\\/63eb343fea17271215b1dd2793b27897\",\"name\":\"Inspector Nocturno\",\"image\":{\"@type\":\"ImageObject\",\"inLanguage\":\"es\",\"@id\":\"https:\\\/\\\/inspectornocturno.com.mx\\\/wp-content\\\/uploads\\\/2021\\\/10\\\/logo-transparente.png\",\"url\":\"https:\\\/\\\/inspectornocturno.com.mx\\\/wp-content\\\/uploads\\\/2021\\\/10\\\/logo-transparente.png\",\"contentUrl\":\"https:\\\/\\\/inspectornocturno.com.mx\\\/wp-content\\\/uploads\\\/2021\\\/10\\\/logo-transparente.png\",\"width\":561,\"height\":668,\"caption\":\"Inspector Nocturno\"},\"logo\":{\"@id\":\"https:\\\/\\\/inspectornocturno.com.mx\\\/wp-content\\\/uploads\\\/2021\\\/10\\\/logo-transparente.png\"},\"sameAs\":[\"http:\\\/\\\/inspectornocturno.com.mx\"]},{\"@type\":\"Person\",\"@id\":\"https:\\\/\\\/inspectornocturno.com.mx\\\/#\\\/schema\\\/person\\\/e9418c22a987eae8f9a24e3f6f11b64a\",\"name\":\"Inspector Nocturno\"}]}<\/script>\n<!-- \/ Yoast SEO plugin. -->","yoast_head_json":{"title":"FALLECE UNO DE LOS HERIDOS POR DISPAROS EN LA COLONIA EJIDO - Inspector Nocturno","robots":{"index":"index","follow":"follow","max-snippet":"max-snippet:-1","max-image-preview":"max-image-preview:large","max-video-preview":"max-video-preview:-1"},"canonical":"https:\/\/inspectornocturno.com.mx\/?p=59203","og_locale":"es_ES","og_type":"article","og_title":"FALLECE UNO DE LOS HERIDOS POR DISPAROS EN LA COLONIA EJIDO - Inspector Nocturno","og_description":"\ud83d\udd3a Los hechos ocurrieron la noche del pasado jueves en la colonia Ejido de Tulum, cuando hombres armados dejaron a tres personas heridas. #InspectorNocturno\ud83d\udd75\ud83c\udfff\u200d\u2642\ufe0f\ud83d\udd0e #Noticias\ud83d\udea8\ud83d\ude93\ud83d\udc6e\ud83c\udffe\u200d\u2642\ufe0f #Tulum Tulum.- Lamentablemente, uno de los tres hombres que resultaron heridos de bala durante un ataque la noche del pasado jueves en la colonia Ejido de Tulum ha perdido la [&hellip;]","og_url":"https:\/\/inspectornocturno.com.mx\/?p=59203","og_site_name":"Inspector Nocturno","article_published_time":"2023-12-16T14:45:30+00:00","article_modified_time":"2023-12-16T14:45:31+00:00","og_image":[{"width":900,"height":520,"url":"https:\/\/inspectornocturno.com.mx\/wp-content\/uploads\/2023\/12\/409363943_749632780528332_1883021417343184823_n-scaled.jpg","type":"image\/jpeg"}],"author":"Inspector Nocturno","twitter_card":"summary_large_image","schema":{"@context":"https:\/\/schema.org","@graph":[{"@type":"Article","@id":"https:\/\/inspectornocturno.com.mx\/?p=59203#article","isPartOf":{"@id":"https:\/\/inspectornocturno.com.mx\/?p=59203"},"author":{"name":"Inspector Nocturno","@id":"https:\/\/inspectornocturno.com.mx\/#\/schema\/person\/e9418c22a987eae8f9a24e3f6f11b64a"},"headline":"FALLECE UNO DE LOS HERIDOS POR DISPAROS EN LA COLONIA EJIDO","datePublished":"2023-12-16T14:45:30+00:00","dateModified":"2023-12-16T14:45:31+00:00","mainEntityOfPage":{"@id":"https:\/\/inspectornocturno.com.mx\/?p=59203"},"wordCount":198,"publisher":{"@id":"https:\/\/inspectornocturno.com.mx\/#\/schema\/person\/63eb343fea17271215b1dd2793b27897"},"image":{"@id":"https:\/\/inspectornocturno.com.mx\/?p=59203#primaryimage"},"thumbnailUrl":"https:\/\/inspectornocturno.com.mx\/wp-content\/uploads\/2023\/12\/409363943_749632780528332_1883021417343184823_n-scaled.jpg","articleSection":["Quintana Roo","Tulum"],"inLanguage":"es"},{"@type":"WebPage","@id":"https:\/\/inspectornocturno.com.mx\/?p=59203","url":"https:\/\/inspectornocturno.com.mx\/?p=59203","name":"FALLECE UNO DE LOS HERIDOS POR DISPAROS EN LA COLONIA EJIDO - Inspector Nocturno","isPartOf":{"@id":"https:\/\/inspectornocturno.com.mx\/#website"},"primaryImageOfPage":{"@id":"https:\/\/inspectornocturno.com.mx\/?p=59203#primaryimage"},"image":{"@id":"https:\/\/inspectornocturno.com.mx\/?p=59203#primaryimage"},"thumbnailUrl":"https:\/\/inspectornocturno.com.mx\/wp-content\/uploads\/2023\/12\/409363943_749632780528332_1883021417343184823_n-scaled.jpg","datePublished":"2023-12-16T14:45:30+00:00","dateModified":"2023-12-16T14:45:31+00:00","breadcrumb":{"@id":"https:\/\/inspectornocturno.com.mx\/?p=59203#breadcrumb"},"inLanguage":"es","potentialAction":[{"@type":"ReadAction","target":["https:\/\/inspectornocturno.com.mx\/?p=59203"]}]},{"@type":"ImageObject","inLanguage":"es","@id":"https:\/\/inspectornocturno.com.mx\/?p=59203#primaryimage","url":"https:\/\/inspectornocturno.com.mx\/wp-content\/uploads\/2023\/12\/409363943_749632780528332_1883021417343184823_n-scaled.jpg","contentUrl":"https:\/\/inspectornocturno.com.mx\/wp-content\/uploads\/2023\/12\/409363943_749632780528332_1883021417343184823_n-scaled.jpg","width":900,"height":520},{"@type":"BreadcrumbList","@id":"https:\/\/inspectornocturno.com.mx\/?p=59203#breadcrumb","itemListElement":[{"@type":"ListItem","position":1,"name":"Portada","item":"https:\/\/inspectornocturno.com.mx\/"},{"@type":"ListItem","position":2,"name":"FALLECE UNO DE LOS HERIDOS POR DISPAROS EN LA COLONIA EJIDO"}]},{"@type":"WebSite","@id":"https:\/\/inspectornocturno.com.mx\/#website","url":"https:\/\/inspectornocturno.com.mx\/","name":"Inspector Nocturno","description":"Canc\u00fan, noticias al minuto del inspector nocturno","publisher":{"@id":"https:\/\/inspectornocturno.com.mx\/#\/schema\/person\/63eb343fea17271215b1dd2793b27897"},"alternateName":"Noticias de impacto al momento de los hechos","potentialAction":[{"@type":"SearchAction","target":{"@type":"EntryPoint","urlTemplate":"https:\/\/inspectornocturno.com.mx\/?s={search_term_string}"},"query-input":{"@type":"PropertyValueSpecification","valueRequired":true,"valueName":"search_term_string"}}],"inLanguage":"es"},{"@type":["Person","Organization"],"@id":"https:\/\/inspectornocturno.com.mx\/#\/schema\/person\/63eb343fea17271215b1dd2793b27897","name":"Inspector Nocturno","image":{"@type":"ImageObject","inLanguage":"es","@id":"https:\/\/inspectornocturno.com.mx\/wp-content\/uploads\/2021\/10\/logo-transparente.png","url":"https:\/\/inspectornocturno.com.mx\/wp-content\/uploads\/2021\/10\/logo-transparente.png","contentUrl":"https:\/\/inspectornocturno.com.mx\/wp-content\/uploads\/2021\/10\/logo-transparente.png","width":561,"height":668,"caption":"Inspector Nocturno"},"logo":{"@id":"https:\/\/inspectornocturno.com.mx\/wp-content\/uploads\/2021\/10\/logo-transparente.png"},"sameAs":["http:\/\/inspectornocturno.com.mx"]},{"@type":"Person","@id":"https:\/\/inspectornocturno.com.mx\/#\/schema\/person\/e9418c22a987eae8f9a24e3f6f11b64a","name":"Inspector Nocturno"}]}},"views":443,"_links":{"self":[{"href":"https:\/\/inspectornocturno.com.mx\/index.php?rest_route=\/wp\/v2\/posts\/59203","targetHints":{"allow":["GET"]}}],"collection":[{"href":"https:\/\/inspectornocturno.com.mx\/index.php?rest_route=\/wp\/v2\/posts"}],"about":[{"href":"https:\/\/inspectornocturno.com.mx\/index.php?rest_route=\/wp\/v2\/types\/post"}],"author":[{"embeddable":true,"href":"https:\/\/inspectornocturno.com.mx\/index.php?rest_route=\/wp\/v2\/users\/9"}],"replies":[{"embeddable":true,"href":"https:\/\/inspectornocturno.com.mx\/index.php?rest_route=%2Fwp%2Fv2%2Fcomments&post=59203"}],"version-history":[{"count":1,"href":"https:\/\/inspectornocturno.com.mx\/index.php?rest_route=\/wp\/v2\/posts\/59203\/revisions"}],"predecessor-version":[{"id":59205,"href":"https:\/\/inspectornocturno.com.mx\/index.php?rest_route=\/wp\/v2\/posts\/59203\/revisions\/59205"}],"wp:featuredmedia":[{"embeddable":true,"href":"https:\/\/inspectornocturno.com.mx\/index.php?rest_route=\/wp\/v2\/media\/59204"}],"wp:attachment":[{"href":"https:\/\/inspectornocturno.com.mx\/index.php?rest_route=%2Fwp%2Fv2%2Fmedia&parent=59203"}],"wp:term":[{"taxonomy":"category","embeddable":true,"href":"https:\/\/inspectornocturno.com.mx\/index.php?rest_route=%2Fwp%2Fv2%2Fcategories&post=59203"},{"taxonomy":"post_tag","embeddable":true,"href":"https:\/\/inspectornocturno.com.mx\/index.php?rest_route=%2Fwp%2Fv2%2Ftags&post=59203"}],"curies":[{"name":"wp","href":"https:\/\/api.w.org\/{rel}","templated":true}]}}