{"id":59178,"date":"2023-12-15T23:25:20","date_gmt":"2023-12-16T04:25:20","guid":{"rendered":"https:\/\/inspectornocturno.com.mx\/?p=59178"},"modified":"2023-12-15T23:25:21","modified_gmt":"2023-12-16T04:25:21","slug":"acompana-mara-lezama-al-presidente-andres-manuel-lopez-obrador-en-inauguracion-del-primer-tramo-del-tren-maya","status":"publish","type":"post","link":"https:\/\/inspectornocturno.com.mx\/?p=59178","title":{"rendered":"ACOMPA\u00d1A MARA LEZAMA AL PRESIDENTE ANDR\u00c9S MANUEL L\u00d3PEZ OBRADOR EN INAUGURACI\u00d3N DEL PRIMER TRAMO DEL TREN MAYA"},"content":{"rendered":"\n<p>\ud83d\udd3a El tren de la justicia social permitir\u00e1 visibilizar la historia viva del pueblo Maya que se vive en Quintana Roo<\/p>\n\n\n\n<p>#InspectorNocturno\ud83d\udd75\ud83c\udfff\u200d\u2642\ufe0f\ud83d\udd0e #Noticias\ud83d\udea8\ud83d\ude93\ud83d\udc6e\ud83c\udffe\u200d\u2642\ufe0f #Quintana Roo<\/p>\n\n\n\n<p>Campeche.- La gobernadora Mara Lezama Espinosa particip\u00f3 en la inauguraci\u00f3n del primer tramo del Tren Maya, el tren de la justicia social, de San Francisco de Campeche, a Canc\u00fan, Quintana Roo, encabezada por el presidente Andr\u00e9s Manuel L\u00f3pez Obrador acompa\u00f1ado de todas y todos quienes tomaron parte en la construcci\u00f3n de esta magna obra.<\/p>\n\n\n\n<p>La gobernadora Mara Lezama ha destacado que esta obra emblem\u00e1tica de la Cuarta Transformaci\u00f3n, del presidente Andr\u00e9s Manuel L\u00f3pez Obrador, impulsar\u00e1 el crecimiento y la transformaci\u00f3n profunda de Quintana Roo, principalmente de la gente que vive en los pueblos del centro y sur del estado.<\/p>\n\n\n\n<p>El tren de la justicia social permitir\u00e1 visibilizar la historia viva del pueblo Maya, las maravillas artesanales que elaboran las manos m\u00e1gicas de mujeres y hombres, la gastronom\u00eda, la belleza arqueol\u00f3gica recuperada, la majestuosa selva que enmarca la ruta, las v\u00edas de la transformaci\u00f3n.<\/p>\n\n\n\n<p>La gobernadora de Quintana Roo ha expresado que la obra tambi\u00e9n genera nuevos empleos, principalmente para la juventud que ahora se prepara como t\u00e9cnicos y profesionales ferroviarios para sumarse a la operaci\u00f3n y mantenimiento de la emblem\u00e1tica obra.<\/p>\n\n\n\n<p>El crecimiento y el desarrollo econ\u00f3mico que generar\u00e1 el Tren Maya fortalecer\u00e1 las acciones contempladas en el Nuevo Acuerdo por el Bienestar y Desarrollo de Quintana Roo que la gobernadora Mara Lezama impulsa desde el primer d\u00eda de su gobierno para transformar la vida de las y los quintanarroenses.<\/p>\n\n\n\n<p>Esta primera etapa de San Francisco de Campeche a Canc\u00fan, Quintana Roo que se inaugura en este d\u00eda hist\u00f3rico para el sureste de M\u00e9xico, es de 473 kil\u00f3metros de infraestructura ferroviaria, de un total de mil 554 kil\u00f3metros de que consta toda la ruta.<\/p>\n\n\n\n<p>El presidente Andr\u00e9s Manuel L\u00f3pez Obrador inform\u00f3 que el 31 de diciembre se pondr\u00e1 en operaci\u00f3n un segundo tramo Canc\u00fan, Quintana Roo a Palenque Chiapas.<\/p>\n\n\n\n<p>Destac\u00f3 que esta obra, como no hay otra en el mundo y que trasciende gobiernos de m\u00e1s de una d\u00e9cada, se logr\u00f3 en tiempo r\u00e9cord, con pleno respeto al medio ambiente y con el presupuesto establecido sin deber un solo peso; adem\u00e1s, pone de relieve la ingenier\u00eda mexicana ferroviaria as\u00ed como la contrataci\u00f3n de cerca de 100 mil trabajadores de la construcci\u00f3n de todo el pa\u00eds, ocup\u00e1ndose obreros especializados de los mejores del mundo.<\/p>\n\n\n\n<p>El presidente L\u00f3pez Obrador enfatiz\u00f3 que es una obra de mexicanos para los mexicanos que ayudar\u00e1 en mucho al sureste de M\u00e9xico, por lo que hoy es un d\u00eda especial.<\/p>\n\n\n\n<p>Agradeci\u00f3 el trabajo conjunto de las empresas de construcci\u00f3n de M\u00e9xico, como Grupo Carso, Grupo Mota-Engil, Grupo INDI, ICA, de los ingenieros civiles y militares, as\u00ed como los miles de trabajadores quienes, entre todos, invirtieron m\u00e1s de un mill\u00f3n de horas de trabajo.<\/p>\n","protected":false},"excerpt":{"rendered":"<p>\ud83d\udd3a El tren de la justicia social permitir\u00e1 visibilizar la historia viva del pueblo Maya que se vive en Quintana Roo #InspectorNocturno\ud83d\udd75\ud83c\udfff\u200d\u2642\ufe0f\ud83d\udd0e #Noticias\ud83d\udea8\ud83d\ude93\ud83d\udc6e\ud83c\udffe\u200d\u2642\ufe0f #Quintana Roo Campeche.- La gobernadora Mara Lezama Espinosa particip\u00f3 en la inauguraci\u00f3n del primer tramo del Tren Maya, el tren de la justicia social, de San Francisco de Campeche, a Canc\u00fan, Quintana [&hellip;]<\/p>\n","protected":false},"author":9,"featured_media":59179,"comment_status":"closed","ping_status":"closed","sticky":false,"template":"","format":"standard","meta":{"footnotes":"","_wpscppro_dont_share_socialmedia":false,"_wpscppro_custom_social_share_image":0,"_facebook_share_type":"","_twitter_share_type":"","_linkedin_share_type":"","_pinterest_share_type":"","_linkedin_share_type_page":"","_instagram_share_type":"","_medium_share_type":"","_threads_share_type":"","_google_business_share_type":"","_selected_social_profile":[],"_wpsp_enable_custom_social_template":false,"_wpsp_social_scheduling":{"enabled":false,"datetime":null,"platforms":[],"status":"template_only","dateOption":"today","timeOption":"now","customDays":"","customHours":"","customDate":"","customTime":"","schedulingType":"absolute"},"_wpsp_active_default_template":true},"categories":[3],"tags":[],"class_list":["post-59178","post","type-post","status-publish","format-standard","has-post-thumbnail","hentry","category-quintana-roo"],"yoast_head":"<!-- This site is optimized with the Yoast SEO plugin v27.4 - https:\/\/yoast.com\/product\/yoast-seo-wordpress\/ -->\n<title>ACOMPA\u00d1A MARA LEZAMA AL PRESIDENTE ANDR\u00c9S MANUEL L\u00d3PEZ OBRADOR EN INAUGURACI\u00d3N DEL PRIMER TRAMO DEL TREN MAYA - Inspector Nocturno<\/title>\n<meta name=\"robots\" content=\"index, follow, max-snippet:-1, max-image-preview:large, max-video-preview:-1\" \/>\n<link rel=\"canonical\" href=\"https:\/\/inspectornocturno.com.mx\/?p=59178\" \/>\n<meta property=\"og:locale\" content=\"es_ES\" \/>\n<meta property=\"og:type\" content=\"article\" \/>\n<meta property=\"og:title\" content=\"ACOMPA\u00d1A MARA LEZAMA AL PRESIDENTE ANDR\u00c9S MANUEL L\u00d3PEZ OBRADOR EN INAUGURACI\u00d3N DEL PRIMER TRAMO DEL TREN MAYA - Inspector Nocturno\" \/>\n<meta property=\"og:description\" content=\"\ud83d\udd3a El tren de la justicia social permitir\u00e1 visibilizar la historia viva del pueblo Maya que se vive en Quintana Roo #InspectorNocturno\ud83d\udd75\ud83c\udfff\u200d\u2642\ufe0f\ud83d\udd0e #Noticias\ud83d\udea8\ud83d\ude93\ud83d\udc6e\ud83c\udffe\u200d\u2642\ufe0f #Quintana Roo Campeche.- La gobernadora Mara Lezama Espinosa particip\u00f3 en la inauguraci\u00f3n del primer tramo del Tren Maya, el tren de la justicia social, de San Francisco de Campeche, a Canc\u00fan, Quintana [&hellip;]\" \/>\n<meta property=\"og:url\" content=\"https:\/\/inspectornocturno.com.mx\/?p=59178\" \/>\n<meta property=\"og:site_name\" content=\"Inspector Nocturno\" \/>\n<meta property=\"article:published_time\" content=\"2023-12-16T04:25:20+00:00\" \/>\n<meta property=\"article:modified_time\" content=\"2023-12-16T04:25:21+00:00\" \/>\n<meta property=\"og:image\" content=\"https:\/\/inspectornocturno.com.mx\/wp-content\/uploads\/2023\/12\/WhatsApp-Image-2023-12-15-at-21.19.50-scaled.jpeg\" \/>\n\t<meta property=\"og:image:width\" content=\"900\" \/>\n\t<meta property=\"og:image:height\" content=\"600\" \/>\n\t<meta property=\"og:image:type\" content=\"image\/jpeg\" \/>\n<meta name=\"author\" content=\"Inspector Nocturno\" \/>\n<meta name=\"twitter:card\" content=\"summary_large_image\" \/>\n<script type=\"application\/ld+json\" class=\"yoast-schema-graph\">{\"@context\":\"https:\\\/\\\/schema.org\",\"@graph\":[{\"@type\":\"Article\",\"@id\":\"https:\\\/\\\/inspectornocturno.com.mx\\\/?p=59178#article\",\"isPartOf\":{\"@id\":\"https:\\\/\\\/inspectornocturno.com.mx\\\/?p=59178\"},\"author\":{\"name\":\"Inspector Nocturno\",\"@id\":\"https:\\\/\\\/inspectornocturno.com.mx\\\/#\\\/schema\\\/person\\\/e9418c22a987eae8f9a24e3f6f11b64a\"},\"headline\":\"ACOMPA\u00d1A MARA LEZAMA AL PRESIDENTE ANDR\u00c9S MANUEL L\u00d3PEZ OBRADOR EN INAUGURACI\u00d3N DEL PRIMER TRAMO DEL TREN MAYA\",\"datePublished\":\"2023-12-16T04:25:20+00:00\",\"dateModified\":\"2023-12-16T04:25:21+00:00\",\"mainEntityOfPage\":{\"@id\":\"https:\\\/\\\/inspectornocturno.com.mx\\\/?p=59178\"},\"wordCount\":536,\"publisher\":{\"@id\":\"https:\\\/\\\/inspectornocturno.com.mx\\\/#\\\/schema\\\/person\\\/63eb343fea17271215b1dd2793b27897\"},\"image\":{\"@id\":\"https:\\\/\\\/inspectornocturno.com.mx\\\/?p=59178#primaryimage\"},\"thumbnailUrl\":\"https:\\\/\\\/inspectornocturno.com.mx\\\/wp-content\\\/uploads\\\/2023\\\/12\\\/WhatsApp-Image-2023-12-15-at-21.19.50-scaled.jpeg\",\"articleSection\":[\"Quintana Roo\"],\"inLanguage\":\"es\"},{\"@type\":\"WebPage\",\"@id\":\"https:\\\/\\\/inspectornocturno.com.mx\\\/?p=59178\",\"url\":\"https:\\\/\\\/inspectornocturno.com.mx\\\/?p=59178\",\"name\":\"ACOMPA\u00d1A MARA LEZAMA AL PRESIDENTE ANDR\u00c9S MANUEL L\u00d3PEZ OBRADOR EN INAUGURACI\u00d3N DEL PRIMER TRAMO DEL TREN MAYA - Inspector Nocturno\",\"isPartOf\":{\"@id\":\"https:\\\/\\\/inspectornocturno.com.mx\\\/#website\"},\"primaryImageOfPage\":{\"@id\":\"https:\\\/\\\/inspectornocturno.com.mx\\\/?p=59178#primaryimage\"},\"image\":{\"@id\":\"https:\\\/\\\/inspectornocturno.com.mx\\\/?p=59178#primaryimage\"},\"thumbnailUrl\":\"https:\\\/\\\/inspectornocturno.com.mx\\\/wp-content\\\/uploads\\\/2023\\\/12\\\/WhatsApp-Image-2023-12-15-at-21.19.50-scaled.jpeg\",\"datePublished\":\"2023-12-16T04:25:20+00:00\",\"dateModified\":\"2023-12-16T04:25:21+00:00\",\"breadcrumb\":{\"@id\":\"https:\\\/\\\/inspectornocturno.com.mx\\\/?p=59178#breadcrumb\"},\"inLanguage\":\"es\",\"potentialAction\":[{\"@type\":\"ReadAction\",\"target\":[\"https:\\\/\\\/inspectornocturno.com.mx\\\/?p=59178\"]}]},{\"@type\":\"ImageObject\",\"inLanguage\":\"es\",\"@id\":\"https:\\\/\\\/inspectornocturno.com.mx\\\/?p=59178#primaryimage\",\"url\":\"https:\\\/\\\/inspectornocturno.com.mx\\\/wp-content\\\/uploads\\\/2023\\\/12\\\/WhatsApp-Image-2023-12-15-at-21.19.50-scaled.jpeg\",\"contentUrl\":\"https:\\\/\\\/inspectornocturno.com.mx\\\/wp-content\\\/uploads\\\/2023\\\/12\\\/WhatsApp-Image-2023-12-15-at-21.19.50-scaled.jpeg\",\"width\":900,\"height\":600},{\"@type\":\"BreadcrumbList\",\"@id\":\"https:\\\/\\\/inspectornocturno.com.mx\\\/?p=59178#breadcrumb\",\"itemListElement\":[{\"@type\":\"ListItem\",\"position\":1,\"name\":\"Portada\",\"item\":\"https:\\\/\\\/inspectornocturno.com.mx\\\/\"},{\"@type\":\"ListItem\",\"position\":2,\"name\":\"ACOMPA\u00d1A MARA LEZAMA AL PRESIDENTE ANDR\u00c9S MANUEL L\u00d3PEZ OBRADOR EN INAUGURACI\u00d3N DEL PRIMER TRAMO DEL TREN MAYA\"}]},{\"@type\":\"WebSite\",\"@id\":\"https:\\\/\\\/inspectornocturno.com.mx\\\/#website\",\"url\":\"https:\\\/\\\/inspectornocturno.com.mx\\\/\",\"name\":\"Inspector Nocturno\",\"description\":\"Canc\u00fan, noticias al minuto del inspector nocturno\",\"publisher\":{\"@id\":\"https:\\\/\\\/inspectornocturno.com.mx\\\/#\\\/schema\\\/person\\\/63eb343fea17271215b1dd2793b27897\"},\"alternateName\":\"Noticias de impacto al momento de los hechos\",\"potentialAction\":[{\"@type\":\"SearchAction\",\"target\":{\"@type\":\"EntryPoint\",\"urlTemplate\":\"https:\\\/\\\/inspectornocturno.com.mx\\\/?s={search_term_string}\"},\"query-input\":{\"@type\":\"PropertyValueSpecification\",\"valueRequired\":true,\"valueName\":\"search_term_string\"}}],\"inLanguage\":\"es\"},{\"@type\":[\"Person\",\"Organization\"],\"@id\":\"https:\\\/\\\/inspectornocturno.com.mx\\\/#\\\/schema\\\/person\\\/63eb343fea17271215b1dd2793b27897\",\"name\":\"Inspector Nocturno\",\"image\":{\"@type\":\"ImageObject\",\"inLanguage\":\"es\",\"@id\":\"https:\\\/\\\/inspectornocturno.com.mx\\\/wp-content\\\/uploads\\\/2021\\\/10\\\/logo-transparente.png\",\"url\":\"https:\\\/\\\/inspectornocturno.com.mx\\\/wp-content\\\/uploads\\\/2021\\\/10\\\/logo-transparente.png\",\"contentUrl\":\"https:\\\/\\\/inspectornocturno.com.mx\\\/wp-content\\\/uploads\\\/2021\\\/10\\\/logo-transparente.png\",\"width\":561,\"height\":668,\"caption\":\"Inspector Nocturno\"},\"logo\":{\"@id\":\"https:\\\/\\\/inspectornocturno.com.mx\\\/wp-content\\\/uploads\\\/2021\\\/10\\\/logo-transparente.png\"},\"sameAs\":[\"http:\\\/\\\/inspectornocturno.com.mx\"]},{\"@type\":\"Person\",\"@id\":\"https:\\\/\\\/inspectornocturno.com.mx\\\/#\\\/schema\\\/person\\\/e9418c22a987eae8f9a24e3f6f11b64a\",\"name\":\"Inspector Nocturno\"}]}<\/script>\n<!-- \/ Yoast SEO plugin. -->","yoast_head_json":{"title":"ACOMPA\u00d1A MARA LEZAMA AL PRESIDENTE ANDR\u00c9S MANUEL L\u00d3PEZ OBRADOR EN INAUGURACI\u00d3N DEL PRIMER TRAMO DEL TREN MAYA - Inspector Nocturno","robots":{"index":"index","follow":"follow","max-snippet":"max-snippet:-1","max-image-preview":"max-image-preview:large","max-video-preview":"max-video-preview:-1"},"canonical":"https:\/\/inspectornocturno.com.mx\/?p=59178","og_locale":"es_ES","og_type":"article","og_title":"ACOMPA\u00d1A MARA LEZAMA AL PRESIDENTE ANDR\u00c9S MANUEL L\u00d3PEZ OBRADOR EN INAUGURACI\u00d3N DEL PRIMER TRAMO DEL TREN MAYA - Inspector Nocturno","og_description":"\ud83d\udd3a El tren de la justicia social permitir\u00e1 visibilizar la historia viva del pueblo Maya que se vive en Quintana Roo #InspectorNocturno\ud83d\udd75\ud83c\udfff\u200d\u2642\ufe0f\ud83d\udd0e #Noticias\ud83d\udea8\ud83d\ude93\ud83d\udc6e\ud83c\udffe\u200d\u2642\ufe0f #Quintana Roo Campeche.- La gobernadora Mara Lezama Espinosa particip\u00f3 en la inauguraci\u00f3n del primer tramo del Tren Maya, el tren de la justicia social, de San Francisco de Campeche, a Canc\u00fan, Quintana [&hellip;]","og_url":"https:\/\/inspectornocturno.com.mx\/?p=59178","og_site_name":"Inspector Nocturno","article_published_time":"2023-12-16T04:25:20+00:00","article_modified_time":"2023-12-16T04:25:21+00:00","og_image":[{"width":900,"height":600,"url":"https:\/\/inspectornocturno.com.mx\/wp-content\/uploads\/2023\/12\/WhatsApp-Image-2023-12-15-at-21.19.50-scaled.jpeg","type":"image\/jpeg"}],"author":"Inspector Nocturno","twitter_card":"summary_large_image","schema":{"@context":"https:\/\/schema.org","@graph":[{"@type":"Article","@id":"https:\/\/inspectornocturno.com.mx\/?p=59178#article","isPartOf":{"@id":"https:\/\/inspectornocturno.com.mx\/?p=59178"},"author":{"name":"Inspector Nocturno","@id":"https:\/\/inspectornocturno.com.mx\/#\/schema\/person\/e9418c22a987eae8f9a24e3f6f11b64a"},"headline":"ACOMPA\u00d1A MARA LEZAMA AL PRESIDENTE ANDR\u00c9S MANUEL L\u00d3PEZ OBRADOR EN INAUGURACI\u00d3N DEL PRIMER TRAMO DEL TREN MAYA","datePublished":"2023-12-16T04:25:20+00:00","dateModified":"2023-12-16T04:25:21+00:00","mainEntityOfPage":{"@id":"https:\/\/inspectornocturno.com.mx\/?p=59178"},"wordCount":536,"publisher":{"@id":"https:\/\/inspectornocturno.com.mx\/#\/schema\/person\/63eb343fea17271215b1dd2793b27897"},"image":{"@id":"https:\/\/inspectornocturno.com.mx\/?p=59178#primaryimage"},"thumbnailUrl":"https:\/\/inspectornocturno.com.mx\/wp-content\/uploads\/2023\/12\/WhatsApp-Image-2023-12-15-at-21.19.50-scaled.jpeg","articleSection":["Quintana Roo"],"inLanguage":"es"},{"@type":"WebPage","@id":"https:\/\/inspectornocturno.com.mx\/?p=59178","url":"https:\/\/inspectornocturno.com.mx\/?p=59178","name":"ACOMPA\u00d1A MARA LEZAMA AL PRESIDENTE ANDR\u00c9S MANUEL L\u00d3PEZ OBRADOR EN INAUGURACI\u00d3N DEL PRIMER TRAMO DEL TREN MAYA - Inspector Nocturno","isPartOf":{"@id":"https:\/\/inspectornocturno.com.mx\/#website"},"primaryImageOfPage":{"@id":"https:\/\/inspectornocturno.com.mx\/?p=59178#primaryimage"},"image":{"@id":"https:\/\/inspectornocturno.com.mx\/?p=59178#primaryimage"},"thumbnailUrl":"https:\/\/inspectornocturno.com.mx\/wp-content\/uploads\/2023\/12\/WhatsApp-Image-2023-12-15-at-21.19.50-scaled.jpeg","datePublished":"2023-12-16T04:25:20+00:00","dateModified":"2023-12-16T04:25:21+00:00","breadcrumb":{"@id":"https:\/\/inspectornocturno.com.mx\/?p=59178#breadcrumb"},"inLanguage":"es","potentialAction":[{"@type":"ReadAction","target":["https:\/\/inspectornocturno.com.mx\/?p=59178"]}]},{"@type":"ImageObject","inLanguage":"es","@id":"https:\/\/inspectornocturno.com.mx\/?p=59178#primaryimage","url":"https:\/\/inspectornocturno.com.mx\/wp-content\/uploads\/2023\/12\/WhatsApp-Image-2023-12-15-at-21.19.50-scaled.jpeg","contentUrl":"https:\/\/inspectornocturno.com.mx\/wp-content\/uploads\/2023\/12\/WhatsApp-Image-2023-12-15-at-21.19.50-scaled.jpeg","width":900,"height":600},{"@type":"BreadcrumbList","@id":"https:\/\/inspectornocturno.com.mx\/?p=59178#breadcrumb","itemListElement":[{"@type":"ListItem","position":1,"name":"Portada","item":"https:\/\/inspectornocturno.com.mx\/"},{"@type":"ListItem","position":2,"name":"ACOMPA\u00d1A MARA LEZAMA AL PRESIDENTE ANDR\u00c9S MANUEL L\u00d3PEZ OBRADOR EN INAUGURACI\u00d3N DEL PRIMER TRAMO DEL TREN MAYA"}]},{"@type":"WebSite","@id":"https:\/\/inspectornocturno.com.mx\/#website","url":"https:\/\/inspectornocturno.com.mx\/","name":"Inspector Nocturno","description":"Canc\u00fan, noticias al minuto del inspector nocturno","publisher":{"@id":"https:\/\/inspectornocturno.com.mx\/#\/schema\/person\/63eb343fea17271215b1dd2793b27897"},"alternateName":"Noticias de impacto al momento de los hechos","potentialAction":[{"@type":"SearchAction","target":{"@type":"EntryPoint","urlTemplate":"https:\/\/inspectornocturno.com.mx\/?s={search_term_string}"},"query-input":{"@type":"PropertyValueSpecification","valueRequired":true,"valueName":"search_term_string"}}],"inLanguage":"es"},{"@type":["Person","Organization"],"@id":"https:\/\/inspectornocturno.com.mx\/#\/schema\/person\/63eb343fea17271215b1dd2793b27897","name":"Inspector Nocturno","image":{"@type":"ImageObject","inLanguage":"es","@id":"https:\/\/inspectornocturno.com.mx\/wp-content\/uploads\/2021\/10\/logo-transparente.png","url":"https:\/\/inspectornocturno.com.mx\/wp-content\/uploads\/2021\/10\/logo-transparente.png","contentUrl":"https:\/\/inspectornocturno.com.mx\/wp-content\/uploads\/2021\/10\/logo-transparente.png","width":561,"height":668,"caption":"Inspector Nocturno"},"logo":{"@id":"https:\/\/inspectornocturno.com.mx\/wp-content\/uploads\/2021\/10\/logo-transparente.png"},"sameAs":["http:\/\/inspectornocturno.com.mx"]},{"@type":"Person","@id":"https:\/\/inspectornocturno.com.mx\/#\/schema\/person\/e9418c22a987eae8f9a24e3f6f11b64a","name":"Inspector Nocturno"}]}},"views":297,"_links":{"self":[{"href":"https:\/\/inspectornocturno.com.mx\/index.php?rest_route=\/wp\/v2\/posts\/59178","targetHints":{"allow":["GET"]}}],"collection":[{"href":"https:\/\/inspectornocturno.com.mx\/index.php?rest_route=\/wp\/v2\/posts"}],"about":[{"href":"https:\/\/inspectornocturno.com.mx\/index.php?rest_route=\/wp\/v2\/types\/post"}],"author":[{"embeddable":true,"href":"https:\/\/inspectornocturno.com.mx\/index.php?rest_route=\/wp\/v2\/users\/9"}],"replies":[{"embeddable":true,"href":"https:\/\/inspectornocturno.com.mx\/index.php?rest_route=%2Fwp%2Fv2%2Fcomments&post=59178"}],"version-history":[{"count":1,"href":"https:\/\/inspectornocturno.com.mx\/index.php?rest_route=\/wp\/v2\/posts\/59178\/revisions"}],"predecessor-version":[{"id":59180,"href":"https:\/\/inspectornocturno.com.mx\/index.php?rest_route=\/wp\/v2\/posts\/59178\/revisions\/59180"}],"wp:featuredmedia":[{"embeddable":true,"href":"https:\/\/inspectornocturno.com.mx\/index.php?rest_route=\/wp\/v2\/media\/59179"}],"wp:attachment":[{"href":"https:\/\/inspectornocturno.com.mx\/index.php?rest_route=%2Fwp%2Fv2%2Fmedia&parent=59178"}],"wp:term":[{"taxonomy":"category","embeddable":true,"href":"https:\/\/inspectornocturno.com.mx\/index.php?rest_route=%2Fwp%2Fv2%2Fcategories&post=59178"},{"taxonomy":"post_tag","embeddable":true,"href":"https:\/\/inspectornocturno.com.mx\/index.php?rest_route=%2Fwp%2Fv2%2Ftags&post=59178"}],"curies":[{"name":"wp","href":"https:\/\/api.w.org\/{rel}","templated":true}]}}