{"id":59175,"date":"2023-12-15T22:00:18","date_gmt":"2023-12-16T03:00:18","guid":{"rendered":"https:\/\/inspectornocturno.com.mx\/?p=59175"},"modified":"2023-12-15T22:00:19","modified_gmt":"2023-12-16T03:00:19","slug":"ana-paty-peralta-da-la-bienvenida-a-cancun-al-tren-maya-un-viaje-historico-a-la-justicia-social-y-el-bienestar","status":"publish","type":"post","link":"https:\/\/inspectornocturno.com.mx\/?p=59175","title":{"rendered":"ANA PATY PERALTA DA LA BIENVENIDA A CANC\u00daN AL TREN MAYA: UN VIAJE HIST\u00d3RICO A LA JUSTICIA SOCIAL Y EL BIENESTAR"},"content":{"rendered":"\n<p>#InspectorNocturno\ud83d\udd75\ud83c\udfff\u200d\u2642\ufe0f\ud83d\udd0e #Noticias\ud83d\udea8\ud83d\ude93\ud83d\udc6e\ud83c\udffe\u200d\u2642\ufe0f #Canc\u00fan<\/p>\n\n\n\n<p>Canc\u00fan.- \u201cEs un honor dar la bienvenida al Tren Maya en su primer itinerario, marcando un hito hist\u00f3rico en la conectividad del sureste de M\u00e9xico, as\u00ed como recibir al Presidente Andr\u00e9s Manuel L\u00f3pez Obrador, quien encabez\u00f3 el viaje inaugural desde Campeche hasta Canc\u00fan, destacando el compromiso del Gobierno de M\u00e9xico con la justicia social y el bienestar regional\u201d, resalt\u00f3 la Presidenta Municipal, Ana Paty Peralta.<\/p>\n\n\n\n<p>En su calidad de anfitriona, la Primera Autoridad Municipal dio la bienvenida a este polo vacacional a la comitiva encabezada por el Presidente y la gobernadora Mara Lezama, en este mega proyecto visionario que promete impulsar el desarrollo econ\u00f3mico y social, generando oportunidades para las comunidades a lo largo de su ruta.<\/p>\n\n\n\n<p>\u201cEste viaje inaugural simboliza la materializaci\u00f3n de un sue\u00f1o compartido, donde la infraestructura se convierte en un motor para la equidad y el progreso\u201d, afirm\u00f3 Ana Paty Peralta, luego de atestiguar esta gran obra ferroviaria.<\/p>\n\n\n\n<p>De igual forma, la Primera Autoridad Municipal celebr\u00f3 que en la traves\u00eda de Campeche a Canc\u00fan, el Presidente Andr\u00e9s L\u00f3pez Obrador reafirm\u00f3 el compromiso del Gobierno de M\u00e9xico con el sureste mexicano, destacando que \u00e9ste no solo es un logro de ingenier\u00eda, sino un instrumento de transformaci\u00f3n que busca cerrar brechas y fomentar la inclusi\u00f3n.<\/p>\n\n\n\n<p>Tambi\u00e9n agreg\u00f3 que el Tren Maya es m\u00e1s que un medio de transporte, sino un catalizador de desarrollo sostenible, cultural y tur\u00edstico, ya que su impacto positivo se extiende a la preservaci\u00f3n del patrimonio hist\u00f3rico, la creaci\u00f3n de empleo y la mejora de la calidad de vida de las comunidades aleda\u00f1as.<\/p>\n\n\n\n<p>\u201cEn este d\u00eda significativo, celebramos el inicio de una nueva era para el sureste de M\u00e9xico. El Tren Maya se erige como un s\u00edmbolo de unidad y progreso, consolidando el compromiso del gobierno con la construcci\u00f3n de un pa\u00eds m\u00e1s equitativo y pr\u00f3spero. Bienvenido, Tren Maya, a un viaje que forjar\u00e1 un futuro brillante para todos\u201d, dijo.<\/p>\n\n\n\n<p>De igual forma, Ana Paty Peralta agradeci\u00f3 y felicit\u00f3 a todo el equipo de trabajo y el capital humano que hicieron posibles esta realidad para conectar ciudades y circuitos tur\u00edsticos clave en la regi\u00f3n de impacto que son los estados de Quintana Roo, Yucat\u00e1n, Campeche, Chiapas y Tabasco, fomentando el turismo sustentable y el desarrollo socioecon\u00f3mico, facilitando el acceso a miles de turistas nacionales y extranjeros a zonas arqueol\u00f3gicas mayas, playas, cenotes y la selva, as\u00ed como a nuevos proyectos en desarrollo como museos, el aeropuerto de Tulum y hoteles en construcci\u00f3n.<\/p>\n\n\n\n<p>Por \u00faltimo, la Presidenta Municipal de Benito Ju\u00e1rez se congratul\u00f3 que a finales de este mes, el Presidente Andr\u00e9s Manuel L\u00f3pez Obrador estar\u00e1 de visita nuevamente en este sitio vacacional para inaugurar el tramo de Canc\u00fan a Palenque, conforme a la programaci\u00f3n en tiempo y forma hasta que se complete el funcionamiento de todas las estaciones en los diferentes estados de esta obra ferroviaria.<\/p>\n","protected":false},"excerpt":{"rendered":"<p>#InspectorNocturno\ud83d\udd75\ud83c\udfff\u200d\u2642\ufe0f\ud83d\udd0e #Noticias\ud83d\udea8\ud83d\ude93\ud83d\udc6e\ud83c\udffe\u200d\u2642\ufe0f #Canc\u00fan Canc\u00fan.- \u201cEs un honor dar la bienvenida al Tren Maya en su primer itinerario, marcando un hito hist\u00f3rico en la conectividad del sureste de M\u00e9xico, as\u00ed como recibir al Presidente Andr\u00e9s Manuel L\u00f3pez Obrador, quien encabez\u00f3 el viaje inaugural desde Campeche hasta Canc\u00fan, destacando el compromiso del Gobierno de M\u00e9xico con la [&hellip;]<\/p>\n","protected":false},"author":9,"featured_media":59176,"comment_status":"closed","ping_status":"closed","sticky":false,"template":"","format":"standard","meta":{"footnotes":"","_wpscppro_dont_share_socialmedia":false,"_wpscppro_custom_social_share_image":0,"_facebook_share_type":"","_twitter_share_type":"","_linkedin_share_type":"","_pinterest_share_type":"","_linkedin_share_type_page":"","_instagram_share_type":"","_medium_share_type":"","_threads_share_type":"","_google_business_share_type":"","_selected_social_profile":[],"_wpsp_enable_custom_social_template":false,"_wpsp_social_scheduling":{"enabled":false,"datetime":null,"platforms":[],"status":"template_only","dateOption":"today","timeOption":"now","customDays":"","customHours":"","customDate":"","customTime":"","schedulingType":"absolute"},"_wpsp_active_default_template":true},"categories":[57,3],"tags":[],"class_list":["post-59175","post","type-post","status-publish","format-standard","has-post-thumbnail","hentry","category-cancun","category-quintana-roo"],"yoast_head":"<!-- This site is optimized with the Yoast SEO plugin v27.4 - https:\/\/yoast.com\/product\/yoast-seo-wordpress\/ -->\n<title>ANA PATY PERALTA DA LA BIENVENIDA A CANC\u00daN AL TREN MAYA: UN VIAJE HIST\u00d3RICO A LA JUSTICIA SOCIAL Y EL BIENESTAR - Inspector Nocturno<\/title>\n<meta name=\"robots\" content=\"index, follow, max-snippet:-1, max-image-preview:large, max-video-preview:-1\" \/>\n<link rel=\"canonical\" href=\"https:\/\/inspectornocturno.com.mx\/?p=59175\" \/>\n<meta property=\"og:locale\" content=\"es_ES\" \/>\n<meta property=\"og:type\" content=\"article\" \/>\n<meta property=\"og:title\" content=\"ANA PATY PERALTA DA LA BIENVENIDA A CANC\u00daN AL TREN MAYA: UN VIAJE HIST\u00d3RICO A LA JUSTICIA SOCIAL Y EL BIENESTAR - Inspector Nocturno\" \/>\n<meta property=\"og:description\" content=\"#InspectorNocturno\ud83d\udd75\ud83c\udfff\u200d\u2642\ufe0f\ud83d\udd0e #Noticias\ud83d\udea8\ud83d\ude93\ud83d\udc6e\ud83c\udffe\u200d\u2642\ufe0f #Canc\u00fan Canc\u00fan.- \u201cEs un honor dar la bienvenida al Tren Maya en su primer itinerario, marcando un hito hist\u00f3rico en la conectividad del sureste de M\u00e9xico, as\u00ed como recibir al Presidente Andr\u00e9s Manuel L\u00f3pez Obrador, quien encabez\u00f3 el viaje inaugural desde Campeche hasta Canc\u00fan, destacando el compromiso del Gobierno de M\u00e9xico con la [&hellip;]\" \/>\n<meta property=\"og:url\" content=\"https:\/\/inspectornocturno.com.mx\/?p=59175\" \/>\n<meta property=\"og:site_name\" content=\"Inspector Nocturno\" \/>\n<meta property=\"article:published_time\" content=\"2023-12-16T03:00:18+00:00\" \/>\n<meta property=\"article:modified_time\" content=\"2023-12-16T03:00:19+00:00\" \/>\n<meta property=\"og:image\" content=\"https:\/\/inspectornocturno.com.mx\/wp-content\/uploads\/2023\/12\/WhatsApp-Image-2023-12-15-at-18.57.35-scaled.jpeg\" \/>\n\t<meta property=\"og:image:width\" content=\"900\" \/>\n\t<meta property=\"og:image:height\" content=\"506\" \/>\n\t<meta property=\"og:image:type\" content=\"image\/jpeg\" \/>\n<meta name=\"author\" content=\"Inspector Nocturno\" \/>\n<meta name=\"twitter:card\" content=\"summary_large_image\" \/>\n<script type=\"application\/ld+json\" class=\"yoast-schema-graph\">{\"@context\":\"https:\\\/\\\/schema.org\",\"@graph\":[{\"@type\":\"Article\",\"@id\":\"https:\\\/\\\/inspectornocturno.com.mx\\\/?p=59175#article\",\"isPartOf\":{\"@id\":\"https:\\\/\\\/inspectornocturno.com.mx\\\/?p=59175\"},\"author\":{\"name\":\"Inspector Nocturno\",\"@id\":\"https:\\\/\\\/inspectornocturno.com.mx\\\/#\\\/schema\\\/person\\\/e9418c22a987eae8f9a24e3f6f11b64a\"},\"headline\":\"ANA PATY PERALTA DA LA BIENVENIDA A CANC\u00daN AL TREN MAYA: UN VIAJE HIST\u00d3RICO A LA JUSTICIA SOCIAL Y EL BIENESTAR\",\"datePublished\":\"2023-12-16T03:00:18+00:00\",\"dateModified\":\"2023-12-16T03:00:19+00:00\",\"mainEntityOfPage\":{\"@id\":\"https:\\\/\\\/inspectornocturno.com.mx\\\/?p=59175\"},\"wordCount\":542,\"publisher\":{\"@id\":\"https:\\\/\\\/inspectornocturno.com.mx\\\/#\\\/schema\\\/person\\\/63eb343fea17271215b1dd2793b27897\"},\"image\":{\"@id\":\"https:\\\/\\\/inspectornocturno.com.mx\\\/?p=59175#primaryimage\"},\"thumbnailUrl\":\"https:\\\/\\\/inspectornocturno.com.mx\\\/wp-content\\\/uploads\\\/2023\\\/12\\\/WhatsApp-Image-2023-12-15-at-18.57.35-scaled.jpeg\",\"articleSection\":[\"Canc\u00fan\",\"Quintana Roo\"],\"inLanguage\":\"es\"},{\"@type\":\"WebPage\",\"@id\":\"https:\\\/\\\/inspectornocturno.com.mx\\\/?p=59175\",\"url\":\"https:\\\/\\\/inspectornocturno.com.mx\\\/?p=59175\",\"name\":\"ANA PATY PERALTA DA LA BIENVENIDA A CANC\u00daN AL TREN MAYA: UN VIAJE HIST\u00d3RICO A LA JUSTICIA SOCIAL Y EL BIENESTAR - Inspector Nocturno\",\"isPartOf\":{\"@id\":\"https:\\\/\\\/inspectornocturno.com.mx\\\/#website\"},\"primaryImageOfPage\":{\"@id\":\"https:\\\/\\\/inspectornocturno.com.mx\\\/?p=59175#primaryimage\"},\"image\":{\"@id\":\"https:\\\/\\\/inspectornocturno.com.mx\\\/?p=59175#primaryimage\"},\"thumbnailUrl\":\"https:\\\/\\\/inspectornocturno.com.mx\\\/wp-content\\\/uploads\\\/2023\\\/12\\\/WhatsApp-Image-2023-12-15-at-18.57.35-scaled.jpeg\",\"datePublished\":\"2023-12-16T03:00:18+00:00\",\"dateModified\":\"2023-12-16T03:00:19+00:00\",\"breadcrumb\":{\"@id\":\"https:\\\/\\\/inspectornocturno.com.mx\\\/?p=59175#breadcrumb\"},\"inLanguage\":\"es\",\"potentialAction\":[{\"@type\":\"ReadAction\",\"target\":[\"https:\\\/\\\/inspectornocturno.com.mx\\\/?p=59175\"]}]},{\"@type\":\"ImageObject\",\"inLanguage\":\"es\",\"@id\":\"https:\\\/\\\/inspectornocturno.com.mx\\\/?p=59175#primaryimage\",\"url\":\"https:\\\/\\\/inspectornocturno.com.mx\\\/wp-content\\\/uploads\\\/2023\\\/12\\\/WhatsApp-Image-2023-12-15-at-18.57.35-scaled.jpeg\",\"contentUrl\":\"https:\\\/\\\/inspectornocturno.com.mx\\\/wp-content\\\/uploads\\\/2023\\\/12\\\/WhatsApp-Image-2023-12-15-at-18.57.35-scaled.jpeg\",\"width\":900,\"height\":506},{\"@type\":\"BreadcrumbList\",\"@id\":\"https:\\\/\\\/inspectornocturno.com.mx\\\/?p=59175#breadcrumb\",\"itemListElement\":[{\"@type\":\"ListItem\",\"position\":1,\"name\":\"Portada\",\"item\":\"https:\\\/\\\/inspectornocturno.com.mx\\\/\"},{\"@type\":\"ListItem\",\"position\":2,\"name\":\"ANA PATY PERALTA DA LA BIENVENIDA A CANC\u00daN AL TREN MAYA: UN VIAJE HIST\u00d3RICO A LA JUSTICIA SOCIAL Y EL BIENESTAR\"}]},{\"@type\":\"WebSite\",\"@id\":\"https:\\\/\\\/inspectornocturno.com.mx\\\/#website\",\"url\":\"https:\\\/\\\/inspectornocturno.com.mx\\\/\",\"name\":\"Inspector Nocturno\",\"description\":\"Canc\u00fan, noticias al minuto del inspector nocturno\",\"publisher\":{\"@id\":\"https:\\\/\\\/inspectornocturno.com.mx\\\/#\\\/schema\\\/person\\\/63eb343fea17271215b1dd2793b27897\"},\"alternateName\":\"Noticias de impacto al momento de los hechos\",\"potentialAction\":[{\"@type\":\"SearchAction\",\"target\":{\"@type\":\"EntryPoint\",\"urlTemplate\":\"https:\\\/\\\/inspectornocturno.com.mx\\\/?s={search_term_string}\"},\"query-input\":{\"@type\":\"PropertyValueSpecification\",\"valueRequired\":true,\"valueName\":\"search_term_string\"}}],\"inLanguage\":\"es\"},{\"@type\":[\"Person\",\"Organization\"],\"@id\":\"https:\\\/\\\/inspectornocturno.com.mx\\\/#\\\/schema\\\/person\\\/63eb343fea17271215b1dd2793b27897\",\"name\":\"Inspector Nocturno\",\"image\":{\"@type\":\"ImageObject\",\"inLanguage\":\"es\",\"@id\":\"https:\\\/\\\/inspectornocturno.com.mx\\\/wp-content\\\/uploads\\\/2021\\\/10\\\/logo-transparente.png\",\"url\":\"https:\\\/\\\/inspectornocturno.com.mx\\\/wp-content\\\/uploads\\\/2021\\\/10\\\/logo-transparente.png\",\"contentUrl\":\"https:\\\/\\\/inspectornocturno.com.mx\\\/wp-content\\\/uploads\\\/2021\\\/10\\\/logo-transparente.png\",\"width\":561,\"height\":668,\"caption\":\"Inspector Nocturno\"},\"logo\":{\"@id\":\"https:\\\/\\\/inspectornocturno.com.mx\\\/wp-content\\\/uploads\\\/2021\\\/10\\\/logo-transparente.png\"},\"sameAs\":[\"http:\\\/\\\/inspectornocturno.com.mx\"]},{\"@type\":\"Person\",\"@id\":\"https:\\\/\\\/inspectornocturno.com.mx\\\/#\\\/schema\\\/person\\\/e9418c22a987eae8f9a24e3f6f11b64a\",\"name\":\"Inspector Nocturno\"}]}<\/script>\n<!-- \/ Yoast SEO plugin. -->","yoast_head_json":{"title":"ANA PATY PERALTA DA LA BIENVENIDA A CANC\u00daN AL TREN MAYA: UN VIAJE HIST\u00d3RICO A LA JUSTICIA SOCIAL Y EL BIENESTAR - Inspector Nocturno","robots":{"index":"index","follow":"follow","max-snippet":"max-snippet:-1","max-image-preview":"max-image-preview:large","max-video-preview":"max-video-preview:-1"},"canonical":"https:\/\/inspectornocturno.com.mx\/?p=59175","og_locale":"es_ES","og_type":"article","og_title":"ANA PATY PERALTA DA LA BIENVENIDA A CANC\u00daN AL TREN MAYA: UN VIAJE HIST\u00d3RICO A LA JUSTICIA SOCIAL Y EL BIENESTAR - Inspector Nocturno","og_description":"#InspectorNocturno\ud83d\udd75\ud83c\udfff\u200d\u2642\ufe0f\ud83d\udd0e #Noticias\ud83d\udea8\ud83d\ude93\ud83d\udc6e\ud83c\udffe\u200d\u2642\ufe0f #Canc\u00fan Canc\u00fan.- \u201cEs un honor dar la bienvenida al Tren Maya en su primer itinerario, marcando un hito hist\u00f3rico en la conectividad del sureste de M\u00e9xico, as\u00ed como recibir al Presidente Andr\u00e9s Manuel L\u00f3pez Obrador, quien encabez\u00f3 el viaje inaugural desde Campeche hasta Canc\u00fan, destacando el compromiso del Gobierno de M\u00e9xico con la [&hellip;]","og_url":"https:\/\/inspectornocturno.com.mx\/?p=59175","og_site_name":"Inspector Nocturno","article_published_time":"2023-12-16T03:00:18+00:00","article_modified_time":"2023-12-16T03:00:19+00:00","og_image":[{"width":900,"height":506,"url":"https:\/\/inspectornocturno.com.mx\/wp-content\/uploads\/2023\/12\/WhatsApp-Image-2023-12-15-at-18.57.35-scaled.jpeg","type":"image\/jpeg"}],"author":"Inspector Nocturno","twitter_card":"summary_large_image","schema":{"@context":"https:\/\/schema.org","@graph":[{"@type":"Article","@id":"https:\/\/inspectornocturno.com.mx\/?p=59175#article","isPartOf":{"@id":"https:\/\/inspectornocturno.com.mx\/?p=59175"},"author":{"name":"Inspector Nocturno","@id":"https:\/\/inspectornocturno.com.mx\/#\/schema\/person\/e9418c22a987eae8f9a24e3f6f11b64a"},"headline":"ANA PATY PERALTA DA LA BIENVENIDA A CANC\u00daN AL TREN MAYA: UN VIAJE HIST\u00d3RICO A LA JUSTICIA SOCIAL Y EL BIENESTAR","datePublished":"2023-12-16T03:00:18+00:00","dateModified":"2023-12-16T03:00:19+00:00","mainEntityOfPage":{"@id":"https:\/\/inspectornocturno.com.mx\/?p=59175"},"wordCount":542,"publisher":{"@id":"https:\/\/inspectornocturno.com.mx\/#\/schema\/person\/63eb343fea17271215b1dd2793b27897"},"image":{"@id":"https:\/\/inspectornocturno.com.mx\/?p=59175#primaryimage"},"thumbnailUrl":"https:\/\/inspectornocturno.com.mx\/wp-content\/uploads\/2023\/12\/WhatsApp-Image-2023-12-15-at-18.57.35-scaled.jpeg","articleSection":["Canc\u00fan","Quintana Roo"],"inLanguage":"es"},{"@type":"WebPage","@id":"https:\/\/inspectornocturno.com.mx\/?p=59175","url":"https:\/\/inspectornocturno.com.mx\/?p=59175","name":"ANA PATY PERALTA DA LA BIENVENIDA A CANC\u00daN AL TREN MAYA: UN VIAJE HIST\u00d3RICO A LA JUSTICIA SOCIAL Y EL BIENESTAR - Inspector Nocturno","isPartOf":{"@id":"https:\/\/inspectornocturno.com.mx\/#website"},"primaryImageOfPage":{"@id":"https:\/\/inspectornocturno.com.mx\/?p=59175#primaryimage"},"image":{"@id":"https:\/\/inspectornocturno.com.mx\/?p=59175#primaryimage"},"thumbnailUrl":"https:\/\/inspectornocturno.com.mx\/wp-content\/uploads\/2023\/12\/WhatsApp-Image-2023-12-15-at-18.57.35-scaled.jpeg","datePublished":"2023-12-16T03:00:18+00:00","dateModified":"2023-12-16T03:00:19+00:00","breadcrumb":{"@id":"https:\/\/inspectornocturno.com.mx\/?p=59175#breadcrumb"},"inLanguage":"es","potentialAction":[{"@type":"ReadAction","target":["https:\/\/inspectornocturno.com.mx\/?p=59175"]}]},{"@type":"ImageObject","inLanguage":"es","@id":"https:\/\/inspectornocturno.com.mx\/?p=59175#primaryimage","url":"https:\/\/inspectornocturno.com.mx\/wp-content\/uploads\/2023\/12\/WhatsApp-Image-2023-12-15-at-18.57.35-scaled.jpeg","contentUrl":"https:\/\/inspectornocturno.com.mx\/wp-content\/uploads\/2023\/12\/WhatsApp-Image-2023-12-15-at-18.57.35-scaled.jpeg","width":900,"height":506},{"@type":"BreadcrumbList","@id":"https:\/\/inspectornocturno.com.mx\/?p=59175#breadcrumb","itemListElement":[{"@type":"ListItem","position":1,"name":"Portada","item":"https:\/\/inspectornocturno.com.mx\/"},{"@type":"ListItem","position":2,"name":"ANA PATY PERALTA DA LA BIENVENIDA A CANC\u00daN AL TREN MAYA: UN VIAJE HIST\u00d3RICO A LA JUSTICIA SOCIAL Y EL BIENESTAR"}]},{"@type":"WebSite","@id":"https:\/\/inspectornocturno.com.mx\/#website","url":"https:\/\/inspectornocturno.com.mx\/","name":"Inspector Nocturno","description":"Canc\u00fan, noticias al minuto del inspector nocturno","publisher":{"@id":"https:\/\/inspectornocturno.com.mx\/#\/schema\/person\/63eb343fea17271215b1dd2793b27897"},"alternateName":"Noticias de impacto al momento de los hechos","potentialAction":[{"@type":"SearchAction","target":{"@type":"EntryPoint","urlTemplate":"https:\/\/inspectornocturno.com.mx\/?s={search_term_string}"},"query-input":{"@type":"PropertyValueSpecification","valueRequired":true,"valueName":"search_term_string"}}],"inLanguage":"es"},{"@type":["Person","Organization"],"@id":"https:\/\/inspectornocturno.com.mx\/#\/schema\/person\/63eb343fea17271215b1dd2793b27897","name":"Inspector Nocturno","image":{"@type":"ImageObject","inLanguage":"es","@id":"https:\/\/inspectornocturno.com.mx\/wp-content\/uploads\/2021\/10\/logo-transparente.png","url":"https:\/\/inspectornocturno.com.mx\/wp-content\/uploads\/2021\/10\/logo-transparente.png","contentUrl":"https:\/\/inspectornocturno.com.mx\/wp-content\/uploads\/2021\/10\/logo-transparente.png","width":561,"height":668,"caption":"Inspector Nocturno"},"logo":{"@id":"https:\/\/inspectornocturno.com.mx\/wp-content\/uploads\/2021\/10\/logo-transparente.png"},"sameAs":["http:\/\/inspectornocturno.com.mx"]},{"@type":"Person","@id":"https:\/\/inspectornocturno.com.mx\/#\/schema\/person\/e9418c22a987eae8f9a24e3f6f11b64a","name":"Inspector Nocturno"}]}},"views":219,"_links":{"self":[{"href":"https:\/\/inspectornocturno.com.mx\/index.php?rest_route=\/wp\/v2\/posts\/59175","targetHints":{"allow":["GET"]}}],"collection":[{"href":"https:\/\/inspectornocturno.com.mx\/index.php?rest_route=\/wp\/v2\/posts"}],"about":[{"href":"https:\/\/inspectornocturno.com.mx\/index.php?rest_route=\/wp\/v2\/types\/post"}],"author":[{"embeddable":true,"href":"https:\/\/inspectornocturno.com.mx\/index.php?rest_route=\/wp\/v2\/users\/9"}],"replies":[{"embeddable":true,"href":"https:\/\/inspectornocturno.com.mx\/index.php?rest_route=%2Fwp%2Fv2%2Fcomments&post=59175"}],"version-history":[{"count":1,"href":"https:\/\/inspectornocturno.com.mx\/index.php?rest_route=\/wp\/v2\/posts\/59175\/revisions"}],"predecessor-version":[{"id":59177,"href":"https:\/\/inspectornocturno.com.mx\/index.php?rest_route=\/wp\/v2\/posts\/59175\/revisions\/59177"}],"wp:featuredmedia":[{"embeddable":true,"href":"https:\/\/inspectornocturno.com.mx\/index.php?rest_route=\/wp\/v2\/media\/59176"}],"wp:attachment":[{"href":"https:\/\/inspectornocturno.com.mx\/index.php?rest_route=%2Fwp%2Fv2%2Fmedia&parent=59175"}],"wp:term":[{"taxonomy":"category","embeddable":true,"href":"https:\/\/inspectornocturno.com.mx\/index.php?rest_route=%2Fwp%2Fv2%2Fcategories&post=59175"},{"taxonomy":"post_tag","embeddable":true,"href":"https:\/\/inspectornocturno.com.mx\/index.php?rest_route=%2Fwp%2Fv2%2Ftags&post=59175"}],"curies":[{"name":"wp","href":"https:\/\/api.w.org\/{rel}","templated":true}]}}