{"id":57978,"date":"2023-11-23T21:03:44","date_gmt":"2023-11-24T02:03:44","guid":{"rendered":"https:\/\/inspectornocturno.com.mx\/?p=57978"},"modified":"2023-11-23T21:03:45","modified_gmt":"2023-11-24T02:03:45","slug":"abren-espacios-laborales-para-personas-con-discapacidad-y-tercera-edad","status":"publish","type":"post","link":"https:\/\/inspectornocturno.com.mx\/?p=57978","title":{"rendered":"ABREN ESPACIOS LABORALES PARA PERSONAS CON DISCAPACIDAD Y TERCERA EDAD"},"content":{"rendered":"\n<p>\ud83d\udd3aLa inclusi\u00f3n laboral es prioridad en este gobierno que encabeza Lili Campos, por lo que se han realizado 11 ferias inclusivas de empleo.<\/p>\n\n\n\n<p>Playa del Carmen.- El segundo domo del fraccionamiento de Villas del Sol fue sede de la 11\u00aa Feria Inclusiva del Empleo, donde se ofertaron cerca de 150 vacantes, porque la inclusi\u00f3n laboral es un tema prioritario del gobierno municipal que dirige la presidenta Lili Campos.<\/p>\n\n\n\n<p>Dagoberto Holgu\u00edn, titular de la Unidad de Atenci\u00f3n a Personas con Discapacidad y de la Tercera Edad, manifest\u00f3 que llevan 11 ferias inclusivas del empleo.<\/p>\n\n\n\n<p>\u201cEs una tarea ardua y un gran reto que, con la confianza y el apoyo, pero sobre todo el trabajo en equipo que se hace con la presidenta Lili Campos, llevamos a cabo en pro de las personas con discapacidad y de las personas adultas mayores. Hoy participaron cerca de nueve empresas con alrededor de 150 vacantes\u201d inform\u00f3.<\/p>\n\n\n\n<p>El funcionario puntualiz\u00f3 que el sector de personas con discapacidad va creciendo en el municipio, pues de tener un total de 32 mil personas, hoy se tiene un aproximado de 45 mil, mientras que el sector de adultos mayores era de alrededor de 27 mil personas, hoy se cuenta con 32 mil.<\/p>\n\n\n\n<p>A su vez, recalc\u00f3 que independientemente de las ferias inclusivas que realizan mes con mes, la unidad est\u00e1 implementando el programa de inclusi\u00f3n laboral, el cual tiene la bolsa permanente, dan capacitaciones al sector empresarial, talleres de lengua de se\u00f1as y dan capacitaci\u00f3n integral constante en conjunto con asociaciones.<\/p>\n\n\n\n<p>\u201cEl objetivo es lograr la correcta inserci\u00f3n de las personas con discapacidad y adultos mayores en el \u00e1mbito laboral, hacer conciencia en que todas las personas tienen los mismos derechos. La finalidad tambi\u00e9n es abrir m\u00e1s espacios y que m\u00e1s empresas sigan teniendo la voluntad de sumar m\u00e1s espacios\u201d, manifest\u00f3.<\/p>\n","protected":false},"excerpt":{"rendered":"<p>\ud83d\udd3aLa inclusi\u00f3n laboral es prioridad en este gobierno que encabeza Lili Campos, por lo que se han realizado 11 ferias inclusivas de empleo. Playa del Carmen.- El segundo domo del fraccionamiento de Villas del Sol fue sede de la 11\u00aa Feria Inclusiva del Empleo, donde se ofertaron cerca de 150 vacantes, porque la inclusi\u00f3n laboral [&hellip;]<\/p>\n","protected":false},"author":1,"featured_media":57979,"comment_status":"closed","ping_status":"closed","sticky":false,"template":"","format":"standard","meta":{"footnotes":"","_wpscppro_dont_share_socialmedia":false,"_wpscppro_custom_social_share_image":0,"_facebook_share_type":"","_twitter_share_type":"","_linkedin_share_type":"","_pinterest_share_type":"","_linkedin_share_type_page":"","_instagram_share_type":"","_medium_share_type":"","_threads_share_type":"","_google_business_share_type":"","_selected_social_profile":[],"_wpsp_enable_custom_social_template":false,"_wpsp_social_scheduling":{"enabled":false,"datetime":null,"platforms":[],"status":"template_only","dateOption":"today","timeOption":"now","customDays":"","customHours":"","customDate":"","customTime":"","schedulingType":"absolute"},"_wpsp_active_default_template":true},"categories":[50,69,3],"tags":[],"class_list":["post-57978","post","type-post","status-publish","format-standard","has-post-thumbnail","hentry","category-playa-del-carmen","category-politica","category-quintana-roo"],"yoast_head":"<!-- This site is optimized with the Yoast SEO plugin v27.4 - https:\/\/yoast.com\/product\/yoast-seo-wordpress\/ -->\n<title>ABREN ESPACIOS LABORALES PARA PERSONAS CON DISCAPACIDAD Y TERCERA EDAD - Inspector Nocturno<\/title>\n<meta name=\"robots\" content=\"index, follow, max-snippet:-1, max-image-preview:large, max-video-preview:-1\" \/>\n<link rel=\"canonical\" href=\"https:\/\/inspectornocturno.com.mx\/?p=57978\" \/>\n<meta property=\"og:locale\" content=\"es_ES\" \/>\n<meta property=\"og:type\" content=\"article\" \/>\n<meta property=\"og:title\" content=\"ABREN ESPACIOS LABORALES PARA PERSONAS CON DISCAPACIDAD Y TERCERA EDAD - Inspector Nocturno\" \/>\n<meta property=\"og:description\" content=\"\ud83d\udd3aLa inclusi\u00f3n laboral es prioridad en este gobierno que encabeza Lili Campos, por lo que se han realizado 11 ferias inclusivas de empleo. Playa del Carmen.- El segundo domo del fraccionamiento de Villas del Sol fue sede de la 11\u00aa Feria Inclusiva del Empleo, donde se ofertaron cerca de 150 vacantes, porque la inclusi\u00f3n laboral [&hellip;]\" \/>\n<meta property=\"og:url\" content=\"https:\/\/inspectornocturno.com.mx\/?p=57978\" \/>\n<meta property=\"og:site_name\" content=\"Inspector Nocturno\" \/>\n<meta property=\"article:published_time\" content=\"2023-11-24T02:03:44+00:00\" \/>\n<meta property=\"article:modified_time\" content=\"2023-11-24T02:03:45+00:00\" \/>\n<meta property=\"og:image\" content=\"https:\/\/inspectornocturno.com.mx\/wp-content\/uploads\/2023\/11\/IMG-20231123-WA0037-scaled.jpg\" \/>\n\t<meta property=\"og:image:width\" content=\"900\" \/>\n\t<meta property=\"og:image:height\" content=\"600\" \/>\n\t<meta property=\"og:image:type\" content=\"image\/jpeg\" \/>\n<meta name=\"author\" content=\"inspector nocturno, noticias al momento, noticias de ultima hora, informando al minuto\" \/>\n<meta name=\"twitter:card\" content=\"summary_large_image\" \/>\n<script type=\"application\/ld+json\" class=\"yoast-schema-graph\">{\"@context\":\"https:\\\/\\\/schema.org\",\"@graph\":[{\"@type\":\"Article\",\"@id\":\"https:\\\/\\\/inspectornocturno.com.mx\\\/?p=57978#article\",\"isPartOf\":{\"@id\":\"https:\\\/\\\/inspectornocturno.com.mx\\\/?p=57978\"},\"author\":{\"name\":\"inspector nocturno, noticias al momento, noticias de ultima hora, informando al minuto\",\"@id\":\"https:\\\/\\\/inspectornocturno.com.mx\\\/#\\\/schema\\\/person\\\/7dc0a76c90dafd204473535370236590\"},\"headline\":\"ABREN ESPACIOS LABORALES PARA PERSONAS CON DISCAPACIDAD Y TERCERA EDAD\",\"datePublished\":\"2023-11-24T02:03:44+00:00\",\"dateModified\":\"2023-11-24T02:03:45+00:00\",\"mainEntityOfPage\":{\"@id\":\"https:\\\/\\\/inspectornocturno.com.mx\\\/?p=57978\"},\"wordCount\":316,\"publisher\":{\"@id\":\"https:\\\/\\\/inspectornocturno.com.mx\\\/#\\\/schema\\\/person\\\/63eb343fea17271215b1dd2793b27897\"},\"image\":{\"@id\":\"https:\\\/\\\/inspectornocturno.com.mx\\\/?p=57978#primaryimage\"},\"thumbnailUrl\":\"https:\\\/\\\/inspectornocturno.com.mx\\\/wp-content\\\/uploads\\\/2023\\\/11\\\/IMG-20231123-WA0037-scaled.jpg\",\"articleSection\":[\"Playa del Carmen\",\"Pol\u00edtica\",\"Quintana Roo\"],\"inLanguage\":\"es\"},{\"@type\":\"WebPage\",\"@id\":\"https:\\\/\\\/inspectornocturno.com.mx\\\/?p=57978\",\"url\":\"https:\\\/\\\/inspectornocturno.com.mx\\\/?p=57978\",\"name\":\"ABREN ESPACIOS LABORALES PARA PERSONAS CON DISCAPACIDAD Y TERCERA EDAD - Inspector Nocturno\",\"isPartOf\":{\"@id\":\"https:\\\/\\\/inspectornocturno.com.mx\\\/#website\"},\"primaryImageOfPage\":{\"@id\":\"https:\\\/\\\/inspectornocturno.com.mx\\\/?p=57978#primaryimage\"},\"image\":{\"@id\":\"https:\\\/\\\/inspectornocturno.com.mx\\\/?p=57978#primaryimage\"},\"thumbnailUrl\":\"https:\\\/\\\/inspectornocturno.com.mx\\\/wp-content\\\/uploads\\\/2023\\\/11\\\/IMG-20231123-WA0037-scaled.jpg\",\"datePublished\":\"2023-11-24T02:03:44+00:00\",\"dateModified\":\"2023-11-24T02:03:45+00:00\",\"breadcrumb\":{\"@id\":\"https:\\\/\\\/inspectornocturno.com.mx\\\/?p=57978#breadcrumb\"},\"inLanguage\":\"es\",\"potentialAction\":[{\"@type\":\"ReadAction\",\"target\":[\"https:\\\/\\\/inspectornocturno.com.mx\\\/?p=57978\"]}]},{\"@type\":\"ImageObject\",\"inLanguage\":\"es\",\"@id\":\"https:\\\/\\\/inspectornocturno.com.mx\\\/?p=57978#primaryimage\",\"url\":\"https:\\\/\\\/inspectornocturno.com.mx\\\/wp-content\\\/uploads\\\/2023\\\/11\\\/IMG-20231123-WA0037-scaled.jpg\",\"contentUrl\":\"https:\\\/\\\/inspectornocturno.com.mx\\\/wp-content\\\/uploads\\\/2023\\\/11\\\/IMG-20231123-WA0037-scaled.jpg\",\"width\":900,\"height\":600},{\"@type\":\"BreadcrumbList\",\"@id\":\"https:\\\/\\\/inspectornocturno.com.mx\\\/?p=57978#breadcrumb\",\"itemListElement\":[{\"@type\":\"ListItem\",\"position\":1,\"name\":\"Portada\",\"item\":\"https:\\\/\\\/inspectornocturno.com.mx\\\/\"},{\"@type\":\"ListItem\",\"position\":2,\"name\":\"ABREN ESPACIOS LABORALES PARA PERSONAS CON DISCAPACIDAD Y TERCERA EDAD\"}]},{\"@type\":\"WebSite\",\"@id\":\"https:\\\/\\\/inspectornocturno.com.mx\\\/#website\",\"url\":\"https:\\\/\\\/inspectornocturno.com.mx\\\/\",\"name\":\"Inspector Nocturno\",\"description\":\"Canc\u00fan, noticias al minuto del inspector nocturno\",\"publisher\":{\"@id\":\"https:\\\/\\\/inspectornocturno.com.mx\\\/#\\\/schema\\\/person\\\/63eb343fea17271215b1dd2793b27897\"},\"alternateName\":\"Noticias de impacto al momento de los hechos\",\"potentialAction\":[{\"@type\":\"SearchAction\",\"target\":{\"@type\":\"EntryPoint\",\"urlTemplate\":\"https:\\\/\\\/inspectornocturno.com.mx\\\/?s={search_term_string}\"},\"query-input\":{\"@type\":\"PropertyValueSpecification\",\"valueRequired\":true,\"valueName\":\"search_term_string\"}}],\"inLanguage\":\"es\"},{\"@type\":[\"Person\",\"Organization\"],\"@id\":\"https:\\\/\\\/inspectornocturno.com.mx\\\/#\\\/schema\\\/person\\\/63eb343fea17271215b1dd2793b27897\",\"name\":\"Inspector Nocturno\",\"image\":{\"@type\":\"ImageObject\",\"inLanguage\":\"es\",\"@id\":\"https:\\\/\\\/inspectornocturno.com.mx\\\/wp-content\\\/uploads\\\/2021\\\/10\\\/logo-transparente.png\",\"url\":\"https:\\\/\\\/inspectornocturno.com.mx\\\/wp-content\\\/uploads\\\/2021\\\/10\\\/logo-transparente.png\",\"contentUrl\":\"https:\\\/\\\/inspectornocturno.com.mx\\\/wp-content\\\/uploads\\\/2021\\\/10\\\/logo-transparente.png\",\"width\":561,\"height\":668,\"caption\":\"Inspector Nocturno\"},\"logo\":{\"@id\":\"https:\\\/\\\/inspectornocturno.com.mx\\\/wp-content\\\/uploads\\\/2021\\\/10\\\/logo-transparente.png\"},\"sameAs\":[\"http:\\\/\\\/inspectornocturno.com.mx\"]},{\"@type\":\"Person\",\"@id\":\"https:\\\/\\\/inspectornocturno.com.mx\\\/#\\\/schema\\\/person\\\/7dc0a76c90dafd204473535370236590\",\"name\":\"inspector nocturno, noticias al momento, noticias de ultima hora, informando al minuto\",\"sameAs\":[\"https:\\\/\\\/inspectornocturno.com.mx\"]}]}<\/script>\n<!-- \/ Yoast SEO plugin. -->","yoast_head_json":{"title":"ABREN ESPACIOS LABORALES PARA PERSONAS CON DISCAPACIDAD Y TERCERA EDAD - Inspector Nocturno","robots":{"index":"index","follow":"follow","max-snippet":"max-snippet:-1","max-image-preview":"max-image-preview:large","max-video-preview":"max-video-preview:-1"},"canonical":"https:\/\/inspectornocturno.com.mx\/?p=57978","og_locale":"es_ES","og_type":"article","og_title":"ABREN ESPACIOS LABORALES PARA PERSONAS CON DISCAPACIDAD Y TERCERA EDAD - Inspector Nocturno","og_description":"\ud83d\udd3aLa inclusi\u00f3n laboral es prioridad en este gobierno que encabeza Lili Campos, por lo que se han realizado 11 ferias inclusivas de empleo. Playa del Carmen.- El segundo domo del fraccionamiento de Villas del Sol fue sede de la 11\u00aa Feria Inclusiva del Empleo, donde se ofertaron cerca de 150 vacantes, porque la inclusi\u00f3n laboral [&hellip;]","og_url":"https:\/\/inspectornocturno.com.mx\/?p=57978","og_site_name":"Inspector Nocturno","article_published_time":"2023-11-24T02:03:44+00:00","article_modified_time":"2023-11-24T02:03:45+00:00","og_image":[{"width":900,"height":600,"url":"https:\/\/inspectornocturno.com.mx\/wp-content\/uploads\/2023\/11\/IMG-20231123-WA0037-scaled.jpg","type":"image\/jpeg"}],"author":"inspector nocturno, noticias al momento, noticias de ultima hora, informando al minuto","twitter_card":"summary_large_image","schema":{"@context":"https:\/\/schema.org","@graph":[{"@type":"Article","@id":"https:\/\/inspectornocturno.com.mx\/?p=57978#article","isPartOf":{"@id":"https:\/\/inspectornocturno.com.mx\/?p=57978"},"author":{"name":"inspector nocturno, noticias al momento, noticias de ultima hora, informando al minuto","@id":"https:\/\/inspectornocturno.com.mx\/#\/schema\/person\/7dc0a76c90dafd204473535370236590"},"headline":"ABREN ESPACIOS LABORALES PARA PERSONAS CON DISCAPACIDAD Y TERCERA EDAD","datePublished":"2023-11-24T02:03:44+00:00","dateModified":"2023-11-24T02:03:45+00:00","mainEntityOfPage":{"@id":"https:\/\/inspectornocturno.com.mx\/?p=57978"},"wordCount":316,"publisher":{"@id":"https:\/\/inspectornocturno.com.mx\/#\/schema\/person\/63eb343fea17271215b1dd2793b27897"},"image":{"@id":"https:\/\/inspectornocturno.com.mx\/?p=57978#primaryimage"},"thumbnailUrl":"https:\/\/inspectornocturno.com.mx\/wp-content\/uploads\/2023\/11\/IMG-20231123-WA0037-scaled.jpg","articleSection":["Playa del Carmen","Pol\u00edtica","Quintana Roo"],"inLanguage":"es"},{"@type":"WebPage","@id":"https:\/\/inspectornocturno.com.mx\/?p=57978","url":"https:\/\/inspectornocturno.com.mx\/?p=57978","name":"ABREN ESPACIOS LABORALES PARA PERSONAS CON DISCAPACIDAD Y TERCERA EDAD - Inspector Nocturno","isPartOf":{"@id":"https:\/\/inspectornocturno.com.mx\/#website"},"primaryImageOfPage":{"@id":"https:\/\/inspectornocturno.com.mx\/?p=57978#primaryimage"},"image":{"@id":"https:\/\/inspectornocturno.com.mx\/?p=57978#primaryimage"},"thumbnailUrl":"https:\/\/inspectornocturno.com.mx\/wp-content\/uploads\/2023\/11\/IMG-20231123-WA0037-scaled.jpg","datePublished":"2023-11-24T02:03:44+00:00","dateModified":"2023-11-24T02:03:45+00:00","breadcrumb":{"@id":"https:\/\/inspectornocturno.com.mx\/?p=57978#breadcrumb"},"inLanguage":"es","potentialAction":[{"@type":"ReadAction","target":["https:\/\/inspectornocturno.com.mx\/?p=57978"]}]},{"@type":"ImageObject","inLanguage":"es","@id":"https:\/\/inspectornocturno.com.mx\/?p=57978#primaryimage","url":"https:\/\/inspectornocturno.com.mx\/wp-content\/uploads\/2023\/11\/IMG-20231123-WA0037-scaled.jpg","contentUrl":"https:\/\/inspectornocturno.com.mx\/wp-content\/uploads\/2023\/11\/IMG-20231123-WA0037-scaled.jpg","width":900,"height":600},{"@type":"BreadcrumbList","@id":"https:\/\/inspectornocturno.com.mx\/?p=57978#breadcrumb","itemListElement":[{"@type":"ListItem","position":1,"name":"Portada","item":"https:\/\/inspectornocturno.com.mx\/"},{"@type":"ListItem","position":2,"name":"ABREN ESPACIOS LABORALES PARA PERSONAS CON DISCAPACIDAD Y TERCERA EDAD"}]},{"@type":"WebSite","@id":"https:\/\/inspectornocturno.com.mx\/#website","url":"https:\/\/inspectornocturno.com.mx\/","name":"Inspector Nocturno","description":"Canc\u00fan, noticias al minuto del inspector nocturno","publisher":{"@id":"https:\/\/inspectornocturno.com.mx\/#\/schema\/person\/63eb343fea17271215b1dd2793b27897"},"alternateName":"Noticias de impacto al momento de los hechos","potentialAction":[{"@type":"SearchAction","target":{"@type":"EntryPoint","urlTemplate":"https:\/\/inspectornocturno.com.mx\/?s={search_term_string}"},"query-input":{"@type":"PropertyValueSpecification","valueRequired":true,"valueName":"search_term_string"}}],"inLanguage":"es"},{"@type":["Person","Organization"],"@id":"https:\/\/inspectornocturno.com.mx\/#\/schema\/person\/63eb343fea17271215b1dd2793b27897","name":"Inspector Nocturno","image":{"@type":"ImageObject","inLanguage":"es","@id":"https:\/\/inspectornocturno.com.mx\/wp-content\/uploads\/2021\/10\/logo-transparente.png","url":"https:\/\/inspectornocturno.com.mx\/wp-content\/uploads\/2021\/10\/logo-transparente.png","contentUrl":"https:\/\/inspectornocturno.com.mx\/wp-content\/uploads\/2021\/10\/logo-transparente.png","width":561,"height":668,"caption":"Inspector Nocturno"},"logo":{"@id":"https:\/\/inspectornocturno.com.mx\/wp-content\/uploads\/2021\/10\/logo-transparente.png"},"sameAs":["http:\/\/inspectornocturno.com.mx"]},{"@type":"Person","@id":"https:\/\/inspectornocturno.com.mx\/#\/schema\/person\/7dc0a76c90dafd204473535370236590","name":"inspector nocturno, noticias al momento, noticias de ultima hora, informando al minuto","sameAs":["https:\/\/inspectornocturno.com.mx"]}]}},"views":238,"_links":{"self":[{"href":"https:\/\/inspectornocturno.com.mx\/index.php?rest_route=\/wp\/v2\/posts\/57978","targetHints":{"allow":["GET"]}}],"collection":[{"href":"https:\/\/inspectornocturno.com.mx\/index.php?rest_route=\/wp\/v2\/posts"}],"about":[{"href":"https:\/\/inspectornocturno.com.mx\/index.php?rest_route=\/wp\/v2\/types\/post"}],"author":[{"embeddable":true,"href":"https:\/\/inspectornocturno.com.mx\/index.php?rest_route=\/wp\/v2\/users\/1"}],"replies":[{"embeddable":true,"href":"https:\/\/inspectornocturno.com.mx\/index.php?rest_route=%2Fwp%2Fv2%2Fcomments&post=57978"}],"version-history":[{"count":1,"href":"https:\/\/inspectornocturno.com.mx\/index.php?rest_route=\/wp\/v2\/posts\/57978\/revisions"}],"predecessor-version":[{"id":57980,"href":"https:\/\/inspectornocturno.com.mx\/index.php?rest_route=\/wp\/v2\/posts\/57978\/revisions\/57980"}],"wp:featuredmedia":[{"embeddable":true,"href":"https:\/\/inspectornocturno.com.mx\/index.php?rest_route=\/wp\/v2\/media\/57979"}],"wp:attachment":[{"href":"https:\/\/inspectornocturno.com.mx\/index.php?rest_route=%2Fwp%2Fv2%2Fmedia&parent=57978"}],"wp:term":[{"taxonomy":"category","embeddable":true,"href":"https:\/\/inspectornocturno.com.mx\/index.php?rest_route=%2Fwp%2Fv2%2Fcategories&post=57978"},{"taxonomy":"post_tag","embeddable":true,"href":"https:\/\/inspectornocturno.com.mx\/index.php?rest_route=%2Fwp%2Fv2%2Ftags&post=57978"}],"curies":[{"name":"wp","href":"https:\/\/api.w.org\/{rel}","templated":true}]}}