{"id":57798,"date":"2023-11-20T21:00:29","date_gmt":"2023-11-21T02:00:29","guid":{"rendered":"https:\/\/inspectornocturno.com.mx\/?p=57798"},"modified":"2023-11-20T21:00:30","modified_gmt":"2023-11-21T02:00:30","slug":"restaurante-de-la-28-de-julio-casi-se-incendia","status":"publish","type":"post","link":"https:\/\/inspectornocturno.com.mx\/?p=57798","title":{"rendered":"RESTAURANTE DE LA 28 DE JULIO CASI SE INCENDIA"},"content":{"rendered":"\n<p>\ud83d\udd3aAl negocio, ubicado entre calle Muyil y avenida 115, arribaron elementos del cuerpo de Bomberos, Protecci\u00f3n Civil y Polic\u00eda Municipal para controlar el siniestro.<\/p>\n\n\n\n<p>Playa del Carmen.- Trabajadores de un restaurante ubicado en la colonia 28 de Julio, reportaron que la instalaci\u00f3n el\u00e9ctrica del establecimiento se estaba incendiando por lo que elementos de Bomberos, Protecci\u00f3n Civil y la Polic\u00eda Municipal llegaron a la zona.<\/p>\n\n\n\n<p>Alrededor de las 4:00 de la tarde, trabajadores reportaron que en la avenida Solidaridad, entre calle Muyil y avenida 115; un negocio llamado \u2018The Cafeter\u00eda\u2019 se estaba incendiando y se alcanzaba a ver mucho humo en la parte superior, por lo que se solicitaba la intervenci\u00f3n de Bomberos.<\/p>\n\n\n\n<p>Varias unidades de la Polic\u00eda Municipal llegaron al lugar para cerrar la vialidad, adem\u00e1s de ayudar con las labores de evacuaci\u00f3n del establecimiento, tanto de comensales como de colaboradores del caf\u00e9.<\/p>\n\n\n\n<p>Los Bomberos llegaron posteriormente y comenzaron por sacar la energ\u00eda el\u00e9ctrica, ya que el fuego se origin\u00f3 presuntamente debido a un corto circuito en la instalaci\u00f3n, que se encontraba en el techo del restaurante.<\/p>\n\n\n\n<p>Afortunadamente, no se reportaron personas lesionadas y los da\u00f1os fueron exclusivamente materiales. Posteriormente, Protecci\u00f3n Civil hizo su parte para hacer las recomendaciones e inspecci\u00f3n del lugar, con el fin de evitar que se vuelva a registrar un incidente de este tipo.<\/p>\n","protected":false},"excerpt":{"rendered":"<p>\ud83d\udd3aAl negocio, ubicado entre calle Muyil y avenida 115, arribaron elementos del cuerpo de Bomberos, Protecci\u00f3n Civil y Polic\u00eda Municipal para controlar el siniestro. Playa del Carmen.- Trabajadores de un restaurante ubicado en la colonia 28 de Julio, reportaron que la instalaci\u00f3n el\u00e9ctrica del establecimiento se estaba incendiando por lo que elementos de Bomberos, Protecci\u00f3n [&hellip;]<\/p>\n","protected":false},"author":7,"featured_media":57800,"comment_status":"closed","ping_status":"closed","sticky":false,"template":"","format":"standard","meta":{"footnotes":"","_wpscppro_dont_share_socialmedia":false,"_wpscppro_custom_social_share_image":0,"_facebook_share_type":"","_twitter_share_type":"","_linkedin_share_type":"","_pinterest_share_type":"","_linkedin_share_type_page":"","_instagram_share_type":"","_medium_share_type":"","_threads_share_type":"","_google_business_share_type":"","_selected_social_profile":[],"_wpsp_enable_custom_social_template":false,"_wpsp_social_scheduling":{"enabled":false,"datetime":null,"platforms":[],"status":"template_only","dateOption":"today","timeOption":"now","customDays":"","customHours":"","customDate":"","customTime":"","schedulingType":"absolute"},"_wpsp_active_default_template":true},"categories":[50,75,3],"tags":[],"class_list":["post-57798","post","type-post","status-publish","format-standard","has-post-thumbnail","hentry","category-playa-del-carmen","category-policia","category-quintana-roo"],"yoast_head":"<!-- This site is optimized with the Yoast SEO plugin v27.4 - https:\/\/yoast.com\/product\/yoast-seo-wordpress\/ -->\n<title>RESTAURANTE DE LA 28 DE JULIO CASI SE INCENDIA - Inspector Nocturno<\/title>\n<meta name=\"robots\" content=\"index, follow, max-snippet:-1, max-image-preview:large, max-video-preview:-1\" \/>\n<link rel=\"canonical\" href=\"https:\/\/inspectornocturno.com.mx\/?p=57798\" \/>\n<meta property=\"og:locale\" content=\"es_ES\" \/>\n<meta property=\"og:type\" content=\"article\" \/>\n<meta property=\"og:title\" content=\"RESTAURANTE DE LA 28 DE JULIO CASI SE INCENDIA - Inspector Nocturno\" \/>\n<meta property=\"og:description\" content=\"\ud83d\udd3aAl negocio, ubicado entre calle Muyil y avenida 115, arribaron elementos del cuerpo de Bomberos, Protecci\u00f3n Civil y Polic\u00eda Municipal para controlar el siniestro. Playa del Carmen.- Trabajadores de un restaurante ubicado en la colonia 28 de Julio, reportaron que la instalaci\u00f3n el\u00e9ctrica del establecimiento se estaba incendiando por lo que elementos de Bomberos, Protecci\u00f3n [&hellip;]\" \/>\n<meta property=\"og:url\" content=\"https:\/\/inspectornocturno.com.mx\/?p=57798\" \/>\n<meta property=\"og:site_name\" content=\"Inspector Nocturno\" \/>\n<meta property=\"article:published_time\" content=\"2023-11-21T02:00:29+00:00\" \/>\n<meta property=\"article:modified_time\" content=\"2023-11-21T02:00:30+00:00\" \/>\n<meta property=\"og:image\" content=\"https:\/\/inspectornocturno.com.mx\/wp-content\/uploads\/2023\/11\/WhatsApp-Image-2023-11-20-at-3.53.54-PM-scaled.jpeg\" \/>\n\t<meta property=\"og:image:width\" content=\"900\" \/>\n\t<meta property=\"og:image:height\" content=\"675\" \/>\n\t<meta property=\"og:image:type\" content=\"image\/jpeg\" \/>\n<meta name=\"author\" content=\"Inspector Nocturno\" \/>\n<meta name=\"twitter:card\" content=\"summary_large_image\" \/>\n<meta name=\"twitter:image\" content=\"https:\/\/inspectornocturno.com.mx\/wp-content\/uploads\/2023\/11\/WhatsApp-Image-2023-11-20-at-3.53.54-PM-scaled.jpeg\" \/>\n<script type=\"application\/ld+json\" class=\"yoast-schema-graph\">{\"@context\":\"https:\\\/\\\/schema.org\",\"@graph\":[{\"@type\":\"Article\",\"@id\":\"https:\\\/\\\/inspectornocturno.com.mx\\\/?p=57798#article\",\"isPartOf\":{\"@id\":\"https:\\\/\\\/inspectornocturno.com.mx\\\/?p=57798\"},\"author\":{\"name\":\"Inspector Nocturno\",\"@id\":\"https:\\\/\\\/inspectornocturno.com.mx\\\/#\\\/schema\\\/person\\\/969c25a2260bdff0de14d7ccb1e77752\"},\"headline\":\"RESTAURANTE DE LA 28 DE JULIO CASI SE INCENDIA\",\"datePublished\":\"2023-11-21T02:00:29+00:00\",\"dateModified\":\"2023-11-21T02:00:30+00:00\",\"mainEntityOfPage\":{\"@id\":\"https:\\\/\\\/inspectornocturno.com.mx\\\/?p=57798\"},\"wordCount\":240,\"publisher\":{\"@id\":\"https:\\\/\\\/inspectornocturno.com.mx\\\/#\\\/schema\\\/person\\\/63eb343fea17271215b1dd2793b27897\"},\"image\":{\"@id\":\"https:\\\/\\\/inspectornocturno.com.mx\\\/?p=57798#primaryimage\"},\"thumbnailUrl\":\"https:\\\/\\\/inspectornocturno.com.mx\\\/wp-content\\\/uploads\\\/2023\\\/11\\\/WhatsApp-Image-2023-11-20-at-3.53.54-PM-1-scaled.jpeg\",\"articleSection\":[\"Playa del Carmen\",\"Polic\u00eda\",\"Quintana Roo\"],\"inLanguage\":\"es\"},{\"@type\":\"WebPage\",\"@id\":\"https:\\\/\\\/inspectornocturno.com.mx\\\/?p=57798\",\"url\":\"https:\\\/\\\/inspectornocturno.com.mx\\\/?p=57798\",\"name\":\"RESTAURANTE DE LA 28 DE JULIO CASI SE INCENDIA - Inspector Nocturno\",\"isPartOf\":{\"@id\":\"https:\\\/\\\/inspectornocturno.com.mx\\\/#website\"},\"primaryImageOfPage\":{\"@id\":\"https:\\\/\\\/inspectornocturno.com.mx\\\/?p=57798#primaryimage\"},\"image\":{\"@id\":\"https:\\\/\\\/inspectornocturno.com.mx\\\/?p=57798#primaryimage\"},\"thumbnailUrl\":\"https:\\\/\\\/inspectornocturno.com.mx\\\/wp-content\\\/uploads\\\/2023\\\/11\\\/WhatsApp-Image-2023-11-20-at-3.53.54-PM-1-scaled.jpeg\",\"datePublished\":\"2023-11-21T02:00:29+00:00\",\"dateModified\":\"2023-11-21T02:00:30+00:00\",\"breadcrumb\":{\"@id\":\"https:\\\/\\\/inspectornocturno.com.mx\\\/?p=57798#breadcrumb\"},\"inLanguage\":\"es\",\"potentialAction\":[{\"@type\":\"ReadAction\",\"target\":[\"https:\\\/\\\/inspectornocturno.com.mx\\\/?p=57798\"]}]},{\"@type\":\"ImageObject\",\"inLanguage\":\"es\",\"@id\":\"https:\\\/\\\/inspectornocturno.com.mx\\\/?p=57798#primaryimage\",\"url\":\"https:\\\/\\\/inspectornocturno.com.mx\\\/wp-content\\\/uploads\\\/2023\\\/11\\\/WhatsApp-Image-2023-11-20-at-3.53.54-PM-1-scaled.jpeg\",\"contentUrl\":\"https:\\\/\\\/inspectornocturno.com.mx\\\/wp-content\\\/uploads\\\/2023\\\/11\\\/WhatsApp-Image-2023-11-20-at-3.53.54-PM-1-scaled.jpeg\",\"width\":900,\"height\":675},{\"@type\":\"BreadcrumbList\",\"@id\":\"https:\\\/\\\/inspectornocturno.com.mx\\\/?p=57798#breadcrumb\",\"itemListElement\":[{\"@type\":\"ListItem\",\"position\":1,\"name\":\"Portada\",\"item\":\"https:\\\/\\\/inspectornocturno.com.mx\\\/\"},{\"@type\":\"ListItem\",\"position\":2,\"name\":\"RESTAURANTE DE LA 28 DE JULIO CASI SE INCENDIA\"}]},{\"@type\":\"WebSite\",\"@id\":\"https:\\\/\\\/inspectornocturno.com.mx\\\/#website\",\"url\":\"https:\\\/\\\/inspectornocturno.com.mx\\\/\",\"name\":\"Inspector Nocturno\",\"description\":\"Canc\u00fan, noticias al minuto del inspector nocturno\",\"publisher\":{\"@id\":\"https:\\\/\\\/inspectornocturno.com.mx\\\/#\\\/schema\\\/person\\\/63eb343fea17271215b1dd2793b27897\"},\"alternateName\":\"Noticias de impacto al momento de los hechos\",\"potentialAction\":[{\"@type\":\"SearchAction\",\"target\":{\"@type\":\"EntryPoint\",\"urlTemplate\":\"https:\\\/\\\/inspectornocturno.com.mx\\\/?s={search_term_string}\"},\"query-input\":{\"@type\":\"PropertyValueSpecification\",\"valueRequired\":true,\"valueName\":\"search_term_string\"}}],\"inLanguage\":\"es\"},{\"@type\":[\"Person\",\"Organization\"],\"@id\":\"https:\\\/\\\/inspectornocturno.com.mx\\\/#\\\/schema\\\/person\\\/63eb343fea17271215b1dd2793b27897\",\"name\":\"Inspector Nocturno\",\"image\":{\"@type\":\"ImageObject\",\"inLanguage\":\"es\",\"@id\":\"https:\\\/\\\/inspectornocturno.com.mx\\\/wp-content\\\/uploads\\\/2021\\\/10\\\/logo-transparente.png\",\"url\":\"https:\\\/\\\/inspectornocturno.com.mx\\\/wp-content\\\/uploads\\\/2021\\\/10\\\/logo-transparente.png\",\"contentUrl\":\"https:\\\/\\\/inspectornocturno.com.mx\\\/wp-content\\\/uploads\\\/2021\\\/10\\\/logo-transparente.png\",\"width\":561,\"height\":668,\"caption\":\"Inspector Nocturno\"},\"logo\":{\"@id\":\"https:\\\/\\\/inspectornocturno.com.mx\\\/wp-content\\\/uploads\\\/2021\\\/10\\\/logo-transparente.png\"},\"sameAs\":[\"http:\\\/\\\/inspectornocturno.com.mx\"]},{\"@type\":\"Person\",\"@id\":\"https:\\\/\\\/inspectornocturno.com.mx\\\/#\\\/schema\\\/person\\\/969c25a2260bdff0de14d7ccb1e77752\",\"name\":\"Inspector Nocturno\"}]}<\/script>\n<!-- \/ Yoast SEO plugin. -->","yoast_head_json":{"title":"RESTAURANTE DE LA 28 DE JULIO CASI SE INCENDIA - Inspector Nocturno","robots":{"index":"index","follow":"follow","max-snippet":"max-snippet:-1","max-image-preview":"max-image-preview:large","max-video-preview":"max-video-preview:-1"},"canonical":"https:\/\/inspectornocturno.com.mx\/?p=57798","og_locale":"es_ES","og_type":"article","og_title":"RESTAURANTE DE LA 28 DE JULIO CASI SE INCENDIA - Inspector Nocturno","og_description":"\ud83d\udd3aAl negocio, ubicado entre calle Muyil y avenida 115, arribaron elementos del cuerpo de Bomberos, Protecci\u00f3n Civil y Polic\u00eda Municipal para controlar el siniestro. Playa del Carmen.- Trabajadores de un restaurante ubicado en la colonia 28 de Julio, reportaron que la instalaci\u00f3n el\u00e9ctrica del establecimiento se estaba incendiando por lo que elementos de Bomberos, Protecci\u00f3n [&hellip;]","og_url":"https:\/\/inspectornocturno.com.mx\/?p=57798","og_site_name":"Inspector Nocturno","article_published_time":"2023-11-21T02:00:29+00:00","article_modified_time":"2023-11-21T02:00:30+00:00","og_image":[{"width":900,"height":675,"url":"https:\/\/inspectornocturno.com.mx\/wp-content\/uploads\/2023\/11\/WhatsApp-Image-2023-11-20-at-3.53.54-PM-scaled.jpeg","type":"image\/jpeg"}],"author":"Inspector Nocturno","twitter_card":"summary_large_image","twitter_image":"https:\/\/inspectornocturno.com.mx\/wp-content\/uploads\/2023\/11\/WhatsApp-Image-2023-11-20-at-3.53.54-PM-scaled.jpeg","schema":{"@context":"https:\/\/schema.org","@graph":[{"@type":"Article","@id":"https:\/\/inspectornocturno.com.mx\/?p=57798#article","isPartOf":{"@id":"https:\/\/inspectornocturno.com.mx\/?p=57798"},"author":{"name":"Inspector Nocturno","@id":"https:\/\/inspectornocturno.com.mx\/#\/schema\/person\/969c25a2260bdff0de14d7ccb1e77752"},"headline":"RESTAURANTE DE LA 28 DE JULIO CASI SE INCENDIA","datePublished":"2023-11-21T02:00:29+00:00","dateModified":"2023-11-21T02:00:30+00:00","mainEntityOfPage":{"@id":"https:\/\/inspectornocturno.com.mx\/?p=57798"},"wordCount":240,"publisher":{"@id":"https:\/\/inspectornocturno.com.mx\/#\/schema\/person\/63eb343fea17271215b1dd2793b27897"},"image":{"@id":"https:\/\/inspectornocturno.com.mx\/?p=57798#primaryimage"},"thumbnailUrl":"https:\/\/inspectornocturno.com.mx\/wp-content\/uploads\/2023\/11\/WhatsApp-Image-2023-11-20-at-3.53.54-PM-1-scaled.jpeg","articleSection":["Playa del Carmen","Polic\u00eda","Quintana Roo"],"inLanguage":"es"},{"@type":"WebPage","@id":"https:\/\/inspectornocturno.com.mx\/?p=57798","url":"https:\/\/inspectornocturno.com.mx\/?p=57798","name":"RESTAURANTE DE LA 28 DE JULIO CASI SE INCENDIA - Inspector Nocturno","isPartOf":{"@id":"https:\/\/inspectornocturno.com.mx\/#website"},"primaryImageOfPage":{"@id":"https:\/\/inspectornocturno.com.mx\/?p=57798#primaryimage"},"image":{"@id":"https:\/\/inspectornocturno.com.mx\/?p=57798#primaryimage"},"thumbnailUrl":"https:\/\/inspectornocturno.com.mx\/wp-content\/uploads\/2023\/11\/WhatsApp-Image-2023-11-20-at-3.53.54-PM-1-scaled.jpeg","datePublished":"2023-11-21T02:00:29+00:00","dateModified":"2023-11-21T02:00:30+00:00","breadcrumb":{"@id":"https:\/\/inspectornocturno.com.mx\/?p=57798#breadcrumb"},"inLanguage":"es","potentialAction":[{"@type":"ReadAction","target":["https:\/\/inspectornocturno.com.mx\/?p=57798"]}]},{"@type":"ImageObject","inLanguage":"es","@id":"https:\/\/inspectornocturno.com.mx\/?p=57798#primaryimage","url":"https:\/\/inspectornocturno.com.mx\/wp-content\/uploads\/2023\/11\/WhatsApp-Image-2023-11-20-at-3.53.54-PM-1-scaled.jpeg","contentUrl":"https:\/\/inspectornocturno.com.mx\/wp-content\/uploads\/2023\/11\/WhatsApp-Image-2023-11-20-at-3.53.54-PM-1-scaled.jpeg","width":900,"height":675},{"@type":"BreadcrumbList","@id":"https:\/\/inspectornocturno.com.mx\/?p=57798#breadcrumb","itemListElement":[{"@type":"ListItem","position":1,"name":"Portada","item":"https:\/\/inspectornocturno.com.mx\/"},{"@type":"ListItem","position":2,"name":"RESTAURANTE DE LA 28 DE JULIO CASI SE INCENDIA"}]},{"@type":"WebSite","@id":"https:\/\/inspectornocturno.com.mx\/#website","url":"https:\/\/inspectornocturno.com.mx\/","name":"Inspector Nocturno","description":"Canc\u00fan, noticias al minuto del inspector nocturno","publisher":{"@id":"https:\/\/inspectornocturno.com.mx\/#\/schema\/person\/63eb343fea17271215b1dd2793b27897"},"alternateName":"Noticias de impacto al momento de los hechos","potentialAction":[{"@type":"SearchAction","target":{"@type":"EntryPoint","urlTemplate":"https:\/\/inspectornocturno.com.mx\/?s={search_term_string}"},"query-input":{"@type":"PropertyValueSpecification","valueRequired":true,"valueName":"search_term_string"}}],"inLanguage":"es"},{"@type":["Person","Organization"],"@id":"https:\/\/inspectornocturno.com.mx\/#\/schema\/person\/63eb343fea17271215b1dd2793b27897","name":"Inspector Nocturno","image":{"@type":"ImageObject","inLanguage":"es","@id":"https:\/\/inspectornocturno.com.mx\/wp-content\/uploads\/2021\/10\/logo-transparente.png","url":"https:\/\/inspectornocturno.com.mx\/wp-content\/uploads\/2021\/10\/logo-transparente.png","contentUrl":"https:\/\/inspectornocturno.com.mx\/wp-content\/uploads\/2021\/10\/logo-transparente.png","width":561,"height":668,"caption":"Inspector Nocturno"},"logo":{"@id":"https:\/\/inspectornocturno.com.mx\/wp-content\/uploads\/2021\/10\/logo-transparente.png"},"sameAs":["http:\/\/inspectornocturno.com.mx"]},{"@type":"Person","@id":"https:\/\/inspectornocturno.com.mx\/#\/schema\/person\/969c25a2260bdff0de14d7ccb1e77752","name":"Inspector Nocturno"}]}},"views":1102,"_links":{"self":[{"href":"https:\/\/inspectornocturno.com.mx\/index.php?rest_route=\/wp\/v2\/posts\/57798","targetHints":{"allow":["GET"]}}],"collection":[{"href":"https:\/\/inspectornocturno.com.mx\/index.php?rest_route=\/wp\/v2\/posts"}],"about":[{"href":"https:\/\/inspectornocturno.com.mx\/index.php?rest_route=\/wp\/v2\/types\/post"}],"author":[{"embeddable":true,"href":"https:\/\/inspectornocturno.com.mx\/index.php?rest_route=\/wp\/v2\/users\/7"}],"replies":[{"embeddable":true,"href":"https:\/\/inspectornocturno.com.mx\/index.php?rest_route=%2Fwp%2Fv2%2Fcomments&post=57798"}],"version-history":[{"count":1,"href":"https:\/\/inspectornocturno.com.mx\/index.php?rest_route=\/wp\/v2\/posts\/57798\/revisions"}],"predecessor-version":[{"id":57801,"href":"https:\/\/inspectornocturno.com.mx\/index.php?rest_route=\/wp\/v2\/posts\/57798\/revisions\/57801"}],"wp:featuredmedia":[{"embeddable":true,"href":"https:\/\/inspectornocturno.com.mx\/index.php?rest_route=\/wp\/v2\/media\/57800"}],"wp:attachment":[{"href":"https:\/\/inspectornocturno.com.mx\/index.php?rest_route=%2Fwp%2Fv2%2Fmedia&parent=57798"}],"wp:term":[{"taxonomy":"category","embeddable":true,"href":"https:\/\/inspectornocturno.com.mx\/index.php?rest_route=%2Fwp%2Fv2%2Fcategories&post=57798"},{"taxonomy":"post_tag","embeddable":true,"href":"https:\/\/inspectornocturno.com.mx\/index.php?rest_route=%2Fwp%2Fv2%2Ftags&post=57798"}],"curies":[{"name":"wp","href":"https:\/\/api.w.org\/{rel}","templated":true}]}}