{"id":57594,"date":"2023-11-17T23:30:00","date_gmt":"2023-11-18T04:30:00","guid":{"rendered":"https:\/\/inspectornocturno.com.mx\/?p=57594"},"modified":"2023-11-17T17:17:05","modified_gmt":"2023-11-17T22:17:05","slug":"realizan-feria-del-empleo-en-villamar-i","status":"publish","type":"post","link":"https:\/\/inspectornocturno.com.mx\/?p=57594","title":{"rendered":"REALIZAN FERIA DEL EMPLEO EN VILLAMAR I"},"content":{"rendered":"\n<p>\ud83d\udd3a 32 empresas ofrecieron mil 380 vacantes as\u00ed como dependencias que agilizaron tr\u00e1mites y servicios para facilitar las contrataciones<\/p>\n\n\n\n<p>#InspectorNocturno \ud83d\udd75\ufe0f\ud83d\udd0e #Noticias \ud83d\ude93\ud83d\udc6e\ud83d\udea8 #Pol\u00edtica #PlayadelCarmen<\/p>\n\n\n\n<p>Playa del Carmen.- Con el fin de que la ciudadan\u00eda encuentre un trabajo digno y bien remunerado, se llev\u00f3 a cabo la Trig\u00e9sima Feria del Empleo en el domo de Villamar 1, pues para el gobierno municipal que dirige la presidenta Lili Campos es prioridad acercar estas ferias hasta sus colonias.<\/p>\n\n\n\n<p>Yuri Nohem\u00ed Mayorga Nicol\u00e1s, titular de la direcci\u00f3n de Trabajo y Promoci\u00f3n del Empleo, inform\u00f3 que en esta ocasi\u00f3n acudieron 32 empresas con mil 380 vacantes. \u201cEn este espacio de interacci\u00f3n, donde el ciudadano en busca de un empleo tiene la oportunidad de encontrar uno seguro, as\u00ed como de las prestaciones que este trabajo pudiera darle\u201d.<\/p>\n\n\n\n<p>Destac\u00f3 que no solo hubo vacantes de empleo, sino que se ofrecieron servicios. La Fiscal\u00eda tramit\u00f3 actas de antecedentes no penales, para las primeras 15 personas fue completamente gratuito; tambi\u00e9n acudi\u00f3 Prodecon quienes estuvieron asesorando con las citas de RFC, constancias de Situaci\u00f3n Fiscal, as\u00ed como el DIF con constancias de salud y Registro Civil por el tema de actualizaci\u00f3n de actas.<\/p>\n","protected":false},"excerpt":{"rendered":"<p>\ud83d\udd3a 32 empresas ofrecieron mil 380 vacantes as\u00ed como dependencias que agilizaron tr\u00e1mites y servicios para facilitar las contrataciones #InspectorNocturno \ud83d\udd75\ufe0f\ud83d\udd0e #Noticias \ud83d\ude93\ud83d\udc6e\ud83d\udea8 #Pol\u00edtica #PlayadelCarmen Playa del Carmen.- Con el fin de que la ciudadan\u00eda encuentre un trabajo digno y bien remunerado, se llev\u00f3 a cabo la Trig\u00e9sima Feria del Empleo en el domo de [&hellip;]<\/p>\n","protected":false},"author":9,"featured_media":57595,"comment_status":"closed","ping_status":"closed","sticky":false,"template":"","format":"standard","meta":{"footnotes":"","_wpscppro_dont_share_socialmedia":false,"_wpscppro_custom_social_share_image":0,"_facebook_share_type":"","_twitter_share_type":"","_linkedin_share_type":"","_pinterest_share_type":"","_linkedin_share_type_page":"","_instagram_share_type":"","_medium_share_type":"","_threads_share_type":"","_google_business_share_type":"","_selected_social_profile":[],"_wpsp_enable_custom_social_template":false,"_wpsp_social_scheduling":{"enabled":false,"datetime":null,"platforms":[],"status":"template_only","dateOption":"today","timeOption":"now","customDays":"","customHours":"","customDate":"","customTime":"","schedulingType":"absolute"},"_wpsp_active_default_template":true},"categories":[50,3],"tags":[],"class_list":["post-57594","post","type-post","status-publish","format-standard","has-post-thumbnail","hentry","category-playa-del-carmen","category-quintana-roo"],"yoast_head":"<!-- This site is optimized with the Yoast SEO plugin v27.4 - https:\/\/yoast.com\/product\/yoast-seo-wordpress\/ -->\n<title>REALIZAN FERIA DEL EMPLEO EN VILLAMAR I - Inspector Nocturno<\/title>\n<meta name=\"robots\" content=\"index, follow, max-snippet:-1, max-image-preview:large, max-video-preview:-1\" \/>\n<link rel=\"canonical\" href=\"https:\/\/inspectornocturno.com.mx\/?p=57594\" \/>\n<meta property=\"og:locale\" content=\"es_ES\" \/>\n<meta property=\"og:type\" content=\"article\" \/>\n<meta property=\"og:title\" content=\"REALIZAN FERIA DEL EMPLEO EN VILLAMAR I - Inspector Nocturno\" \/>\n<meta property=\"og:description\" content=\"\ud83d\udd3a 32 empresas ofrecieron mil 380 vacantes as\u00ed como dependencias que agilizaron tr\u00e1mites y servicios para facilitar las contrataciones #InspectorNocturno \ud83d\udd75\ufe0f\ud83d\udd0e #Noticias \ud83d\ude93\ud83d\udc6e\ud83d\udea8 #Pol\u00edtica #PlayadelCarmen Playa del Carmen.- Con el fin de que la ciudadan\u00eda encuentre un trabajo digno y bien remunerado, se llev\u00f3 a cabo la Trig\u00e9sima Feria del Empleo en el domo de [&hellip;]\" \/>\n<meta property=\"og:url\" content=\"https:\/\/inspectornocturno.com.mx\/?p=57594\" \/>\n<meta property=\"og:site_name\" content=\"Inspector Nocturno\" \/>\n<meta property=\"article:published_time\" content=\"2023-11-18T04:30:00+00:00\" \/>\n<meta property=\"og:image\" content=\"https:\/\/inspectornocturno.com.mx\/wp-content\/uploads\/2023\/11\/IMG-20231117-WA0086-scaled.jpg\" \/>\n\t<meta property=\"og:image:width\" content=\"900\" \/>\n\t<meta property=\"og:image:height\" content=\"600\" \/>\n\t<meta property=\"og:image:type\" content=\"image\/jpeg\" \/>\n<meta name=\"author\" content=\"Inspector Nocturno\" \/>\n<meta name=\"twitter:card\" content=\"summary_large_image\" \/>\n<script type=\"application\/ld+json\" class=\"yoast-schema-graph\">{\"@context\":\"https:\\\/\\\/schema.org\",\"@graph\":[{\"@type\":\"Article\",\"@id\":\"https:\\\/\\\/inspectornocturno.com.mx\\\/?p=57594#article\",\"isPartOf\":{\"@id\":\"https:\\\/\\\/inspectornocturno.com.mx\\\/?p=57594\"},\"author\":{\"name\":\"Inspector Nocturno\",\"@id\":\"https:\\\/\\\/inspectornocturno.com.mx\\\/#\\\/schema\\\/person\\\/e9418c22a987eae8f9a24e3f6f11b64a\"},\"headline\":\"REALIZAN FERIA DEL EMPLEO EN VILLAMAR I\",\"datePublished\":\"2023-11-18T04:30:00+00:00\",\"mainEntityOfPage\":{\"@id\":\"https:\\\/\\\/inspectornocturno.com.mx\\\/?p=57594\"},\"wordCount\":206,\"publisher\":{\"@id\":\"https:\\\/\\\/inspectornocturno.com.mx\\\/#\\\/schema\\\/person\\\/63eb343fea17271215b1dd2793b27897\"},\"image\":{\"@id\":\"https:\\\/\\\/inspectornocturno.com.mx\\\/?p=57594#primaryimage\"},\"thumbnailUrl\":\"https:\\\/\\\/inspectornocturno.com.mx\\\/wp-content\\\/uploads\\\/2023\\\/11\\\/IMG-20231117-WA0086-scaled.jpg\",\"articleSection\":[\"Playa del Carmen\",\"Quintana Roo\"],\"inLanguage\":\"es\"},{\"@type\":\"WebPage\",\"@id\":\"https:\\\/\\\/inspectornocturno.com.mx\\\/?p=57594\",\"url\":\"https:\\\/\\\/inspectornocturno.com.mx\\\/?p=57594\",\"name\":\"REALIZAN FERIA DEL EMPLEO EN VILLAMAR I - Inspector Nocturno\",\"isPartOf\":{\"@id\":\"https:\\\/\\\/inspectornocturno.com.mx\\\/#website\"},\"primaryImageOfPage\":{\"@id\":\"https:\\\/\\\/inspectornocturno.com.mx\\\/?p=57594#primaryimage\"},\"image\":{\"@id\":\"https:\\\/\\\/inspectornocturno.com.mx\\\/?p=57594#primaryimage\"},\"thumbnailUrl\":\"https:\\\/\\\/inspectornocturno.com.mx\\\/wp-content\\\/uploads\\\/2023\\\/11\\\/IMG-20231117-WA0086-scaled.jpg\",\"datePublished\":\"2023-11-18T04:30:00+00:00\",\"breadcrumb\":{\"@id\":\"https:\\\/\\\/inspectornocturno.com.mx\\\/?p=57594#breadcrumb\"},\"inLanguage\":\"es\",\"potentialAction\":[{\"@type\":\"ReadAction\",\"target\":[\"https:\\\/\\\/inspectornocturno.com.mx\\\/?p=57594\"]}]},{\"@type\":\"ImageObject\",\"inLanguage\":\"es\",\"@id\":\"https:\\\/\\\/inspectornocturno.com.mx\\\/?p=57594#primaryimage\",\"url\":\"https:\\\/\\\/inspectornocturno.com.mx\\\/wp-content\\\/uploads\\\/2023\\\/11\\\/IMG-20231117-WA0086-scaled.jpg\",\"contentUrl\":\"https:\\\/\\\/inspectornocturno.com.mx\\\/wp-content\\\/uploads\\\/2023\\\/11\\\/IMG-20231117-WA0086-scaled.jpg\",\"width\":900,\"height\":600},{\"@type\":\"BreadcrumbList\",\"@id\":\"https:\\\/\\\/inspectornocturno.com.mx\\\/?p=57594#breadcrumb\",\"itemListElement\":[{\"@type\":\"ListItem\",\"position\":1,\"name\":\"Portada\",\"item\":\"https:\\\/\\\/inspectornocturno.com.mx\\\/\"},{\"@type\":\"ListItem\",\"position\":2,\"name\":\"REALIZAN FERIA DEL EMPLEO EN VILLAMAR I\"}]},{\"@type\":\"WebSite\",\"@id\":\"https:\\\/\\\/inspectornocturno.com.mx\\\/#website\",\"url\":\"https:\\\/\\\/inspectornocturno.com.mx\\\/\",\"name\":\"Inspector Nocturno\",\"description\":\"Canc\u00fan, noticias al minuto del inspector nocturno\",\"publisher\":{\"@id\":\"https:\\\/\\\/inspectornocturno.com.mx\\\/#\\\/schema\\\/person\\\/63eb343fea17271215b1dd2793b27897\"},\"alternateName\":\"Noticias de impacto al momento de los hechos\",\"potentialAction\":[{\"@type\":\"SearchAction\",\"target\":{\"@type\":\"EntryPoint\",\"urlTemplate\":\"https:\\\/\\\/inspectornocturno.com.mx\\\/?s={search_term_string}\"},\"query-input\":{\"@type\":\"PropertyValueSpecification\",\"valueRequired\":true,\"valueName\":\"search_term_string\"}}],\"inLanguage\":\"es\"},{\"@type\":[\"Person\",\"Organization\"],\"@id\":\"https:\\\/\\\/inspectornocturno.com.mx\\\/#\\\/schema\\\/person\\\/63eb343fea17271215b1dd2793b27897\",\"name\":\"Inspector Nocturno\",\"image\":{\"@type\":\"ImageObject\",\"inLanguage\":\"es\",\"@id\":\"https:\\\/\\\/inspectornocturno.com.mx\\\/wp-content\\\/uploads\\\/2021\\\/10\\\/logo-transparente.png\",\"url\":\"https:\\\/\\\/inspectornocturno.com.mx\\\/wp-content\\\/uploads\\\/2021\\\/10\\\/logo-transparente.png\",\"contentUrl\":\"https:\\\/\\\/inspectornocturno.com.mx\\\/wp-content\\\/uploads\\\/2021\\\/10\\\/logo-transparente.png\",\"width\":561,\"height\":668,\"caption\":\"Inspector Nocturno\"},\"logo\":{\"@id\":\"https:\\\/\\\/inspectornocturno.com.mx\\\/wp-content\\\/uploads\\\/2021\\\/10\\\/logo-transparente.png\"},\"sameAs\":[\"http:\\\/\\\/inspectornocturno.com.mx\"]},{\"@type\":\"Person\",\"@id\":\"https:\\\/\\\/inspectornocturno.com.mx\\\/#\\\/schema\\\/person\\\/e9418c22a987eae8f9a24e3f6f11b64a\",\"name\":\"Inspector Nocturno\"}]}<\/script>\n<!-- \/ Yoast SEO plugin. -->","yoast_head_json":{"title":"REALIZAN FERIA DEL EMPLEO EN VILLAMAR I - Inspector Nocturno","robots":{"index":"index","follow":"follow","max-snippet":"max-snippet:-1","max-image-preview":"max-image-preview:large","max-video-preview":"max-video-preview:-1"},"canonical":"https:\/\/inspectornocturno.com.mx\/?p=57594","og_locale":"es_ES","og_type":"article","og_title":"REALIZAN FERIA DEL EMPLEO EN VILLAMAR I - Inspector Nocturno","og_description":"\ud83d\udd3a 32 empresas ofrecieron mil 380 vacantes as\u00ed como dependencias que agilizaron tr\u00e1mites y servicios para facilitar las contrataciones #InspectorNocturno \ud83d\udd75\ufe0f\ud83d\udd0e #Noticias \ud83d\ude93\ud83d\udc6e\ud83d\udea8 #Pol\u00edtica #PlayadelCarmen Playa del Carmen.- Con el fin de que la ciudadan\u00eda encuentre un trabajo digno y bien remunerado, se llev\u00f3 a cabo la Trig\u00e9sima Feria del Empleo en el domo de [&hellip;]","og_url":"https:\/\/inspectornocturno.com.mx\/?p=57594","og_site_name":"Inspector Nocturno","article_published_time":"2023-11-18T04:30:00+00:00","og_image":[{"width":900,"height":600,"url":"https:\/\/inspectornocturno.com.mx\/wp-content\/uploads\/2023\/11\/IMG-20231117-WA0086-scaled.jpg","type":"image\/jpeg"}],"author":"Inspector Nocturno","twitter_card":"summary_large_image","schema":{"@context":"https:\/\/schema.org","@graph":[{"@type":"Article","@id":"https:\/\/inspectornocturno.com.mx\/?p=57594#article","isPartOf":{"@id":"https:\/\/inspectornocturno.com.mx\/?p=57594"},"author":{"name":"Inspector Nocturno","@id":"https:\/\/inspectornocturno.com.mx\/#\/schema\/person\/e9418c22a987eae8f9a24e3f6f11b64a"},"headline":"REALIZAN FERIA DEL EMPLEO EN VILLAMAR I","datePublished":"2023-11-18T04:30:00+00:00","mainEntityOfPage":{"@id":"https:\/\/inspectornocturno.com.mx\/?p=57594"},"wordCount":206,"publisher":{"@id":"https:\/\/inspectornocturno.com.mx\/#\/schema\/person\/63eb343fea17271215b1dd2793b27897"},"image":{"@id":"https:\/\/inspectornocturno.com.mx\/?p=57594#primaryimage"},"thumbnailUrl":"https:\/\/inspectornocturno.com.mx\/wp-content\/uploads\/2023\/11\/IMG-20231117-WA0086-scaled.jpg","articleSection":["Playa del Carmen","Quintana Roo"],"inLanguage":"es"},{"@type":"WebPage","@id":"https:\/\/inspectornocturno.com.mx\/?p=57594","url":"https:\/\/inspectornocturno.com.mx\/?p=57594","name":"REALIZAN FERIA DEL EMPLEO EN VILLAMAR I - Inspector Nocturno","isPartOf":{"@id":"https:\/\/inspectornocturno.com.mx\/#website"},"primaryImageOfPage":{"@id":"https:\/\/inspectornocturno.com.mx\/?p=57594#primaryimage"},"image":{"@id":"https:\/\/inspectornocturno.com.mx\/?p=57594#primaryimage"},"thumbnailUrl":"https:\/\/inspectornocturno.com.mx\/wp-content\/uploads\/2023\/11\/IMG-20231117-WA0086-scaled.jpg","datePublished":"2023-11-18T04:30:00+00:00","breadcrumb":{"@id":"https:\/\/inspectornocturno.com.mx\/?p=57594#breadcrumb"},"inLanguage":"es","potentialAction":[{"@type":"ReadAction","target":["https:\/\/inspectornocturno.com.mx\/?p=57594"]}]},{"@type":"ImageObject","inLanguage":"es","@id":"https:\/\/inspectornocturno.com.mx\/?p=57594#primaryimage","url":"https:\/\/inspectornocturno.com.mx\/wp-content\/uploads\/2023\/11\/IMG-20231117-WA0086-scaled.jpg","contentUrl":"https:\/\/inspectornocturno.com.mx\/wp-content\/uploads\/2023\/11\/IMG-20231117-WA0086-scaled.jpg","width":900,"height":600},{"@type":"BreadcrumbList","@id":"https:\/\/inspectornocturno.com.mx\/?p=57594#breadcrumb","itemListElement":[{"@type":"ListItem","position":1,"name":"Portada","item":"https:\/\/inspectornocturno.com.mx\/"},{"@type":"ListItem","position":2,"name":"REALIZAN FERIA DEL EMPLEO EN VILLAMAR I"}]},{"@type":"WebSite","@id":"https:\/\/inspectornocturno.com.mx\/#website","url":"https:\/\/inspectornocturno.com.mx\/","name":"Inspector Nocturno","description":"Canc\u00fan, noticias al minuto del inspector nocturno","publisher":{"@id":"https:\/\/inspectornocturno.com.mx\/#\/schema\/person\/63eb343fea17271215b1dd2793b27897"},"alternateName":"Noticias de impacto al momento de los hechos","potentialAction":[{"@type":"SearchAction","target":{"@type":"EntryPoint","urlTemplate":"https:\/\/inspectornocturno.com.mx\/?s={search_term_string}"},"query-input":{"@type":"PropertyValueSpecification","valueRequired":true,"valueName":"search_term_string"}}],"inLanguage":"es"},{"@type":["Person","Organization"],"@id":"https:\/\/inspectornocturno.com.mx\/#\/schema\/person\/63eb343fea17271215b1dd2793b27897","name":"Inspector Nocturno","image":{"@type":"ImageObject","inLanguage":"es","@id":"https:\/\/inspectornocturno.com.mx\/wp-content\/uploads\/2021\/10\/logo-transparente.png","url":"https:\/\/inspectornocturno.com.mx\/wp-content\/uploads\/2021\/10\/logo-transparente.png","contentUrl":"https:\/\/inspectornocturno.com.mx\/wp-content\/uploads\/2021\/10\/logo-transparente.png","width":561,"height":668,"caption":"Inspector Nocturno"},"logo":{"@id":"https:\/\/inspectornocturno.com.mx\/wp-content\/uploads\/2021\/10\/logo-transparente.png"},"sameAs":["http:\/\/inspectornocturno.com.mx"]},{"@type":"Person","@id":"https:\/\/inspectornocturno.com.mx\/#\/schema\/person\/e9418c22a987eae8f9a24e3f6f11b64a","name":"Inspector Nocturno"}]}},"views":227,"_links":{"self":[{"href":"https:\/\/inspectornocturno.com.mx\/index.php?rest_route=\/wp\/v2\/posts\/57594","targetHints":{"allow":["GET"]}}],"collection":[{"href":"https:\/\/inspectornocturno.com.mx\/index.php?rest_route=\/wp\/v2\/posts"}],"about":[{"href":"https:\/\/inspectornocturno.com.mx\/index.php?rest_route=\/wp\/v2\/types\/post"}],"author":[{"embeddable":true,"href":"https:\/\/inspectornocturno.com.mx\/index.php?rest_route=\/wp\/v2\/users\/9"}],"replies":[{"embeddable":true,"href":"https:\/\/inspectornocturno.com.mx\/index.php?rest_route=%2Fwp%2Fv2%2Fcomments&post=57594"}],"version-history":[{"count":1,"href":"https:\/\/inspectornocturno.com.mx\/index.php?rest_route=\/wp\/v2\/posts\/57594\/revisions"}],"predecessor-version":[{"id":57596,"href":"https:\/\/inspectornocturno.com.mx\/index.php?rest_route=\/wp\/v2\/posts\/57594\/revisions\/57596"}],"wp:featuredmedia":[{"embeddable":true,"href":"https:\/\/inspectornocturno.com.mx\/index.php?rest_route=\/wp\/v2\/media\/57595"}],"wp:attachment":[{"href":"https:\/\/inspectornocturno.com.mx\/index.php?rest_route=%2Fwp%2Fv2%2Fmedia&parent=57594"}],"wp:term":[{"taxonomy":"category","embeddable":true,"href":"https:\/\/inspectornocturno.com.mx\/index.php?rest_route=%2Fwp%2Fv2%2Fcategories&post=57594"},{"taxonomy":"post_tag","embeddable":true,"href":"https:\/\/inspectornocturno.com.mx\/index.php?rest_route=%2Fwp%2Fv2%2Ftags&post=57594"}],"curies":[{"name":"wp","href":"https:\/\/api.w.org\/{rel}","templated":true}]}}