{"id":53888,"date":"2023-09-12T20:00:27","date_gmt":"2023-09-13T01:00:27","guid":{"rendered":"https:\/\/inspectornocturno.com.mx\/?p=53888"},"modified":"2023-09-12T20:00:28","modified_gmt":"2023-09-13T01:00:28","slug":"aseguran-a-migrantes-en-el-sur-del-estado","status":"publish","type":"post","link":"https:\/\/inspectornocturno.com.mx\/?p=53888","title":{"rendered":"ASEGURAN A MIGRANTES EN EL SUR DEL ESTADO"},"content":{"rendered":"\n<p>\ud83d\udd3aElementos de la Sedena lograron el aseguramiento y r\u00e1pidamente tomaron conocimiento de los hechos; los centroamericanos ten\u00edan como destino Canc\u00fan.<\/p>\n\n\n\n<p>Bacalar.- En el sur de Quintana Roo, elementos de la Sedena llevaron a cabo el aseguramiento de m\u00e1s de media centena de inmigrantes Centro americanos que viajaban en direcci\u00f3n a Canc\u00fan.&nbsp;<\/p>\n\n\n\n<figure class=\"wp-block-image size-full\"><img decoding=\"async\" width=\"900\" height=\"506\" data-src=\"https:\/\/inspectornocturno.com.mx\/wp-content\/uploads\/2023\/09\/8D191C6A-8AF6-46FA-98F9-264BBD153266-scaled.jpeg\" alt=\"\" class=\"wp-image-53889 lazyload\" data-srcset=\"https:\/\/inspectornocturno.com.mx\/wp-content\/uploads\/2023\/09\/8D191C6A-8AF6-46FA-98F9-264BBD153266-scaled.jpeg 900w, https:\/\/inspectornocturno.com.mx\/wp-content\/uploads\/2023\/09\/8D191C6A-8AF6-46FA-98F9-264BBD153266-300x168.jpeg 300w, https:\/\/inspectornocturno.com.mx\/wp-content\/uploads\/2023\/09\/8D191C6A-8AF6-46FA-98F9-264BBD153266-768x432.jpeg 768w, https:\/\/inspectornocturno.com.mx\/wp-content\/uploads\/2023\/09\/8D191C6A-8AF6-46FA-98F9-264BBD153266-990x557.jpeg 990w, https:\/\/inspectornocturno.com.mx\/wp-content\/uploads\/2023\/09\/8D191C6A-8AF6-46FA-98F9-264BBD153266-470x264.jpeg 470w, https:\/\/inspectornocturno.com.mx\/wp-content\/uploads\/2023\/09\/8D191C6A-8AF6-46FA-98F9-264BBD153266-640x360.jpeg 640w, https:\/\/inspectornocturno.com.mx\/wp-content\/uploads\/2023\/09\/8D191C6A-8AF6-46FA-98F9-264BBD153266-215x120.jpeg 215w, https:\/\/inspectornocturno.com.mx\/wp-content\/uploads\/2023\/09\/8D191C6A-8AF6-46FA-98F9-264BBD153266-414x232.jpeg 414w\" data-sizes=\"(max-width: 900px) 100vw, 900px\" src=\"data:image\/svg+xml;base64,PHN2ZyB3aWR0aD0iMSIgaGVpZ2h0PSIxIiB4bWxucz0iaHR0cDovL3d3dy53My5vcmcvMjAwMC9zdmciPjwvc3ZnPg==\" style=\"--smush-placeholder-width: 900px; --smush-placeholder-aspect-ratio: 900\/506;\" \/><\/figure>\n\n\n\n<p>De acuerdo al comandante de la 34\u00aa Zona Militar, H\u00e9ctor Jim\u00e9nez Aldana, se despleg\u00f3 un operativo exitoso que culmin\u00f3 con el aseguramiento de 57 personas indocumentadas.&nbsp;<\/p>\n\n\n\n<p>Este hecho se dio luego de que los elementos de la Secretaria de la Defensa Nacional estuvieran realizando vigilancia carretera cuando detectaron una unidad con sobre cupo.<\/p>\n\n\n\n<p>Este incidente ocurri\u00f3 en el municipio de Bacalar, una zona ubicada sobre la carretera federal 307, cuando un autob\u00fas de pasajeros se desplazaba hacia Canc\u00fan. Pero al llevar a cabo la inspecci\u00f3n de la unidad, las autoridades dieron la orden de revisar la unidad toda vez que levant\u00f3 banderas de alerta, pues los pasajeros que ocupaban el autob\u00fas proven\u00edan de diversas naciones centroamericanas y carec\u00edan completamente de la documentaci\u00f3n necesaria para su ingreso y estad\u00eda en territorio mexicano.<\/p>\n\n\n\n<p>El comandante Jim\u00e9nez Aldana ofreci\u00f3 detalles adicionales sobre el operativo en los cuales se\u00f1al\u00f3: &#8220;Recientemente tuvimos un aseguramiento de un autob\u00fas con 57 indocumentados, todos de diferentes pa\u00edses, fue en Bacalar, en el tramo Bacalar &#8211; Canc\u00fan, era un autob\u00fas se le detect\u00f3 y se hizo la revisi\u00f3n y se les asegur\u00f3&#8221;.<\/p>\n\n\n\n<p>Este caso se suma a una serie de aseguramientos similares que se han registrado en la zona en los \u00faltimos meses. En respuesta a esta creciente preocupaci\u00f3n, se ha implementado un refuerzo de la seguridad y la presencia militar en la regi\u00f3n con el objetivo de combatir de manera eficaz el tr\u00e1fico ilegal de personas en esta parte de Quintana Roo.<\/p>\n","protected":false},"excerpt":{"rendered":"<p>\ud83d\udd3aElementos de la Sedena lograron el aseguramiento y r\u00e1pidamente tomaron conocimiento de los hechos; los centroamericanos ten\u00edan como destino Canc\u00fan. Bacalar.- En el sur de Quintana Roo, elementos de la Sedena llevaron a cabo el aseguramiento de m\u00e1s de media centena de inmigrantes Centro americanos que viajaban en direcci\u00f3n a Canc\u00fan.&nbsp; De acuerdo al comandante [&hellip;]<\/p>\n","protected":false},"author":3,"featured_media":53889,"comment_status":"closed","ping_status":"closed","sticky":false,"template":"","format":"standard","meta":{"footnotes":"","_wpscppro_dont_share_socialmedia":false,"_wpscppro_custom_social_share_image":0,"_facebook_share_type":"","_twitter_share_type":"","_linkedin_share_type":"","_pinterest_share_type":"","_linkedin_share_type_page":"","_instagram_share_type":"","_medium_share_type":"","_threads_share_type":"","_google_business_share_type":"","_selected_social_profile":[],"_wpsp_enable_custom_social_template":false,"_wpsp_social_scheduling":{"enabled":false,"datetime":null,"platforms":[],"status":"template_only","dateOption":"today","timeOption":"now","customDays":"","customHours":"","customDate":"","customTime":"","schedulingType":"absolute"},"_wpsp_active_default_template":true},"categories":[58,56,75],"tags":[],"class_list":["post-53888","post","type-post","status-publish","format-standard","has-post-thumbnail","hentry","category-bacalar","category-chetumal","category-policia"],"yoast_head":"<!-- This site is optimized with the Yoast SEO plugin v27.4 - https:\/\/yoast.com\/product\/yoast-seo-wordpress\/ -->\n<title>ASEGURAN A MIGRANTES EN EL SUR DEL ESTADO - Inspector Nocturno<\/title>\n<meta name=\"robots\" content=\"index, follow, max-snippet:-1, max-image-preview:large, max-video-preview:-1\" \/>\n<link rel=\"canonical\" href=\"https:\/\/inspectornocturno.com.mx\/?p=53888\" \/>\n<meta property=\"og:locale\" content=\"es_ES\" \/>\n<meta property=\"og:type\" content=\"article\" \/>\n<meta property=\"og:title\" content=\"ASEGURAN A MIGRANTES EN EL SUR DEL ESTADO - Inspector Nocturno\" \/>\n<meta property=\"og:description\" content=\"\ud83d\udd3aElementos de la Sedena lograron el aseguramiento y r\u00e1pidamente tomaron conocimiento de los hechos; los centroamericanos ten\u00edan como destino Canc\u00fan. Bacalar.- En el sur de Quintana Roo, elementos de la Sedena llevaron a cabo el aseguramiento de m\u00e1s de media centena de inmigrantes Centro americanos que viajaban en direcci\u00f3n a Canc\u00fan.&nbsp; De acuerdo al comandante [&hellip;]\" \/>\n<meta property=\"og:url\" content=\"https:\/\/inspectornocturno.com.mx\/?p=53888\" \/>\n<meta property=\"og:site_name\" content=\"Inspector Nocturno\" \/>\n<meta property=\"article:published_time\" content=\"2023-09-13T01:00:27+00:00\" \/>\n<meta property=\"article:modified_time\" content=\"2023-09-13T01:00:28+00:00\" \/>\n<meta property=\"og:image\" content=\"https:\/\/inspectornocturno.com.mx\/wp-content\/uploads\/2023\/09\/8D191C6A-8AF6-46FA-98F9-264BBD153266-scaled.jpeg\" \/>\n\t<meta property=\"og:image:width\" content=\"900\" \/>\n\t<meta property=\"og:image:height\" content=\"506\" \/>\n\t<meta property=\"og:image:type\" content=\"image\/jpeg\" \/>\n<meta name=\"author\" content=\"Inspector Nocturno\" \/>\n<meta name=\"twitter:card\" content=\"summary_large_image\" \/>\n<meta name=\"twitter:image\" content=\"https:\/\/inspectornocturno.com.mx\/wp-content\/uploads\/2023\/09\/8D191C6A-8AF6-46FA-98F9-264BBD153266-scaled.jpeg\" \/>\n<script type=\"application\/ld+json\" class=\"yoast-schema-graph\">{\"@context\":\"https:\\\/\\\/schema.org\",\"@graph\":[{\"@type\":\"Article\",\"@id\":\"https:\\\/\\\/inspectornocturno.com.mx\\\/?p=53888#article\",\"isPartOf\":{\"@id\":\"https:\\\/\\\/inspectornocturno.com.mx\\\/?p=53888\"},\"author\":{\"name\":\"Inspector Nocturno\",\"@id\":\"https:\\\/\\\/inspectornocturno.com.mx\\\/#\\\/schema\\\/person\\\/2f4c4173b1712fd9cf4f4b9365ce65db\"},\"headline\":\"ASEGURAN A MIGRANTES EN EL SUR DEL ESTADO\",\"datePublished\":\"2023-09-13T01:00:27+00:00\",\"dateModified\":\"2023-09-13T01:00:28+00:00\",\"mainEntityOfPage\":{\"@id\":\"https:\\\/\\\/inspectornocturno.com.mx\\\/?p=53888\"},\"wordCount\":328,\"publisher\":{\"@id\":\"https:\\\/\\\/inspectornocturno.com.mx\\\/#\\\/schema\\\/person\\\/63eb343fea17271215b1dd2793b27897\"},\"image\":{\"@id\":\"https:\\\/\\\/inspectornocturno.com.mx\\\/?p=53888#primaryimage\"},\"thumbnailUrl\":\"https:\\\/\\\/inspectornocturno.com.mx\\\/wp-content\\\/uploads\\\/2023\\\/09\\\/8D191C6A-8AF6-46FA-98F9-264BBD153266-scaled.jpeg\",\"articleSection\":[\"Bacalar\",\"Chetumal\",\"Polic\u00eda\"],\"inLanguage\":\"es\"},{\"@type\":\"WebPage\",\"@id\":\"https:\\\/\\\/inspectornocturno.com.mx\\\/?p=53888\",\"url\":\"https:\\\/\\\/inspectornocturno.com.mx\\\/?p=53888\",\"name\":\"ASEGURAN A MIGRANTES EN EL SUR DEL ESTADO - Inspector Nocturno\",\"isPartOf\":{\"@id\":\"https:\\\/\\\/inspectornocturno.com.mx\\\/#website\"},\"primaryImageOfPage\":{\"@id\":\"https:\\\/\\\/inspectornocturno.com.mx\\\/?p=53888#primaryimage\"},\"image\":{\"@id\":\"https:\\\/\\\/inspectornocturno.com.mx\\\/?p=53888#primaryimage\"},\"thumbnailUrl\":\"https:\\\/\\\/inspectornocturno.com.mx\\\/wp-content\\\/uploads\\\/2023\\\/09\\\/8D191C6A-8AF6-46FA-98F9-264BBD153266-scaled.jpeg\",\"datePublished\":\"2023-09-13T01:00:27+00:00\",\"dateModified\":\"2023-09-13T01:00:28+00:00\",\"breadcrumb\":{\"@id\":\"https:\\\/\\\/inspectornocturno.com.mx\\\/?p=53888#breadcrumb\"},\"inLanguage\":\"es\",\"potentialAction\":[{\"@type\":\"ReadAction\",\"target\":[\"https:\\\/\\\/inspectornocturno.com.mx\\\/?p=53888\"]}]},{\"@type\":\"ImageObject\",\"inLanguage\":\"es\",\"@id\":\"https:\\\/\\\/inspectornocturno.com.mx\\\/?p=53888#primaryimage\",\"url\":\"https:\\\/\\\/inspectornocturno.com.mx\\\/wp-content\\\/uploads\\\/2023\\\/09\\\/8D191C6A-8AF6-46FA-98F9-264BBD153266-scaled.jpeg\",\"contentUrl\":\"https:\\\/\\\/inspectornocturno.com.mx\\\/wp-content\\\/uploads\\\/2023\\\/09\\\/8D191C6A-8AF6-46FA-98F9-264BBD153266-scaled.jpeg\",\"width\":900,\"height\":506},{\"@type\":\"BreadcrumbList\",\"@id\":\"https:\\\/\\\/inspectornocturno.com.mx\\\/?p=53888#breadcrumb\",\"itemListElement\":[{\"@type\":\"ListItem\",\"position\":1,\"name\":\"Portada\",\"item\":\"https:\\\/\\\/inspectornocturno.com.mx\\\/\"},{\"@type\":\"ListItem\",\"position\":2,\"name\":\"ASEGURAN A MIGRANTES EN EL SUR DEL ESTADO\"}]},{\"@type\":\"WebSite\",\"@id\":\"https:\\\/\\\/inspectornocturno.com.mx\\\/#website\",\"url\":\"https:\\\/\\\/inspectornocturno.com.mx\\\/\",\"name\":\"Inspector Nocturno\",\"description\":\"Canc\u00fan, noticias al minuto del inspector nocturno\",\"publisher\":{\"@id\":\"https:\\\/\\\/inspectornocturno.com.mx\\\/#\\\/schema\\\/person\\\/63eb343fea17271215b1dd2793b27897\"},\"alternateName\":\"Noticias de impacto al momento de los hechos\",\"potentialAction\":[{\"@type\":\"SearchAction\",\"target\":{\"@type\":\"EntryPoint\",\"urlTemplate\":\"https:\\\/\\\/inspectornocturno.com.mx\\\/?s={search_term_string}\"},\"query-input\":{\"@type\":\"PropertyValueSpecification\",\"valueRequired\":true,\"valueName\":\"search_term_string\"}}],\"inLanguage\":\"es\"},{\"@type\":[\"Person\",\"Organization\"],\"@id\":\"https:\\\/\\\/inspectornocturno.com.mx\\\/#\\\/schema\\\/person\\\/63eb343fea17271215b1dd2793b27897\",\"name\":\"Inspector Nocturno\",\"image\":{\"@type\":\"ImageObject\",\"inLanguage\":\"es\",\"@id\":\"https:\\\/\\\/inspectornocturno.com.mx\\\/wp-content\\\/uploads\\\/2021\\\/10\\\/logo-transparente.png\",\"url\":\"https:\\\/\\\/inspectornocturno.com.mx\\\/wp-content\\\/uploads\\\/2021\\\/10\\\/logo-transparente.png\",\"contentUrl\":\"https:\\\/\\\/inspectornocturno.com.mx\\\/wp-content\\\/uploads\\\/2021\\\/10\\\/logo-transparente.png\",\"width\":561,\"height\":668,\"caption\":\"Inspector Nocturno\"},\"logo\":{\"@id\":\"https:\\\/\\\/inspectornocturno.com.mx\\\/wp-content\\\/uploads\\\/2021\\\/10\\\/logo-transparente.png\"},\"sameAs\":[\"http:\\\/\\\/inspectornocturno.com.mx\"]},{\"@type\":\"Person\",\"@id\":\"https:\\\/\\\/inspectornocturno.com.mx\\\/#\\\/schema\\\/person\\\/2f4c4173b1712fd9cf4f4b9365ce65db\",\"name\":\"Inspector Nocturno\",\"sameAs\":[\"http:\\\/\\\/inspectornocturno.com.mx\"]}]}<\/script>\n<!-- \/ Yoast SEO plugin. -->","yoast_head_json":{"title":"ASEGURAN A MIGRANTES EN EL SUR DEL ESTADO - Inspector Nocturno","robots":{"index":"index","follow":"follow","max-snippet":"max-snippet:-1","max-image-preview":"max-image-preview:large","max-video-preview":"max-video-preview:-1"},"canonical":"https:\/\/inspectornocturno.com.mx\/?p=53888","og_locale":"es_ES","og_type":"article","og_title":"ASEGURAN A MIGRANTES EN EL SUR DEL ESTADO - Inspector Nocturno","og_description":"\ud83d\udd3aElementos de la Sedena lograron el aseguramiento y r\u00e1pidamente tomaron conocimiento de los hechos; los centroamericanos ten\u00edan como destino Canc\u00fan. Bacalar.- En el sur de Quintana Roo, elementos de la Sedena llevaron a cabo el aseguramiento de m\u00e1s de media centena de inmigrantes Centro americanos que viajaban en direcci\u00f3n a Canc\u00fan.&nbsp; De acuerdo al comandante [&hellip;]","og_url":"https:\/\/inspectornocturno.com.mx\/?p=53888","og_site_name":"Inspector Nocturno","article_published_time":"2023-09-13T01:00:27+00:00","article_modified_time":"2023-09-13T01:00:28+00:00","og_image":[{"width":900,"height":506,"url":"https:\/\/inspectornocturno.com.mx\/wp-content\/uploads\/2023\/09\/8D191C6A-8AF6-46FA-98F9-264BBD153266-scaled.jpeg","type":"image\/jpeg"}],"author":"Inspector Nocturno","twitter_card":"summary_large_image","twitter_image":"https:\/\/inspectornocturno.com.mx\/wp-content\/uploads\/2023\/09\/8D191C6A-8AF6-46FA-98F9-264BBD153266-scaled.jpeg","schema":{"@context":"https:\/\/schema.org","@graph":[{"@type":"Article","@id":"https:\/\/inspectornocturno.com.mx\/?p=53888#article","isPartOf":{"@id":"https:\/\/inspectornocturno.com.mx\/?p=53888"},"author":{"name":"Inspector Nocturno","@id":"https:\/\/inspectornocturno.com.mx\/#\/schema\/person\/2f4c4173b1712fd9cf4f4b9365ce65db"},"headline":"ASEGURAN A MIGRANTES EN EL SUR DEL ESTADO","datePublished":"2023-09-13T01:00:27+00:00","dateModified":"2023-09-13T01:00:28+00:00","mainEntityOfPage":{"@id":"https:\/\/inspectornocturno.com.mx\/?p=53888"},"wordCount":328,"publisher":{"@id":"https:\/\/inspectornocturno.com.mx\/#\/schema\/person\/63eb343fea17271215b1dd2793b27897"},"image":{"@id":"https:\/\/inspectornocturno.com.mx\/?p=53888#primaryimage"},"thumbnailUrl":"https:\/\/inspectornocturno.com.mx\/wp-content\/uploads\/2023\/09\/8D191C6A-8AF6-46FA-98F9-264BBD153266-scaled.jpeg","articleSection":["Bacalar","Chetumal","Polic\u00eda"],"inLanguage":"es"},{"@type":"WebPage","@id":"https:\/\/inspectornocturno.com.mx\/?p=53888","url":"https:\/\/inspectornocturno.com.mx\/?p=53888","name":"ASEGURAN A MIGRANTES EN EL SUR DEL ESTADO - Inspector Nocturno","isPartOf":{"@id":"https:\/\/inspectornocturno.com.mx\/#website"},"primaryImageOfPage":{"@id":"https:\/\/inspectornocturno.com.mx\/?p=53888#primaryimage"},"image":{"@id":"https:\/\/inspectornocturno.com.mx\/?p=53888#primaryimage"},"thumbnailUrl":"https:\/\/inspectornocturno.com.mx\/wp-content\/uploads\/2023\/09\/8D191C6A-8AF6-46FA-98F9-264BBD153266-scaled.jpeg","datePublished":"2023-09-13T01:00:27+00:00","dateModified":"2023-09-13T01:00:28+00:00","breadcrumb":{"@id":"https:\/\/inspectornocturno.com.mx\/?p=53888#breadcrumb"},"inLanguage":"es","potentialAction":[{"@type":"ReadAction","target":["https:\/\/inspectornocturno.com.mx\/?p=53888"]}]},{"@type":"ImageObject","inLanguage":"es","@id":"https:\/\/inspectornocturno.com.mx\/?p=53888#primaryimage","url":"https:\/\/inspectornocturno.com.mx\/wp-content\/uploads\/2023\/09\/8D191C6A-8AF6-46FA-98F9-264BBD153266-scaled.jpeg","contentUrl":"https:\/\/inspectornocturno.com.mx\/wp-content\/uploads\/2023\/09\/8D191C6A-8AF6-46FA-98F9-264BBD153266-scaled.jpeg","width":900,"height":506},{"@type":"BreadcrumbList","@id":"https:\/\/inspectornocturno.com.mx\/?p=53888#breadcrumb","itemListElement":[{"@type":"ListItem","position":1,"name":"Portada","item":"https:\/\/inspectornocturno.com.mx\/"},{"@type":"ListItem","position":2,"name":"ASEGURAN A MIGRANTES EN EL SUR DEL ESTADO"}]},{"@type":"WebSite","@id":"https:\/\/inspectornocturno.com.mx\/#website","url":"https:\/\/inspectornocturno.com.mx\/","name":"Inspector Nocturno","description":"Canc\u00fan, noticias al minuto del inspector nocturno","publisher":{"@id":"https:\/\/inspectornocturno.com.mx\/#\/schema\/person\/63eb343fea17271215b1dd2793b27897"},"alternateName":"Noticias de impacto al momento de los hechos","potentialAction":[{"@type":"SearchAction","target":{"@type":"EntryPoint","urlTemplate":"https:\/\/inspectornocturno.com.mx\/?s={search_term_string}"},"query-input":{"@type":"PropertyValueSpecification","valueRequired":true,"valueName":"search_term_string"}}],"inLanguage":"es"},{"@type":["Person","Organization"],"@id":"https:\/\/inspectornocturno.com.mx\/#\/schema\/person\/63eb343fea17271215b1dd2793b27897","name":"Inspector Nocturno","image":{"@type":"ImageObject","inLanguage":"es","@id":"https:\/\/inspectornocturno.com.mx\/wp-content\/uploads\/2021\/10\/logo-transparente.png","url":"https:\/\/inspectornocturno.com.mx\/wp-content\/uploads\/2021\/10\/logo-transparente.png","contentUrl":"https:\/\/inspectornocturno.com.mx\/wp-content\/uploads\/2021\/10\/logo-transparente.png","width":561,"height":668,"caption":"Inspector Nocturno"},"logo":{"@id":"https:\/\/inspectornocturno.com.mx\/wp-content\/uploads\/2021\/10\/logo-transparente.png"},"sameAs":["http:\/\/inspectornocturno.com.mx"]},{"@type":"Person","@id":"https:\/\/inspectornocturno.com.mx\/#\/schema\/person\/2f4c4173b1712fd9cf4f4b9365ce65db","name":"Inspector Nocturno","sameAs":["http:\/\/inspectornocturno.com.mx"]}]}},"views":466,"_links":{"self":[{"href":"https:\/\/inspectornocturno.com.mx\/index.php?rest_route=\/wp\/v2\/posts\/53888","targetHints":{"allow":["GET"]}}],"collection":[{"href":"https:\/\/inspectornocturno.com.mx\/index.php?rest_route=\/wp\/v2\/posts"}],"about":[{"href":"https:\/\/inspectornocturno.com.mx\/index.php?rest_route=\/wp\/v2\/types\/post"}],"author":[{"embeddable":true,"href":"https:\/\/inspectornocturno.com.mx\/index.php?rest_route=\/wp\/v2\/users\/3"}],"replies":[{"embeddable":true,"href":"https:\/\/inspectornocturno.com.mx\/index.php?rest_route=%2Fwp%2Fv2%2Fcomments&post=53888"}],"version-history":[{"count":1,"href":"https:\/\/inspectornocturno.com.mx\/index.php?rest_route=\/wp\/v2\/posts\/53888\/revisions"}],"predecessor-version":[{"id":53890,"href":"https:\/\/inspectornocturno.com.mx\/index.php?rest_route=\/wp\/v2\/posts\/53888\/revisions\/53890"}],"wp:featuredmedia":[{"embeddable":true,"href":"https:\/\/inspectornocturno.com.mx\/index.php?rest_route=\/wp\/v2\/media\/53889"}],"wp:attachment":[{"href":"https:\/\/inspectornocturno.com.mx\/index.php?rest_route=%2Fwp%2Fv2%2Fmedia&parent=53888"}],"wp:term":[{"taxonomy":"category","embeddable":true,"href":"https:\/\/inspectornocturno.com.mx\/index.php?rest_route=%2Fwp%2Fv2%2Fcategories&post=53888"},{"taxonomy":"post_tag","embeddable":true,"href":"https:\/\/inspectornocturno.com.mx\/index.php?rest_route=%2Fwp%2Fv2%2Ftags&post=53888"}],"curies":[{"name":"wp","href":"https:\/\/api.w.org\/{rel}","templated":true}]}}