{"id":52658,"date":"2023-08-23T17:10:14","date_gmt":"2023-08-23T22:10:14","guid":{"rendered":"https:\/\/inspectornocturno.com.mx\/?p=52658"},"modified":"2023-08-23T17:10:15","modified_gmt":"2023-08-23T22:10:15","slug":"cuerpos-calcinados-no-pertenecen-a-jovenes-desaparecidos","status":"publish","type":"post","link":"https:\/\/inspectornocturno.com.mx\/?p=52658","title":{"rendered":"CUERPOS CALCINADOS NO PERTENECEN A J\u00d3VENES DESAPARECIDOS\u00a0"},"content":{"rendered":"\n<p>\ud83d\udd3aTras la desaparici\u00f3n de varios j\u00f3venes en zacatecas, el mismo gobernador inform\u00f3 que los cuerpos hallados en un predio no corresponden a estos, por lo que se continuar\u00e1 con las investigaciones.&nbsp;<\/p>\n\n\n\n<p>Lagos de Moreno.- El gobernador Enrique Alfaro inform\u00f3 que los restos calcinados encontrados en una finca en Lagos de Moreno y en un veh\u00edculo no corresponden a los cinco j\u00f3venes desaparecidos desde el pasado 11 de agosto, esto conforme a los resultados de ADN realizados a los padres de las v\u00edctimas.<\/p>\n\n\n\n<figure class=\"wp-block-image size-full\"><img decoding=\"async\" width=\"900\" height=\"487\" data-src=\"https:\/\/inspectornocturno.com.mx\/wp-content\/uploads\/2023\/08\/3AC12758-CA00-4A3A-87DF-04037AAB8485-scaled.jpeg\" alt=\"\" class=\"wp-image-52659 lazyload\" data-srcset=\"https:\/\/inspectornocturno.com.mx\/wp-content\/uploads\/2023\/08\/3AC12758-CA00-4A3A-87DF-04037AAB8485-scaled.jpeg 900w, https:\/\/inspectornocturno.com.mx\/wp-content\/uploads\/2023\/08\/3AC12758-CA00-4A3A-87DF-04037AAB8485-300x162.jpeg 300w, https:\/\/inspectornocturno.com.mx\/wp-content\/uploads\/2023\/08\/3AC12758-CA00-4A3A-87DF-04037AAB8485-768x416.jpeg 768w, https:\/\/inspectornocturno.com.mx\/wp-content\/uploads\/2023\/08\/3AC12758-CA00-4A3A-87DF-04037AAB8485-990x536.jpeg 990w\" data-sizes=\"(max-width: 900px) 100vw, 900px\" src=\"data:image\/svg+xml;base64,PHN2ZyB3aWR0aD0iMSIgaGVpZ2h0PSIxIiB4bWxucz0iaHR0cDovL3d3dy53My5vcmcvMjAwMC9zdmciPjwvc3ZnPg==\" style=\"--smush-placeholder-width: 900px; --smush-placeholder-aspect-ratio: 900\/487;\" \/><\/figure>\n\n\n\n<p>El pasado mi\u00e9rcoles 16 de agosto, elementos de la Fiscal\u00eda General del Estado de Jalisco encontraron cuatro cr\u00e1neos calcinados y otros restos \u00f3seos en una finca asegurada en la comunidad La Troje, y en la que, se presume, podr\u00edan haber estado los cinco amigos.<\/p>\n\n\n\n<p>El&nbsp;&nbsp;gobernador se\u00f1al\u00f3 que ya hay elementos que comprueban que las osamentas no son de Dante, Diego, Jaime, Roberto y Uriel, desaparecidos mientras se dirig\u00edan a la Feria de Lagos 2023.<\/p>\n\n\n\n<p>\u201cIncluso ya platicamos con los pap\u00e1s, pero como siempre lo hemos hecho, los detalles los dar\u00e1 la Fiscal\u00eda, pero s\u00ed pod\u00eda adelantar que esa osamenta no corresponde. Son los que se les dio la informaci\u00f3n a los pap\u00e1s y que ya tambi\u00e9n ellos corroboraron que no son ellos porque hab\u00eda una placa en uno de los huesos que no ten\u00eda nada que ver con ellos, o sea ya es informaci\u00f3n de que esos no son\u201d, explic\u00f3.<\/p>\n\n\n\n<p>FGR no ha atra\u00eddo el caso de los j\u00f3venes, en tanto el gobernador Alfaro Ram\u00edrez asegur\u00f3 que la b\u00fasqueda de los j\u00f3venes no se detendr\u00e1 y remarc\u00f3 que hasta el momento la investigaci\u00f3n de la desaparici\u00f3n de Roberto, Uriel, Diego, Dante y Jaime, a\u00fan no ha sido atra\u00edda por la Fiscal\u00eda General de la Rep\u00fablica, pese a que debe hacerlo al tratarse de un delito federal.<\/p>\n\n\n\n<p>\u201cNo creo que sea necesario exponer y explicar que detr\u00e1s de esto hay un tema de delincuencia organizada y creemos que la Fiscal\u00eda (General) de la Rep\u00fablica tiene que atraer el caso y no lo ha hecho\u201d, asegur\u00f3.<\/p>\n\n\n\n<p>En cuanto a los restos localizados este lunes en otro predio, ubicado ubicada en Privada el Sabino, al cruce con camino Real de Zacatecas, en el mismo municipio, se\u00f1al\u00f3 que ya se realizaron los an\u00e1lisis forenses necesarios y est\u00e1n en proceso de identificaci\u00f3n.&nbsp;<\/p>\n\n\n\n<p>Con informaci\u00f3n de la Raz\u00f3n.mx&nbsp;<\/p>\n","protected":false},"excerpt":{"rendered":"<p>\ud83d\udd3aTras la desaparici\u00f3n de varios j\u00f3venes en zacatecas, el mismo gobernador inform\u00f3 que los cuerpos hallados en un predio no corresponden a estos, por lo que se continuar\u00e1 con las investigaciones.&nbsp; Lagos de Moreno.- El gobernador Enrique Alfaro inform\u00f3 que los restos calcinados encontrados en una finca en Lagos de Moreno y en un veh\u00edculo [&hellip;]<\/p>\n","protected":false},"author":3,"featured_media":52659,"comment_status":"closed","ping_status":"closed","sticky":false,"template":"","format":"standard","meta":{"footnotes":"","_wpscppro_dont_share_socialmedia":false,"_wpscppro_custom_social_share_image":0,"_facebook_share_type":"","_twitter_share_type":"","_linkedin_share_type":"","_pinterest_share_type":"","_linkedin_share_type_page":"","_instagram_share_type":"","_medium_share_type":"","_threads_share_type":"","_google_business_share_type":"","_selected_social_profile":[],"_wpsp_enable_custom_social_template":false,"_wpsp_social_scheduling":{"enabled":false,"datetime":null,"platforms":[],"status":"template_only","dateOption":"today","timeOption":"now","customDays":"","customHours":"","customDate":"","customTime":"","schedulingType":"absolute"},"_wpsp_active_default_template":true},"categories":[81,75],"tags":[],"class_list":["post-52658","post","type-post","status-publish","format-standard","has-post-thumbnail","hentry","category-nacional","category-policia"],"yoast_head":"<!-- This site is optimized with the Yoast SEO plugin v27.4 - https:\/\/yoast.com\/product\/yoast-seo-wordpress\/ -->\n<title>CUERPOS CALCINADOS NO PERTENECEN A J\u00d3VENES DESAPARECIDOS\u00a0 - Inspector Nocturno<\/title>\n<meta name=\"robots\" content=\"index, follow, max-snippet:-1, max-image-preview:large, max-video-preview:-1\" \/>\n<link rel=\"canonical\" href=\"https:\/\/inspectornocturno.com.mx\/?p=52658\" \/>\n<meta property=\"og:locale\" content=\"es_ES\" \/>\n<meta property=\"og:type\" content=\"article\" \/>\n<meta property=\"og:title\" content=\"CUERPOS CALCINADOS NO PERTENECEN A J\u00d3VENES DESAPARECIDOS\u00a0 - Inspector Nocturno\" \/>\n<meta property=\"og:description\" content=\"\ud83d\udd3aTras la desaparici\u00f3n de varios j\u00f3venes en zacatecas, el mismo gobernador inform\u00f3 que los cuerpos hallados en un predio no corresponden a estos, por lo que se continuar\u00e1 con las investigaciones.&nbsp; Lagos de Moreno.- El gobernador Enrique Alfaro inform\u00f3 que los restos calcinados encontrados en una finca en Lagos de Moreno y en un veh\u00edculo [&hellip;]\" \/>\n<meta property=\"og:url\" content=\"https:\/\/inspectornocturno.com.mx\/?p=52658\" \/>\n<meta property=\"og:site_name\" content=\"Inspector Nocturno\" \/>\n<meta property=\"article:published_time\" content=\"2023-08-23T22:10:14+00:00\" \/>\n<meta property=\"article:modified_time\" content=\"2023-08-23T22:10:15+00:00\" \/>\n<meta property=\"og:image\" content=\"https:\/\/inspectornocturno.com.mx\/wp-content\/uploads\/2023\/08\/3AC12758-CA00-4A3A-87DF-04037AAB8485-scaled.jpeg\" \/>\n\t<meta property=\"og:image:width\" content=\"900\" \/>\n\t<meta property=\"og:image:height\" content=\"487\" \/>\n\t<meta property=\"og:image:type\" content=\"image\/jpeg\" \/>\n<meta name=\"author\" content=\"Inspector Nocturno\" \/>\n<meta name=\"twitter:card\" content=\"summary_large_image\" \/>\n<meta name=\"twitter:image\" content=\"https:\/\/inspectornocturno.com.mx\/wp-content\/uploads\/2023\/08\/3AC12758-CA00-4A3A-87DF-04037AAB8485-scaled.jpeg\" \/>\n<script type=\"application\/ld+json\" class=\"yoast-schema-graph\">{\"@context\":\"https:\\\/\\\/schema.org\",\"@graph\":[{\"@type\":\"Article\",\"@id\":\"https:\\\/\\\/inspectornocturno.com.mx\\\/?p=52658#article\",\"isPartOf\":{\"@id\":\"https:\\\/\\\/inspectornocturno.com.mx\\\/?p=52658\"},\"author\":{\"name\":\"Inspector Nocturno\",\"@id\":\"https:\\\/\\\/inspectornocturno.com.mx\\\/#\\\/schema\\\/person\\\/2f4c4173b1712fd9cf4f4b9365ce65db\"},\"headline\":\"CUERPOS CALCINADOS NO PERTENECEN A J\u00d3VENES DESAPARECIDOS\u00a0\",\"datePublished\":\"2023-08-23T22:10:14+00:00\",\"dateModified\":\"2023-08-23T22:10:15+00:00\",\"mainEntityOfPage\":{\"@id\":\"https:\\\/\\\/inspectornocturno.com.mx\\\/?p=52658\"},\"wordCount\":437,\"publisher\":{\"@id\":\"https:\\\/\\\/inspectornocturno.com.mx\\\/#\\\/schema\\\/person\\\/63eb343fea17271215b1dd2793b27897\"},\"image\":{\"@id\":\"https:\\\/\\\/inspectornocturno.com.mx\\\/?p=52658#primaryimage\"},\"thumbnailUrl\":\"https:\\\/\\\/inspectornocturno.com.mx\\\/wp-content\\\/uploads\\\/2023\\\/08\\\/3AC12758-CA00-4A3A-87DF-04037AAB8485-scaled.jpeg\",\"articleSection\":[\"Nacional\",\"Polic\u00eda\"],\"inLanguage\":\"es\"},{\"@type\":\"WebPage\",\"@id\":\"https:\\\/\\\/inspectornocturno.com.mx\\\/?p=52658\",\"url\":\"https:\\\/\\\/inspectornocturno.com.mx\\\/?p=52658\",\"name\":\"CUERPOS CALCINADOS NO PERTENECEN A J\u00d3VENES DESAPARECIDOS\u00a0 - Inspector Nocturno\",\"isPartOf\":{\"@id\":\"https:\\\/\\\/inspectornocturno.com.mx\\\/#website\"},\"primaryImageOfPage\":{\"@id\":\"https:\\\/\\\/inspectornocturno.com.mx\\\/?p=52658#primaryimage\"},\"image\":{\"@id\":\"https:\\\/\\\/inspectornocturno.com.mx\\\/?p=52658#primaryimage\"},\"thumbnailUrl\":\"https:\\\/\\\/inspectornocturno.com.mx\\\/wp-content\\\/uploads\\\/2023\\\/08\\\/3AC12758-CA00-4A3A-87DF-04037AAB8485-scaled.jpeg\",\"datePublished\":\"2023-08-23T22:10:14+00:00\",\"dateModified\":\"2023-08-23T22:10:15+00:00\",\"breadcrumb\":{\"@id\":\"https:\\\/\\\/inspectornocturno.com.mx\\\/?p=52658#breadcrumb\"},\"inLanguage\":\"es\",\"potentialAction\":[{\"@type\":\"ReadAction\",\"target\":[\"https:\\\/\\\/inspectornocturno.com.mx\\\/?p=52658\"]}]},{\"@type\":\"ImageObject\",\"inLanguage\":\"es\",\"@id\":\"https:\\\/\\\/inspectornocturno.com.mx\\\/?p=52658#primaryimage\",\"url\":\"https:\\\/\\\/inspectornocturno.com.mx\\\/wp-content\\\/uploads\\\/2023\\\/08\\\/3AC12758-CA00-4A3A-87DF-04037AAB8485-scaled.jpeg\",\"contentUrl\":\"https:\\\/\\\/inspectornocturno.com.mx\\\/wp-content\\\/uploads\\\/2023\\\/08\\\/3AC12758-CA00-4A3A-87DF-04037AAB8485-scaled.jpeg\",\"width\":900,\"height\":487},{\"@type\":\"BreadcrumbList\",\"@id\":\"https:\\\/\\\/inspectornocturno.com.mx\\\/?p=52658#breadcrumb\",\"itemListElement\":[{\"@type\":\"ListItem\",\"position\":1,\"name\":\"Portada\",\"item\":\"https:\\\/\\\/inspectornocturno.com.mx\\\/\"},{\"@type\":\"ListItem\",\"position\":2,\"name\":\"CUERPOS CALCINADOS NO PERTENECEN A J\u00d3VENES DESAPARECIDOS\u00a0\"}]},{\"@type\":\"WebSite\",\"@id\":\"https:\\\/\\\/inspectornocturno.com.mx\\\/#website\",\"url\":\"https:\\\/\\\/inspectornocturno.com.mx\\\/\",\"name\":\"Inspector Nocturno\",\"description\":\"Canc\u00fan, noticias al minuto del inspector nocturno\",\"publisher\":{\"@id\":\"https:\\\/\\\/inspectornocturno.com.mx\\\/#\\\/schema\\\/person\\\/63eb343fea17271215b1dd2793b27897\"},\"alternateName\":\"Noticias de impacto al momento de los hechos\",\"potentialAction\":[{\"@type\":\"SearchAction\",\"target\":{\"@type\":\"EntryPoint\",\"urlTemplate\":\"https:\\\/\\\/inspectornocturno.com.mx\\\/?s={search_term_string}\"},\"query-input\":{\"@type\":\"PropertyValueSpecification\",\"valueRequired\":true,\"valueName\":\"search_term_string\"}}],\"inLanguage\":\"es\"},{\"@type\":[\"Person\",\"Organization\"],\"@id\":\"https:\\\/\\\/inspectornocturno.com.mx\\\/#\\\/schema\\\/person\\\/63eb343fea17271215b1dd2793b27897\",\"name\":\"Inspector Nocturno\",\"image\":{\"@type\":\"ImageObject\",\"inLanguage\":\"es\",\"@id\":\"https:\\\/\\\/inspectornocturno.com.mx\\\/wp-content\\\/uploads\\\/2021\\\/10\\\/logo-transparente.png\",\"url\":\"https:\\\/\\\/inspectornocturno.com.mx\\\/wp-content\\\/uploads\\\/2021\\\/10\\\/logo-transparente.png\",\"contentUrl\":\"https:\\\/\\\/inspectornocturno.com.mx\\\/wp-content\\\/uploads\\\/2021\\\/10\\\/logo-transparente.png\",\"width\":561,\"height\":668,\"caption\":\"Inspector Nocturno\"},\"logo\":{\"@id\":\"https:\\\/\\\/inspectornocturno.com.mx\\\/wp-content\\\/uploads\\\/2021\\\/10\\\/logo-transparente.png\"},\"sameAs\":[\"http:\\\/\\\/inspectornocturno.com.mx\"]},{\"@type\":\"Person\",\"@id\":\"https:\\\/\\\/inspectornocturno.com.mx\\\/#\\\/schema\\\/person\\\/2f4c4173b1712fd9cf4f4b9365ce65db\",\"name\":\"Inspector Nocturno\",\"sameAs\":[\"http:\\\/\\\/inspectornocturno.com.mx\"]}]}<\/script>\n<!-- \/ Yoast SEO plugin. -->","yoast_head_json":{"title":"CUERPOS CALCINADOS NO PERTENECEN A J\u00d3VENES DESAPARECIDOS\u00a0 - Inspector Nocturno","robots":{"index":"index","follow":"follow","max-snippet":"max-snippet:-1","max-image-preview":"max-image-preview:large","max-video-preview":"max-video-preview:-1"},"canonical":"https:\/\/inspectornocturno.com.mx\/?p=52658","og_locale":"es_ES","og_type":"article","og_title":"CUERPOS CALCINADOS NO PERTENECEN A J\u00d3VENES DESAPARECIDOS\u00a0 - Inspector Nocturno","og_description":"\ud83d\udd3aTras la desaparici\u00f3n de varios j\u00f3venes en zacatecas, el mismo gobernador inform\u00f3 que los cuerpos hallados en un predio no corresponden a estos, por lo que se continuar\u00e1 con las investigaciones.&nbsp; Lagos de Moreno.- El gobernador Enrique Alfaro inform\u00f3 que los restos calcinados encontrados en una finca en Lagos de Moreno y en un veh\u00edculo [&hellip;]","og_url":"https:\/\/inspectornocturno.com.mx\/?p=52658","og_site_name":"Inspector Nocturno","article_published_time":"2023-08-23T22:10:14+00:00","article_modified_time":"2023-08-23T22:10:15+00:00","og_image":[{"width":900,"height":487,"url":"https:\/\/inspectornocturno.com.mx\/wp-content\/uploads\/2023\/08\/3AC12758-CA00-4A3A-87DF-04037AAB8485-scaled.jpeg","type":"image\/jpeg"}],"author":"Inspector Nocturno","twitter_card":"summary_large_image","twitter_image":"https:\/\/inspectornocturno.com.mx\/wp-content\/uploads\/2023\/08\/3AC12758-CA00-4A3A-87DF-04037AAB8485-scaled.jpeg","schema":{"@context":"https:\/\/schema.org","@graph":[{"@type":"Article","@id":"https:\/\/inspectornocturno.com.mx\/?p=52658#article","isPartOf":{"@id":"https:\/\/inspectornocturno.com.mx\/?p=52658"},"author":{"name":"Inspector Nocturno","@id":"https:\/\/inspectornocturno.com.mx\/#\/schema\/person\/2f4c4173b1712fd9cf4f4b9365ce65db"},"headline":"CUERPOS CALCINADOS NO PERTENECEN A J\u00d3VENES DESAPARECIDOS\u00a0","datePublished":"2023-08-23T22:10:14+00:00","dateModified":"2023-08-23T22:10:15+00:00","mainEntityOfPage":{"@id":"https:\/\/inspectornocturno.com.mx\/?p=52658"},"wordCount":437,"publisher":{"@id":"https:\/\/inspectornocturno.com.mx\/#\/schema\/person\/63eb343fea17271215b1dd2793b27897"},"image":{"@id":"https:\/\/inspectornocturno.com.mx\/?p=52658#primaryimage"},"thumbnailUrl":"https:\/\/inspectornocturno.com.mx\/wp-content\/uploads\/2023\/08\/3AC12758-CA00-4A3A-87DF-04037AAB8485-scaled.jpeg","articleSection":["Nacional","Polic\u00eda"],"inLanguage":"es"},{"@type":"WebPage","@id":"https:\/\/inspectornocturno.com.mx\/?p=52658","url":"https:\/\/inspectornocturno.com.mx\/?p=52658","name":"CUERPOS CALCINADOS NO PERTENECEN A J\u00d3VENES DESAPARECIDOS\u00a0 - Inspector Nocturno","isPartOf":{"@id":"https:\/\/inspectornocturno.com.mx\/#website"},"primaryImageOfPage":{"@id":"https:\/\/inspectornocturno.com.mx\/?p=52658#primaryimage"},"image":{"@id":"https:\/\/inspectornocturno.com.mx\/?p=52658#primaryimage"},"thumbnailUrl":"https:\/\/inspectornocturno.com.mx\/wp-content\/uploads\/2023\/08\/3AC12758-CA00-4A3A-87DF-04037AAB8485-scaled.jpeg","datePublished":"2023-08-23T22:10:14+00:00","dateModified":"2023-08-23T22:10:15+00:00","breadcrumb":{"@id":"https:\/\/inspectornocturno.com.mx\/?p=52658#breadcrumb"},"inLanguage":"es","potentialAction":[{"@type":"ReadAction","target":["https:\/\/inspectornocturno.com.mx\/?p=52658"]}]},{"@type":"ImageObject","inLanguage":"es","@id":"https:\/\/inspectornocturno.com.mx\/?p=52658#primaryimage","url":"https:\/\/inspectornocturno.com.mx\/wp-content\/uploads\/2023\/08\/3AC12758-CA00-4A3A-87DF-04037AAB8485-scaled.jpeg","contentUrl":"https:\/\/inspectornocturno.com.mx\/wp-content\/uploads\/2023\/08\/3AC12758-CA00-4A3A-87DF-04037AAB8485-scaled.jpeg","width":900,"height":487},{"@type":"BreadcrumbList","@id":"https:\/\/inspectornocturno.com.mx\/?p=52658#breadcrumb","itemListElement":[{"@type":"ListItem","position":1,"name":"Portada","item":"https:\/\/inspectornocturno.com.mx\/"},{"@type":"ListItem","position":2,"name":"CUERPOS CALCINADOS NO PERTENECEN A J\u00d3VENES DESAPARECIDOS\u00a0"}]},{"@type":"WebSite","@id":"https:\/\/inspectornocturno.com.mx\/#website","url":"https:\/\/inspectornocturno.com.mx\/","name":"Inspector Nocturno","description":"Canc\u00fan, noticias al minuto del inspector nocturno","publisher":{"@id":"https:\/\/inspectornocturno.com.mx\/#\/schema\/person\/63eb343fea17271215b1dd2793b27897"},"alternateName":"Noticias de impacto al momento de los hechos","potentialAction":[{"@type":"SearchAction","target":{"@type":"EntryPoint","urlTemplate":"https:\/\/inspectornocturno.com.mx\/?s={search_term_string}"},"query-input":{"@type":"PropertyValueSpecification","valueRequired":true,"valueName":"search_term_string"}}],"inLanguage":"es"},{"@type":["Person","Organization"],"@id":"https:\/\/inspectornocturno.com.mx\/#\/schema\/person\/63eb343fea17271215b1dd2793b27897","name":"Inspector Nocturno","image":{"@type":"ImageObject","inLanguage":"es","@id":"https:\/\/inspectornocturno.com.mx\/wp-content\/uploads\/2021\/10\/logo-transparente.png","url":"https:\/\/inspectornocturno.com.mx\/wp-content\/uploads\/2021\/10\/logo-transparente.png","contentUrl":"https:\/\/inspectornocturno.com.mx\/wp-content\/uploads\/2021\/10\/logo-transparente.png","width":561,"height":668,"caption":"Inspector Nocturno"},"logo":{"@id":"https:\/\/inspectornocturno.com.mx\/wp-content\/uploads\/2021\/10\/logo-transparente.png"},"sameAs":["http:\/\/inspectornocturno.com.mx"]},{"@type":"Person","@id":"https:\/\/inspectornocturno.com.mx\/#\/schema\/person\/2f4c4173b1712fd9cf4f4b9365ce65db","name":"Inspector Nocturno","sameAs":["http:\/\/inspectornocturno.com.mx"]}]}},"views":463,"_links":{"self":[{"href":"https:\/\/inspectornocturno.com.mx\/index.php?rest_route=\/wp\/v2\/posts\/52658","targetHints":{"allow":["GET"]}}],"collection":[{"href":"https:\/\/inspectornocturno.com.mx\/index.php?rest_route=\/wp\/v2\/posts"}],"about":[{"href":"https:\/\/inspectornocturno.com.mx\/index.php?rest_route=\/wp\/v2\/types\/post"}],"author":[{"embeddable":true,"href":"https:\/\/inspectornocturno.com.mx\/index.php?rest_route=\/wp\/v2\/users\/3"}],"replies":[{"embeddable":true,"href":"https:\/\/inspectornocturno.com.mx\/index.php?rest_route=%2Fwp%2Fv2%2Fcomments&post=52658"}],"version-history":[{"count":1,"href":"https:\/\/inspectornocturno.com.mx\/index.php?rest_route=\/wp\/v2\/posts\/52658\/revisions"}],"predecessor-version":[{"id":52660,"href":"https:\/\/inspectornocturno.com.mx\/index.php?rest_route=\/wp\/v2\/posts\/52658\/revisions\/52660"}],"wp:featuredmedia":[{"embeddable":true,"href":"https:\/\/inspectornocturno.com.mx\/index.php?rest_route=\/wp\/v2\/media\/52659"}],"wp:attachment":[{"href":"https:\/\/inspectornocturno.com.mx\/index.php?rest_route=%2Fwp%2Fv2%2Fmedia&parent=52658"}],"wp:term":[{"taxonomy":"category","embeddable":true,"href":"https:\/\/inspectornocturno.com.mx\/index.php?rest_route=%2Fwp%2Fv2%2Fcategories&post=52658"},{"taxonomy":"post_tag","embeddable":true,"href":"https:\/\/inspectornocturno.com.mx\/index.php?rest_route=%2Fwp%2Fv2%2Ftags&post=52658"}],"curies":[{"name":"wp","href":"https:\/\/api.w.org\/{rel}","templated":true}]}}