{"id":52507,"date":"2023-08-20T23:21:09","date_gmt":"2023-08-21T04:21:09","guid":{"rendered":"https:\/\/inspectornocturno.com.mx\/?p=52507"},"modified":"2023-08-20T23:21:14","modified_gmt":"2023-08-21T04:21:14","slug":"por-delitos-contra-la-salud-sujeto-fue-vinculado-a-proceso","status":"publish","type":"post","link":"https:\/\/inspectornocturno.com.mx\/?p=52507","title":{"rendered":"POR DELITOS CONTRA LA SALUD, SUJETO FUE VINCULADO A PROCESO"},"content":{"rendered":"\n<p>\ud83d\udd3aVinculan a proceso a Bruno Ed\u00e9n \u201cN\u201d, el imputado es se\u00f1alado por su probable participaci\u00f3n en delitos contra la salud en su modalidad de posesi\u00f3n con fines de suministro.&nbsp;<\/p>\n\n\n\n<p>Solidaridad.- La Fiscal\u00eda General del Estado informa que, a trav\u00e9s de la representaci\u00f3n social, present\u00f3 datos de prueba contundentes por lo que un Juez de Control resolvi\u00f3 vincular a proceso a Bruno Ed\u00e9n \u201cN\u201d e imponerle la prisi\u00f3n preventiva justificada, por su probable participaci\u00f3n en delitos contra la salud en su modalidad de posesi\u00f3n con fines de suministro.<\/p>\n\n\n\n<figure class=\"wp-block-image size-full\"><img decoding=\"async\" width=\"695\" height=\"900\" data-src=\"https:\/\/inspectornocturno.com.mx\/wp-content\/uploads\/2023\/08\/DA713C95-D27D-42FF-9D20-B771C724BC37-scaled.jpeg\" alt=\"\" class=\"wp-image-52508 lazyload\" data-srcset=\"https:\/\/inspectornocturno.com.mx\/wp-content\/uploads\/2023\/08\/DA713C95-D27D-42FF-9D20-B771C724BC37-scaled.jpeg 695w, https:\/\/inspectornocturno.com.mx\/wp-content\/uploads\/2023\/08\/DA713C95-D27D-42FF-9D20-B771C724BC37-232x300.jpeg 232w, https:\/\/inspectornocturno.com.mx\/wp-content\/uploads\/2023\/08\/DA713C95-D27D-42FF-9D20-B771C724BC37-768x994.jpeg 768w\" data-sizes=\"(max-width: 695px) 100vw, 695px\" src=\"data:image\/svg+xml;base64,PHN2ZyB3aWR0aD0iMSIgaGVpZ2h0PSIxIiB4bWxucz0iaHR0cDovL3d3dy53My5vcmcvMjAwMC9zdmciPjwvc3ZnPg==\" style=\"--smush-placeholder-width: 695px; --smush-placeholder-aspect-ratio: 695\/900;\" \/><\/figure>\n\n\n\n<p>El imputado, considerado uno de los objetivos prioritarios de la FGE Quintana Roo, tambi\u00e9n es se\u00f1alado por su probable participaci\u00f3n en delitos contra la salud y homicidio en grado de tentativa por hechos ocurridos en Chetumal y Canc\u00fan.<\/p>\n\n\n\n<p>Tras su captura en el municipio de Tulum, por parte de la Polic\u00eda de Investigaci\u00f3n, en coordinaci\u00f3n con la Secretar\u00eda de Seguridad Ciudadana, al tambi\u00e9n considerado jefe de plaza de un grupo delictivo de esta ciudad, le fueron asegurados un arma de fuego calibre 45, de uso exclusivo del Ej\u00e9rcito, as\u00ed como diversos estupefacientes, un tel\u00e9fono m\u00f3vil y un veh\u00edculo.<\/p>\n\n\n\n<p>El Fiscal del Ministerio P\u00fablico, con los datos de prueba y evidencia aportada, en audiencia logr\u00f3 que el \u00f3rgano jurisdiccional calificara de legal la detenci\u00f3n y que decretara la vinculaci\u00f3n a proceso&nbsp;&nbsp;de Bruno Ed\u00e9n \u201cN\u201d por su probable participaci\u00f3n de delito de contra la salud en su modalidad de posesi\u00f3n con fines de suministro.<\/p>\n\n\n\n<p>Asimismo, el juez le impuso la medida cautelar de prisi\u00f3n preventiva justificada y concedi\u00f3 un mes de plazo para el cierre de la investigaci\u00f3n complementaria.<\/p>\n","protected":false},"excerpt":{"rendered":"<p>\ud83d\udd3aVinculan a proceso a Bruno Ed\u00e9n \u201cN\u201d, el imputado es se\u00f1alado por su probable participaci\u00f3n en delitos contra la salud en su modalidad de posesi\u00f3n con fines de suministro.&nbsp; Solidaridad.- La Fiscal\u00eda General del Estado informa que, a trav\u00e9s de la representaci\u00f3n social, present\u00f3 datos de prueba contundentes por lo que un Juez de Control [&hellip;]<\/p>\n","protected":false},"author":3,"featured_media":52508,"comment_status":"closed","ping_status":"closed","sticky":false,"template":"","format":"standard","meta":{"footnotes":"","_wpscppro_dont_share_socialmedia":false,"_wpscppro_custom_social_share_image":0,"_facebook_share_type":"","_twitter_share_type":"","_linkedin_share_type":"","_pinterest_share_type":"","_linkedin_share_type_page":"","_instagram_share_type":"","_medium_share_type":"","_threads_share_type":"","_google_business_share_type":"","_selected_social_profile":[],"_wpsp_enable_custom_social_template":false,"_wpsp_social_scheduling":{"enabled":false,"datetime":null,"platforms":[],"status":"template_only","dateOption":"today","timeOption":"now","customDays":"","customHours":"","customDate":"","customTime":"","schedulingType":"absolute"},"_wpsp_active_default_template":true},"categories":[50,75],"tags":[],"class_list":["post-52507","post","type-post","status-publish","format-standard","has-post-thumbnail","hentry","category-playa-del-carmen","category-policia"],"yoast_head":"<!-- This site is optimized with the Yoast SEO plugin v27.4 - https:\/\/yoast.com\/product\/yoast-seo-wordpress\/ -->\n<title>POR DELITOS CONTRA LA SALUD, SUJETO FUE VINCULADO A PROCESO - Inspector Nocturno<\/title>\n<meta name=\"robots\" content=\"index, follow, max-snippet:-1, max-image-preview:large, max-video-preview:-1\" \/>\n<link rel=\"canonical\" href=\"https:\/\/inspectornocturno.com.mx\/?p=52507\" \/>\n<meta property=\"og:locale\" content=\"es_ES\" \/>\n<meta property=\"og:type\" content=\"article\" \/>\n<meta property=\"og:title\" content=\"POR DELITOS CONTRA LA SALUD, SUJETO FUE VINCULADO A PROCESO - Inspector Nocturno\" \/>\n<meta property=\"og:description\" content=\"\ud83d\udd3aVinculan a proceso a Bruno Ed\u00e9n \u201cN\u201d, el imputado es se\u00f1alado por su probable participaci\u00f3n en delitos contra la salud en su modalidad de posesi\u00f3n con fines de suministro.&nbsp; Solidaridad.- La Fiscal\u00eda General del Estado informa que, a trav\u00e9s de la representaci\u00f3n social, present\u00f3 datos de prueba contundentes por lo que un Juez de Control [&hellip;]\" \/>\n<meta property=\"og:url\" content=\"https:\/\/inspectornocturno.com.mx\/?p=52507\" \/>\n<meta property=\"og:site_name\" content=\"Inspector Nocturno\" \/>\n<meta property=\"article:published_time\" content=\"2023-08-21T04:21:09+00:00\" \/>\n<meta property=\"article:modified_time\" content=\"2023-08-21T04:21:14+00:00\" \/>\n<meta property=\"og:image\" content=\"https:\/\/inspectornocturno.com.mx\/wp-content\/uploads\/2023\/08\/DA713C95-D27D-42FF-9D20-B771C724BC37-scaled.jpeg\" \/>\n\t<meta property=\"og:image:width\" content=\"695\" \/>\n\t<meta property=\"og:image:height\" content=\"900\" \/>\n\t<meta property=\"og:image:type\" content=\"image\/jpeg\" \/>\n<meta name=\"author\" content=\"Inspector Nocturno\" \/>\n<meta name=\"twitter:card\" content=\"summary_large_image\" \/>\n<meta name=\"twitter:image\" content=\"https:\/\/inspectornocturno.com.mx\/wp-content\/uploads\/2023\/08\/DA713C95-D27D-42FF-9D20-B771C724BC37-scaled.jpeg\" \/>\n<script type=\"application\/ld+json\" class=\"yoast-schema-graph\">{\"@context\":\"https:\\\/\\\/schema.org\",\"@graph\":[{\"@type\":\"Article\",\"@id\":\"https:\\\/\\\/inspectornocturno.com.mx\\\/?p=52507#article\",\"isPartOf\":{\"@id\":\"https:\\\/\\\/inspectornocturno.com.mx\\\/?p=52507\"},\"author\":{\"name\":\"Inspector Nocturno\",\"@id\":\"https:\\\/\\\/inspectornocturno.com.mx\\\/#\\\/schema\\\/person\\\/2f4c4173b1712fd9cf4f4b9365ce65db\"},\"headline\":\"POR DELITOS CONTRA LA SALUD, SUJETO FUE VINCULADO A PROCESO\",\"datePublished\":\"2023-08-21T04:21:09+00:00\",\"dateModified\":\"2023-08-21T04:21:14+00:00\",\"mainEntityOfPage\":{\"@id\":\"https:\\\/\\\/inspectornocturno.com.mx\\\/?p=52507\"},\"wordCount\":310,\"publisher\":{\"@id\":\"https:\\\/\\\/inspectornocturno.com.mx\\\/#\\\/schema\\\/person\\\/63eb343fea17271215b1dd2793b27897\"},\"image\":{\"@id\":\"https:\\\/\\\/inspectornocturno.com.mx\\\/?p=52507#primaryimage\"},\"thumbnailUrl\":\"https:\\\/\\\/inspectornocturno.com.mx\\\/wp-content\\\/uploads\\\/2023\\\/08\\\/DA713C95-D27D-42FF-9D20-B771C724BC37-scaled.jpeg\",\"articleSection\":[\"Playa del Carmen\",\"Polic\u00eda\"],\"inLanguage\":\"es\"},{\"@type\":\"WebPage\",\"@id\":\"https:\\\/\\\/inspectornocturno.com.mx\\\/?p=52507\",\"url\":\"https:\\\/\\\/inspectornocturno.com.mx\\\/?p=52507\",\"name\":\"POR DELITOS CONTRA LA SALUD, SUJETO FUE VINCULADO A PROCESO - Inspector Nocturno\",\"isPartOf\":{\"@id\":\"https:\\\/\\\/inspectornocturno.com.mx\\\/#website\"},\"primaryImageOfPage\":{\"@id\":\"https:\\\/\\\/inspectornocturno.com.mx\\\/?p=52507#primaryimage\"},\"image\":{\"@id\":\"https:\\\/\\\/inspectornocturno.com.mx\\\/?p=52507#primaryimage\"},\"thumbnailUrl\":\"https:\\\/\\\/inspectornocturno.com.mx\\\/wp-content\\\/uploads\\\/2023\\\/08\\\/DA713C95-D27D-42FF-9D20-B771C724BC37-scaled.jpeg\",\"datePublished\":\"2023-08-21T04:21:09+00:00\",\"dateModified\":\"2023-08-21T04:21:14+00:00\",\"breadcrumb\":{\"@id\":\"https:\\\/\\\/inspectornocturno.com.mx\\\/?p=52507#breadcrumb\"},\"inLanguage\":\"es\",\"potentialAction\":[{\"@type\":\"ReadAction\",\"target\":[\"https:\\\/\\\/inspectornocturno.com.mx\\\/?p=52507\"]}]},{\"@type\":\"ImageObject\",\"inLanguage\":\"es\",\"@id\":\"https:\\\/\\\/inspectornocturno.com.mx\\\/?p=52507#primaryimage\",\"url\":\"https:\\\/\\\/inspectornocturno.com.mx\\\/wp-content\\\/uploads\\\/2023\\\/08\\\/DA713C95-D27D-42FF-9D20-B771C724BC37-scaled.jpeg\",\"contentUrl\":\"https:\\\/\\\/inspectornocturno.com.mx\\\/wp-content\\\/uploads\\\/2023\\\/08\\\/DA713C95-D27D-42FF-9D20-B771C724BC37-scaled.jpeg\",\"width\":695,\"height\":900},{\"@type\":\"BreadcrumbList\",\"@id\":\"https:\\\/\\\/inspectornocturno.com.mx\\\/?p=52507#breadcrumb\",\"itemListElement\":[{\"@type\":\"ListItem\",\"position\":1,\"name\":\"Portada\",\"item\":\"https:\\\/\\\/inspectornocturno.com.mx\\\/\"},{\"@type\":\"ListItem\",\"position\":2,\"name\":\"POR DELITOS CONTRA LA SALUD, SUJETO FUE VINCULADO A PROCESO\"}]},{\"@type\":\"WebSite\",\"@id\":\"https:\\\/\\\/inspectornocturno.com.mx\\\/#website\",\"url\":\"https:\\\/\\\/inspectornocturno.com.mx\\\/\",\"name\":\"Inspector Nocturno\",\"description\":\"Canc\u00fan, noticias al minuto del inspector nocturno\",\"publisher\":{\"@id\":\"https:\\\/\\\/inspectornocturno.com.mx\\\/#\\\/schema\\\/person\\\/63eb343fea17271215b1dd2793b27897\"},\"alternateName\":\"Noticias de impacto al momento de los hechos\",\"potentialAction\":[{\"@type\":\"SearchAction\",\"target\":{\"@type\":\"EntryPoint\",\"urlTemplate\":\"https:\\\/\\\/inspectornocturno.com.mx\\\/?s={search_term_string}\"},\"query-input\":{\"@type\":\"PropertyValueSpecification\",\"valueRequired\":true,\"valueName\":\"search_term_string\"}}],\"inLanguage\":\"es\"},{\"@type\":[\"Person\",\"Organization\"],\"@id\":\"https:\\\/\\\/inspectornocturno.com.mx\\\/#\\\/schema\\\/person\\\/63eb343fea17271215b1dd2793b27897\",\"name\":\"Inspector Nocturno\",\"image\":{\"@type\":\"ImageObject\",\"inLanguage\":\"es\",\"@id\":\"https:\\\/\\\/inspectornocturno.com.mx\\\/wp-content\\\/uploads\\\/2021\\\/10\\\/logo-transparente.png\",\"url\":\"https:\\\/\\\/inspectornocturno.com.mx\\\/wp-content\\\/uploads\\\/2021\\\/10\\\/logo-transparente.png\",\"contentUrl\":\"https:\\\/\\\/inspectornocturno.com.mx\\\/wp-content\\\/uploads\\\/2021\\\/10\\\/logo-transparente.png\",\"width\":561,\"height\":668,\"caption\":\"Inspector Nocturno\"},\"logo\":{\"@id\":\"https:\\\/\\\/inspectornocturno.com.mx\\\/wp-content\\\/uploads\\\/2021\\\/10\\\/logo-transparente.png\"},\"sameAs\":[\"http:\\\/\\\/inspectornocturno.com.mx\"]},{\"@type\":\"Person\",\"@id\":\"https:\\\/\\\/inspectornocturno.com.mx\\\/#\\\/schema\\\/person\\\/2f4c4173b1712fd9cf4f4b9365ce65db\",\"name\":\"Inspector Nocturno\",\"sameAs\":[\"http:\\\/\\\/inspectornocturno.com.mx\"]}]}<\/script>\n<!-- \/ Yoast SEO plugin. -->","yoast_head_json":{"title":"POR DELITOS CONTRA LA SALUD, SUJETO FUE VINCULADO A PROCESO - Inspector Nocturno","robots":{"index":"index","follow":"follow","max-snippet":"max-snippet:-1","max-image-preview":"max-image-preview:large","max-video-preview":"max-video-preview:-1"},"canonical":"https:\/\/inspectornocturno.com.mx\/?p=52507","og_locale":"es_ES","og_type":"article","og_title":"POR DELITOS CONTRA LA SALUD, SUJETO FUE VINCULADO A PROCESO - Inspector Nocturno","og_description":"\ud83d\udd3aVinculan a proceso a Bruno Ed\u00e9n \u201cN\u201d, el imputado es se\u00f1alado por su probable participaci\u00f3n en delitos contra la salud en su modalidad de posesi\u00f3n con fines de suministro.&nbsp; Solidaridad.- La Fiscal\u00eda General del Estado informa que, a trav\u00e9s de la representaci\u00f3n social, present\u00f3 datos de prueba contundentes por lo que un Juez de Control [&hellip;]","og_url":"https:\/\/inspectornocturno.com.mx\/?p=52507","og_site_name":"Inspector Nocturno","article_published_time":"2023-08-21T04:21:09+00:00","article_modified_time":"2023-08-21T04:21:14+00:00","og_image":[{"width":695,"height":900,"url":"https:\/\/inspectornocturno.com.mx\/wp-content\/uploads\/2023\/08\/DA713C95-D27D-42FF-9D20-B771C724BC37-scaled.jpeg","type":"image\/jpeg"}],"author":"Inspector Nocturno","twitter_card":"summary_large_image","twitter_image":"https:\/\/inspectornocturno.com.mx\/wp-content\/uploads\/2023\/08\/DA713C95-D27D-42FF-9D20-B771C724BC37-scaled.jpeg","schema":{"@context":"https:\/\/schema.org","@graph":[{"@type":"Article","@id":"https:\/\/inspectornocturno.com.mx\/?p=52507#article","isPartOf":{"@id":"https:\/\/inspectornocturno.com.mx\/?p=52507"},"author":{"name":"Inspector Nocturno","@id":"https:\/\/inspectornocturno.com.mx\/#\/schema\/person\/2f4c4173b1712fd9cf4f4b9365ce65db"},"headline":"POR DELITOS CONTRA LA SALUD, SUJETO FUE VINCULADO A PROCESO","datePublished":"2023-08-21T04:21:09+00:00","dateModified":"2023-08-21T04:21:14+00:00","mainEntityOfPage":{"@id":"https:\/\/inspectornocturno.com.mx\/?p=52507"},"wordCount":310,"publisher":{"@id":"https:\/\/inspectornocturno.com.mx\/#\/schema\/person\/63eb343fea17271215b1dd2793b27897"},"image":{"@id":"https:\/\/inspectornocturno.com.mx\/?p=52507#primaryimage"},"thumbnailUrl":"https:\/\/inspectornocturno.com.mx\/wp-content\/uploads\/2023\/08\/DA713C95-D27D-42FF-9D20-B771C724BC37-scaled.jpeg","articleSection":["Playa del Carmen","Polic\u00eda"],"inLanguage":"es"},{"@type":"WebPage","@id":"https:\/\/inspectornocturno.com.mx\/?p=52507","url":"https:\/\/inspectornocturno.com.mx\/?p=52507","name":"POR DELITOS CONTRA LA SALUD, SUJETO FUE VINCULADO A PROCESO - Inspector Nocturno","isPartOf":{"@id":"https:\/\/inspectornocturno.com.mx\/#website"},"primaryImageOfPage":{"@id":"https:\/\/inspectornocturno.com.mx\/?p=52507#primaryimage"},"image":{"@id":"https:\/\/inspectornocturno.com.mx\/?p=52507#primaryimage"},"thumbnailUrl":"https:\/\/inspectornocturno.com.mx\/wp-content\/uploads\/2023\/08\/DA713C95-D27D-42FF-9D20-B771C724BC37-scaled.jpeg","datePublished":"2023-08-21T04:21:09+00:00","dateModified":"2023-08-21T04:21:14+00:00","breadcrumb":{"@id":"https:\/\/inspectornocturno.com.mx\/?p=52507#breadcrumb"},"inLanguage":"es","potentialAction":[{"@type":"ReadAction","target":["https:\/\/inspectornocturno.com.mx\/?p=52507"]}]},{"@type":"ImageObject","inLanguage":"es","@id":"https:\/\/inspectornocturno.com.mx\/?p=52507#primaryimage","url":"https:\/\/inspectornocturno.com.mx\/wp-content\/uploads\/2023\/08\/DA713C95-D27D-42FF-9D20-B771C724BC37-scaled.jpeg","contentUrl":"https:\/\/inspectornocturno.com.mx\/wp-content\/uploads\/2023\/08\/DA713C95-D27D-42FF-9D20-B771C724BC37-scaled.jpeg","width":695,"height":900},{"@type":"BreadcrumbList","@id":"https:\/\/inspectornocturno.com.mx\/?p=52507#breadcrumb","itemListElement":[{"@type":"ListItem","position":1,"name":"Portada","item":"https:\/\/inspectornocturno.com.mx\/"},{"@type":"ListItem","position":2,"name":"POR DELITOS CONTRA LA SALUD, SUJETO FUE VINCULADO A PROCESO"}]},{"@type":"WebSite","@id":"https:\/\/inspectornocturno.com.mx\/#website","url":"https:\/\/inspectornocturno.com.mx\/","name":"Inspector Nocturno","description":"Canc\u00fan, noticias al minuto del inspector nocturno","publisher":{"@id":"https:\/\/inspectornocturno.com.mx\/#\/schema\/person\/63eb343fea17271215b1dd2793b27897"},"alternateName":"Noticias de impacto al momento de los hechos","potentialAction":[{"@type":"SearchAction","target":{"@type":"EntryPoint","urlTemplate":"https:\/\/inspectornocturno.com.mx\/?s={search_term_string}"},"query-input":{"@type":"PropertyValueSpecification","valueRequired":true,"valueName":"search_term_string"}}],"inLanguage":"es"},{"@type":["Person","Organization"],"@id":"https:\/\/inspectornocturno.com.mx\/#\/schema\/person\/63eb343fea17271215b1dd2793b27897","name":"Inspector Nocturno","image":{"@type":"ImageObject","inLanguage":"es","@id":"https:\/\/inspectornocturno.com.mx\/wp-content\/uploads\/2021\/10\/logo-transparente.png","url":"https:\/\/inspectornocturno.com.mx\/wp-content\/uploads\/2021\/10\/logo-transparente.png","contentUrl":"https:\/\/inspectornocturno.com.mx\/wp-content\/uploads\/2021\/10\/logo-transparente.png","width":561,"height":668,"caption":"Inspector Nocturno"},"logo":{"@id":"https:\/\/inspectornocturno.com.mx\/wp-content\/uploads\/2021\/10\/logo-transparente.png"},"sameAs":["http:\/\/inspectornocturno.com.mx"]},{"@type":"Person","@id":"https:\/\/inspectornocturno.com.mx\/#\/schema\/person\/2f4c4173b1712fd9cf4f4b9365ce65db","name":"Inspector Nocturno","sameAs":["http:\/\/inspectornocturno.com.mx"]}]}},"views":506,"_links":{"self":[{"href":"https:\/\/inspectornocturno.com.mx\/index.php?rest_route=\/wp\/v2\/posts\/52507","targetHints":{"allow":["GET"]}}],"collection":[{"href":"https:\/\/inspectornocturno.com.mx\/index.php?rest_route=\/wp\/v2\/posts"}],"about":[{"href":"https:\/\/inspectornocturno.com.mx\/index.php?rest_route=\/wp\/v2\/types\/post"}],"author":[{"embeddable":true,"href":"https:\/\/inspectornocturno.com.mx\/index.php?rest_route=\/wp\/v2\/users\/3"}],"replies":[{"embeddable":true,"href":"https:\/\/inspectornocturno.com.mx\/index.php?rest_route=%2Fwp%2Fv2%2Fcomments&post=52507"}],"version-history":[{"count":1,"href":"https:\/\/inspectornocturno.com.mx\/index.php?rest_route=\/wp\/v2\/posts\/52507\/revisions"}],"predecessor-version":[{"id":52509,"href":"https:\/\/inspectornocturno.com.mx\/index.php?rest_route=\/wp\/v2\/posts\/52507\/revisions\/52509"}],"wp:featuredmedia":[{"embeddable":true,"href":"https:\/\/inspectornocturno.com.mx\/index.php?rest_route=\/wp\/v2\/media\/52508"}],"wp:attachment":[{"href":"https:\/\/inspectornocturno.com.mx\/index.php?rest_route=%2Fwp%2Fv2%2Fmedia&parent=52507"}],"wp:term":[{"taxonomy":"category","embeddable":true,"href":"https:\/\/inspectornocturno.com.mx\/index.php?rest_route=%2Fwp%2Fv2%2Fcategories&post=52507"},{"taxonomy":"post_tag","embeddable":true,"href":"https:\/\/inspectornocturno.com.mx\/index.php?rest_route=%2Fwp%2Fv2%2Ftags&post=52507"}],"curies":[{"name":"wp","href":"https:\/\/api.w.org\/{rel}","templated":true}]}}