{"id":52455,"date":"2023-08-20T11:07:33","date_gmt":"2023-08-20T16:07:33","guid":{"rendered":"https:\/\/inspectornocturno.com.mx\/?p=52455"},"modified":"2023-08-20T11:07:34","modified_gmt":"2023-08-20T16:07:34","slug":"vinculan-a-proceso-a-agresor-de-policias-en-cancun","status":"publish","type":"post","link":"https:\/\/inspectornocturno.com.mx\/?p=52455","title":{"rendered":"VINCULAN A PROCESO A AGRESOR DE POLIC\u00cdAS EN CANC\u00daN"},"content":{"rendered":"\n<p>\ud83d\udd3aEn d\u00edas recientes, este individuo fue detenido tras violar las normas de tr\u00e1nsito. Adem\u00e1s, se le atribuye su presunta participaci\u00f3n en agresiones dirigidas a conductores de Uber.<\/p>\n\n\n\n<p>#InspectorNocturno #Polic\u00eda #Noticias #Canc\u00fan &nbsp;<\/p>\n\n\n\n<p>Canc\u00fan.&nbsp;&#8211; La Fiscal\u00eda General del Estado &nbsp;anunci\u00f3 la vinculaci\u00f3n a proceso de Santiago &#8220;N&#8221;, un individuo de sexo masculino, quien fue detenido en flagrancia d\u00edas atr\u00e1s por su presunta participaci\u00f3n en el delito de da\u00f1os y lesiones agravadas contra dos agentes de la Polic\u00eda de Tr\u00e1nsito Municipal.<\/p>\n\n\n\n<p>Santiago &#8220;N&#8221; fue identificado como el conductor de una Urvan de transporte p\u00fablico, cuando fue detenido por agentes de Tr\u00e1nsito Municipal por pasar un sem\u00e1foro en rojo en el cruce de las avenidas Tulum y Contoy. La reacci\u00f3n del conductor aparentemente fue de enojo, descendiendo del veh\u00edculo y agrediendo f\u00edsicamente a los agentes de polic\u00eda. Debido a este incidente, fue arrestado y presentado ante el Ministerio P\u00fablico.<\/p>\n\n\n\n<p>Adem\u00e1s de este incidente, el individuo tambi\u00e9n est\u00e1 presuntamente relacionado con ataques a conductores de la plataforma digital de transporte Uber.<\/p>\n\n\n\n<p>Luego de un an\u00e1lisis exhaustivo de los acontecimientos y las pruebas presentadas, el Juez de Control encontr\u00f3 suficientes indicios para proceder con la vinculaci\u00f3n a proceso de Santiago &#8220;N&#8221;. Como medida cautelar, se determin\u00f3 la prisi\u00f3n preventiva justificada, y se otorg\u00f3 un plazo para concluir la investigaci\u00f3n complementaria.<\/p>\n","protected":false},"excerpt":{"rendered":"<p>\ud83d\udd3aEn d\u00edas recientes, este individuo fue detenido tras violar las normas de tr\u00e1nsito. Adem\u00e1s, se le atribuye su presunta participaci\u00f3n en agresiones dirigidas a conductores de Uber. #InspectorNocturno #Polic\u00eda #Noticias #Canc\u00fan &nbsp; Canc\u00fan.&nbsp;&#8211; La Fiscal\u00eda General del Estado &nbsp;anunci\u00f3 la vinculaci\u00f3n a proceso de Santiago &#8220;N&#8221;, un individuo de sexo masculino, quien fue detenido en [&hellip;]<\/p>\n","protected":false},"author":9,"featured_media":52464,"comment_status":"closed","ping_status":"closed","sticky":false,"template":"","format":"standard","meta":{"footnotes":"","_wpscppro_dont_share_socialmedia":false,"_wpscppro_custom_social_share_image":0,"_facebook_share_type":"","_twitter_share_type":"","_linkedin_share_type":"","_pinterest_share_type":"","_linkedin_share_type_page":"","_instagram_share_type":"","_medium_share_type":"","_threads_share_type":"","_google_business_share_type":"","_selected_social_profile":[],"_wpsp_enable_custom_social_template":false,"_wpsp_social_scheduling":{"enabled":false,"datetime":null,"platforms":[],"status":"template_only","dateOption":"today","timeOption":"now","customDays":"","customHours":"","customDate":"","customTime":"","schedulingType":"absolute"},"_wpsp_active_default_template":true},"categories":[57,75,3],"tags":[],"class_list":["post-52455","post","type-post","status-publish","format-standard","has-post-thumbnail","hentry","category-cancun","category-policia","category-quintana-roo"],"yoast_head":"<!-- This site is optimized with the Yoast SEO plugin v27.4 - https:\/\/yoast.com\/product\/yoast-seo-wordpress\/ -->\n<title>VINCULAN A PROCESO A AGRESOR DE POLIC\u00cdAS EN CANC\u00daN - Inspector Nocturno<\/title>\n<meta name=\"robots\" content=\"index, follow, max-snippet:-1, max-image-preview:large, max-video-preview:-1\" \/>\n<link rel=\"canonical\" href=\"https:\/\/inspectornocturno.com.mx\/?p=52455\" \/>\n<meta property=\"og:locale\" content=\"es_ES\" \/>\n<meta property=\"og:type\" content=\"article\" \/>\n<meta property=\"og:title\" content=\"VINCULAN A PROCESO A AGRESOR DE POLIC\u00cdAS EN CANC\u00daN - Inspector Nocturno\" \/>\n<meta property=\"og:description\" content=\"\ud83d\udd3aEn d\u00edas recientes, este individuo fue detenido tras violar las normas de tr\u00e1nsito. Adem\u00e1s, se le atribuye su presunta participaci\u00f3n en agresiones dirigidas a conductores de Uber. #InspectorNocturno #Polic\u00eda #Noticias #Canc\u00fan &nbsp; Canc\u00fan.&nbsp;&#8211; La Fiscal\u00eda General del Estado &nbsp;anunci\u00f3 la vinculaci\u00f3n a proceso de Santiago &#8220;N&#8221;, un individuo de sexo masculino, quien fue detenido en [&hellip;]\" \/>\n<meta property=\"og:url\" content=\"https:\/\/inspectornocturno.com.mx\/?p=52455\" \/>\n<meta property=\"og:site_name\" content=\"Inspector Nocturno\" \/>\n<meta property=\"article:published_time\" content=\"2023-08-20T16:07:33+00:00\" \/>\n<meta property=\"article:modified_time\" content=\"2023-08-20T16:07:34+00:00\" \/>\n<meta property=\"og:image\" content=\"https:\/\/inspectornocturno.com.mx\/wp-content\/uploads\/2023\/08\/Van.jpg\" \/>\n\t<meta property=\"og:image:width\" content=\"768\" \/>\n\t<meta property=\"og:image:height\" content=\"513\" \/>\n\t<meta property=\"og:image:type\" content=\"image\/jpeg\" \/>\n<meta name=\"author\" content=\"Inspector Nocturno\" \/>\n<meta name=\"twitter:card\" content=\"summary_large_image\" \/>\n<script type=\"application\/ld+json\" class=\"yoast-schema-graph\">{\"@context\":\"https:\\\/\\\/schema.org\",\"@graph\":[{\"@type\":\"Article\",\"@id\":\"https:\\\/\\\/inspectornocturno.com.mx\\\/?p=52455#article\",\"isPartOf\":{\"@id\":\"https:\\\/\\\/inspectornocturno.com.mx\\\/?p=52455\"},\"author\":{\"name\":\"Inspector Nocturno\",\"@id\":\"https:\\\/\\\/inspectornocturno.com.mx\\\/#\\\/schema\\\/person\\\/e9418c22a987eae8f9a24e3f6f11b64a\"},\"headline\":\"VINCULAN A PROCESO A AGRESOR DE POLIC\u00cdAS EN CANC\u00daN\",\"datePublished\":\"2023-08-20T16:07:33+00:00\",\"dateModified\":\"2023-08-20T16:07:34+00:00\",\"mainEntityOfPage\":{\"@id\":\"https:\\\/\\\/inspectornocturno.com.mx\\\/?p=52455\"},\"wordCount\":258,\"publisher\":{\"@id\":\"https:\\\/\\\/inspectornocturno.com.mx\\\/#\\\/schema\\\/person\\\/63eb343fea17271215b1dd2793b27897\"},\"image\":{\"@id\":\"https:\\\/\\\/inspectornocturno.com.mx\\\/?p=52455#primaryimage\"},\"thumbnailUrl\":\"https:\\\/\\\/inspectornocturno.com.mx\\\/wp-content\\\/uploads\\\/2023\\\/08\\\/Van.jpg\",\"articleSection\":[\"Canc\u00fan\",\"Polic\u00eda\",\"Quintana Roo\"],\"inLanguage\":\"es\"},{\"@type\":\"WebPage\",\"@id\":\"https:\\\/\\\/inspectornocturno.com.mx\\\/?p=52455\",\"url\":\"https:\\\/\\\/inspectornocturno.com.mx\\\/?p=52455\",\"name\":\"VINCULAN A PROCESO A AGRESOR DE POLIC\u00cdAS EN CANC\u00daN - Inspector Nocturno\",\"isPartOf\":{\"@id\":\"https:\\\/\\\/inspectornocturno.com.mx\\\/#website\"},\"primaryImageOfPage\":{\"@id\":\"https:\\\/\\\/inspectornocturno.com.mx\\\/?p=52455#primaryimage\"},\"image\":{\"@id\":\"https:\\\/\\\/inspectornocturno.com.mx\\\/?p=52455#primaryimage\"},\"thumbnailUrl\":\"https:\\\/\\\/inspectornocturno.com.mx\\\/wp-content\\\/uploads\\\/2023\\\/08\\\/Van.jpg\",\"datePublished\":\"2023-08-20T16:07:33+00:00\",\"dateModified\":\"2023-08-20T16:07:34+00:00\",\"breadcrumb\":{\"@id\":\"https:\\\/\\\/inspectornocturno.com.mx\\\/?p=52455#breadcrumb\"},\"inLanguage\":\"es\",\"potentialAction\":[{\"@type\":\"ReadAction\",\"target\":[\"https:\\\/\\\/inspectornocturno.com.mx\\\/?p=52455\"]}]},{\"@type\":\"ImageObject\",\"inLanguage\":\"es\",\"@id\":\"https:\\\/\\\/inspectornocturno.com.mx\\\/?p=52455#primaryimage\",\"url\":\"https:\\\/\\\/inspectornocturno.com.mx\\\/wp-content\\\/uploads\\\/2023\\\/08\\\/Van.jpg\",\"contentUrl\":\"https:\\\/\\\/inspectornocturno.com.mx\\\/wp-content\\\/uploads\\\/2023\\\/08\\\/Van.jpg\",\"width\":768,\"height\":513},{\"@type\":\"BreadcrumbList\",\"@id\":\"https:\\\/\\\/inspectornocturno.com.mx\\\/?p=52455#breadcrumb\",\"itemListElement\":[{\"@type\":\"ListItem\",\"position\":1,\"name\":\"Portada\",\"item\":\"https:\\\/\\\/inspectornocturno.com.mx\\\/\"},{\"@type\":\"ListItem\",\"position\":2,\"name\":\"VINCULAN A PROCESO A AGRESOR DE POLIC\u00cdAS EN CANC\u00daN\"}]},{\"@type\":\"WebSite\",\"@id\":\"https:\\\/\\\/inspectornocturno.com.mx\\\/#website\",\"url\":\"https:\\\/\\\/inspectornocturno.com.mx\\\/\",\"name\":\"Inspector Nocturno\",\"description\":\"Canc\u00fan, noticias al minuto del inspector nocturno\",\"publisher\":{\"@id\":\"https:\\\/\\\/inspectornocturno.com.mx\\\/#\\\/schema\\\/person\\\/63eb343fea17271215b1dd2793b27897\"},\"alternateName\":\"Noticias de impacto al momento de los hechos\",\"potentialAction\":[{\"@type\":\"SearchAction\",\"target\":{\"@type\":\"EntryPoint\",\"urlTemplate\":\"https:\\\/\\\/inspectornocturno.com.mx\\\/?s={search_term_string}\"},\"query-input\":{\"@type\":\"PropertyValueSpecification\",\"valueRequired\":true,\"valueName\":\"search_term_string\"}}],\"inLanguage\":\"es\"},{\"@type\":[\"Person\",\"Organization\"],\"@id\":\"https:\\\/\\\/inspectornocturno.com.mx\\\/#\\\/schema\\\/person\\\/63eb343fea17271215b1dd2793b27897\",\"name\":\"Inspector Nocturno\",\"image\":{\"@type\":\"ImageObject\",\"inLanguage\":\"es\",\"@id\":\"https:\\\/\\\/inspectornocturno.com.mx\\\/wp-content\\\/uploads\\\/2021\\\/10\\\/logo-transparente.png\",\"url\":\"https:\\\/\\\/inspectornocturno.com.mx\\\/wp-content\\\/uploads\\\/2021\\\/10\\\/logo-transparente.png\",\"contentUrl\":\"https:\\\/\\\/inspectornocturno.com.mx\\\/wp-content\\\/uploads\\\/2021\\\/10\\\/logo-transparente.png\",\"width\":561,\"height\":668,\"caption\":\"Inspector Nocturno\"},\"logo\":{\"@id\":\"https:\\\/\\\/inspectornocturno.com.mx\\\/wp-content\\\/uploads\\\/2021\\\/10\\\/logo-transparente.png\"},\"sameAs\":[\"http:\\\/\\\/inspectornocturno.com.mx\"]},{\"@type\":\"Person\",\"@id\":\"https:\\\/\\\/inspectornocturno.com.mx\\\/#\\\/schema\\\/person\\\/e9418c22a987eae8f9a24e3f6f11b64a\",\"name\":\"Inspector Nocturno\"}]}<\/script>\n<!-- \/ Yoast SEO plugin. -->","yoast_head_json":{"title":"VINCULAN A PROCESO A AGRESOR DE POLIC\u00cdAS EN CANC\u00daN - Inspector Nocturno","robots":{"index":"index","follow":"follow","max-snippet":"max-snippet:-1","max-image-preview":"max-image-preview:large","max-video-preview":"max-video-preview:-1"},"canonical":"https:\/\/inspectornocturno.com.mx\/?p=52455","og_locale":"es_ES","og_type":"article","og_title":"VINCULAN A PROCESO A AGRESOR DE POLIC\u00cdAS EN CANC\u00daN - Inspector Nocturno","og_description":"\ud83d\udd3aEn d\u00edas recientes, este individuo fue detenido tras violar las normas de tr\u00e1nsito. Adem\u00e1s, se le atribuye su presunta participaci\u00f3n en agresiones dirigidas a conductores de Uber. #InspectorNocturno #Polic\u00eda #Noticias #Canc\u00fan &nbsp; Canc\u00fan.&nbsp;&#8211; La Fiscal\u00eda General del Estado &nbsp;anunci\u00f3 la vinculaci\u00f3n a proceso de Santiago &#8220;N&#8221;, un individuo de sexo masculino, quien fue detenido en [&hellip;]","og_url":"https:\/\/inspectornocturno.com.mx\/?p=52455","og_site_name":"Inspector Nocturno","article_published_time":"2023-08-20T16:07:33+00:00","article_modified_time":"2023-08-20T16:07:34+00:00","og_image":[{"width":768,"height":513,"url":"https:\/\/inspectornocturno.com.mx\/wp-content\/uploads\/2023\/08\/Van.jpg","type":"image\/jpeg"}],"author":"Inspector Nocturno","twitter_card":"summary_large_image","schema":{"@context":"https:\/\/schema.org","@graph":[{"@type":"Article","@id":"https:\/\/inspectornocturno.com.mx\/?p=52455#article","isPartOf":{"@id":"https:\/\/inspectornocturno.com.mx\/?p=52455"},"author":{"name":"Inspector Nocturno","@id":"https:\/\/inspectornocturno.com.mx\/#\/schema\/person\/e9418c22a987eae8f9a24e3f6f11b64a"},"headline":"VINCULAN A PROCESO A AGRESOR DE POLIC\u00cdAS EN CANC\u00daN","datePublished":"2023-08-20T16:07:33+00:00","dateModified":"2023-08-20T16:07:34+00:00","mainEntityOfPage":{"@id":"https:\/\/inspectornocturno.com.mx\/?p=52455"},"wordCount":258,"publisher":{"@id":"https:\/\/inspectornocturno.com.mx\/#\/schema\/person\/63eb343fea17271215b1dd2793b27897"},"image":{"@id":"https:\/\/inspectornocturno.com.mx\/?p=52455#primaryimage"},"thumbnailUrl":"https:\/\/inspectornocturno.com.mx\/wp-content\/uploads\/2023\/08\/Van.jpg","articleSection":["Canc\u00fan","Polic\u00eda","Quintana Roo"],"inLanguage":"es"},{"@type":"WebPage","@id":"https:\/\/inspectornocturno.com.mx\/?p=52455","url":"https:\/\/inspectornocturno.com.mx\/?p=52455","name":"VINCULAN A PROCESO A AGRESOR DE POLIC\u00cdAS EN CANC\u00daN - Inspector Nocturno","isPartOf":{"@id":"https:\/\/inspectornocturno.com.mx\/#website"},"primaryImageOfPage":{"@id":"https:\/\/inspectornocturno.com.mx\/?p=52455#primaryimage"},"image":{"@id":"https:\/\/inspectornocturno.com.mx\/?p=52455#primaryimage"},"thumbnailUrl":"https:\/\/inspectornocturno.com.mx\/wp-content\/uploads\/2023\/08\/Van.jpg","datePublished":"2023-08-20T16:07:33+00:00","dateModified":"2023-08-20T16:07:34+00:00","breadcrumb":{"@id":"https:\/\/inspectornocturno.com.mx\/?p=52455#breadcrumb"},"inLanguage":"es","potentialAction":[{"@type":"ReadAction","target":["https:\/\/inspectornocturno.com.mx\/?p=52455"]}]},{"@type":"ImageObject","inLanguage":"es","@id":"https:\/\/inspectornocturno.com.mx\/?p=52455#primaryimage","url":"https:\/\/inspectornocturno.com.mx\/wp-content\/uploads\/2023\/08\/Van.jpg","contentUrl":"https:\/\/inspectornocturno.com.mx\/wp-content\/uploads\/2023\/08\/Van.jpg","width":768,"height":513},{"@type":"BreadcrumbList","@id":"https:\/\/inspectornocturno.com.mx\/?p=52455#breadcrumb","itemListElement":[{"@type":"ListItem","position":1,"name":"Portada","item":"https:\/\/inspectornocturno.com.mx\/"},{"@type":"ListItem","position":2,"name":"VINCULAN A PROCESO A AGRESOR DE POLIC\u00cdAS EN CANC\u00daN"}]},{"@type":"WebSite","@id":"https:\/\/inspectornocturno.com.mx\/#website","url":"https:\/\/inspectornocturno.com.mx\/","name":"Inspector Nocturno","description":"Canc\u00fan, noticias al minuto del inspector nocturno","publisher":{"@id":"https:\/\/inspectornocturno.com.mx\/#\/schema\/person\/63eb343fea17271215b1dd2793b27897"},"alternateName":"Noticias de impacto al momento de los hechos","potentialAction":[{"@type":"SearchAction","target":{"@type":"EntryPoint","urlTemplate":"https:\/\/inspectornocturno.com.mx\/?s={search_term_string}"},"query-input":{"@type":"PropertyValueSpecification","valueRequired":true,"valueName":"search_term_string"}}],"inLanguage":"es"},{"@type":["Person","Organization"],"@id":"https:\/\/inspectornocturno.com.mx\/#\/schema\/person\/63eb343fea17271215b1dd2793b27897","name":"Inspector Nocturno","image":{"@type":"ImageObject","inLanguage":"es","@id":"https:\/\/inspectornocturno.com.mx\/wp-content\/uploads\/2021\/10\/logo-transparente.png","url":"https:\/\/inspectornocturno.com.mx\/wp-content\/uploads\/2021\/10\/logo-transparente.png","contentUrl":"https:\/\/inspectornocturno.com.mx\/wp-content\/uploads\/2021\/10\/logo-transparente.png","width":561,"height":668,"caption":"Inspector Nocturno"},"logo":{"@id":"https:\/\/inspectornocturno.com.mx\/wp-content\/uploads\/2021\/10\/logo-transparente.png"},"sameAs":["http:\/\/inspectornocturno.com.mx"]},{"@type":"Person","@id":"https:\/\/inspectornocturno.com.mx\/#\/schema\/person\/e9418c22a987eae8f9a24e3f6f11b64a","name":"Inspector Nocturno"}]}},"views":201,"_links":{"self":[{"href":"https:\/\/inspectornocturno.com.mx\/index.php?rest_route=\/wp\/v2\/posts\/52455","targetHints":{"allow":["GET"]}}],"collection":[{"href":"https:\/\/inspectornocturno.com.mx\/index.php?rest_route=\/wp\/v2\/posts"}],"about":[{"href":"https:\/\/inspectornocturno.com.mx\/index.php?rest_route=\/wp\/v2\/types\/post"}],"author":[{"embeddable":true,"href":"https:\/\/inspectornocturno.com.mx\/index.php?rest_route=\/wp\/v2\/users\/9"}],"replies":[{"embeddable":true,"href":"https:\/\/inspectornocturno.com.mx\/index.php?rest_route=%2Fwp%2Fv2%2Fcomments&post=52455"}],"version-history":[{"count":2,"href":"https:\/\/inspectornocturno.com.mx\/index.php?rest_route=\/wp\/v2\/posts\/52455\/revisions"}],"predecessor-version":[{"id":52466,"href":"https:\/\/inspectornocturno.com.mx\/index.php?rest_route=\/wp\/v2\/posts\/52455\/revisions\/52466"}],"wp:featuredmedia":[{"embeddable":true,"href":"https:\/\/inspectornocturno.com.mx\/index.php?rest_route=\/wp\/v2\/media\/52464"}],"wp:attachment":[{"href":"https:\/\/inspectornocturno.com.mx\/index.php?rest_route=%2Fwp%2Fv2%2Fmedia&parent=52455"}],"wp:term":[{"taxonomy":"category","embeddable":true,"href":"https:\/\/inspectornocturno.com.mx\/index.php?rest_route=%2Fwp%2Fv2%2Fcategories&post=52455"},{"taxonomy":"post_tag","embeddable":true,"href":"https:\/\/inspectornocturno.com.mx\/index.php?rest_route=%2Fwp%2Fv2%2Ftags&post=52455"}],"curies":[{"name":"wp","href":"https:\/\/api.w.org\/{rel}","templated":true}]}}