{"id":52420,"date":"2023-08-19T21:10:35","date_gmt":"2023-08-20T02:10:35","guid":{"rendered":"https:\/\/inspectornocturno.com.mx\/?p=52420"},"modified":"2023-08-19T21:10:37","modified_gmt":"2023-08-20T02:10:37","slug":"sujeto-es-aprehendido-por-el-delito-de-desaparicion-de-personas","status":"publish","type":"post","link":"https:\/\/inspectornocturno.com.mx\/?p=52420","title":{"rendered":"SUJETO ES APREHENDIDO, POR EL DELITO DE DESAPARICI\u00d3N DE PERSONAS"},"content":{"rendered":"\n<p>\ud83d\udd3aCumplimentan orden de aprehensi\u00f3n en contra de un sujeto por el delito de desaparici\u00f3n cometida por particulares; la Fiscal\u00eda inform\u00f3 que al imputado se le se\u00f1ala por hechos ocurridos el 18 de septiembre de 2022, en el poblado de Javier Rojo G\u00f3mez.&nbsp;<\/p>\n\n\n\n<p>Oth\u00f3n P. Blanco.- La Fiscal\u00eda General del Estado inform\u00f3 que cumpliment\u00f3 una orden de aprehensi\u00f3n girada por un juez&nbsp;&nbsp;de control, en contra de una persona del sexo masculino, por su probable participaci\u00f3n en el delito de desaparici\u00f3n cometida por particulares, en agravio de tres v\u00edctimas de identidad reservada.<\/p>\n\n\n\n<figure class=\"wp-block-image size-full\"><img decoding=\"async\" width=\"695\" height=\"900\" data-src=\"https:\/\/inspectornocturno.com.mx\/wp-content\/uploads\/2023\/08\/21CA13FB-8219-4FF6-A966-91E7E3BF81EA-scaled.jpeg\" alt=\"\" class=\"wp-image-52421 lazyload\" data-srcset=\"https:\/\/inspectornocturno.com.mx\/wp-content\/uploads\/2023\/08\/21CA13FB-8219-4FF6-A966-91E7E3BF81EA-scaled.jpeg 695w, https:\/\/inspectornocturno.com.mx\/wp-content\/uploads\/2023\/08\/21CA13FB-8219-4FF6-A966-91E7E3BF81EA-232x300.jpeg 232w, https:\/\/inspectornocturno.com.mx\/wp-content\/uploads\/2023\/08\/21CA13FB-8219-4FF6-A966-91E7E3BF81EA-768x994.jpeg 768w\" data-sizes=\"(max-width: 695px) 100vw, 695px\" src=\"data:image\/svg+xml;base64,PHN2ZyB3aWR0aD0iMSIgaGVpZ2h0PSIxIiB4bWxucz0iaHR0cDovL3d3dy53My5vcmcvMjAwMC9zdmciPjwvc3ZnPg==\" style=\"--smush-placeholder-width: 695px; --smush-placeholder-aspect-ratio: 695\/900;\" \/><\/figure>\n\n\n\n<p>El mandamiento judicial&nbsp;&nbsp;otorgado por un Juez de Control y Juicio Oral de este municipio, fue para Luis \u201cN\u201d, mismo que fue detenido por agentes de la Polic\u00eda de Investigaci\u00f3n.<\/p>\n\n\n\n<p>Los delitos por los que se se\u00f1ala al imputado ocurrieron el 18 de septiembre de 2022, en el poblado Javier Rojo G\u00f3mez del municipio Oth\u00f3n P. Blanco, en agravio de tres v\u00edctimas, quienes a\u00fan permanecen en calidad de desaparecidas.<\/p>\n\n\n\n<p>Tras la detenci\u00f3n, Luis \u201cN\u201d fue valorado por un&nbsp;&nbsp;m\u00e9dico legista y trasladado al Centro de Reinserci\u00f3n Social, de Chetumal en&nbsp;&nbsp;donde qued\u00f3&nbsp;&nbsp;&nbsp;a disposici\u00f3n del \u00f3rgano jurisdiccional que lo solicit\u00f3.<\/p>\n","protected":false},"excerpt":{"rendered":"<p>\ud83d\udd3aCumplimentan orden de aprehensi\u00f3n en contra de un sujeto por el delito de desaparici\u00f3n cometida por particulares; la Fiscal\u00eda inform\u00f3 que al imputado se le se\u00f1ala por hechos ocurridos el 18 de septiembre de 2022, en el poblado de Javier Rojo G\u00f3mez.&nbsp; Oth\u00f3n P. Blanco.- La Fiscal\u00eda General del Estado inform\u00f3 que cumpliment\u00f3 una orden [&hellip;]<\/p>\n","protected":false},"author":3,"featured_media":52421,"comment_status":"closed","ping_status":"closed","sticky":false,"template":"","format":"standard","meta":{"footnotes":"","_wpscppro_dont_share_socialmedia":false,"_wpscppro_custom_social_share_image":0,"_facebook_share_type":"","_twitter_share_type":"","_linkedin_share_type":"","_pinterest_share_type":"","_linkedin_share_type_page":"","_instagram_share_type":"","_medium_share_type":"","_threads_share_type":"","_google_business_share_type":"","_selected_social_profile":[],"_wpsp_enable_custom_social_template":false,"_wpsp_social_scheduling":{"enabled":false,"datetime":null,"platforms":[],"status":"template_only","dateOption":"today","timeOption":"now","customDays":"","customHours":"","customDate":"","customTime":"","schedulingType":"absolute"},"_wpsp_active_default_template":true},"categories":[56,75],"tags":[],"class_list":["post-52420","post","type-post","status-publish","format-standard","has-post-thumbnail","hentry","category-chetumal","category-policia"],"yoast_head":"<!-- This site is optimized with the Yoast SEO plugin v27.4 - https:\/\/yoast.com\/product\/yoast-seo-wordpress\/ -->\n<title>SUJETO ES APREHENDIDO, POR EL DELITO DE DESAPARICI\u00d3N DE PERSONAS - Inspector Nocturno<\/title>\n<meta name=\"robots\" content=\"index, follow, max-snippet:-1, max-image-preview:large, max-video-preview:-1\" \/>\n<link rel=\"canonical\" href=\"https:\/\/inspectornocturno.com.mx\/?p=52420\" \/>\n<meta property=\"og:locale\" content=\"es_ES\" \/>\n<meta property=\"og:type\" content=\"article\" \/>\n<meta property=\"og:title\" content=\"SUJETO ES APREHENDIDO, POR EL DELITO DE DESAPARICI\u00d3N DE PERSONAS - Inspector Nocturno\" \/>\n<meta property=\"og:description\" content=\"\ud83d\udd3aCumplimentan orden de aprehensi\u00f3n en contra de un sujeto por el delito de desaparici\u00f3n cometida por particulares; la Fiscal\u00eda inform\u00f3 que al imputado se le se\u00f1ala por hechos ocurridos el 18 de septiembre de 2022, en el poblado de Javier Rojo G\u00f3mez.&nbsp; Oth\u00f3n P. Blanco.- La Fiscal\u00eda General del Estado inform\u00f3 que cumpliment\u00f3 una orden [&hellip;]\" \/>\n<meta property=\"og:url\" content=\"https:\/\/inspectornocturno.com.mx\/?p=52420\" \/>\n<meta property=\"og:site_name\" content=\"Inspector Nocturno\" \/>\n<meta property=\"article:published_time\" content=\"2023-08-20T02:10:35+00:00\" \/>\n<meta property=\"article:modified_time\" content=\"2023-08-20T02:10:37+00:00\" \/>\n<meta property=\"og:image\" content=\"https:\/\/inspectornocturno.com.mx\/wp-content\/uploads\/2023\/08\/21CA13FB-8219-4FF6-A966-91E7E3BF81EA-scaled.jpeg\" \/>\n\t<meta property=\"og:image:width\" content=\"695\" \/>\n\t<meta property=\"og:image:height\" content=\"900\" \/>\n\t<meta property=\"og:image:type\" content=\"image\/jpeg\" \/>\n<meta name=\"author\" content=\"Inspector Nocturno\" \/>\n<meta name=\"twitter:card\" content=\"summary_large_image\" \/>\n<meta name=\"twitter:image\" content=\"https:\/\/inspectornocturno.com.mx\/wp-content\/uploads\/2023\/08\/21CA13FB-8219-4FF6-A966-91E7E3BF81EA-scaled.jpeg\" \/>\n<script type=\"application\/ld+json\" class=\"yoast-schema-graph\">{\"@context\":\"https:\\\/\\\/schema.org\",\"@graph\":[{\"@type\":\"Article\",\"@id\":\"https:\\\/\\\/inspectornocturno.com.mx\\\/?p=52420#article\",\"isPartOf\":{\"@id\":\"https:\\\/\\\/inspectornocturno.com.mx\\\/?p=52420\"},\"author\":{\"name\":\"Inspector Nocturno\",\"@id\":\"https:\\\/\\\/inspectornocturno.com.mx\\\/#\\\/schema\\\/person\\\/2f4c4173b1712fd9cf4f4b9365ce65db\"},\"headline\":\"SUJETO ES APREHENDIDO, POR EL DELITO DE DESAPARICI\u00d3N DE PERSONAS\",\"datePublished\":\"2023-08-20T02:10:35+00:00\",\"dateModified\":\"2023-08-20T02:10:37+00:00\",\"mainEntityOfPage\":{\"@id\":\"https:\\\/\\\/inspectornocturno.com.mx\\\/?p=52420\"},\"wordCount\":233,\"publisher\":{\"@id\":\"https:\\\/\\\/inspectornocturno.com.mx\\\/#\\\/schema\\\/person\\\/63eb343fea17271215b1dd2793b27897\"},\"image\":{\"@id\":\"https:\\\/\\\/inspectornocturno.com.mx\\\/?p=52420#primaryimage\"},\"thumbnailUrl\":\"https:\\\/\\\/inspectornocturno.com.mx\\\/wp-content\\\/uploads\\\/2023\\\/08\\\/21CA13FB-8219-4FF6-A966-91E7E3BF81EA-scaled.jpeg\",\"articleSection\":[\"Chetumal\",\"Polic\u00eda\"],\"inLanguage\":\"es\"},{\"@type\":\"WebPage\",\"@id\":\"https:\\\/\\\/inspectornocturno.com.mx\\\/?p=52420\",\"url\":\"https:\\\/\\\/inspectornocturno.com.mx\\\/?p=52420\",\"name\":\"SUJETO ES APREHENDIDO, POR EL DELITO DE DESAPARICI\u00d3N DE PERSONAS - Inspector Nocturno\",\"isPartOf\":{\"@id\":\"https:\\\/\\\/inspectornocturno.com.mx\\\/#website\"},\"primaryImageOfPage\":{\"@id\":\"https:\\\/\\\/inspectornocturno.com.mx\\\/?p=52420#primaryimage\"},\"image\":{\"@id\":\"https:\\\/\\\/inspectornocturno.com.mx\\\/?p=52420#primaryimage\"},\"thumbnailUrl\":\"https:\\\/\\\/inspectornocturno.com.mx\\\/wp-content\\\/uploads\\\/2023\\\/08\\\/21CA13FB-8219-4FF6-A966-91E7E3BF81EA-scaled.jpeg\",\"datePublished\":\"2023-08-20T02:10:35+00:00\",\"dateModified\":\"2023-08-20T02:10:37+00:00\",\"breadcrumb\":{\"@id\":\"https:\\\/\\\/inspectornocturno.com.mx\\\/?p=52420#breadcrumb\"},\"inLanguage\":\"es\",\"potentialAction\":[{\"@type\":\"ReadAction\",\"target\":[\"https:\\\/\\\/inspectornocturno.com.mx\\\/?p=52420\"]}]},{\"@type\":\"ImageObject\",\"inLanguage\":\"es\",\"@id\":\"https:\\\/\\\/inspectornocturno.com.mx\\\/?p=52420#primaryimage\",\"url\":\"https:\\\/\\\/inspectornocturno.com.mx\\\/wp-content\\\/uploads\\\/2023\\\/08\\\/21CA13FB-8219-4FF6-A966-91E7E3BF81EA-scaled.jpeg\",\"contentUrl\":\"https:\\\/\\\/inspectornocturno.com.mx\\\/wp-content\\\/uploads\\\/2023\\\/08\\\/21CA13FB-8219-4FF6-A966-91E7E3BF81EA-scaled.jpeg\",\"width\":695,\"height\":900},{\"@type\":\"BreadcrumbList\",\"@id\":\"https:\\\/\\\/inspectornocturno.com.mx\\\/?p=52420#breadcrumb\",\"itemListElement\":[{\"@type\":\"ListItem\",\"position\":1,\"name\":\"Portada\",\"item\":\"https:\\\/\\\/inspectornocturno.com.mx\\\/\"},{\"@type\":\"ListItem\",\"position\":2,\"name\":\"SUJETO ES APREHENDIDO, POR EL DELITO DE DESAPARICI\u00d3N DE PERSONAS\"}]},{\"@type\":\"WebSite\",\"@id\":\"https:\\\/\\\/inspectornocturno.com.mx\\\/#website\",\"url\":\"https:\\\/\\\/inspectornocturno.com.mx\\\/\",\"name\":\"Inspector Nocturno\",\"description\":\"Canc\u00fan, noticias al minuto del inspector nocturno\",\"publisher\":{\"@id\":\"https:\\\/\\\/inspectornocturno.com.mx\\\/#\\\/schema\\\/person\\\/63eb343fea17271215b1dd2793b27897\"},\"alternateName\":\"Noticias de impacto al momento de los hechos\",\"potentialAction\":[{\"@type\":\"SearchAction\",\"target\":{\"@type\":\"EntryPoint\",\"urlTemplate\":\"https:\\\/\\\/inspectornocturno.com.mx\\\/?s={search_term_string}\"},\"query-input\":{\"@type\":\"PropertyValueSpecification\",\"valueRequired\":true,\"valueName\":\"search_term_string\"}}],\"inLanguage\":\"es\"},{\"@type\":[\"Person\",\"Organization\"],\"@id\":\"https:\\\/\\\/inspectornocturno.com.mx\\\/#\\\/schema\\\/person\\\/63eb343fea17271215b1dd2793b27897\",\"name\":\"Inspector Nocturno\",\"image\":{\"@type\":\"ImageObject\",\"inLanguage\":\"es\",\"@id\":\"https:\\\/\\\/inspectornocturno.com.mx\\\/wp-content\\\/uploads\\\/2021\\\/10\\\/logo-transparente.png\",\"url\":\"https:\\\/\\\/inspectornocturno.com.mx\\\/wp-content\\\/uploads\\\/2021\\\/10\\\/logo-transparente.png\",\"contentUrl\":\"https:\\\/\\\/inspectornocturno.com.mx\\\/wp-content\\\/uploads\\\/2021\\\/10\\\/logo-transparente.png\",\"width\":561,\"height\":668,\"caption\":\"Inspector Nocturno\"},\"logo\":{\"@id\":\"https:\\\/\\\/inspectornocturno.com.mx\\\/wp-content\\\/uploads\\\/2021\\\/10\\\/logo-transparente.png\"},\"sameAs\":[\"http:\\\/\\\/inspectornocturno.com.mx\"]},{\"@type\":\"Person\",\"@id\":\"https:\\\/\\\/inspectornocturno.com.mx\\\/#\\\/schema\\\/person\\\/2f4c4173b1712fd9cf4f4b9365ce65db\",\"name\":\"Inspector Nocturno\",\"sameAs\":[\"http:\\\/\\\/inspectornocturno.com.mx\"]}]}<\/script>\n<!-- \/ Yoast SEO plugin. -->","yoast_head_json":{"title":"SUJETO ES APREHENDIDO, POR EL DELITO DE DESAPARICI\u00d3N DE PERSONAS - Inspector Nocturno","robots":{"index":"index","follow":"follow","max-snippet":"max-snippet:-1","max-image-preview":"max-image-preview:large","max-video-preview":"max-video-preview:-1"},"canonical":"https:\/\/inspectornocturno.com.mx\/?p=52420","og_locale":"es_ES","og_type":"article","og_title":"SUJETO ES APREHENDIDO, POR EL DELITO DE DESAPARICI\u00d3N DE PERSONAS - Inspector Nocturno","og_description":"\ud83d\udd3aCumplimentan orden de aprehensi\u00f3n en contra de un sujeto por el delito de desaparici\u00f3n cometida por particulares; la Fiscal\u00eda inform\u00f3 que al imputado se le se\u00f1ala por hechos ocurridos el 18 de septiembre de 2022, en el poblado de Javier Rojo G\u00f3mez.&nbsp; Oth\u00f3n P. Blanco.- La Fiscal\u00eda General del Estado inform\u00f3 que cumpliment\u00f3 una orden [&hellip;]","og_url":"https:\/\/inspectornocturno.com.mx\/?p=52420","og_site_name":"Inspector Nocturno","article_published_time":"2023-08-20T02:10:35+00:00","article_modified_time":"2023-08-20T02:10:37+00:00","og_image":[{"width":695,"height":900,"url":"https:\/\/inspectornocturno.com.mx\/wp-content\/uploads\/2023\/08\/21CA13FB-8219-4FF6-A966-91E7E3BF81EA-scaled.jpeg","type":"image\/jpeg"}],"author":"Inspector Nocturno","twitter_card":"summary_large_image","twitter_image":"https:\/\/inspectornocturno.com.mx\/wp-content\/uploads\/2023\/08\/21CA13FB-8219-4FF6-A966-91E7E3BF81EA-scaled.jpeg","schema":{"@context":"https:\/\/schema.org","@graph":[{"@type":"Article","@id":"https:\/\/inspectornocturno.com.mx\/?p=52420#article","isPartOf":{"@id":"https:\/\/inspectornocturno.com.mx\/?p=52420"},"author":{"name":"Inspector Nocturno","@id":"https:\/\/inspectornocturno.com.mx\/#\/schema\/person\/2f4c4173b1712fd9cf4f4b9365ce65db"},"headline":"SUJETO ES APREHENDIDO, POR EL DELITO DE DESAPARICI\u00d3N DE PERSONAS","datePublished":"2023-08-20T02:10:35+00:00","dateModified":"2023-08-20T02:10:37+00:00","mainEntityOfPage":{"@id":"https:\/\/inspectornocturno.com.mx\/?p=52420"},"wordCount":233,"publisher":{"@id":"https:\/\/inspectornocturno.com.mx\/#\/schema\/person\/63eb343fea17271215b1dd2793b27897"},"image":{"@id":"https:\/\/inspectornocturno.com.mx\/?p=52420#primaryimage"},"thumbnailUrl":"https:\/\/inspectornocturno.com.mx\/wp-content\/uploads\/2023\/08\/21CA13FB-8219-4FF6-A966-91E7E3BF81EA-scaled.jpeg","articleSection":["Chetumal","Polic\u00eda"],"inLanguage":"es"},{"@type":"WebPage","@id":"https:\/\/inspectornocturno.com.mx\/?p=52420","url":"https:\/\/inspectornocturno.com.mx\/?p=52420","name":"SUJETO ES APREHENDIDO, POR EL DELITO DE DESAPARICI\u00d3N DE PERSONAS - Inspector Nocturno","isPartOf":{"@id":"https:\/\/inspectornocturno.com.mx\/#website"},"primaryImageOfPage":{"@id":"https:\/\/inspectornocturno.com.mx\/?p=52420#primaryimage"},"image":{"@id":"https:\/\/inspectornocturno.com.mx\/?p=52420#primaryimage"},"thumbnailUrl":"https:\/\/inspectornocturno.com.mx\/wp-content\/uploads\/2023\/08\/21CA13FB-8219-4FF6-A966-91E7E3BF81EA-scaled.jpeg","datePublished":"2023-08-20T02:10:35+00:00","dateModified":"2023-08-20T02:10:37+00:00","breadcrumb":{"@id":"https:\/\/inspectornocturno.com.mx\/?p=52420#breadcrumb"},"inLanguage":"es","potentialAction":[{"@type":"ReadAction","target":["https:\/\/inspectornocturno.com.mx\/?p=52420"]}]},{"@type":"ImageObject","inLanguage":"es","@id":"https:\/\/inspectornocturno.com.mx\/?p=52420#primaryimage","url":"https:\/\/inspectornocturno.com.mx\/wp-content\/uploads\/2023\/08\/21CA13FB-8219-4FF6-A966-91E7E3BF81EA-scaled.jpeg","contentUrl":"https:\/\/inspectornocturno.com.mx\/wp-content\/uploads\/2023\/08\/21CA13FB-8219-4FF6-A966-91E7E3BF81EA-scaled.jpeg","width":695,"height":900},{"@type":"BreadcrumbList","@id":"https:\/\/inspectornocturno.com.mx\/?p=52420#breadcrumb","itemListElement":[{"@type":"ListItem","position":1,"name":"Portada","item":"https:\/\/inspectornocturno.com.mx\/"},{"@type":"ListItem","position":2,"name":"SUJETO ES APREHENDIDO, POR EL DELITO DE DESAPARICI\u00d3N DE PERSONAS"}]},{"@type":"WebSite","@id":"https:\/\/inspectornocturno.com.mx\/#website","url":"https:\/\/inspectornocturno.com.mx\/","name":"Inspector Nocturno","description":"Canc\u00fan, noticias al minuto del inspector nocturno","publisher":{"@id":"https:\/\/inspectornocturno.com.mx\/#\/schema\/person\/63eb343fea17271215b1dd2793b27897"},"alternateName":"Noticias de impacto al momento de los hechos","potentialAction":[{"@type":"SearchAction","target":{"@type":"EntryPoint","urlTemplate":"https:\/\/inspectornocturno.com.mx\/?s={search_term_string}"},"query-input":{"@type":"PropertyValueSpecification","valueRequired":true,"valueName":"search_term_string"}}],"inLanguage":"es"},{"@type":["Person","Organization"],"@id":"https:\/\/inspectornocturno.com.mx\/#\/schema\/person\/63eb343fea17271215b1dd2793b27897","name":"Inspector Nocturno","image":{"@type":"ImageObject","inLanguage":"es","@id":"https:\/\/inspectornocturno.com.mx\/wp-content\/uploads\/2021\/10\/logo-transparente.png","url":"https:\/\/inspectornocturno.com.mx\/wp-content\/uploads\/2021\/10\/logo-transparente.png","contentUrl":"https:\/\/inspectornocturno.com.mx\/wp-content\/uploads\/2021\/10\/logo-transparente.png","width":561,"height":668,"caption":"Inspector Nocturno"},"logo":{"@id":"https:\/\/inspectornocturno.com.mx\/wp-content\/uploads\/2021\/10\/logo-transparente.png"},"sameAs":["http:\/\/inspectornocturno.com.mx"]},{"@type":"Person","@id":"https:\/\/inspectornocturno.com.mx\/#\/schema\/person\/2f4c4173b1712fd9cf4f4b9365ce65db","name":"Inspector Nocturno","sameAs":["http:\/\/inspectornocturno.com.mx"]}]}},"views":673,"_links":{"self":[{"href":"https:\/\/inspectornocturno.com.mx\/index.php?rest_route=\/wp\/v2\/posts\/52420","targetHints":{"allow":["GET"]}}],"collection":[{"href":"https:\/\/inspectornocturno.com.mx\/index.php?rest_route=\/wp\/v2\/posts"}],"about":[{"href":"https:\/\/inspectornocturno.com.mx\/index.php?rest_route=\/wp\/v2\/types\/post"}],"author":[{"embeddable":true,"href":"https:\/\/inspectornocturno.com.mx\/index.php?rest_route=\/wp\/v2\/users\/3"}],"replies":[{"embeddable":true,"href":"https:\/\/inspectornocturno.com.mx\/index.php?rest_route=%2Fwp%2Fv2%2Fcomments&post=52420"}],"version-history":[{"count":1,"href":"https:\/\/inspectornocturno.com.mx\/index.php?rest_route=\/wp\/v2\/posts\/52420\/revisions"}],"predecessor-version":[{"id":52422,"href":"https:\/\/inspectornocturno.com.mx\/index.php?rest_route=\/wp\/v2\/posts\/52420\/revisions\/52422"}],"wp:featuredmedia":[{"embeddable":true,"href":"https:\/\/inspectornocturno.com.mx\/index.php?rest_route=\/wp\/v2\/media\/52421"}],"wp:attachment":[{"href":"https:\/\/inspectornocturno.com.mx\/index.php?rest_route=%2Fwp%2Fv2%2Fmedia&parent=52420"}],"wp:term":[{"taxonomy":"category","embeddable":true,"href":"https:\/\/inspectornocturno.com.mx\/index.php?rest_route=%2Fwp%2Fv2%2Fcategories&post=52420"},{"taxonomy":"post_tag","embeddable":true,"href":"https:\/\/inspectornocturno.com.mx\/index.php?rest_route=%2Fwp%2Fv2%2Ftags&post=52420"}],"curies":[{"name":"wp","href":"https:\/\/api.w.org\/{rel}","templated":true}]}}