{"id":52344,"date":"2023-08-18T18:30:00","date_gmt":"2023-08-18T23:30:00","guid":{"rendered":"https:\/\/inspectornocturno.com.mx\/?p=52344"},"modified":"2023-08-18T18:21:48","modified_gmt":"2023-08-18T23:21:48","slug":"clausuran-el-curso-mi-verano-diferente-en-la-estancia-infantil-el-principito-de-puerto-morelos","status":"publish","type":"post","link":"https:\/\/inspectornocturno.com.mx\/?p=52344","title":{"rendered":"CLAUSURAN EL CURSO \u201cMI VERANO DIFERENTE\u201d EN LA ESTANCIA INFANTIL \u201cEL PRINCIPITO\u201d DE PUERTO MORELOS"},"content":{"rendered":"\n<p>\ud83d\udd3a En representaci\u00f3n de la presidenta municipal Blanca Merari Tziu Mu\u00f1oz, la presidenta del DIF municipal, Maura Cordero Silva, sostuvo que los 19 menores participantes culminaron semanas de diversi\u00f3n y aprendizaje en un programa dise\u00f1ado especialmente para ellos<\/p>\n\n\n\n<p>#InspectorNocturno #Noticias #Pol\u00edtica #PuertoMorelos<\/p>\n\n\n\n<p>Puerto Morelos.\u2014 El Sistema para el Desarrollo Integral de la Familia (DIF) de Puerto Morales realiz\u00f3 hoy, en la estancia infantil \u201cEl Principito\u201d, la clausura del primer curso \u201cMi verano DIFerente\u201d, enfocado a menores con discapacidad del &nbsp;municipio.<\/p>\n\n\n\n<p>En ese marco, la presidenta del DIF municipal, Maura Cordero Silva, quien encabez\u00f3 la clausura a nombre de la presidenta municipal Blanca Merari Tziu Mu\u00f1oz, sostuvo que los participantes culminaron semanas de diversi\u00f3n y aprendizaje en un curso organizado especialmente para ellos.<\/p>\n\n\n\n<p>Este curso fue gratuito y estuvo dirigido a ni\u00f1os y ni\u00f1as muy especiales, pues viven con alguna discapacidad. Eso es motivo para un doble reconocimiento a su esfuerzo, a su tenacidad, a su deseo de aprender y hacerse de nuevas herramientas que ayuden a su desarrollo, a\u00f1adi\u00f3.<\/p>\n\n\n\n<p>Luego de hacer hincapi\u00e9 en que \u201cMi verano DIFerente\u201d no habr\u00eda sido posible sin el respaldo de padres y madres de familia, entreg\u00f3 simb\u00f3licamente constancias a 12 ni\u00f1as y ni\u00f1os que participaron; destac\u00f3 que quienes colaboran en el DIF Municipal tambi\u00e9n merecen un reconocimiento y agradeci\u00f3 al jard\u00edn de ni\u00f1os \u201cEl Principito\u201d por abrir sus puertas al dar cabida al curso de verano.<\/p>\n\n\n\n<p>Durante el curso, que se realiz\u00f3 dos d\u00edas cada semana \u2013martes y viernes\u2013, con un total de 24 horas, los ni\u00f1os, con problemas motores, autismo, s\u00edndrome de Down, disminuci\u00f3n visual y auditiva, as\u00ed como disfunci\u00f3n cerebral moderada, desarrollaron actividades tendentes a que aprendieran a identificar se\u00f1ales de tr\u00e1nsito, de coordinaci\u00f3n motriz, conocieran texturas y aromas, as\u00ed como la elaboraci\u00f3n de figuras de yeso y pintura.<\/p>\n\n\n\n<p>En este curso trabajaron coordinadamente cuatro psic\u00f3logos, dos pedagogos, 1 fisioterapeuta y 1 chef, quienes dise\u00f1aron actividades adaptadas a las discapacidades de los menores con el objetivo espec\u00edfico de estimular habilidades y fortalezas de los peque\u00f1os. En \u00e9stas participaron no s\u00f3lo los menores, sino tambi\u00e9n padres de familia e, incluso, hermanitos, a fin de impulsar la convivencia y socializaci\u00f3n de los ni\u00f1os.<\/p>\n\n\n\n<p>Como parte de la clausura se present\u00f3 una funci\u00f3n de teatro gui\u00f1ol y una clase de cocina, con lo que se busc\u00f3 fortalecer sus habilidades para la vida cotidiana y mejorar tanto su independencia, como autoestima.<\/p>\n\n\n\n<p>En el evento tambi\u00e9n participaron Alma Cruz Garc\u00eda, secretaria de Desarrollo Social, y Jessica Kant\u00fan Chi, directora de Servicios a la Salud y Desarrollo Integral de la Infancia del DIF Municipal.<\/p>\n","protected":false},"excerpt":{"rendered":"<p>\ud83d\udd3a En representaci\u00f3n de la presidenta municipal Blanca Merari Tziu Mu\u00f1oz, la presidenta del DIF municipal, Maura Cordero Silva, sostuvo que los 19 menores participantes culminaron semanas de diversi\u00f3n y aprendizaje en un programa dise\u00f1ado especialmente para ellos #InspectorNocturno #Noticias #Pol\u00edtica #PuertoMorelos Puerto Morelos.\u2014 El Sistema para el Desarrollo Integral de la Familia (DIF) de [&hellip;]<\/p>\n","protected":false},"author":9,"featured_media":52345,"comment_status":"closed","ping_status":"closed","sticky":false,"template":"","format":"standard","meta":{"footnotes":"","_wpscppro_dont_share_socialmedia":false,"_wpscppro_custom_social_share_image":0,"_facebook_share_type":"","_twitter_share_type":"","_linkedin_share_type":"","_pinterest_share_type":"","_linkedin_share_type_page":"","_instagram_share_type":"","_medium_share_type":"","_threads_share_type":"","_google_business_share_type":"","_selected_social_profile":[],"_wpsp_enable_custom_social_template":false,"_wpsp_social_scheduling":{"enabled":false,"datetime":null,"platforms":[],"status":"template_only","dateOption":"today","timeOption":"now","customDays":"","customHours":"","customDate":"","customTime":"","schedulingType":"absolute"},"_wpsp_active_default_template":true},"categories":[69,49,3],"tags":[],"class_list":["post-52344","post","type-post","status-publish","format-standard","has-post-thumbnail","hentry","category-politica","category-puerto-morelos","category-quintana-roo"],"yoast_head":"<!-- This site is optimized with the Yoast SEO plugin v27.4 - https:\/\/yoast.com\/product\/yoast-seo-wordpress\/ -->\n<title>CLAUSURAN EL CURSO \u201cMI VERANO DIFERENTE\u201d EN LA ESTANCIA INFANTIL \u201cEL PRINCIPITO\u201d DE PUERTO MORELOS - Inspector Nocturno<\/title>\n<meta name=\"robots\" content=\"index, follow, max-snippet:-1, max-image-preview:large, max-video-preview:-1\" \/>\n<link rel=\"canonical\" href=\"https:\/\/inspectornocturno.com.mx\/?p=52344\" \/>\n<meta property=\"og:locale\" content=\"es_ES\" \/>\n<meta property=\"og:type\" content=\"article\" \/>\n<meta property=\"og:title\" content=\"CLAUSURAN EL CURSO \u201cMI VERANO DIFERENTE\u201d EN LA ESTANCIA INFANTIL \u201cEL PRINCIPITO\u201d DE PUERTO MORELOS - Inspector Nocturno\" \/>\n<meta property=\"og:description\" content=\"\ud83d\udd3a En representaci\u00f3n de la presidenta municipal Blanca Merari Tziu Mu\u00f1oz, la presidenta del DIF municipal, Maura Cordero Silva, sostuvo que los 19 menores participantes culminaron semanas de diversi\u00f3n y aprendizaje en un programa dise\u00f1ado especialmente para ellos #InspectorNocturno #Noticias #Pol\u00edtica #PuertoMorelos Puerto Morelos.\u2014 El Sistema para el Desarrollo Integral de la Familia (DIF) de [&hellip;]\" \/>\n<meta property=\"og:url\" content=\"https:\/\/inspectornocturno.com.mx\/?p=52344\" \/>\n<meta property=\"og:site_name\" content=\"Inspector Nocturno\" \/>\n<meta property=\"article:published_time\" content=\"2023-08-18T23:30:00+00:00\" \/>\n<meta property=\"og:image\" content=\"https:\/\/inspectornocturno.com.mx\/wp-content\/uploads\/2023\/08\/WhatsApp-Image-2023-08-18-at-15.51.47-scaled.jpeg\" \/>\n\t<meta property=\"og:image:width\" content=\"900\" \/>\n\t<meta property=\"og:image:height\" content=\"600\" \/>\n\t<meta property=\"og:image:type\" content=\"image\/jpeg\" \/>\n<meta name=\"author\" content=\"Inspector Nocturno\" \/>\n<meta name=\"twitter:card\" content=\"summary_large_image\" \/>\n<script type=\"application\/ld+json\" class=\"yoast-schema-graph\">{\"@context\":\"https:\\\/\\\/schema.org\",\"@graph\":[{\"@type\":\"Article\",\"@id\":\"https:\\\/\\\/inspectornocturno.com.mx\\\/?p=52344#article\",\"isPartOf\":{\"@id\":\"https:\\\/\\\/inspectornocturno.com.mx\\\/?p=52344\"},\"author\":{\"name\":\"Inspector Nocturno\",\"@id\":\"https:\\\/\\\/inspectornocturno.com.mx\\\/#\\\/schema\\\/person\\\/e9418c22a987eae8f9a24e3f6f11b64a\"},\"headline\":\"CLAUSURAN EL CURSO \u201cMI VERANO DIFERENTE\u201d EN LA ESTANCIA INFANTIL \u201cEL PRINCIPITO\u201d DE PUERTO MORELOS\",\"datePublished\":\"2023-08-18T23:30:00+00:00\",\"mainEntityOfPage\":{\"@id\":\"https:\\\/\\\/inspectornocturno.com.mx\\\/?p=52344\"},\"wordCount\":475,\"publisher\":{\"@id\":\"https:\\\/\\\/inspectornocturno.com.mx\\\/#\\\/schema\\\/person\\\/63eb343fea17271215b1dd2793b27897\"},\"image\":{\"@id\":\"https:\\\/\\\/inspectornocturno.com.mx\\\/?p=52344#primaryimage\"},\"thumbnailUrl\":\"https:\\\/\\\/inspectornocturno.com.mx\\\/wp-content\\\/uploads\\\/2023\\\/08\\\/WhatsApp-Image-2023-08-18-at-15.51.47-scaled.jpeg\",\"articleSection\":[\"Pol\u00edtica\",\"Puerto Morelos\",\"Quintana Roo\"],\"inLanguage\":\"es\"},{\"@type\":\"WebPage\",\"@id\":\"https:\\\/\\\/inspectornocturno.com.mx\\\/?p=52344\",\"url\":\"https:\\\/\\\/inspectornocturno.com.mx\\\/?p=52344\",\"name\":\"CLAUSURAN EL CURSO \u201cMI VERANO DIFERENTE\u201d EN LA ESTANCIA INFANTIL \u201cEL PRINCIPITO\u201d DE PUERTO MORELOS - Inspector Nocturno\",\"isPartOf\":{\"@id\":\"https:\\\/\\\/inspectornocturno.com.mx\\\/#website\"},\"primaryImageOfPage\":{\"@id\":\"https:\\\/\\\/inspectornocturno.com.mx\\\/?p=52344#primaryimage\"},\"image\":{\"@id\":\"https:\\\/\\\/inspectornocturno.com.mx\\\/?p=52344#primaryimage\"},\"thumbnailUrl\":\"https:\\\/\\\/inspectornocturno.com.mx\\\/wp-content\\\/uploads\\\/2023\\\/08\\\/WhatsApp-Image-2023-08-18-at-15.51.47-scaled.jpeg\",\"datePublished\":\"2023-08-18T23:30:00+00:00\",\"breadcrumb\":{\"@id\":\"https:\\\/\\\/inspectornocturno.com.mx\\\/?p=52344#breadcrumb\"},\"inLanguage\":\"es\",\"potentialAction\":[{\"@type\":\"ReadAction\",\"target\":[\"https:\\\/\\\/inspectornocturno.com.mx\\\/?p=52344\"]}]},{\"@type\":\"ImageObject\",\"inLanguage\":\"es\",\"@id\":\"https:\\\/\\\/inspectornocturno.com.mx\\\/?p=52344#primaryimage\",\"url\":\"https:\\\/\\\/inspectornocturno.com.mx\\\/wp-content\\\/uploads\\\/2023\\\/08\\\/WhatsApp-Image-2023-08-18-at-15.51.47-scaled.jpeg\",\"contentUrl\":\"https:\\\/\\\/inspectornocturno.com.mx\\\/wp-content\\\/uploads\\\/2023\\\/08\\\/WhatsApp-Image-2023-08-18-at-15.51.47-scaled.jpeg\",\"width\":900,\"height\":600},{\"@type\":\"BreadcrumbList\",\"@id\":\"https:\\\/\\\/inspectornocturno.com.mx\\\/?p=52344#breadcrumb\",\"itemListElement\":[{\"@type\":\"ListItem\",\"position\":1,\"name\":\"Portada\",\"item\":\"https:\\\/\\\/inspectornocturno.com.mx\\\/\"},{\"@type\":\"ListItem\",\"position\":2,\"name\":\"CLAUSURAN EL CURSO \u201cMI VERANO DIFERENTE\u201d EN LA ESTANCIA INFANTIL \u201cEL PRINCIPITO\u201d DE PUERTO MORELOS\"}]},{\"@type\":\"WebSite\",\"@id\":\"https:\\\/\\\/inspectornocturno.com.mx\\\/#website\",\"url\":\"https:\\\/\\\/inspectornocturno.com.mx\\\/\",\"name\":\"Inspector Nocturno\",\"description\":\"Canc\u00fan, noticias al minuto del inspector nocturno\",\"publisher\":{\"@id\":\"https:\\\/\\\/inspectornocturno.com.mx\\\/#\\\/schema\\\/person\\\/63eb343fea17271215b1dd2793b27897\"},\"alternateName\":\"Noticias de impacto al momento de los hechos\",\"potentialAction\":[{\"@type\":\"SearchAction\",\"target\":{\"@type\":\"EntryPoint\",\"urlTemplate\":\"https:\\\/\\\/inspectornocturno.com.mx\\\/?s={search_term_string}\"},\"query-input\":{\"@type\":\"PropertyValueSpecification\",\"valueRequired\":true,\"valueName\":\"search_term_string\"}}],\"inLanguage\":\"es\"},{\"@type\":[\"Person\",\"Organization\"],\"@id\":\"https:\\\/\\\/inspectornocturno.com.mx\\\/#\\\/schema\\\/person\\\/63eb343fea17271215b1dd2793b27897\",\"name\":\"Inspector Nocturno\",\"image\":{\"@type\":\"ImageObject\",\"inLanguage\":\"es\",\"@id\":\"https:\\\/\\\/inspectornocturno.com.mx\\\/wp-content\\\/uploads\\\/2021\\\/10\\\/logo-transparente.png\",\"url\":\"https:\\\/\\\/inspectornocturno.com.mx\\\/wp-content\\\/uploads\\\/2021\\\/10\\\/logo-transparente.png\",\"contentUrl\":\"https:\\\/\\\/inspectornocturno.com.mx\\\/wp-content\\\/uploads\\\/2021\\\/10\\\/logo-transparente.png\",\"width\":561,\"height\":668,\"caption\":\"Inspector Nocturno\"},\"logo\":{\"@id\":\"https:\\\/\\\/inspectornocturno.com.mx\\\/wp-content\\\/uploads\\\/2021\\\/10\\\/logo-transparente.png\"},\"sameAs\":[\"http:\\\/\\\/inspectornocturno.com.mx\"]},{\"@type\":\"Person\",\"@id\":\"https:\\\/\\\/inspectornocturno.com.mx\\\/#\\\/schema\\\/person\\\/e9418c22a987eae8f9a24e3f6f11b64a\",\"name\":\"Inspector Nocturno\"}]}<\/script>\n<!-- \/ Yoast SEO plugin. -->","yoast_head_json":{"title":"CLAUSURAN EL CURSO \u201cMI VERANO DIFERENTE\u201d EN LA ESTANCIA INFANTIL \u201cEL PRINCIPITO\u201d DE PUERTO MORELOS - Inspector Nocturno","robots":{"index":"index","follow":"follow","max-snippet":"max-snippet:-1","max-image-preview":"max-image-preview:large","max-video-preview":"max-video-preview:-1"},"canonical":"https:\/\/inspectornocturno.com.mx\/?p=52344","og_locale":"es_ES","og_type":"article","og_title":"CLAUSURAN EL CURSO \u201cMI VERANO DIFERENTE\u201d EN LA ESTANCIA INFANTIL \u201cEL PRINCIPITO\u201d DE PUERTO MORELOS - Inspector Nocturno","og_description":"\ud83d\udd3a En representaci\u00f3n de la presidenta municipal Blanca Merari Tziu Mu\u00f1oz, la presidenta del DIF municipal, Maura Cordero Silva, sostuvo que los 19 menores participantes culminaron semanas de diversi\u00f3n y aprendizaje en un programa dise\u00f1ado especialmente para ellos #InspectorNocturno #Noticias #Pol\u00edtica #PuertoMorelos Puerto Morelos.\u2014 El Sistema para el Desarrollo Integral de la Familia (DIF) de [&hellip;]","og_url":"https:\/\/inspectornocturno.com.mx\/?p=52344","og_site_name":"Inspector Nocturno","article_published_time":"2023-08-18T23:30:00+00:00","og_image":[{"width":900,"height":600,"url":"https:\/\/inspectornocturno.com.mx\/wp-content\/uploads\/2023\/08\/WhatsApp-Image-2023-08-18-at-15.51.47-scaled.jpeg","type":"image\/jpeg"}],"author":"Inspector Nocturno","twitter_card":"summary_large_image","schema":{"@context":"https:\/\/schema.org","@graph":[{"@type":"Article","@id":"https:\/\/inspectornocturno.com.mx\/?p=52344#article","isPartOf":{"@id":"https:\/\/inspectornocturno.com.mx\/?p=52344"},"author":{"name":"Inspector Nocturno","@id":"https:\/\/inspectornocturno.com.mx\/#\/schema\/person\/e9418c22a987eae8f9a24e3f6f11b64a"},"headline":"CLAUSURAN EL CURSO \u201cMI VERANO DIFERENTE\u201d EN LA ESTANCIA INFANTIL \u201cEL PRINCIPITO\u201d DE PUERTO MORELOS","datePublished":"2023-08-18T23:30:00+00:00","mainEntityOfPage":{"@id":"https:\/\/inspectornocturno.com.mx\/?p=52344"},"wordCount":475,"publisher":{"@id":"https:\/\/inspectornocturno.com.mx\/#\/schema\/person\/63eb343fea17271215b1dd2793b27897"},"image":{"@id":"https:\/\/inspectornocturno.com.mx\/?p=52344#primaryimage"},"thumbnailUrl":"https:\/\/inspectornocturno.com.mx\/wp-content\/uploads\/2023\/08\/WhatsApp-Image-2023-08-18-at-15.51.47-scaled.jpeg","articleSection":["Pol\u00edtica","Puerto Morelos","Quintana Roo"],"inLanguage":"es"},{"@type":"WebPage","@id":"https:\/\/inspectornocturno.com.mx\/?p=52344","url":"https:\/\/inspectornocturno.com.mx\/?p=52344","name":"CLAUSURAN EL CURSO \u201cMI VERANO DIFERENTE\u201d EN LA ESTANCIA INFANTIL \u201cEL PRINCIPITO\u201d DE PUERTO MORELOS - Inspector Nocturno","isPartOf":{"@id":"https:\/\/inspectornocturno.com.mx\/#website"},"primaryImageOfPage":{"@id":"https:\/\/inspectornocturno.com.mx\/?p=52344#primaryimage"},"image":{"@id":"https:\/\/inspectornocturno.com.mx\/?p=52344#primaryimage"},"thumbnailUrl":"https:\/\/inspectornocturno.com.mx\/wp-content\/uploads\/2023\/08\/WhatsApp-Image-2023-08-18-at-15.51.47-scaled.jpeg","datePublished":"2023-08-18T23:30:00+00:00","breadcrumb":{"@id":"https:\/\/inspectornocturno.com.mx\/?p=52344#breadcrumb"},"inLanguage":"es","potentialAction":[{"@type":"ReadAction","target":["https:\/\/inspectornocturno.com.mx\/?p=52344"]}]},{"@type":"ImageObject","inLanguage":"es","@id":"https:\/\/inspectornocturno.com.mx\/?p=52344#primaryimage","url":"https:\/\/inspectornocturno.com.mx\/wp-content\/uploads\/2023\/08\/WhatsApp-Image-2023-08-18-at-15.51.47-scaled.jpeg","contentUrl":"https:\/\/inspectornocturno.com.mx\/wp-content\/uploads\/2023\/08\/WhatsApp-Image-2023-08-18-at-15.51.47-scaled.jpeg","width":900,"height":600},{"@type":"BreadcrumbList","@id":"https:\/\/inspectornocturno.com.mx\/?p=52344#breadcrumb","itemListElement":[{"@type":"ListItem","position":1,"name":"Portada","item":"https:\/\/inspectornocturno.com.mx\/"},{"@type":"ListItem","position":2,"name":"CLAUSURAN EL CURSO \u201cMI VERANO DIFERENTE\u201d EN LA ESTANCIA INFANTIL \u201cEL PRINCIPITO\u201d DE PUERTO MORELOS"}]},{"@type":"WebSite","@id":"https:\/\/inspectornocturno.com.mx\/#website","url":"https:\/\/inspectornocturno.com.mx\/","name":"Inspector Nocturno","description":"Canc\u00fan, noticias al minuto del inspector nocturno","publisher":{"@id":"https:\/\/inspectornocturno.com.mx\/#\/schema\/person\/63eb343fea17271215b1dd2793b27897"},"alternateName":"Noticias de impacto al momento de los hechos","potentialAction":[{"@type":"SearchAction","target":{"@type":"EntryPoint","urlTemplate":"https:\/\/inspectornocturno.com.mx\/?s={search_term_string}"},"query-input":{"@type":"PropertyValueSpecification","valueRequired":true,"valueName":"search_term_string"}}],"inLanguage":"es"},{"@type":["Person","Organization"],"@id":"https:\/\/inspectornocturno.com.mx\/#\/schema\/person\/63eb343fea17271215b1dd2793b27897","name":"Inspector Nocturno","image":{"@type":"ImageObject","inLanguage":"es","@id":"https:\/\/inspectornocturno.com.mx\/wp-content\/uploads\/2021\/10\/logo-transparente.png","url":"https:\/\/inspectornocturno.com.mx\/wp-content\/uploads\/2021\/10\/logo-transparente.png","contentUrl":"https:\/\/inspectornocturno.com.mx\/wp-content\/uploads\/2021\/10\/logo-transparente.png","width":561,"height":668,"caption":"Inspector Nocturno"},"logo":{"@id":"https:\/\/inspectornocturno.com.mx\/wp-content\/uploads\/2021\/10\/logo-transparente.png"},"sameAs":["http:\/\/inspectornocturno.com.mx"]},{"@type":"Person","@id":"https:\/\/inspectornocturno.com.mx\/#\/schema\/person\/e9418c22a987eae8f9a24e3f6f11b64a","name":"Inspector Nocturno"}]}},"views":150,"_links":{"self":[{"href":"https:\/\/inspectornocturno.com.mx\/index.php?rest_route=\/wp\/v2\/posts\/52344","targetHints":{"allow":["GET"]}}],"collection":[{"href":"https:\/\/inspectornocturno.com.mx\/index.php?rest_route=\/wp\/v2\/posts"}],"about":[{"href":"https:\/\/inspectornocturno.com.mx\/index.php?rest_route=\/wp\/v2\/types\/post"}],"author":[{"embeddable":true,"href":"https:\/\/inspectornocturno.com.mx\/index.php?rest_route=\/wp\/v2\/users\/9"}],"replies":[{"embeddable":true,"href":"https:\/\/inspectornocturno.com.mx\/index.php?rest_route=%2Fwp%2Fv2%2Fcomments&post=52344"}],"version-history":[{"count":1,"href":"https:\/\/inspectornocturno.com.mx\/index.php?rest_route=\/wp\/v2\/posts\/52344\/revisions"}],"predecessor-version":[{"id":52346,"href":"https:\/\/inspectornocturno.com.mx\/index.php?rest_route=\/wp\/v2\/posts\/52344\/revisions\/52346"}],"wp:featuredmedia":[{"embeddable":true,"href":"https:\/\/inspectornocturno.com.mx\/index.php?rest_route=\/wp\/v2\/media\/52345"}],"wp:attachment":[{"href":"https:\/\/inspectornocturno.com.mx\/index.php?rest_route=%2Fwp%2Fv2%2Fmedia&parent=52344"}],"wp:term":[{"taxonomy":"category","embeddable":true,"href":"https:\/\/inspectornocturno.com.mx\/index.php?rest_route=%2Fwp%2Fv2%2Fcategories&post=52344"},{"taxonomy":"post_tag","embeddable":true,"href":"https:\/\/inspectornocturno.com.mx\/index.php?rest_route=%2Fwp%2Fv2%2Ftags&post=52344"}],"curies":[{"name":"wp","href":"https:\/\/api.w.org\/{rel}","templated":true}]}}