{"id":48448,"date":"2023-06-15T23:10:58","date_gmt":"2023-06-16T04:10:58","guid":{"rendered":"https:\/\/inspectornocturno.com.mx\/?p=48448"},"modified":"2023-06-15T23:11:00","modified_gmt":"2023-06-16T04:11:00","slug":"dos-semanas-mas-de-la-tercera-ola-de-calor","status":"publish","type":"post","link":"https:\/\/inspectornocturno.com.mx\/?p=48448","title":{"rendered":"DOS SEMANAS M\u00c1S DE LA TERCERA OLA DE CALOR"},"content":{"rendered":"\n<p>\ud83d\udd3aLa m\u00e1xima casa de estudios UNAM revel\u00f3 que sus especialistas indicaron que\u00a0que est\u00e1 ola de calor puede ser de mayor intensidad debido a las implicaciones del cambio clim\u00e1tico.<\/p>\n\n\n\n<p>Mexico.- Especialistas de la UNAM explican que las dos dem\u00e1s siguientes el calor intenso en el pa\u00eds continuar\u00e1n.&nbsp;&nbsp;&#8220;La que se vive actualmente en el territorio nacional durar\u00e1 15 d\u00edas y, a partir del 1 de julio, podr\u00eda registrarse otra&#8221; informaron cient\u00edficos del Instituto de Ciencias de la Atm\u00f3sfera y Cambio Clim\u00e1tico de la UNAM.&nbsp;<\/p>\n\n\n\n<figure class=\"wp-block-image size-full\"><img decoding=\"async\" width=\"1024\" height=\"768\" data-src=\"https:\/\/inspectornocturno.com.mx\/wp-content\/uploads\/2023\/06\/10BF58C8-C4E8-43C0-AB41-49B8E2BCBAE1.jpeg\" alt=\"\" class=\"wp-image-48449 lazyload\" data-srcset=\"https:\/\/inspectornocturno.com.mx\/wp-content\/uploads\/2023\/06\/10BF58C8-C4E8-43C0-AB41-49B8E2BCBAE1.jpeg 1024w, https:\/\/inspectornocturno.com.mx\/wp-content\/uploads\/2023\/06\/10BF58C8-C4E8-43C0-AB41-49B8E2BCBAE1-300x225.jpeg 300w, https:\/\/inspectornocturno.com.mx\/wp-content\/uploads\/2023\/06\/10BF58C8-C4E8-43C0-AB41-49B8E2BCBAE1-768x576.jpeg 768w, https:\/\/inspectornocturno.com.mx\/wp-content\/uploads\/2023\/06\/10BF58C8-C4E8-43C0-AB41-49B8E2BCBAE1-74x55.jpeg 74w, https:\/\/inspectornocturno.com.mx\/wp-content\/uploads\/2023\/06\/10BF58C8-C4E8-43C0-AB41-49B8E2BCBAE1-111x83.jpeg 111w, https:\/\/inspectornocturno.com.mx\/wp-content\/uploads\/2023\/06\/10BF58C8-C4E8-43C0-AB41-49B8E2BCBAE1-215x161.jpeg 215w, https:\/\/inspectornocturno.com.mx\/wp-content\/uploads\/2023\/06\/10BF58C8-C4E8-43C0-AB41-49B8E2BCBAE1-990x743.jpeg 990w\" data-sizes=\"(max-width: 1024px) 100vw, 1024px\" src=\"data:image\/svg+xml;base64,PHN2ZyB3aWR0aD0iMSIgaGVpZ2h0PSIxIiB4bWxucz0iaHR0cDovL3d3dy53My5vcmcvMjAwMC9zdmciPjwvc3ZnPg==\" style=\"--smush-placeholder-width: 1024px; --smush-placeholder-aspect-ratio: 1024\/768;\" \/><\/figure>\n\n\n\n<p>En M\u00e9xico, el aumento de la temperatura ha ido en aumento en los \u00faltimos a\u00f1os, esto en gran medida a los cambios de temperatura en el planeta.&nbsp;<\/p>\n\n\n\n<p>Graciela Binimelis de Raga, del Grupo de Interacci\u00f3n Micro y Mesoescala, explic\u00f3 que las ondas de calor, definidas de acuerdo con el estudio de Ernesto Jauregui en 2009, son periodos de tres o m\u00e1s d\u00edas, con temperatura mayor a 30 grados y una temperatura media mayor de 24 grados cent\u00edgrados, para el caso de la Ciudad de M\u00e9xico.<\/p>\n\n\n\n<p>La especialista apunt\u00f3 que los meses m\u00e1s calurosos en M\u00e9xico seg\u00fan este estudio est\u00e1n definidos entre abril y mayo, siendo junio o julio los meses donde estas olas de calor descienden con duraci\u00f3n de 3 a 10 dias.&nbsp;<\/p>\n\n\n\n<p>Sin embargo, esto ya no sucede como antes, pues Binimelis apunt\u00f3 que la intensidad de est\u00e1s olar de calor han ido en aumento por factores como baja humedad en el suelo.&nbsp;<\/p>\n\n\n\n<p>\u201cNotemos que gran parte del territorio nacional registra sequ\u00eda severa y extrema\u201d.<\/p>\n\n\n\n<p>Las implicaciones del cambio clim\u00e1tico y la contaminaci\u00f3n del problema tienen efectos en toda la vida humana y no humanas.&nbsp;<\/p>\n\n\n\n<p>En cuanto a la salud humana, los efectos que desctaca la especialista son: deshidrataci\u00f3n y golpes de calor -que llegan a ser mortales, sobre todo en infantes y adultos mayores-. Se observan tambi\u00e9n en la agricultura, por da\u00f1os a los cultivos reci\u00e9n germinados.<\/p>\n\n\n\n<p>Los incendios forestales son otro gran problema que se ha generaliz\u00f3 en el pa\u00eds, as\u00ed mayo ha sido el mes con mayores siniestros de este tipo, y en junio disminuyen; sin embargo,la especialista mencion\u00f3 que lo que vemos actualmente es que hay m\u00e1s incendios debido a periodos sin lluvia. \u201cEs an\u00f3malo\u201d.<\/p>\n\n\n\n<p>De esta forma, las temperaturas que actualmente vivimos en M\u00e9xico salen de lo normal seg\u00fan los testimonios de especialistas, esto debido al cambio clim\u00e1tico.&nbsp;<\/p>\n\n\n\n<p>As\u00ed tambi\u00e9n los oc\u00e9anos est\u00e1n presentando anormalidades en sus cambios de temperatura, que pueden impactar las olas de calor que se vive en M\u00e9xico.&nbsp;<\/p>\n\n\n\n<p>V\u00edctor Manuel Torres Puente, especialista en meteorolog\u00eda tropical, precis\u00f3 que un factor que lleva a las olas de calor es la presencia de la llamada fase no-convectiva de la oscilaci\u00f3n Madden-Julian, una onda tropical que se propaga hacia el este y que nace en el Oc\u00e9ano \u00cdndico.<\/p>\n\n\n\n<p>De esta forma y tomando en cuenta que las olas de calor pueden extenderse, la secretaria de Salud recomend\u00f3 tomar medidas como el uso de gafas de sol, sombrilla, mantenerse hidratado y usar bloqueador solar en esta tercera ola de calor del 2023.<\/p>\n","protected":false},"excerpt":{"rendered":"<p>\ud83d\udd3aLa m\u00e1xima casa de estudios UNAM revel\u00f3 que sus especialistas indicaron que\u00a0que est\u00e1 ola de calor puede ser de mayor intensidad debido a las implicaciones del cambio clim\u00e1tico. Mexico.- Especialistas de la UNAM explican que las dos dem\u00e1s siguientes el calor intenso en el pa\u00eds continuar\u00e1n.&nbsp;&nbsp;&#8220;La que se vive actualmente en el territorio nacional durar\u00e1 [&hellip;]<\/p>\n","protected":false},"author":3,"featured_media":48449,"comment_status":"closed","ping_status":"closed","sticky":false,"template":"","format":"standard","meta":{"footnotes":"","_wpscppro_dont_share_socialmedia":false,"_wpscppro_custom_social_share_image":0,"_facebook_share_type":"","_twitter_share_type":"","_linkedin_share_type":"","_pinterest_share_type":"","_linkedin_share_type_page":"","_instagram_share_type":"","_medium_share_type":"","_threads_share_type":"","_google_business_share_type":"","_selected_social_profile":[],"_wpsp_enable_custom_social_template":false,"_wpsp_social_scheduling":{"enabled":false,"datetime":null,"platforms":[],"status":"template_only","dateOption":"today","timeOption":"now","customDays":"","customHours":"","customDate":"","customTime":"","schedulingType":"absolute"},"_wpsp_active_default_template":true},"categories":[81,75],"tags":[],"class_list":["post-48448","post","type-post","status-publish","format-standard","has-post-thumbnail","hentry","category-nacional","category-policia"],"yoast_head":"<!-- This site is optimized with the Yoast SEO plugin v27.4 - https:\/\/yoast.com\/product\/yoast-seo-wordpress\/ -->\n<title>DOS SEMANAS M\u00c1S DE LA TERCERA OLA DE CALOR - Inspector Nocturno<\/title>\n<meta name=\"robots\" content=\"index, follow, max-snippet:-1, max-image-preview:large, max-video-preview:-1\" \/>\n<link rel=\"canonical\" href=\"https:\/\/inspectornocturno.com.mx\/?p=48448\" \/>\n<meta property=\"og:locale\" content=\"es_ES\" \/>\n<meta property=\"og:type\" content=\"article\" \/>\n<meta property=\"og:title\" content=\"DOS SEMANAS M\u00c1S DE LA TERCERA OLA DE CALOR - Inspector Nocturno\" \/>\n<meta property=\"og:description\" content=\"\ud83d\udd3aLa m\u00e1xima casa de estudios UNAM revel\u00f3 que sus especialistas indicaron que\u00a0que est\u00e1 ola de calor puede ser de mayor intensidad debido a las implicaciones del cambio clim\u00e1tico. Mexico.- Especialistas de la UNAM explican que las dos dem\u00e1s siguientes el calor intenso en el pa\u00eds continuar\u00e1n.&nbsp;&nbsp;&#8220;La que se vive actualmente en el territorio nacional durar\u00e1 [&hellip;]\" \/>\n<meta property=\"og:url\" content=\"https:\/\/inspectornocturno.com.mx\/?p=48448\" \/>\n<meta property=\"og:site_name\" content=\"Inspector Nocturno\" \/>\n<meta property=\"article:published_time\" content=\"2023-06-16T04:10:58+00:00\" \/>\n<meta property=\"article:modified_time\" content=\"2023-06-16T04:11:00+00:00\" \/>\n<meta property=\"og:image\" content=\"https:\/\/inspectornocturno.com.mx\/wp-content\/uploads\/2023\/06\/10BF58C8-C4E8-43C0-AB41-49B8E2BCBAE1.jpeg\" \/>\n\t<meta property=\"og:image:width\" content=\"1024\" \/>\n\t<meta property=\"og:image:height\" content=\"768\" \/>\n\t<meta property=\"og:image:type\" content=\"image\/jpeg\" \/>\n<meta name=\"author\" content=\"Inspector Nocturno\" \/>\n<meta name=\"twitter:card\" content=\"summary_large_image\" \/>\n<meta name=\"twitter:image\" content=\"https:\/\/inspectornocturno.com.mx\/wp-content\/uploads\/2023\/06\/10BF58C8-C4E8-43C0-AB41-49B8E2BCBAE1.jpeg\" \/>\n<script type=\"application\/ld+json\" class=\"yoast-schema-graph\">{\"@context\":\"https:\\\/\\\/schema.org\",\"@graph\":[{\"@type\":\"Article\",\"@id\":\"https:\\\/\\\/inspectornocturno.com.mx\\\/?p=48448#article\",\"isPartOf\":{\"@id\":\"https:\\\/\\\/inspectornocturno.com.mx\\\/?p=48448\"},\"author\":{\"name\":\"Inspector Nocturno\",\"@id\":\"https:\\\/\\\/inspectornocturno.com.mx\\\/#\\\/schema\\\/person\\\/2f4c4173b1712fd9cf4f4b9365ce65db\"},\"headline\":\"DOS SEMANAS M\u00c1S DE LA TERCERA OLA DE CALOR\",\"datePublished\":\"2023-06-16T04:10:58+00:00\",\"dateModified\":\"2023-06-16T04:11:00+00:00\",\"mainEntityOfPage\":{\"@id\":\"https:\\\/\\\/inspectornocturno.com.mx\\\/?p=48448\"},\"wordCount\":559,\"publisher\":{\"@id\":\"https:\\\/\\\/inspectornocturno.com.mx\\\/#\\\/schema\\\/person\\\/63eb343fea17271215b1dd2793b27897\"},\"image\":{\"@id\":\"https:\\\/\\\/inspectornocturno.com.mx\\\/?p=48448#primaryimage\"},\"thumbnailUrl\":\"https:\\\/\\\/inspectornocturno.com.mx\\\/wp-content\\\/uploads\\\/2023\\\/06\\\/10BF58C8-C4E8-43C0-AB41-49B8E2BCBAE1.jpeg\",\"articleSection\":[\"Nacional\",\"Polic\u00eda\"],\"inLanguage\":\"es\"},{\"@type\":\"WebPage\",\"@id\":\"https:\\\/\\\/inspectornocturno.com.mx\\\/?p=48448\",\"url\":\"https:\\\/\\\/inspectornocturno.com.mx\\\/?p=48448\",\"name\":\"DOS SEMANAS M\u00c1S DE LA TERCERA OLA DE CALOR - Inspector Nocturno\",\"isPartOf\":{\"@id\":\"https:\\\/\\\/inspectornocturno.com.mx\\\/#website\"},\"primaryImageOfPage\":{\"@id\":\"https:\\\/\\\/inspectornocturno.com.mx\\\/?p=48448#primaryimage\"},\"image\":{\"@id\":\"https:\\\/\\\/inspectornocturno.com.mx\\\/?p=48448#primaryimage\"},\"thumbnailUrl\":\"https:\\\/\\\/inspectornocturno.com.mx\\\/wp-content\\\/uploads\\\/2023\\\/06\\\/10BF58C8-C4E8-43C0-AB41-49B8E2BCBAE1.jpeg\",\"datePublished\":\"2023-06-16T04:10:58+00:00\",\"dateModified\":\"2023-06-16T04:11:00+00:00\",\"breadcrumb\":{\"@id\":\"https:\\\/\\\/inspectornocturno.com.mx\\\/?p=48448#breadcrumb\"},\"inLanguage\":\"es\",\"potentialAction\":[{\"@type\":\"ReadAction\",\"target\":[\"https:\\\/\\\/inspectornocturno.com.mx\\\/?p=48448\"]}]},{\"@type\":\"ImageObject\",\"inLanguage\":\"es\",\"@id\":\"https:\\\/\\\/inspectornocturno.com.mx\\\/?p=48448#primaryimage\",\"url\":\"https:\\\/\\\/inspectornocturno.com.mx\\\/wp-content\\\/uploads\\\/2023\\\/06\\\/10BF58C8-C4E8-43C0-AB41-49B8E2BCBAE1.jpeg\",\"contentUrl\":\"https:\\\/\\\/inspectornocturno.com.mx\\\/wp-content\\\/uploads\\\/2023\\\/06\\\/10BF58C8-C4E8-43C0-AB41-49B8E2BCBAE1.jpeg\",\"width\":1024,\"height\":768},{\"@type\":\"BreadcrumbList\",\"@id\":\"https:\\\/\\\/inspectornocturno.com.mx\\\/?p=48448#breadcrumb\",\"itemListElement\":[{\"@type\":\"ListItem\",\"position\":1,\"name\":\"Portada\",\"item\":\"https:\\\/\\\/inspectornocturno.com.mx\\\/\"},{\"@type\":\"ListItem\",\"position\":2,\"name\":\"DOS SEMANAS M\u00c1S DE LA TERCERA OLA DE CALOR\"}]},{\"@type\":\"WebSite\",\"@id\":\"https:\\\/\\\/inspectornocturno.com.mx\\\/#website\",\"url\":\"https:\\\/\\\/inspectornocturno.com.mx\\\/\",\"name\":\"Inspector Nocturno\",\"description\":\"Canc\u00fan, noticias al minuto del inspector nocturno\",\"publisher\":{\"@id\":\"https:\\\/\\\/inspectornocturno.com.mx\\\/#\\\/schema\\\/person\\\/63eb343fea17271215b1dd2793b27897\"},\"alternateName\":\"Noticias de impacto al momento de los hechos\",\"potentialAction\":[{\"@type\":\"SearchAction\",\"target\":{\"@type\":\"EntryPoint\",\"urlTemplate\":\"https:\\\/\\\/inspectornocturno.com.mx\\\/?s={search_term_string}\"},\"query-input\":{\"@type\":\"PropertyValueSpecification\",\"valueRequired\":true,\"valueName\":\"search_term_string\"}}],\"inLanguage\":\"es\"},{\"@type\":[\"Person\",\"Organization\"],\"@id\":\"https:\\\/\\\/inspectornocturno.com.mx\\\/#\\\/schema\\\/person\\\/63eb343fea17271215b1dd2793b27897\",\"name\":\"Inspector Nocturno\",\"image\":{\"@type\":\"ImageObject\",\"inLanguage\":\"es\",\"@id\":\"https:\\\/\\\/inspectornocturno.com.mx\\\/wp-content\\\/uploads\\\/2021\\\/10\\\/logo-transparente.png\",\"url\":\"https:\\\/\\\/inspectornocturno.com.mx\\\/wp-content\\\/uploads\\\/2021\\\/10\\\/logo-transparente.png\",\"contentUrl\":\"https:\\\/\\\/inspectornocturno.com.mx\\\/wp-content\\\/uploads\\\/2021\\\/10\\\/logo-transparente.png\",\"width\":561,\"height\":668,\"caption\":\"Inspector Nocturno\"},\"logo\":{\"@id\":\"https:\\\/\\\/inspectornocturno.com.mx\\\/wp-content\\\/uploads\\\/2021\\\/10\\\/logo-transparente.png\"},\"sameAs\":[\"http:\\\/\\\/inspectornocturno.com.mx\"]},{\"@type\":\"Person\",\"@id\":\"https:\\\/\\\/inspectornocturno.com.mx\\\/#\\\/schema\\\/person\\\/2f4c4173b1712fd9cf4f4b9365ce65db\",\"name\":\"Inspector Nocturno\",\"sameAs\":[\"http:\\\/\\\/inspectornocturno.com.mx\"]}]}<\/script>\n<!-- \/ Yoast SEO plugin. -->","yoast_head_json":{"title":"DOS SEMANAS M\u00c1S DE LA TERCERA OLA DE CALOR - Inspector Nocturno","robots":{"index":"index","follow":"follow","max-snippet":"max-snippet:-1","max-image-preview":"max-image-preview:large","max-video-preview":"max-video-preview:-1"},"canonical":"https:\/\/inspectornocturno.com.mx\/?p=48448","og_locale":"es_ES","og_type":"article","og_title":"DOS SEMANAS M\u00c1S DE LA TERCERA OLA DE CALOR - Inspector Nocturno","og_description":"\ud83d\udd3aLa m\u00e1xima casa de estudios UNAM revel\u00f3 que sus especialistas indicaron que\u00a0que est\u00e1 ola de calor puede ser de mayor intensidad debido a las implicaciones del cambio clim\u00e1tico. Mexico.- Especialistas de la UNAM explican que las dos dem\u00e1s siguientes el calor intenso en el pa\u00eds continuar\u00e1n.&nbsp;&nbsp;&#8220;La que se vive actualmente en el territorio nacional durar\u00e1 [&hellip;]","og_url":"https:\/\/inspectornocturno.com.mx\/?p=48448","og_site_name":"Inspector Nocturno","article_published_time":"2023-06-16T04:10:58+00:00","article_modified_time":"2023-06-16T04:11:00+00:00","og_image":[{"width":1024,"height":768,"url":"https:\/\/inspectornocturno.com.mx\/wp-content\/uploads\/2023\/06\/10BF58C8-C4E8-43C0-AB41-49B8E2BCBAE1.jpeg","type":"image\/jpeg"}],"author":"Inspector Nocturno","twitter_card":"summary_large_image","twitter_image":"https:\/\/inspectornocturno.com.mx\/wp-content\/uploads\/2023\/06\/10BF58C8-C4E8-43C0-AB41-49B8E2BCBAE1.jpeg","schema":{"@context":"https:\/\/schema.org","@graph":[{"@type":"Article","@id":"https:\/\/inspectornocturno.com.mx\/?p=48448#article","isPartOf":{"@id":"https:\/\/inspectornocturno.com.mx\/?p=48448"},"author":{"name":"Inspector Nocturno","@id":"https:\/\/inspectornocturno.com.mx\/#\/schema\/person\/2f4c4173b1712fd9cf4f4b9365ce65db"},"headline":"DOS SEMANAS M\u00c1S DE LA TERCERA OLA DE CALOR","datePublished":"2023-06-16T04:10:58+00:00","dateModified":"2023-06-16T04:11:00+00:00","mainEntityOfPage":{"@id":"https:\/\/inspectornocturno.com.mx\/?p=48448"},"wordCount":559,"publisher":{"@id":"https:\/\/inspectornocturno.com.mx\/#\/schema\/person\/63eb343fea17271215b1dd2793b27897"},"image":{"@id":"https:\/\/inspectornocturno.com.mx\/?p=48448#primaryimage"},"thumbnailUrl":"https:\/\/inspectornocturno.com.mx\/wp-content\/uploads\/2023\/06\/10BF58C8-C4E8-43C0-AB41-49B8E2BCBAE1.jpeg","articleSection":["Nacional","Polic\u00eda"],"inLanguage":"es"},{"@type":"WebPage","@id":"https:\/\/inspectornocturno.com.mx\/?p=48448","url":"https:\/\/inspectornocturno.com.mx\/?p=48448","name":"DOS SEMANAS M\u00c1S DE LA TERCERA OLA DE CALOR - Inspector Nocturno","isPartOf":{"@id":"https:\/\/inspectornocturno.com.mx\/#website"},"primaryImageOfPage":{"@id":"https:\/\/inspectornocturno.com.mx\/?p=48448#primaryimage"},"image":{"@id":"https:\/\/inspectornocturno.com.mx\/?p=48448#primaryimage"},"thumbnailUrl":"https:\/\/inspectornocturno.com.mx\/wp-content\/uploads\/2023\/06\/10BF58C8-C4E8-43C0-AB41-49B8E2BCBAE1.jpeg","datePublished":"2023-06-16T04:10:58+00:00","dateModified":"2023-06-16T04:11:00+00:00","breadcrumb":{"@id":"https:\/\/inspectornocturno.com.mx\/?p=48448#breadcrumb"},"inLanguage":"es","potentialAction":[{"@type":"ReadAction","target":["https:\/\/inspectornocturno.com.mx\/?p=48448"]}]},{"@type":"ImageObject","inLanguage":"es","@id":"https:\/\/inspectornocturno.com.mx\/?p=48448#primaryimage","url":"https:\/\/inspectornocturno.com.mx\/wp-content\/uploads\/2023\/06\/10BF58C8-C4E8-43C0-AB41-49B8E2BCBAE1.jpeg","contentUrl":"https:\/\/inspectornocturno.com.mx\/wp-content\/uploads\/2023\/06\/10BF58C8-C4E8-43C0-AB41-49B8E2BCBAE1.jpeg","width":1024,"height":768},{"@type":"BreadcrumbList","@id":"https:\/\/inspectornocturno.com.mx\/?p=48448#breadcrumb","itemListElement":[{"@type":"ListItem","position":1,"name":"Portada","item":"https:\/\/inspectornocturno.com.mx\/"},{"@type":"ListItem","position":2,"name":"DOS SEMANAS M\u00c1S DE LA TERCERA OLA DE CALOR"}]},{"@type":"WebSite","@id":"https:\/\/inspectornocturno.com.mx\/#website","url":"https:\/\/inspectornocturno.com.mx\/","name":"Inspector Nocturno","description":"Canc\u00fan, noticias al minuto del inspector nocturno","publisher":{"@id":"https:\/\/inspectornocturno.com.mx\/#\/schema\/person\/63eb343fea17271215b1dd2793b27897"},"alternateName":"Noticias de impacto al momento de los hechos","potentialAction":[{"@type":"SearchAction","target":{"@type":"EntryPoint","urlTemplate":"https:\/\/inspectornocturno.com.mx\/?s={search_term_string}"},"query-input":{"@type":"PropertyValueSpecification","valueRequired":true,"valueName":"search_term_string"}}],"inLanguage":"es"},{"@type":["Person","Organization"],"@id":"https:\/\/inspectornocturno.com.mx\/#\/schema\/person\/63eb343fea17271215b1dd2793b27897","name":"Inspector Nocturno","image":{"@type":"ImageObject","inLanguage":"es","@id":"https:\/\/inspectornocturno.com.mx\/wp-content\/uploads\/2021\/10\/logo-transparente.png","url":"https:\/\/inspectornocturno.com.mx\/wp-content\/uploads\/2021\/10\/logo-transparente.png","contentUrl":"https:\/\/inspectornocturno.com.mx\/wp-content\/uploads\/2021\/10\/logo-transparente.png","width":561,"height":668,"caption":"Inspector Nocturno"},"logo":{"@id":"https:\/\/inspectornocturno.com.mx\/wp-content\/uploads\/2021\/10\/logo-transparente.png"},"sameAs":["http:\/\/inspectornocturno.com.mx"]},{"@type":"Person","@id":"https:\/\/inspectornocturno.com.mx\/#\/schema\/person\/2f4c4173b1712fd9cf4f4b9365ce65db","name":"Inspector Nocturno","sameAs":["http:\/\/inspectornocturno.com.mx"]}]}},"views":792,"_links":{"self":[{"href":"https:\/\/inspectornocturno.com.mx\/index.php?rest_route=\/wp\/v2\/posts\/48448","targetHints":{"allow":["GET"]}}],"collection":[{"href":"https:\/\/inspectornocturno.com.mx\/index.php?rest_route=\/wp\/v2\/posts"}],"about":[{"href":"https:\/\/inspectornocturno.com.mx\/index.php?rest_route=\/wp\/v2\/types\/post"}],"author":[{"embeddable":true,"href":"https:\/\/inspectornocturno.com.mx\/index.php?rest_route=\/wp\/v2\/users\/3"}],"replies":[{"embeddable":true,"href":"https:\/\/inspectornocturno.com.mx\/index.php?rest_route=%2Fwp%2Fv2%2Fcomments&post=48448"}],"version-history":[{"count":1,"href":"https:\/\/inspectornocturno.com.mx\/index.php?rest_route=\/wp\/v2\/posts\/48448\/revisions"}],"predecessor-version":[{"id":48450,"href":"https:\/\/inspectornocturno.com.mx\/index.php?rest_route=\/wp\/v2\/posts\/48448\/revisions\/48450"}],"wp:featuredmedia":[{"embeddable":true,"href":"https:\/\/inspectornocturno.com.mx\/index.php?rest_route=\/wp\/v2\/media\/48449"}],"wp:attachment":[{"href":"https:\/\/inspectornocturno.com.mx\/index.php?rest_route=%2Fwp%2Fv2%2Fmedia&parent=48448"}],"wp:term":[{"taxonomy":"category","embeddable":true,"href":"https:\/\/inspectornocturno.com.mx\/index.php?rest_route=%2Fwp%2Fv2%2Fcategories&post=48448"},{"taxonomy":"post_tag","embeddable":true,"href":"https:\/\/inspectornocturno.com.mx\/index.php?rest_route=%2Fwp%2Fv2%2Ftags&post=48448"}],"curies":[{"name":"wp","href":"https:\/\/api.w.org\/{rel}","templated":true}]}}