{"id":48435,"date":"2023-06-15T17:14:22","date_gmt":"2023-06-15T22:14:22","guid":{"rendered":"https:\/\/inspectornocturno.com.mx\/?p=48435"},"modified":"2023-06-15T17:14:23","modified_gmt":"2023-06-15T22:14:23","slug":"vinculan-a-proceso-a-subdirector-de-la-policia-de-kantunilkin","status":"publish","type":"post","link":"https:\/\/inspectornocturno.com.mx\/?p=48435","title":{"rendered":"VINCULAN A PROCESO A SUBDIRECTOR DE LA POLIC\u00cdA DE KANTUNILK\u00cdN\u00a0"},"content":{"rendered":"\n<p>\ud83d\udd3aEl funcionario vend\u00eda licencias ap\u00f3crifas y tras las investigaciones hoy se inform\u00f3 que ser\u00e1 vinculado a proceso por ende fue suspendido del puesto y se le prohibi\u00f3 salir del pa\u00eds.\u00a0<\/p>\n\n\n\n<p>Kantunilk\u00edn.- El subdirector operativo de la Polic\u00eda Municipal de Kantunilkin, L\u00e1zaro C\u00e1rdenas, Miguel Antonio \u2018C\u2019fue vinculado a proceso por el delito de aprovechamiento il\u00edcito de poder , tras ser descubierto en la venta de licencias de conducir de manera il\u00edcita.<\/p>\n\n\n\n<figure class=\"wp-block-image size-large\"><img decoding=\"async\" width=\"1024\" height=\"728\" data-src=\"https:\/\/inspectornocturno.com.mx\/wp-content\/uploads\/2023\/06\/D5EBC0C7-827F-49F8-9AA8-4827C75EC7E9-1024x728.jpeg\" alt=\"\" class=\"wp-image-48436 lazyload\" data-srcset=\"https:\/\/inspectornocturno.com.mx\/wp-content\/uploads\/2023\/06\/D5EBC0C7-827F-49F8-9AA8-4827C75EC7E9-1024x728.jpeg 1024w, https:\/\/inspectornocturno.com.mx\/wp-content\/uploads\/2023\/06\/D5EBC0C7-827F-49F8-9AA8-4827C75EC7E9-300x213.jpeg 300w, https:\/\/inspectornocturno.com.mx\/wp-content\/uploads\/2023\/06\/D5EBC0C7-827F-49F8-9AA8-4827C75EC7E9-768x546.jpeg 768w, https:\/\/inspectornocturno.com.mx\/wp-content\/uploads\/2023\/06\/D5EBC0C7-827F-49F8-9AA8-4827C75EC7E9-990x704.jpeg 990w, https:\/\/inspectornocturno.com.mx\/wp-content\/uploads\/2023\/06\/D5EBC0C7-827F-49F8-9AA8-4827C75EC7E9.jpeg 1049w\" data-sizes=\"(max-width: 1024px) 100vw, 1024px\" src=\"data:image\/svg+xml;base64,PHN2ZyB3aWR0aD0iMSIgaGVpZ2h0PSIxIiB4bWxucz0iaHR0cDovL3d3dy53My5vcmcvMjAwMC9zdmciPjwvc3ZnPg==\" style=\"--smush-placeholder-width: 1024px; --smush-placeholder-aspect-ratio: 1024\/728;\" \/><\/figure>\n\n\n\n<p>La Fiscal\u00eda de Combate a la Corrupci\u00f3n de Quintana Roo (FECCQROO), aplic\u00f3 el Protocolo de T\u00e9cnicas Especiales de Investigaci\u00f3n, Agente Encubierto y Entrega Vigilada, luego de una denuncia recibida en d\u00edas recientes.<\/p>\n\n\n\n<p>Se le acus\u00f3 de hacer uso de uso funci\u00f3n como altos mandos para realizar la venta de licencias de forma il\u00edcita, sin que las personas hicieran los tr\u00e1mites de rigor que marcan los reglamentos respectivos, ocasionando con ello, un da\u00f1o patrimonial al Estado o los municipios.<\/p>\n\n\n\n<p>\u201cCon base a esto, se implement\u00f3 el protocolo, autoriz\u00e1ndose as\u00ed a los agentes encubiertos para dicho fin. Dichos agentes se hicieron pasar por compradores de licencias para llegar con el mando de una corporaci\u00f3n policiaca de la Zona Norte\u201d, se\u00f1al\u00f3 la Fiscal\u00eda.&nbsp;<\/p>\n\n\n\n<p>El pasado 10 de junio, se logr\u00f3 la detenci\u00f3n en flagrancia de Miguel Antonio cometiendo un hecho il\u00edcito en el tr\u00e1mite de la licencia, sin necesidad que el solicitante re\u00fana los requisitos que marcan los lineamientos respectivos.<\/p>\n\n\n\n<p>\u201cLuego de la detenci\u00f3n, la Fiscal\u00eda Anticorrupci\u00f3n de Quintana Roo continu\u00f3 con la investigaci\u00f3n hasta ponerlo a disposici\u00f3n de un Juez de Control en Canc\u00fan, donde se llev\u00f3 a cabo la audiencia de control de detenci\u00f3n, misma que fue calificada como legal\u201d.&nbsp;<\/p>\n\n\n\n<p>Al vincularse a proceso, el juez emiti\u00f3 medidas cautelares como prohibici\u00f3n para salir del Estado y el pa\u00eds; prohibici\u00f3n para acercarse a la oficina de Seguridad P\u00fablica y desde luego, qued\u00f3 suspendido de su empleo.<\/p>\n","protected":false},"excerpt":{"rendered":"<p>\ud83d\udd3aEl funcionario vend\u00eda licencias ap\u00f3crifas y tras las investigaciones hoy se inform\u00f3 que ser\u00e1 vinculado a proceso por ende fue suspendido del puesto y se le prohibi\u00f3 salir del pa\u00eds.\u00a0 Kantunilk\u00edn.- El subdirector operativo de la Polic\u00eda Municipal de Kantunilkin, L\u00e1zaro C\u00e1rdenas, Miguel Antonio \u2018C\u2019fue vinculado a proceso por el delito de aprovechamiento il\u00edcito de [&hellip;]<\/p>\n","protected":false},"author":3,"featured_media":48436,"comment_status":"closed","ping_status":"closed","sticky":false,"template":"","format":"standard","meta":{"footnotes":"","_wpscppro_dont_share_socialmedia":false,"_wpscppro_custom_social_share_image":0,"_facebook_share_type":"","_twitter_share_type":"","_linkedin_share_type":"","_pinterest_share_type":"","_linkedin_share_type_page":"","_instagram_share_type":"","_medium_share_type":"","_threads_share_type":"","_google_business_share_type":"","_selected_social_profile":[],"_wpsp_enable_custom_social_template":false,"_wpsp_social_scheduling":{"enabled":false,"datetime":null,"platforms":[],"status":"template_only","dateOption":"today","timeOption":"now","customDays":"","customHours":"","customDate":"","customTime":"","schedulingType":"absolute"},"_wpsp_active_default_template":true},"categories":[75,3],"tags":[],"class_list":["post-48435","post","type-post","status-publish","format-standard","has-post-thumbnail","hentry","category-policia","category-quintana-roo"],"yoast_head":"<!-- This site is optimized with the Yoast SEO plugin v27.4 - https:\/\/yoast.com\/product\/yoast-seo-wordpress\/ -->\n<title>VINCULAN A PROCESO A SUBDIRECTOR DE LA POLIC\u00cdA DE KANTUNILK\u00cdN\u00a0 - Inspector Nocturno<\/title>\n<meta name=\"robots\" content=\"index, follow, max-snippet:-1, max-image-preview:large, max-video-preview:-1\" \/>\n<link rel=\"canonical\" href=\"https:\/\/inspectornocturno.com.mx\/?p=48435\" \/>\n<meta property=\"og:locale\" content=\"es_ES\" \/>\n<meta property=\"og:type\" content=\"article\" \/>\n<meta property=\"og:title\" content=\"VINCULAN A PROCESO A SUBDIRECTOR DE LA POLIC\u00cdA DE KANTUNILK\u00cdN\u00a0 - Inspector Nocturno\" \/>\n<meta property=\"og:description\" content=\"\ud83d\udd3aEl funcionario vend\u00eda licencias ap\u00f3crifas y tras las investigaciones hoy se inform\u00f3 que ser\u00e1 vinculado a proceso por ende fue suspendido del puesto y se le prohibi\u00f3 salir del pa\u00eds.\u00a0 Kantunilk\u00edn.- El subdirector operativo de la Polic\u00eda Municipal de Kantunilkin, L\u00e1zaro C\u00e1rdenas, Miguel Antonio \u2018C\u2019fue vinculado a proceso por el delito de aprovechamiento il\u00edcito de [&hellip;]\" \/>\n<meta property=\"og:url\" content=\"https:\/\/inspectornocturno.com.mx\/?p=48435\" \/>\n<meta property=\"og:site_name\" content=\"Inspector Nocturno\" \/>\n<meta property=\"article:published_time\" content=\"2023-06-15T22:14:22+00:00\" \/>\n<meta property=\"article:modified_time\" content=\"2023-06-15T22:14:23+00:00\" \/>\n<meta property=\"og:image\" content=\"https:\/\/inspectornocturno.com.mx\/wp-content\/uploads\/2023\/06\/D5EBC0C7-827F-49F8-9AA8-4827C75EC7E9.jpeg\" \/>\n\t<meta property=\"og:image:width\" content=\"1049\" \/>\n\t<meta property=\"og:image:height\" content=\"746\" \/>\n\t<meta property=\"og:image:type\" content=\"image\/jpeg\" \/>\n<meta name=\"author\" content=\"Inspector Nocturno\" \/>\n<meta name=\"twitter:card\" content=\"summary_large_image\" \/>\n<meta name=\"twitter:image\" content=\"https:\/\/inspectornocturno.com.mx\/wp-content\/uploads\/2023\/06\/D5EBC0C7-827F-49F8-9AA8-4827C75EC7E9.jpeg\" \/>\n<script type=\"application\/ld+json\" class=\"yoast-schema-graph\">{\"@context\":\"https:\\\/\\\/schema.org\",\"@graph\":[{\"@type\":\"Article\",\"@id\":\"https:\\\/\\\/inspectornocturno.com.mx\\\/?p=48435#article\",\"isPartOf\":{\"@id\":\"https:\\\/\\\/inspectornocturno.com.mx\\\/?p=48435\"},\"author\":{\"name\":\"Inspector Nocturno\",\"@id\":\"https:\\\/\\\/inspectornocturno.com.mx\\\/#\\\/schema\\\/person\\\/2f4c4173b1712fd9cf4f4b9365ce65db\"},\"headline\":\"VINCULAN A PROCESO A SUBDIRECTOR DE LA POLIC\u00cdA DE KANTUNILK\u00cdN\u00a0\",\"datePublished\":\"2023-06-15T22:14:22+00:00\",\"dateModified\":\"2023-06-15T22:14:23+00:00\",\"mainEntityOfPage\":{\"@id\":\"https:\\\/\\\/inspectornocturno.com.mx\\\/?p=48435\"},\"wordCount\":355,\"publisher\":{\"@id\":\"https:\\\/\\\/inspectornocturno.com.mx\\\/#\\\/schema\\\/person\\\/63eb343fea17271215b1dd2793b27897\"},\"image\":{\"@id\":\"https:\\\/\\\/inspectornocturno.com.mx\\\/?p=48435#primaryimage\"},\"thumbnailUrl\":\"https:\\\/\\\/inspectornocturno.com.mx\\\/wp-content\\\/uploads\\\/2023\\\/06\\\/D5EBC0C7-827F-49F8-9AA8-4827C75EC7E9.jpeg\",\"articleSection\":[\"Polic\u00eda\",\"Quintana Roo\"],\"inLanguage\":\"es\"},{\"@type\":\"WebPage\",\"@id\":\"https:\\\/\\\/inspectornocturno.com.mx\\\/?p=48435\",\"url\":\"https:\\\/\\\/inspectornocturno.com.mx\\\/?p=48435\",\"name\":\"VINCULAN A PROCESO A SUBDIRECTOR DE LA POLIC\u00cdA DE KANTUNILK\u00cdN\u00a0 - Inspector Nocturno\",\"isPartOf\":{\"@id\":\"https:\\\/\\\/inspectornocturno.com.mx\\\/#website\"},\"primaryImageOfPage\":{\"@id\":\"https:\\\/\\\/inspectornocturno.com.mx\\\/?p=48435#primaryimage\"},\"image\":{\"@id\":\"https:\\\/\\\/inspectornocturno.com.mx\\\/?p=48435#primaryimage\"},\"thumbnailUrl\":\"https:\\\/\\\/inspectornocturno.com.mx\\\/wp-content\\\/uploads\\\/2023\\\/06\\\/D5EBC0C7-827F-49F8-9AA8-4827C75EC7E9.jpeg\",\"datePublished\":\"2023-06-15T22:14:22+00:00\",\"dateModified\":\"2023-06-15T22:14:23+00:00\",\"breadcrumb\":{\"@id\":\"https:\\\/\\\/inspectornocturno.com.mx\\\/?p=48435#breadcrumb\"},\"inLanguage\":\"es\",\"potentialAction\":[{\"@type\":\"ReadAction\",\"target\":[\"https:\\\/\\\/inspectornocturno.com.mx\\\/?p=48435\"]}]},{\"@type\":\"ImageObject\",\"inLanguage\":\"es\",\"@id\":\"https:\\\/\\\/inspectornocturno.com.mx\\\/?p=48435#primaryimage\",\"url\":\"https:\\\/\\\/inspectornocturno.com.mx\\\/wp-content\\\/uploads\\\/2023\\\/06\\\/D5EBC0C7-827F-49F8-9AA8-4827C75EC7E9.jpeg\",\"contentUrl\":\"https:\\\/\\\/inspectornocturno.com.mx\\\/wp-content\\\/uploads\\\/2023\\\/06\\\/D5EBC0C7-827F-49F8-9AA8-4827C75EC7E9.jpeg\",\"width\":1049,\"height\":746},{\"@type\":\"BreadcrumbList\",\"@id\":\"https:\\\/\\\/inspectornocturno.com.mx\\\/?p=48435#breadcrumb\",\"itemListElement\":[{\"@type\":\"ListItem\",\"position\":1,\"name\":\"Portada\",\"item\":\"https:\\\/\\\/inspectornocturno.com.mx\\\/\"},{\"@type\":\"ListItem\",\"position\":2,\"name\":\"VINCULAN A PROCESO A SUBDIRECTOR DE LA POLIC\u00cdA DE KANTUNILK\u00cdN\u00a0\"}]},{\"@type\":\"WebSite\",\"@id\":\"https:\\\/\\\/inspectornocturno.com.mx\\\/#website\",\"url\":\"https:\\\/\\\/inspectornocturno.com.mx\\\/\",\"name\":\"Inspector Nocturno\",\"description\":\"Canc\u00fan, noticias al minuto del inspector nocturno\",\"publisher\":{\"@id\":\"https:\\\/\\\/inspectornocturno.com.mx\\\/#\\\/schema\\\/person\\\/63eb343fea17271215b1dd2793b27897\"},\"alternateName\":\"Noticias de impacto al momento de los hechos\",\"potentialAction\":[{\"@type\":\"SearchAction\",\"target\":{\"@type\":\"EntryPoint\",\"urlTemplate\":\"https:\\\/\\\/inspectornocturno.com.mx\\\/?s={search_term_string}\"},\"query-input\":{\"@type\":\"PropertyValueSpecification\",\"valueRequired\":true,\"valueName\":\"search_term_string\"}}],\"inLanguage\":\"es\"},{\"@type\":[\"Person\",\"Organization\"],\"@id\":\"https:\\\/\\\/inspectornocturno.com.mx\\\/#\\\/schema\\\/person\\\/63eb343fea17271215b1dd2793b27897\",\"name\":\"Inspector Nocturno\",\"image\":{\"@type\":\"ImageObject\",\"inLanguage\":\"es\",\"@id\":\"https:\\\/\\\/inspectornocturno.com.mx\\\/wp-content\\\/uploads\\\/2021\\\/10\\\/logo-transparente.png\",\"url\":\"https:\\\/\\\/inspectornocturno.com.mx\\\/wp-content\\\/uploads\\\/2021\\\/10\\\/logo-transparente.png\",\"contentUrl\":\"https:\\\/\\\/inspectornocturno.com.mx\\\/wp-content\\\/uploads\\\/2021\\\/10\\\/logo-transparente.png\",\"width\":561,\"height\":668,\"caption\":\"Inspector Nocturno\"},\"logo\":{\"@id\":\"https:\\\/\\\/inspectornocturno.com.mx\\\/wp-content\\\/uploads\\\/2021\\\/10\\\/logo-transparente.png\"},\"sameAs\":[\"http:\\\/\\\/inspectornocturno.com.mx\"]},{\"@type\":\"Person\",\"@id\":\"https:\\\/\\\/inspectornocturno.com.mx\\\/#\\\/schema\\\/person\\\/2f4c4173b1712fd9cf4f4b9365ce65db\",\"name\":\"Inspector Nocturno\",\"sameAs\":[\"http:\\\/\\\/inspectornocturno.com.mx\"]}]}<\/script>\n<!-- \/ Yoast SEO plugin. -->","yoast_head_json":{"title":"VINCULAN A PROCESO A SUBDIRECTOR DE LA POLIC\u00cdA DE KANTUNILK\u00cdN\u00a0 - Inspector Nocturno","robots":{"index":"index","follow":"follow","max-snippet":"max-snippet:-1","max-image-preview":"max-image-preview:large","max-video-preview":"max-video-preview:-1"},"canonical":"https:\/\/inspectornocturno.com.mx\/?p=48435","og_locale":"es_ES","og_type":"article","og_title":"VINCULAN A PROCESO A SUBDIRECTOR DE LA POLIC\u00cdA DE KANTUNILK\u00cdN\u00a0 - Inspector Nocturno","og_description":"\ud83d\udd3aEl funcionario vend\u00eda licencias ap\u00f3crifas y tras las investigaciones hoy se inform\u00f3 que ser\u00e1 vinculado a proceso por ende fue suspendido del puesto y se le prohibi\u00f3 salir del pa\u00eds.\u00a0 Kantunilk\u00edn.- El subdirector operativo de la Polic\u00eda Municipal de Kantunilkin, L\u00e1zaro C\u00e1rdenas, Miguel Antonio \u2018C\u2019fue vinculado a proceso por el delito de aprovechamiento il\u00edcito de [&hellip;]","og_url":"https:\/\/inspectornocturno.com.mx\/?p=48435","og_site_name":"Inspector Nocturno","article_published_time":"2023-06-15T22:14:22+00:00","article_modified_time":"2023-06-15T22:14:23+00:00","og_image":[{"width":1049,"height":746,"url":"https:\/\/inspectornocturno.com.mx\/wp-content\/uploads\/2023\/06\/D5EBC0C7-827F-49F8-9AA8-4827C75EC7E9.jpeg","type":"image\/jpeg"}],"author":"Inspector Nocturno","twitter_card":"summary_large_image","twitter_image":"https:\/\/inspectornocturno.com.mx\/wp-content\/uploads\/2023\/06\/D5EBC0C7-827F-49F8-9AA8-4827C75EC7E9.jpeg","schema":{"@context":"https:\/\/schema.org","@graph":[{"@type":"Article","@id":"https:\/\/inspectornocturno.com.mx\/?p=48435#article","isPartOf":{"@id":"https:\/\/inspectornocturno.com.mx\/?p=48435"},"author":{"name":"Inspector Nocturno","@id":"https:\/\/inspectornocturno.com.mx\/#\/schema\/person\/2f4c4173b1712fd9cf4f4b9365ce65db"},"headline":"VINCULAN A PROCESO A SUBDIRECTOR DE LA POLIC\u00cdA DE KANTUNILK\u00cdN\u00a0","datePublished":"2023-06-15T22:14:22+00:00","dateModified":"2023-06-15T22:14:23+00:00","mainEntityOfPage":{"@id":"https:\/\/inspectornocturno.com.mx\/?p=48435"},"wordCount":355,"publisher":{"@id":"https:\/\/inspectornocturno.com.mx\/#\/schema\/person\/63eb343fea17271215b1dd2793b27897"},"image":{"@id":"https:\/\/inspectornocturno.com.mx\/?p=48435#primaryimage"},"thumbnailUrl":"https:\/\/inspectornocturno.com.mx\/wp-content\/uploads\/2023\/06\/D5EBC0C7-827F-49F8-9AA8-4827C75EC7E9.jpeg","articleSection":["Polic\u00eda","Quintana Roo"],"inLanguage":"es"},{"@type":"WebPage","@id":"https:\/\/inspectornocturno.com.mx\/?p=48435","url":"https:\/\/inspectornocturno.com.mx\/?p=48435","name":"VINCULAN A PROCESO A SUBDIRECTOR DE LA POLIC\u00cdA DE KANTUNILK\u00cdN\u00a0 - Inspector Nocturno","isPartOf":{"@id":"https:\/\/inspectornocturno.com.mx\/#website"},"primaryImageOfPage":{"@id":"https:\/\/inspectornocturno.com.mx\/?p=48435#primaryimage"},"image":{"@id":"https:\/\/inspectornocturno.com.mx\/?p=48435#primaryimage"},"thumbnailUrl":"https:\/\/inspectornocturno.com.mx\/wp-content\/uploads\/2023\/06\/D5EBC0C7-827F-49F8-9AA8-4827C75EC7E9.jpeg","datePublished":"2023-06-15T22:14:22+00:00","dateModified":"2023-06-15T22:14:23+00:00","breadcrumb":{"@id":"https:\/\/inspectornocturno.com.mx\/?p=48435#breadcrumb"},"inLanguage":"es","potentialAction":[{"@type":"ReadAction","target":["https:\/\/inspectornocturno.com.mx\/?p=48435"]}]},{"@type":"ImageObject","inLanguage":"es","@id":"https:\/\/inspectornocturno.com.mx\/?p=48435#primaryimage","url":"https:\/\/inspectornocturno.com.mx\/wp-content\/uploads\/2023\/06\/D5EBC0C7-827F-49F8-9AA8-4827C75EC7E9.jpeg","contentUrl":"https:\/\/inspectornocturno.com.mx\/wp-content\/uploads\/2023\/06\/D5EBC0C7-827F-49F8-9AA8-4827C75EC7E9.jpeg","width":1049,"height":746},{"@type":"BreadcrumbList","@id":"https:\/\/inspectornocturno.com.mx\/?p=48435#breadcrumb","itemListElement":[{"@type":"ListItem","position":1,"name":"Portada","item":"https:\/\/inspectornocturno.com.mx\/"},{"@type":"ListItem","position":2,"name":"VINCULAN A PROCESO A SUBDIRECTOR DE LA POLIC\u00cdA DE KANTUNILK\u00cdN\u00a0"}]},{"@type":"WebSite","@id":"https:\/\/inspectornocturno.com.mx\/#website","url":"https:\/\/inspectornocturno.com.mx\/","name":"Inspector Nocturno","description":"Canc\u00fan, noticias al minuto del inspector nocturno","publisher":{"@id":"https:\/\/inspectornocturno.com.mx\/#\/schema\/person\/63eb343fea17271215b1dd2793b27897"},"alternateName":"Noticias de impacto al momento de los hechos","potentialAction":[{"@type":"SearchAction","target":{"@type":"EntryPoint","urlTemplate":"https:\/\/inspectornocturno.com.mx\/?s={search_term_string}"},"query-input":{"@type":"PropertyValueSpecification","valueRequired":true,"valueName":"search_term_string"}}],"inLanguage":"es"},{"@type":["Person","Organization"],"@id":"https:\/\/inspectornocturno.com.mx\/#\/schema\/person\/63eb343fea17271215b1dd2793b27897","name":"Inspector Nocturno","image":{"@type":"ImageObject","inLanguage":"es","@id":"https:\/\/inspectornocturno.com.mx\/wp-content\/uploads\/2021\/10\/logo-transparente.png","url":"https:\/\/inspectornocturno.com.mx\/wp-content\/uploads\/2021\/10\/logo-transparente.png","contentUrl":"https:\/\/inspectornocturno.com.mx\/wp-content\/uploads\/2021\/10\/logo-transparente.png","width":561,"height":668,"caption":"Inspector Nocturno"},"logo":{"@id":"https:\/\/inspectornocturno.com.mx\/wp-content\/uploads\/2021\/10\/logo-transparente.png"},"sameAs":["http:\/\/inspectornocturno.com.mx"]},{"@type":"Person","@id":"https:\/\/inspectornocturno.com.mx\/#\/schema\/person\/2f4c4173b1712fd9cf4f4b9365ce65db","name":"Inspector Nocturno","sameAs":["http:\/\/inspectornocturno.com.mx"]}]}},"views":1775,"_links":{"self":[{"href":"https:\/\/inspectornocturno.com.mx\/index.php?rest_route=\/wp\/v2\/posts\/48435","targetHints":{"allow":["GET"]}}],"collection":[{"href":"https:\/\/inspectornocturno.com.mx\/index.php?rest_route=\/wp\/v2\/posts"}],"about":[{"href":"https:\/\/inspectornocturno.com.mx\/index.php?rest_route=\/wp\/v2\/types\/post"}],"author":[{"embeddable":true,"href":"https:\/\/inspectornocturno.com.mx\/index.php?rest_route=\/wp\/v2\/users\/3"}],"replies":[{"embeddable":true,"href":"https:\/\/inspectornocturno.com.mx\/index.php?rest_route=%2Fwp%2Fv2%2Fcomments&post=48435"}],"version-history":[{"count":1,"href":"https:\/\/inspectornocturno.com.mx\/index.php?rest_route=\/wp\/v2\/posts\/48435\/revisions"}],"predecessor-version":[{"id":48437,"href":"https:\/\/inspectornocturno.com.mx\/index.php?rest_route=\/wp\/v2\/posts\/48435\/revisions\/48437"}],"wp:featuredmedia":[{"embeddable":true,"href":"https:\/\/inspectornocturno.com.mx\/index.php?rest_route=\/wp\/v2\/media\/48436"}],"wp:attachment":[{"href":"https:\/\/inspectornocturno.com.mx\/index.php?rest_route=%2Fwp%2Fv2%2Fmedia&parent=48435"}],"wp:term":[{"taxonomy":"category","embeddable":true,"href":"https:\/\/inspectornocturno.com.mx\/index.php?rest_route=%2Fwp%2Fv2%2Fcategories&post=48435"},{"taxonomy":"post_tag","embeddable":true,"href":"https:\/\/inspectornocturno.com.mx\/index.php?rest_route=%2Fwp%2Fv2%2Ftags&post=48435"}],"curies":[{"name":"wp","href":"https:\/\/api.w.org\/{rel}","templated":true}]}}