{"id":48088,"date":"2023-06-08T21:39:35","date_gmt":"2023-06-09T02:39:35","guid":{"rendered":"https:\/\/inspectornocturno.com.mx\/?p=48088"},"modified":"2023-06-08T21:39:37","modified_gmt":"2023-06-09T02:39:37","slug":"fernandez-norona-pide-licencia-como-diputado-federal-buscara-candidatura-presidencial-de-la-4t","status":"publish","type":"post","link":"https:\/\/inspectornocturno.com.mx\/?p=48088","title":{"rendered":"FERN\u00c1NDEZ NORO\u00d1A PIDE LICENCIA COMO DIPUTADO FEDERAL; BUSCAR\u00c1 CANDIDATURA PRESIDENCIAL DE LA 4T"},"content":{"rendered":"\n<p>\ud83d\udd3aEmpiezan a destaparse para los comicios pr\u00f3ximos de camino hacia la presidencia; Noro\u00f1a no es el primero, pero parece que va apostar para estar en la contienda electoral.&nbsp;<\/p>\n\n\n\n<p>Ciudad de M\u00e9xico.- Noro\u00f1a no es el primero en solicitar licencia, pues Manuel Velasco, coordinador del Partido Verde en el Senado, tambi\u00e9n lo hizo el 7 de junio.<\/p>\n\n\n\n<figure class=\"wp-block-image size-large is-resized\"><img decoding=\"async\" data-src=\"https:\/\/inspectornocturno.com.mx\/wp-content\/uploads\/2023\/06\/47989D7A-7B28-4D28-8ABF-F5A29A481BDA-1024x538.jpeg\" alt=\"\" class=\"wp-image-48089 lazyload\" width=\"354\" height=\"185\" data-srcset=\"https:\/\/inspectornocturno.com.mx\/wp-content\/uploads\/2023\/06\/47989D7A-7B28-4D28-8ABF-F5A29A481BDA-1024x538.jpeg 1024w, https:\/\/inspectornocturno.com.mx\/wp-content\/uploads\/2023\/06\/47989D7A-7B28-4D28-8ABF-F5A29A481BDA-300x158.jpeg 300w, https:\/\/inspectornocturno.com.mx\/wp-content\/uploads\/2023\/06\/47989D7A-7B28-4D28-8ABF-F5A29A481BDA-768x403.jpeg 768w, https:\/\/inspectornocturno.com.mx\/wp-content\/uploads\/2023\/06\/47989D7A-7B28-4D28-8ABF-F5A29A481BDA-990x520.jpeg 990w, https:\/\/inspectornocturno.com.mx\/wp-content\/uploads\/2023\/06\/47989D7A-7B28-4D28-8ABF-F5A29A481BDA.jpeg 1200w\" data-sizes=\"(max-width: 354px) 100vw, 354px\" src=\"data:image\/svg+xml;base64,PHN2ZyB3aWR0aD0iMSIgaGVpZ2h0PSIxIiB4bWxucz0iaHR0cDovL3d3dy53My5vcmcvMjAwMC9zdmciPjwvc3ZnPg==\" style=\"--smush-placeholder-width: 354px; --smush-placeholder-aspect-ratio: 354\/185;\" \/><\/figure>\n\n\n\n<p>Gerardo Fern\u00e1ndez Noro\u00f1a, diputado federal del Partido del Trabajo (PT), pidi\u00f3 licencia a su cargo para participar en el proceso de Morena para elegir al candidato presidencial de la llamada cuarta transformaci\u00f3n.&nbsp;<\/p>\n\n\n\n<p>&#8220;He decidido participar, en su momento, como precandidato en el proceso interno para elegir la candidatura a la Presidencia de la Rep\u00fablica de la Coalici\u00f3n &#8216;Juntos Hacemos Historias&#8217; formada por los Partidos, Morena, del Trabajo y Verde Ecologista de M\u00e9xico&#8221;, explic\u00f3 Fern\u00e1ndez Noro\u00f1a en la carta enviada a Alejandro Armenta, presidente de la Mesa Directiva de la Comisi\u00f3n Permanente.&nbsp;<\/p>\n\n\n\n<p>Fern\u00e1ndez Noro\u00f1a prev\u00e9 que el martes, en la sesi\u00f3n de la Comisi\u00f3n Permanente, se apruebe su licencia por el pleno.&nbsp;<\/p>\n\n\n\n<p>Noro\u00f1a asegur\u00f3 que, de ganar la presidencia del pa\u00eds, habr\u00eda una &#8220;profundizaci\u00f3n&#8221; de la llamada cuarta transformaci\u00f3n&nbsp;<\/p>\n\n\n\n<p>\u201cYo restablecer\u00eda la Constituci\u00f3n de 1917 porque he estado pensando mucho en un Congreso Constituyente que planteara, proyectara los derechos sociales del pueblo en el siglo XXI, pero parece que lo b\u00e1sico ser\u00eda en esencia volver a esa Constituci\u00f3n&#8221;, expuso.<\/p>\n","protected":false},"excerpt":{"rendered":"<p>\ud83d\udd3aEmpiezan a destaparse para los comicios pr\u00f3ximos de camino hacia la presidencia; Noro\u00f1a no es el primero, pero parece que va apostar para estar en la contienda electoral.&nbsp; Ciudad de M\u00e9xico.- Noro\u00f1a no es el primero en solicitar licencia, pues Manuel Velasco, coordinador del Partido Verde en el Senado, tambi\u00e9n lo hizo el 7 de [&hellip;]<\/p>\n","protected":false},"author":3,"featured_media":48089,"comment_status":"closed","ping_status":"closed","sticky":false,"template":"","format":"standard","meta":{"footnotes":"","_wpscppro_dont_share_socialmedia":false,"_wpscppro_custom_social_share_image":0,"_facebook_share_type":"","_twitter_share_type":"","_linkedin_share_type":"","_pinterest_share_type":"","_linkedin_share_type_page":"","_instagram_share_type":"","_medium_share_type":"","_threads_share_type":"","_google_business_share_type":"","_selected_social_profile":[],"_wpsp_enable_custom_social_template":false,"_wpsp_social_scheduling":{"enabled":false,"datetime":null,"platforms":[],"status":"template_only","dateOption":"today","timeOption":"now","customDays":"","customHours":"","customDate":"","customTime":"","schedulingType":"absolute"},"_wpsp_active_default_template":true},"categories":[65,69],"tags":[],"class_list":["post-48088","post","type-post","status-publish","format-standard","has-post-thumbnail","hentry","category-mexico","category-politica"],"yoast_head":"<!-- This site is optimized with the Yoast SEO plugin v27.4 - https:\/\/yoast.com\/product\/yoast-seo-wordpress\/ -->\n<title>FERN\u00c1NDEZ NORO\u00d1A PIDE LICENCIA COMO DIPUTADO FEDERAL; BUSCAR\u00c1 CANDIDATURA PRESIDENCIAL DE LA 4T - Inspector Nocturno<\/title>\n<meta name=\"robots\" content=\"index, follow, max-snippet:-1, max-image-preview:large, max-video-preview:-1\" \/>\n<link rel=\"canonical\" href=\"https:\/\/inspectornocturno.com.mx\/?p=48088\" \/>\n<meta property=\"og:locale\" content=\"es_ES\" \/>\n<meta property=\"og:type\" content=\"article\" \/>\n<meta property=\"og:title\" content=\"FERN\u00c1NDEZ NORO\u00d1A PIDE LICENCIA COMO DIPUTADO FEDERAL; BUSCAR\u00c1 CANDIDATURA PRESIDENCIAL DE LA 4T - Inspector Nocturno\" \/>\n<meta property=\"og:description\" content=\"\ud83d\udd3aEmpiezan a destaparse para los comicios pr\u00f3ximos de camino hacia la presidencia; Noro\u00f1a no es el primero, pero parece que va apostar para estar en la contienda electoral.&nbsp; Ciudad de M\u00e9xico.- Noro\u00f1a no es el primero en solicitar licencia, pues Manuel Velasco, coordinador del Partido Verde en el Senado, tambi\u00e9n lo hizo el 7 de [&hellip;]\" \/>\n<meta property=\"og:url\" content=\"https:\/\/inspectornocturno.com.mx\/?p=48088\" \/>\n<meta property=\"og:site_name\" content=\"Inspector Nocturno\" \/>\n<meta property=\"article:published_time\" content=\"2023-06-09T02:39:35+00:00\" \/>\n<meta property=\"article:modified_time\" content=\"2023-06-09T02:39:37+00:00\" \/>\n<meta property=\"og:image\" content=\"https:\/\/inspectornocturno.com.mx\/wp-content\/uploads\/2023\/06\/47989D7A-7B28-4D28-8ABF-F5A29A481BDA.jpeg\" \/>\n\t<meta property=\"og:image:width\" content=\"1200\" \/>\n\t<meta property=\"og:image:height\" content=\"630\" \/>\n\t<meta property=\"og:image:type\" content=\"image\/jpeg\" \/>\n<meta name=\"author\" content=\"Inspector Nocturno\" \/>\n<meta name=\"twitter:card\" content=\"summary_large_image\" \/>\n<meta name=\"twitter:image\" content=\"https:\/\/inspectornocturno.com.mx\/wp-content\/uploads\/2023\/06\/47989D7A-7B28-4D28-8ABF-F5A29A481BDA.jpeg\" \/>\n<script type=\"application\/ld+json\" class=\"yoast-schema-graph\">{\"@context\":\"https:\\\/\\\/schema.org\",\"@graph\":[{\"@type\":\"Article\",\"@id\":\"https:\\\/\\\/inspectornocturno.com.mx\\\/?p=48088#article\",\"isPartOf\":{\"@id\":\"https:\\\/\\\/inspectornocturno.com.mx\\\/?p=48088\"},\"author\":{\"name\":\"Inspector Nocturno\",\"@id\":\"https:\\\/\\\/inspectornocturno.com.mx\\\/#\\\/schema\\\/person\\\/2f4c4173b1712fd9cf4f4b9365ce65db\"},\"headline\":\"FERN\u00c1NDEZ NORO\u00d1A PIDE LICENCIA COMO DIPUTADO FEDERAL; BUSCAR\u00c1 CANDIDATURA PRESIDENCIAL DE LA 4T\",\"datePublished\":\"2023-06-09T02:39:35+00:00\",\"dateModified\":\"2023-06-09T02:39:37+00:00\",\"mainEntityOfPage\":{\"@id\":\"https:\\\/\\\/inspectornocturno.com.mx\\\/?p=48088\"},\"wordCount\":271,\"publisher\":{\"@id\":\"https:\\\/\\\/inspectornocturno.com.mx\\\/#\\\/schema\\\/person\\\/63eb343fea17271215b1dd2793b27897\"},\"image\":{\"@id\":\"https:\\\/\\\/inspectornocturno.com.mx\\\/?p=48088#primaryimage\"},\"thumbnailUrl\":\"https:\\\/\\\/inspectornocturno.com.mx\\\/wp-content\\\/uploads\\\/2023\\\/06\\\/47989D7A-7B28-4D28-8ABF-F5A29A481BDA.jpeg\",\"articleSection\":[\"M\u00e9xico\",\"Pol\u00edtica\"],\"inLanguage\":\"es\"},{\"@type\":\"WebPage\",\"@id\":\"https:\\\/\\\/inspectornocturno.com.mx\\\/?p=48088\",\"url\":\"https:\\\/\\\/inspectornocturno.com.mx\\\/?p=48088\",\"name\":\"FERN\u00c1NDEZ NORO\u00d1A PIDE LICENCIA COMO DIPUTADO FEDERAL; BUSCAR\u00c1 CANDIDATURA PRESIDENCIAL DE LA 4T - Inspector Nocturno\",\"isPartOf\":{\"@id\":\"https:\\\/\\\/inspectornocturno.com.mx\\\/#website\"},\"primaryImageOfPage\":{\"@id\":\"https:\\\/\\\/inspectornocturno.com.mx\\\/?p=48088#primaryimage\"},\"image\":{\"@id\":\"https:\\\/\\\/inspectornocturno.com.mx\\\/?p=48088#primaryimage\"},\"thumbnailUrl\":\"https:\\\/\\\/inspectornocturno.com.mx\\\/wp-content\\\/uploads\\\/2023\\\/06\\\/47989D7A-7B28-4D28-8ABF-F5A29A481BDA.jpeg\",\"datePublished\":\"2023-06-09T02:39:35+00:00\",\"dateModified\":\"2023-06-09T02:39:37+00:00\",\"breadcrumb\":{\"@id\":\"https:\\\/\\\/inspectornocturno.com.mx\\\/?p=48088#breadcrumb\"},\"inLanguage\":\"es\",\"potentialAction\":[{\"@type\":\"ReadAction\",\"target\":[\"https:\\\/\\\/inspectornocturno.com.mx\\\/?p=48088\"]}]},{\"@type\":\"ImageObject\",\"inLanguage\":\"es\",\"@id\":\"https:\\\/\\\/inspectornocturno.com.mx\\\/?p=48088#primaryimage\",\"url\":\"https:\\\/\\\/inspectornocturno.com.mx\\\/wp-content\\\/uploads\\\/2023\\\/06\\\/47989D7A-7B28-4D28-8ABF-F5A29A481BDA.jpeg\",\"contentUrl\":\"https:\\\/\\\/inspectornocturno.com.mx\\\/wp-content\\\/uploads\\\/2023\\\/06\\\/47989D7A-7B28-4D28-8ABF-F5A29A481BDA.jpeg\",\"width\":1200,\"height\":630},{\"@type\":\"BreadcrumbList\",\"@id\":\"https:\\\/\\\/inspectornocturno.com.mx\\\/?p=48088#breadcrumb\",\"itemListElement\":[{\"@type\":\"ListItem\",\"position\":1,\"name\":\"Portada\",\"item\":\"https:\\\/\\\/inspectornocturno.com.mx\\\/\"},{\"@type\":\"ListItem\",\"position\":2,\"name\":\"FERN\u00c1NDEZ NORO\u00d1A PIDE LICENCIA COMO DIPUTADO FEDERAL; BUSCAR\u00c1 CANDIDATURA PRESIDENCIAL DE LA 4T\"}]},{\"@type\":\"WebSite\",\"@id\":\"https:\\\/\\\/inspectornocturno.com.mx\\\/#website\",\"url\":\"https:\\\/\\\/inspectornocturno.com.mx\\\/\",\"name\":\"Inspector Nocturno\",\"description\":\"Canc\u00fan, noticias al minuto del inspector nocturno\",\"publisher\":{\"@id\":\"https:\\\/\\\/inspectornocturno.com.mx\\\/#\\\/schema\\\/person\\\/63eb343fea17271215b1dd2793b27897\"},\"alternateName\":\"Noticias de impacto al momento de los hechos\",\"potentialAction\":[{\"@type\":\"SearchAction\",\"target\":{\"@type\":\"EntryPoint\",\"urlTemplate\":\"https:\\\/\\\/inspectornocturno.com.mx\\\/?s={search_term_string}\"},\"query-input\":{\"@type\":\"PropertyValueSpecification\",\"valueRequired\":true,\"valueName\":\"search_term_string\"}}],\"inLanguage\":\"es\"},{\"@type\":[\"Person\",\"Organization\"],\"@id\":\"https:\\\/\\\/inspectornocturno.com.mx\\\/#\\\/schema\\\/person\\\/63eb343fea17271215b1dd2793b27897\",\"name\":\"Inspector Nocturno\",\"image\":{\"@type\":\"ImageObject\",\"inLanguage\":\"es\",\"@id\":\"https:\\\/\\\/inspectornocturno.com.mx\\\/wp-content\\\/uploads\\\/2021\\\/10\\\/logo-transparente.png\",\"url\":\"https:\\\/\\\/inspectornocturno.com.mx\\\/wp-content\\\/uploads\\\/2021\\\/10\\\/logo-transparente.png\",\"contentUrl\":\"https:\\\/\\\/inspectornocturno.com.mx\\\/wp-content\\\/uploads\\\/2021\\\/10\\\/logo-transparente.png\",\"width\":561,\"height\":668,\"caption\":\"Inspector Nocturno\"},\"logo\":{\"@id\":\"https:\\\/\\\/inspectornocturno.com.mx\\\/wp-content\\\/uploads\\\/2021\\\/10\\\/logo-transparente.png\"},\"sameAs\":[\"http:\\\/\\\/inspectornocturno.com.mx\"]},{\"@type\":\"Person\",\"@id\":\"https:\\\/\\\/inspectornocturno.com.mx\\\/#\\\/schema\\\/person\\\/2f4c4173b1712fd9cf4f4b9365ce65db\",\"name\":\"Inspector Nocturno\",\"sameAs\":[\"http:\\\/\\\/inspectornocturno.com.mx\"]}]}<\/script>\n<!-- \/ Yoast SEO plugin. -->","yoast_head_json":{"title":"FERN\u00c1NDEZ NORO\u00d1A PIDE LICENCIA COMO DIPUTADO FEDERAL; BUSCAR\u00c1 CANDIDATURA PRESIDENCIAL DE LA 4T - Inspector Nocturno","robots":{"index":"index","follow":"follow","max-snippet":"max-snippet:-1","max-image-preview":"max-image-preview:large","max-video-preview":"max-video-preview:-1"},"canonical":"https:\/\/inspectornocturno.com.mx\/?p=48088","og_locale":"es_ES","og_type":"article","og_title":"FERN\u00c1NDEZ NORO\u00d1A PIDE LICENCIA COMO DIPUTADO FEDERAL; BUSCAR\u00c1 CANDIDATURA PRESIDENCIAL DE LA 4T - Inspector Nocturno","og_description":"\ud83d\udd3aEmpiezan a destaparse para los comicios pr\u00f3ximos de camino hacia la presidencia; Noro\u00f1a no es el primero, pero parece que va apostar para estar en la contienda electoral.&nbsp; Ciudad de M\u00e9xico.- Noro\u00f1a no es el primero en solicitar licencia, pues Manuel Velasco, coordinador del Partido Verde en el Senado, tambi\u00e9n lo hizo el 7 de [&hellip;]","og_url":"https:\/\/inspectornocturno.com.mx\/?p=48088","og_site_name":"Inspector Nocturno","article_published_time":"2023-06-09T02:39:35+00:00","article_modified_time":"2023-06-09T02:39:37+00:00","og_image":[{"width":1200,"height":630,"url":"https:\/\/inspectornocturno.com.mx\/wp-content\/uploads\/2023\/06\/47989D7A-7B28-4D28-8ABF-F5A29A481BDA.jpeg","type":"image\/jpeg"}],"author":"Inspector Nocturno","twitter_card":"summary_large_image","twitter_image":"https:\/\/inspectornocturno.com.mx\/wp-content\/uploads\/2023\/06\/47989D7A-7B28-4D28-8ABF-F5A29A481BDA.jpeg","schema":{"@context":"https:\/\/schema.org","@graph":[{"@type":"Article","@id":"https:\/\/inspectornocturno.com.mx\/?p=48088#article","isPartOf":{"@id":"https:\/\/inspectornocturno.com.mx\/?p=48088"},"author":{"name":"Inspector Nocturno","@id":"https:\/\/inspectornocturno.com.mx\/#\/schema\/person\/2f4c4173b1712fd9cf4f4b9365ce65db"},"headline":"FERN\u00c1NDEZ NORO\u00d1A PIDE LICENCIA COMO DIPUTADO FEDERAL; BUSCAR\u00c1 CANDIDATURA PRESIDENCIAL DE LA 4T","datePublished":"2023-06-09T02:39:35+00:00","dateModified":"2023-06-09T02:39:37+00:00","mainEntityOfPage":{"@id":"https:\/\/inspectornocturno.com.mx\/?p=48088"},"wordCount":271,"publisher":{"@id":"https:\/\/inspectornocturno.com.mx\/#\/schema\/person\/63eb343fea17271215b1dd2793b27897"},"image":{"@id":"https:\/\/inspectornocturno.com.mx\/?p=48088#primaryimage"},"thumbnailUrl":"https:\/\/inspectornocturno.com.mx\/wp-content\/uploads\/2023\/06\/47989D7A-7B28-4D28-8ABF-F5A29A481BDA.jpeg","articleSection":["M\u00e9xico","Pol\u00edtica"],"inLanguage":"es"},{"@type":"WebPage","@id":"https:\/\/inspectornocturno.com.mx\/?p=48088","url":"https:\/\/inspectornocturno.com.mx\/?p=48088","name":"FERN\u00c1NDEZ NORO\u00d1A PIDE LICENCIA COMO DIPUTADO FEDERAL; BUSCAR\u00c1 CANDIDATURA PRESIDENCIAL DE LA 4T - Inspector Nocturno","isPartOf":{"@id":"https:\/\/inspectornocturno.com.mx\/#website"},"primaryImageOfPage":{"@id":"https:\/\/inspectornocturno.com.mx\/?p=48088#primaryimage"},"image":{"@id":"https:\/\/inspectornocturno.com.mx\/?p=48088#primaryimage"},"thumbnailUrl":"https:\/\/inspectornocturno.com.mx\/wp-content\/uploads\/2023\/06\/47989D7A-7B28-4D28-8ABF-F5A29A481BDA.jpeg","datePublished":"2023-06-09T02:39:35+00:00","dateModified":"2023-06-09T02:39:37+00:00","breadcrumb":{"@id":"https:\/\/inspectornocturno.com.mx\/?p=48088#breadcrumb"},"inLanguage":"es","potentialAction":[{"@type":"ReadAction","target":["https:\/\/inspectornocturno.com.mx\/?p=48088"]}]},{"@type":"ImageObject","inLanguage":"es","@id":"https:\/\/inspectornocturno.com.mx\/?p=48088#primaryimage","url":"https:\/\/inspectornocturno.com.mx\/wp-content\/uploads\/2023\/06\/47989D7A-7B28-4D28-8ABF-F5A29A481BDA.jpeg","contentUrl":"https:\/\/inspectornocturno.com.mx\/wp-content\/uploads\/2023\/06\/47989D7A-7B28-4D28-8ABF-F5A29A481BDA.jpeg","width":1200,"height":630},{"@type":"BreadcrumbList","@id":"https:\/\/inspectornocturno.com.mx\/?p=48088#breadcrumb","itemListElement":[{"@type":"ListItem","position":1,"name":"Portada","item":"https:\/\/inspectornocturno.com.mx\/"},{"@type":"ListItem","position":2,"name":"FERN\u00c1NDEZ NORO\u00d1A PIDE LICENCIA COMO DIPUTADO FEDERAL; BUSCAR\u00c1 CANDIDATURA PRESIDENCIAL DE LA 4T"}]},{"@type":"WebSite","@id":"https:\/\/inspectornocturno.com.mx\/#website","url":"https:\/\/inspectornocturno.com.mx\/","name":"Inspector Nocturno","description":"Canc\u00fan, noticias al minuto del inspector nocturno","publisher":{"@id":"https:\/\/inspectornocturno.com.mx\/#\/schema\/person\/63eb343fea17271215b1dd2793b27897"},"alternateName":"Noticias de impacto al momento de los hechos","potentialAction":[{"@type":"SearchAction","target":{"@type":"EntryPoint","urlTemplate":"https:\/\/inspectornocturno.com.mx\/?s={search_term_string}"},"query-input":{"@type":"PropertyValueSpecification","valueRequired":true,"valueName":"search_term_string"}}],"inLanguage":"es"},{"@type":["Person","Organization"],"@id":"https:\/\/inspectornocturno.com.mx\/#\/schema\/person\/63eb343fea17271215b1dd2793b27897","name":"Inspector Nocturno","image":{"@type":"ImageObject","inLanguage":"es","@id":"https:\/\/inspectornocturno.com.mx\/wp-content\/uploads\/2021\/10\/logo-transparente.png","url":"https:\/\/inspectornocturno.com.mx\/wp-content\/uploads\/2021\/10\/logo-transparente.png","contentUrl":"https:\/\/inspectornocturno.com.mx\/wp-content\/uploads\/2021\/10\/logo-transparente.png","width":561,"height":668,"caption":"Inspector Nocturno"},"logo":{"@id":"https:\/\/inspectornocturno.com.mx\/wp-content\/uploads\/2021\/10\/logo-transparente.png"},"sameAs":["http:\/\/inspectornocturno.com.mx"]},{"@type":"Person","@id":"https:\/\/inspectornocturno.com.mx\/#\/schema\/person\/2f4c4173b1712fd9cf4f4b9365ce65db","name":"Inspector Nocturno","sameAs":["http:\/\/inspectornocturno.com.mx"]}]}},"views":1497,"_links":{"self":[{"href":"https:\/\/inspectornocturno.com.mx\/index.php?rest_route=\/wp\/v2\/posts\/48088","targetHints":{"allow":["GET"]}}],"collection":[{"href":"https:\/\/inspectornocturno.com.mx\/index.php?rest_route=\/wp\/v2\/posts"}],"about":[{"href":"https:\/\/inspectornocturno.com.mx\/index.php?rest_route=\/wp\/v2\/types\/post"}],"author":[{"embeddable":true,"href":"https:\/\/inspectornocturno.com.mx\/index.php?rest_route=\/wp\/v2\/users\/3"}],"replies":[{"embeddable":true,"href":"https:\/\/inspectornocturno.com.mx\/index.php?rest_route=%2Fwp%2Fv2%2Fcomments&post=48088"}],"version-history":[{"count":1,"href":"https:\/\/inspectornocturno.com.mx\/index.php?rest_route=\/wp\/v2\/posts\/48088\/revisions"}],"predecessor-version":[{"id":48090,"href":"https:\/\/inspectornocturno.com.mx\/index.php?rest_route=\/wp\/v2\/posts\/48088\/revisions\/48090"}],"wp:featuredmedia":[{"embeddable":true,"href":"https:\/\/inspectornocturno.com.mx\/index.php?rest_route=\/wp\/v2\/media\/48089"}],"wp:attachment":[{"href":"https:\/\/inspectornocturno.com.mx\/index.php?rest_route=%2Fwp%2Fv2%2Fmedia&parent=48088"}],"wp:term":[{"taxonomy":"category","embeddable":true,"href":"https:\/\/inspectornocturno.com.mx\/index.php?rest_route=%2Fwp%2Fv2%2Fcategories&post=48088"},{"taxonomy":"post_tag","embeddable":true,"href":"https:\/\/inspectornocturno.com.mx\/index.php?rest_route=%2Fwp%2Fv2%2Ftags&post=48088"}],"curies":[{"name":"wp","href":"https:\/\/api.w.org\/{rel}","templated":true}]}}