{"id":48080,"date":"2023-06-08T19:04:56","date_gmt":"2023-06-09T00:04:56","guid":{"rendered":"https:\/\/inspectornocturno.com.mx\/?p=48080"},"modified":"2023-06-08T19:04:58","modified_gmt":"2023-06-09T00:04:58","slug":"lo-detuvieron-armado-hoy-tiene-prision-preventiva","status":"publish","type":"post","link":"https:\/\/inspectornocturno.com.mx\/?p=48080","title":{"rendered":"LO DETUVIERON ARMADO; HOY TIENE PRISI\u00d3N PREVENTIVA\u00a0"},"content":{"rendered":"\n<p>\ud83d\udd3a&nbsp;La autoridad fij\u00f3 un plazo de dos meses para el cierre de la investigaci\u00f3n complementaria.<\/p>\n\n\n\n<p>Canc\u00fan.- El Ministerio P\u00fablico de la Fiscal\u00eda General de la Rep\u00fablica (FGR) en Quintana Roo, obtuvo del Juez de Control, vinculaci\u00f3n a proceso contra Jos\u00e9 \u201cH\u201d, por portaci\u00f3n de arma de fuego y posesi\u00f3n de cartuchos, ambos de uso exclusivo de las Fuerzas Armadas.<\/p>\n\n\n\n<figure class=\"wp-block-image size-full\"><img decoding=\"async\" width=\"890\" height=\"954\" data-src=\"https:\/\/inspectornocturno.com.mx\/wp-content\/uploads\/2023\/06\/75897C3F-6DB8-43B3-9FF0-508135183FC4.jpeg\" alt=\"\" class=\"wp-image-48082 lazyload\" data-srcset=\"https:\/\/inspectornocturno.com.mx\/wp-content\/uploads\/2023\/06\/75897C3F-6DB8-43B3-9FF0-508135183FC4.jpeg 890w, https:\/\/inspectornocturno.com.mx\/wp-content\/uploads\/2023\/06\/75897C3F-6DB8-43B3-9FF0-508135183FC4-280x300.jpeg 280w, https:\/\/inspectornocturno.com.mx\/wp-content\/uploads\/2023\/06\/75897C3F-6DB8-43B3-9FF0-508135183FC4-768x823.jpeg 768w\" data-sizes=\"(max-width: 890px) 100vw, 890px\" src=\"data:image\/svg+xml;base64,PHN2ZyB3aWR0aD0iMSIgaGVpZ2h0PSIxIiB4bWxucz0iaHR0cDovL3d3dy53My5vcmcvMjAwMC9zdmciPjwvc3ZnPg==\" style=\"--smush-placeholder-width: 890px; --smush-placeholder-aspect-ratio: 890\/954;\" \/><\/figure>\n\n\n\n<p>Lo anterior, derivado de la puesta a disposici\u00f3n por parte de elementos de la Polic\u00eda Municipal de Benito Ju\u00e1rez,&nbsp;<\/p>\n\n\n\n<p>La polic\u00eda llev\u00f3 acabo la detenci\u00f3n del hoy imputado, en la Regi\u00f3n 258, Manzana 14.<\/p>\n\n\n\n<p>Al ser detenido, el imputado portaba un arma de fuego larga tipo AR15 con cargador y 139 cartuchos \u00fatiles de diferentes calibres.&nbsp;<\/p>\n\n\n\n<p>El detenido y lo asegurado fueron puestos a disposici\u00f3n del Fiscal Federal, por ello seofreci\u00f3 los datos de prueba necesarios, para obtener del Juez de control el auto de vinculaci\u00f3n a proceso, quien impuso como medida cautelar la prisi\u00f3n preventiva oficiosa y dos meses para cierre de investigaci\u00f3n.<\/p>\n\n\n\n<figure class=\"wp-block-image size-large\"><img decoding=\"async\" width=\"921\" height=\"1024\" data-src=\"https:\/\/inspectornocturno.com.mx\/wp-content\/uploads\/2023\/06\/0653E556-9BDA-494E-9140-A8CBA10A59C2-921x1024.jpeg\" alt=\"\" class=\"wp-image-48083 lazyload\" data-srcset=\"https:\/\/inspectornocturno.com.mx\/wp-content\/uploads\/2023\/06\/0653E556-9BDA-494E-9140-A8CBA10A59C2-921x1024.jpeg 921w, https:\/\/inspectornocturno.com.mx\/wp-content\/uploads\/2023\/06\/0653E556-9BDA-494E-9140-A8CBA10A59C2-270x300.jpeg 270w, https:\/\/inspectornocturno.com.mx\/wp-content\/uploads\/2023\/06\/0653E556-9BDA-494E-9140-A8CBA10A59C2-768x854.jpeg 768w, https:\/\/inspectornocturno.com.mx\/wp-content\/uploads\/2023\/06\/0653E556-9BDA-494E-9140-A8CBA10A59C2.jpeg 924w\" data-sizes=\"(max-width: 921px) 100vw, 921px\" src=\"data:image\/svg+xml;base64,PHN2ZyB3aWR0aD0iMSIgaGVpZ2h0PSIxIiB4bWxucz0iaHR0cDovL3d3dy53My5vcmcvMjAwMC9zdmciPjwvc3ZnPg==\" style=\"--smush-placeholder-width: 921px; --smush-placeholder-aspect-ratio: 921\/1024;\" \/><\/figure>\n","protected":false},"excerpt":{"rendered":"<p>\ud83d\udd3a&nbsp;La autoridad fij\u00f3 un plazo de dos meses para el cierre de la investigaci\u00f3n complementaria. Canc\u00fan.- El Ministerio P\u00fablico de la Fiscal\u00eda General de la Rep\u00fablica (FGR) en Quintana Roo, obtuvo del Juez de Control, vinculaci\u00f3n a proceso contra Jos\u00e9 \u201cH\u201d, por portaci\u00f3n de arma de fuego y posesi\u00f3n de cartuchos, ambos de uso exclusivo [&hellip;]<\/p>\n","protected":false},"author":3,"featured_media":48082,"comment_status":"closed","ping_status":"closed","sticky":false,"template":"","format":"standard","meta":{"footnotes":"","_wpscppro_dont_share_socialmedia":false,"_wpscppro_custom_social_share_image":0,"_facebook_share_type":"","_twitter_share_type":"","_linkedin_share_type":"","_pinterest_share_type":"","_linkedin_share_type_page":"","_instagram_share_type":"","_medium_share_type":"","_threads_share_type":"","_google_business_share_type":"","_selected_social_profile":[],"_wpsp_enable_custom_social_template":false,"_wpsp_social_scheduling":{"enabled":false,"datetime":null,"platforms":[],"status":"template_only","dateOption":"today","timeOption":"now","customDays":"","customHours":"","customDate":"","customTime":"","schedulingType":"absolute"},"_wpsp_active_default_template":true},"categories":[57,75],"tags":[],"class_list":["post-48080","post","type-post","status-publish","format-standard","has-post-thumbnail","hentry","category-cancun","category-policia"],"yoast_head":"<!-- This site is optimized with the Yoast SEO plugin v27.4 - https:\/\/yoast.com\/product\/yoast-seo-wordpress\/ -->\n<title>LO DETUVIERON ARMADO; HOY TIENE PRISI\u00d3N PREVENTIVA\u00a0 - Inspector Nocturno<\/title>\n<meta name=\"robots\" content=\"index, follow, max-snippet:-1, max-image-preview:large, max-video-preview:-1\" \/>\n<link rel=\"canonical\" href=\"https:\/\/inspectornocturno.com.mx\/?p=48080\" \/>\n<meta property=\"og:locale\" content=\"es_ES\" \/>\n<meta property=\"og:type\" content=\"article\" \/>\n<meta property=\"og:title\" content=\"LO DETUVIERON ARMADO; HOY TIENE PRISI\u00d3N PREVENTIVA\u00a0 - Inspector Nocturno\" \/>\n<meta property=\"og:description\" content=\"\ud83d\udd3a&nbsp;La autoridad fij\u00f3 un plazo de dos meses para el cierre de la investigaci\u00f3n complementaria. Canc\u00fan.- El Ministerio P\u00fablico de la Fiscal\u00eda General de la Rep\u00fablica (FGR) en Quintana Roo, obtuvo del Juez de Control, vinculaci\u00f3n a proceso contra Jos\u00e9 \u201cH\u201d, por portaci\u00f3n de arma de fuego y posesi\u00f3n de cartuchos, ambos de uso exclusivo [&hellip;]\" \/>\n<meta property=\"og:url\" content=\"https:\/\/inspectornocturno.com.mx\/?p=48080\" \/>\n<meta property=\"og:site_name\" content=\"Inspector Nocturno\" \/>\n<meta property=\"article:published_time\" content=\"2023-06-09T00:04:56+00:00\" \/>\n<meta property=\"article:modified_time\" content=\"2023-06-09T00:04:58+00:00\" \/>\n<meta property=\"og:image\" content=\"https:\/\/inspectornocturno.com.mx\/wp-content\/uploads\/2023\/06\/75897C3F-6DB8-43B3-9FF0-508135183FC4.jpeg\" \/>\n\t<meta property=\"og:image:width\" content=\"890\" \/>\n\t<meta property=\"og:image:height\" content=\"954\" \/>\n\t<meta property=\"og:image:type\" content=\"image\/jpeg\" \/>\n<meta name=\"author\" content=\"Inspector Nocturno\" \/>\n<meta name=\"twitter:card\" content=\"summary_large_image\" \/>\n<script type=\"application\/ld+json\" class=\"yoast-schema-graph\">{\"@context\":\"https:\\\/\\\/schema.org\",\"@graph\":[{\"@type\":\"Article\",\"@id\":\"https:\\\/\\\/inspectornocturno.com.mx\\\/?p=48080#article\",\"isPartOf\":{\"@id\":\"https:\\\/\\\/inspectornocturno.com.mx\\\/?p=48080\"},\"author\":{\"name\":\"Inspector Nocturno\",\"@id\":\"https:\\\/\\\/inspectornocturno.com.mx\\\/#\\\/schema\\\/person\\\/2f4c4173b1712fd9cf4f4b9365ce65db\"},\"headline\":\"LO DETUVIERON ARMADO; HOY TIENE PRISI\u00d3N PREVENTIVA\u00a0\",\"datePublished\":\"2023-06-09T00:04:56+00:00\",\"dateModified\":\"2023-06-09T00:04:58+00:00\",\"mainEntityOfPage\":{\"@id\":\"https:\\\/\\\/inspectornocturno.com.mx\\\/?p=48080\"},\"wordCount\":190,\"publisher\":{\"@id\":\"https:\\\/\\\/inspectornocturno.com.mx\\\/#\\\/schema\\\/person\\\/63eb343fea17271215b1dd2793b27897\"},\"image\":{\"@id\":\"https:\\\/\\\/inspectornocturno.com.mx\\\/?p=48080#primaryimage\"},\"thumbnailUrl\":\"https:\\\/\\\/inspectornocturno.com.mx\\\/wp-content\\\/uploads\\\/2023\\\/06\\\/75897C3F-6DB8-43B3-9FF0-508135183FC4.jpeg\",\"articleSection\":[\"Canc\u00fan\",\"Polic\u00eda\"],\"inLanguage\":\"es\"},{\"@type\":\"WebPage\",\"@id\":\"https:\\\/\\\/inspectornocturno.com.mx\\\/?p=48080\",\"url\":\"https:\\\/\\\/inspectornocturno.com.mx\\\/?p=48080\",\"name\":\"LO DETUVIERON ARMADO; HOY TIENE PRISI\u00d3N PREVENTIVA\u00a0 - Inspector Nocturno\",\"isPartOf\":{\"@id\":\"https:\\\/\\\/inspectornocturno.com.mx\\\/#website\"},\"primaryImageOfPage\":{\"@id\":\"https:\\\/\\\/inspectornocturno.com.mx\\\/?p=48080#primaryimage\"},\"image\":{\"@id\":\"https:\\\/\\\/inspectornocturno.com.mx\\\/?p=48080#primaryimage\"},\"thumbnailUrl\":\"https:\\\/\\\/inspectornocturno.com.mx\\\/wp-content\\\/uploads\\\/2023\\\/06\\\/75897C3F-6DB8-43B3-9FF0-508135183FC4.jpeg\",\"datePublished\":\"2023-06-09T00:04:56+00:00\",\"dateModified\":\"2023-06-09T00:04:58+00:00\",\"breadcrumb\":{\"@id\":\"https:\\\/\\\/inspectornocturno.com.mx\\\/?p=48080#breadcrumb\"},\"inLanguage\":\"es\",\"potentialAction\":[{\"@type\":\"ReadAction\",\"target\":[\"https:\\\/\\\/inspectornocturno.com.mx\\\/?p=48080\"]}]},{\"@type\":\"ImageObject\",\"inLanguage\":\"es\",\"@id\":\"https:\\\/\\\/inspectornocturno.com.mx\\\/?p=48080#primaryimage\",\"url\":\"https:\\\/\\\/inspectornocturno.com.mx\\\/wp-content\\\/uploads\\\/2023\\\/06\\\/75897C3F-6DB8-43B3-9FF0-508135183FC4.jpeg\",\"contentUrl\":\"https:\\\/\\\/inspectornocturno.com.mx\\\/wp-content\\\/uploads\\\/2023\\\/06\\\/75897C3F-6DB8-43B3-9FF0-508135183FC4.jpeg\",\"width\":890,\"height\":954},{\"@type\":\"BreadcrumbList\",\"@id\":\"https:\\\/\\\/inspectornocturno.com.mx\\\/?p=48080#breadcrumb\",\"itemListElement\":[{\"@type\":\"ListItem\",\"position\":1,\"name\":\"Portada\",\"item\":\"https:\\\/\\\/inspectornocturno.com.mx\\\/\"},{\"@type\":\"ListItem\",\"position\":2,\"name\":\"LO DETUVIERON ARMADO; HOY TIENE PRISI\u00d3N PREVENTIVA\u00a0\"}]},{\"@type\":\"WebSite\",\"@id\":\"https:\\\/\\\/inspectornocturno.com.mx\\\/#website\",\"url\":\"https:\\\/\\\/inspectornocturno.com.mx\\\/\",\"name\":\"Inspector Nocturno\",\"description\":\"Canc\u00fan, noticias al minuto del inspector nocturno\",\"publisher\":{\"@id\":\"https:\\\/\\\/inspectornocturno.com.mx\\\/#\\\/schema\\\/person\\\/63eb343fea17271215b1dd2793b27897\"},\"alternateName\":\"Noticias de impacto al momento de los hechos\",\"potentialAction\":[{\"@type\":\"SearchAction\",\"target\":{\"@type\":\"EntryPoint\",\"urlTemplate\":\"https:\\\/\\\/inspectornocturno.com.mx\\\/?s={search_term_string}\"},\"query-input\":{\"@type\":\"PropertyValueSpecification\",\"valueRequired\":true,\"valueName\":\"search_term_string\"}}],\"inLanguage\":\"es\"},{\"@type\":[\"Person\",\"Organization\"],\"@id\":\"https:\\\/\\\/inspectornocturno.com.mx\\\/#\\\/schema\\\/person\\\/63eb343fea17271215b1dd2793b27897\",\"name\":\"Inspector Nocturno\",\"image\":{\"@type\":\"ImageObject\",\"inLanguage\":\"es\",\"@id\":\"https:\\\/\\\/inspectornocturno.com.mx\\\/wp-content\\\/uploads\\\/2021\\\/10\\\/logo-transparente.png\",\"url\":\"https:\\\/\\\/inspectornocturno.com.mx\\\/wp-content\\\/uploads\\\/2021\\\/10\\\/logo-transparente.png\",\"contentUrl\":\"https:\\\/\\\/inspectornocturno.com.mx\\\/wp-content\\\/uploads\\\/2021\\\/10\\\/logo-transparente.png\",\"width\":561,\"height\":668,\"caption\":\"Inspector Nocturno\"},\"logo\":{\"@id\":\"https:\\\/\\\/inspectornocturno.com.mx\\\/wp-content\\\/uploads\\\/2021\\\/10\\\/logo-transparente.png\"},\"sameAs\":[\"http:\\\/\\\/inspectornocturno.com.mx\"]},{\"@type\":\"Person\",\"@id\":\"https:\\\/\\\/inspectornocturno.com.mx\\\/#\\\/schema\\\/person\\\/2f4c4173b1712fd9cf4f4b9365ce65db\",\"name\":\"Inspector Nocturno\",\"sameAs\":[\"http:\\\/\\\/inspectornocturno.com.mx\"]}]}<\/script>\n<!-- \/ Yoast SEO plugin. -->","yoast_head_json":{"title":"LO DETUVIERON ARMADO; HOY TIENE PRISI\u00d3N PREVENTIVA\u00a0 - Inspector Nocturno","robots":{"index":"index","follow":"follow","max-snippet":"max-snippet:-1","max-image-preview":"max-image-preview:large","max-video-preview":"max-video-preview:-1"},"canonical":"https:\/\/inspectornocturno.com.mx\/?p=48080","og_locale":"es_ES","og_type":"article","og_title":"LO DETUVIERON ARMADO; HOY TIENE PRISI\u00d3N PREVENTIVA\u00a0 - Inspector Nocturno","og_description":"\ud83d\udd3a&nbsp;La autoridad fij\u00f3 un plazo de dos meses para el cierre de la investigaci\u00f3n complementaria. Canc\u00fan.- El Ministerio P\u00fablico de la Fiscal\u00eda General de la Rep\u00fablica (FGR) en Quintana Roo, obtuvo del Juez de Control, vinculaci\u00f3n a proceso contra Jos\u00e9 \u201cH\u201d, por portaci\u00f3n de arma de fuego y posesi\u00f3n de cartuchos, ambos de uso exclusivo [&hellip;]","og_url":"https:\/\/inspectornocturno.com.mx\/?p=48080","og_site_name":"Inspector Nocturno","article_published_time":"2023-06-09T00:04:56+00:00","article_modified_time":"2023-06-09T00:04:58+00:00","og_image":[{"width":890,"height":954,"url":"https:\/\/inspectornocturno.com.mx\/wp-content\/uploads\/2023\/06\/75897C3F-6DB8-43B3-9FF0-508135183FC4.jpeg","type":"image\/jpeg"}],"author":"Inspector Nocturno","twitter_card":"summary_large_image","schema":{"@context":"https:\/\/schema.org","@graph":[{"@type":"Article","@id":"https:\/\/inspectornocturno.com.mx\/?p=48080#article","isPartOf":{"@id":"https:\/\/inspectornocturno.com.mx\/?p=48080"},"author":{"name":"Inspector Nocturno","@id":"https:\/\/inspectornocturno.com.mx\/#\/schema\/person\/2f4c4173b1712fd9cf4f4b9365ce65db"},"headline":"LO DETUVIERON ARMADO; HOY TIENE PRISI\u00d3N PREVENTIVA\u00a0","datePublished":"2023-06-09T00:04:56+00:00","dateModified":"2023-06-09T00:04:58+00:00","mainEntityOfPage":{"@id":"https:\/\/inspectornocturno.com.mx\/?p=48080"},"wordCount":190,"publisher":{"@id":"https:\/\/inspectornocturno.com.mx\/#\/schema\/person\/63eb343fea17271215b1dd2793b27897"},"image":{"@id":"https:\/\/inspectornocturno.com.mx\/?p=48080#primaryimage"},"thumbnailUrl":"https:\/\/inspectornocturno.com.mx\/wp-content\/uploads\/2023\/06\/75897C3F-6DB8-43B3-9FF0-508135183FC4.jpeg","articleSection":["Canc\u00fan","Polic\u00eda"],"inLanguage":"es"},{"@type":"WebPage","@id":"https:\/\/inspectornocturno.com.mx\/?p=48080","url":"https:\/\/inspectornocturno.com.mx\/?p=48080","name":"LO DETUVIERON ARMADO; HOY TIENE PRISI\u00d3N PREVENTIVA\u00a0 - Inspector Nocturno","isPartOf":{"@id":"https:\/\/inspectornocturno.com.mx\/#website"},"primaryImageOfPage":{"@id":"https:\/\/inspectornocturno.com.mx\/?p=48080#primaryimage"},"image":{"@id":"https:\/\/inspectornocturno.com.mx\/?p=48080#primaryimage"},"thumbnailUrl":"https:\/\/inspectornocturno.com.mx\/wp-content\/uploads\/2023\/06\/75897C3F-6DB8-43B3-9FF0-508135183FC4.jpeg","datePublished":"2023-06-09T00:04:56+00:00","dateModified":"2023-06-09T00:04:58+00:00","breadcrumb":{"@id":"https:\/\/inspectornocturno.com.mx\/?p=48080#breadcrumb"},"inLanguage":"es","potentialAction":[{"@type":"ReadAction","target":["https:\/\/inspectornocturno.com.mx\/?p=48080"]}]},{"@type":"ImageObject","inLanguage":"es","@id":"https:\/\/inspectornocturno.com.mx\/?p=48080#primaryimage","url":"https:\/\/inspectornocturno.com.mx\/wp-content\/uploads\/2023\/06\/75897C3F-6DB8-43B3-9FF0-508135183FC4.jpeg","contentUrl":"https:\/\/inspectornocturno.com.mx\/wp-content\/uploads\/2023\/06\/75897C3F-6DB8-43B3-9FF0-508135183FC4.jpeg","width":890,"height":954},{"@type":"BreadcrumbList","@id":"https:\/\/inspectornocturno.com.mx\/?p=48080#breadcrumb","itemListElement":[{"@type":"ListItem","position":1,"name":"Portada","item":"https:\/\/inspectornocturno.com.mx\/"},{"@type":"ListItem","position":2,"name":"LO DETUVIERON ARMADO; HOY TIENE PRISI\u00d3N PREVENTIVA\u00a0"}]},{"@type":"WebSite","@id":"https:\/\/inspectornocturno.com.mx\/#website","url":"https:\/\/inspectornocturno.com.mx\/","name":"Inspector Nocturno","description":"Canc\u00fan, noticias al minuto del inspector nocturno","publisher":{"@id":"https:\/\/inspectornocturno.com.mx\/#\/schema\/person\/63eb343fea17271215b1dd2793b27897"},"alternateName":"Noticias de impacto al momento de los hechos","potentialAction":[{"@type":"SearchAction","target":{"@type":"EntryPoint","urlTemplate":"https:\/\/inspectornocturno.com.mx\/?s={search_term_string}"},"query-input":{"@type":"PropertyValueSpecification","valueRequired":true,"valueName":"search_term_string"}}],"inLanguage":"es"},{"@type":["Person","Organization"],"@id":"https:\/\/inspectornocturno.com.mx\/#\/schema\/person\/63eb343fea17271215b1dd2793b27897","name":"Inspector Nocturno","image":{"@type":"ImageObject","inLanguage":"es","@id":"https:\/\/inspectornocturno.com.mx\/wp-content\/uploads\/2021\/10\/logo-transparente.png","url":"https:\/\/inspectornocturno.com.mx\/wp-content\/uploads\/2021\/10\/logo-transparente.png","contentUrl":"https:\/\/inspectornocturno.com.mx\/wp-content\/uploads\/2021\/10\/logo-transparente.png","width":561,"height":668,"caption":"Inspector Nocturno"},"logo":{"@id":"https:\/\/inspectornocturno.com.mx\/wp-content\/uploads\/2021\/10\/logo-transparente.png"},"sameAs":["http:\/\/inspectornocturno.com.mx"]},{"@type":"Person","@id":"https:\/\/inspectornocturno.com.mx\/#\/schema\/person\/2f4c4173b1712fd9cf4f4b9365ce65db","name":"Inspector Nocturno","sameAs":["http:\/\/inspectornocturno.com.mx"]}]}},"views":1467,"_links":{"self":[{"href":"https:\/\/inspectornocturno.com.mx\/index.php?rest_route=\/wp\/v2\/posts\/48080","targetHints":{"allow":["GET"]}}],"collection":[{"href":"https:\/\/inspectornocturno.com.mx\/index.php?rest_route=\/wp\/v2\/posts"}],"about":[{"href":"https:\/\/inspectornocturno.com.mx\/index.php?rest_route=\/wp\/v2\/types\/post"}],"author":[{"embeddable":true,"href":"https:\/\/inspectornocturno.com.mx\/index.php?rest_route=\/wp\/v2\/users\/3"}],"replies":[{"embeddable":true,"href":"https:\/\/inspectornocturno.com.mx\/index.php?rest_route=%2Fwp%2Fv2%2Fcomments&post=48080"}],"version-history":[{"count":1,"href":"https:\/\/inspectornocturno.com.mx\/index.php?rest_route=\/wp\/v2\/posts\/48080\/revisions"}],"predecessor-version":[{"id":48084,"href":"https:\/\/inspectornocturno.com.mx\/index.php?rest_route=\/wp\/v2\/posts\/48080\/revisions\/48084"}],"wp:featuredmedia":[{"embeddable":true,"href":"https:\/\/inspectornocturno.com.mx\/index.php?rest_route=\/wp\/v2\/media\/48082"}],"wp:attachment":[{"href":"https:\/\/inspectornocturno.com.mx\/index.php?rest_route=%2Fwp%2Fv2%2Fmedia&parent=48080"}],"wp:term":[{"taxonomy":"category","embeddable":true,"href":"https:\/\/inspectornocturno.com.mx\/index.php?rest_route=%2Fwp%2Fv2%2Fcategories&post=48080"},{"taxonomy":"post_tag","embeddable":true,"href":"https:\/\/inspectornocturno.com.mx\/index.php?rest_route=%2Fwp%2Fv2%2Ftags&post=48080"}],"curies":[{"name":"wp","href":"https:\/\/api.w.org\/{rel}","templated":true}]}}