{"id":46836,"date":"2023-05-15T21:42:15","date_gmt":"2023-05-16T02:42:15","guid":{"rendered":"https:\/\/inspectornocturno.com.mx\/?p=46836"},"modified":"2023-05-15T21:42:16","modified_gmt":"2023-05-16T02:42:16","slug":"dan-plazo-para-el-caso-del-guero-palma","status":"publish","type":"post","link":"https:\/\/inspectornocturno.com.mx\/?p=46836","title":{"rendered":"DAN PLAZO PARA EL CASO DEL \u201c G\u00dcERO\u201d PALMA"},"content":{"rendered":"\n<p>\ud83d\udd3aDan plazo de 72 horas para resolver situaci\u00f3n de \u201cEl G\u00fcero\u201d Palma; la audiencia incidental se realizar\u00e1 el 19 de mayo a las 09:40 horas, de conformidad con la fracci\u00f3n II del art\u00edculo 138 de la Ley de Amparo<\/p>\n\n\n\n<p>Ciudad de M\u00e9xico.- Un juez federal concedi\u00f3 que en un plazo de 72 horas el Juzgado de Primera Instancia del Distrito Judicial de Hidalgo, en Iguala, tendr\u00e1 que resolver la situaci\u00f3n jur\u00eddica de H\u00e9ctor \u201cEl G\u00fcero\u201d Palma, a quien se le se\u00f1ala por el delito de homicidio calificado ocurrido en 1992 en contra de nueve hombres, entre ellos el abogado y familiares de Miguel \u00c1ngel F\u00e9lix Gallardo \u201cEl Jefe de Jefes\u201d.<\/p>\n\n\n\n<figure class=\"wp-block-image size-full\"><img decoding=\"async\" width=\"474\" height=\"266\" data-src=\"https:\/\/inspectornocturno.com.mx\/wp-content\/uploads\/2023\/05\/1BFC634F-5C18-4460-A875-91B85834AA20.jpeg\" alt=\"\" class=\"wp-image-46837 lazyload\" data-srcset=\"https:\/\/inspectornocturno.com.mx\/wp-content\/uploads\/2023\/05\/1BFC634F-5C18-4460-A875-91B85834AA20.jpeg 474w, https:\/\/inspectornocturno.com.mx\/wp-content\/uploads\/2023\/05\/1BFC634F-5C18-4460-A875-91B85834AA20-300x168.jpeg 300w, https:\/\/inspectornocturno.com.mx\/wp-content\/uploads\/2023\/05\/1BFC634F-5C18-4460-A875-91B85834AA20-470x264.jpeg 470w, https:\/\/inspectornocturno.com.mx\/wp-content\/uploads\/2023\/05\/1BFC634F-5C18-4460-A875-91B85834AA20-215x120.jpeg 215w, https:\/\/inspectornocturno.com.mx\/wp-content\/uploads\/2023\/05\/1BFC634F-5C18-4460-A875-91B85834AA20-414x232.jpeg 414w\" data-sizes=\"(max-width: 474px) 100vw, 474px\" src=\"data:image\/svg+xml;base64,PHN2ZyB3aWR0aD0iMSIgaGVpZ2h0PSIxIiB4bWxucz0iaHR0cDovL3d3dy53My5vcmcvMjAwMC9zdmciPjwvc3ZnPg==\" style=\"--smush-placeholder-width: 474px; --smush-placeholder-aspect-ratio: 474\/266;\" \/><\/figure>\n\n\n\n<p>El juzgador otorg\u00f3 la medida cautelar, luego que \u201cEl G\u00fcero\u201d Palma apel\u00f3 la omisi\u00f3n por no haberle informado, dentro del plazo de 48 horas y en audiencia p\u00fablica, de la nueva acusaci\u00f3n que ocasion\u00f3 una orden de aprehensi\u00f3n que fue cumplimentada el pasado 10 de mayo por agentes de la Fiscal\u00eda General de la Rep\u00fablica (FGR).&nbsp;<\/p>\n\n\n\n<p>De acuerdo con El Universal, con fundamento en los art\u00edculos 128, 129, 166 y 168 de la Ley de Amparo se concedi\u00f3 la suspensi\u00f3n provisional del acto reclamado para el efecto de que el Juzgado de Primera Instancia del Distrito Judicial de Hidalgo, con residencia en la ciudad de Iguala de la Independencia, Guerrero, o en su caso, las diversas autoridades que act\u00fae en su auxilio<\/p>\n\n\n\n<p>Esto para que resuelva la situaci\u00f3n jur\u00eddica del quejoso Jes\u00fas H\u00e9ctor Palma Salazar, dentro del plazo establecido en el art\u00edculo 19 de la Constituci\u00f3n.<\/p>\n\n\n\n<p>El t\u00e9rmino empezar\u00e1 a computarse una vez que el quejoso quede jur\u00eddica y materialmente a disposici\u00f3n del juez que lleva la causa de donde deriva el acto reclamado, ya que una puesta a disposici\u00f3n formal o &#8220;a distancia&#8221; har\u00eda imposible para el juzgador cumplir con sus atribuciones de garante y vigilante de la estricta observancia de los derechos humanos del procesado.<\/p>\n\n\n\n<p>La audiencia incidental se realizar\u00e1 el 19 de mayo a las 09:40 horas, de conformidad con la fracci\u00f3n II del art\u00edculo 138 de la Ley de Amparo.<\/p>\n\n\n\n<p>Entre el 9 y 10 de mayo se esperaba que el fundador del C\u00e1rtel de Sinaloa abandonara el penal, luego que la jueza Mar\u00eda Dolores Olarte Ruvalcaba lo hab\u00eda absuelto al considerar que la FGR no hab\u00eda aportado las pruebas suficientes para inculparlo del delito de delincuencia organizada.<\/p>\n\n\n\n<p>Ese mismo d\u00eda, los agentes de la FGR le cumplimentaron en reclusi\u00f3n la orden de aprehensi\u00f3n por su supuesta responsabilidad en el delito de homicidio calificado.<\/p>\n\n\n\n<p>Con informaci\u00f3n de redes sociales<\/p>\n","protected":false},"excerpt":{"rendered":"<p>\ud83d\udd3aDan plazo de 72 horas para resolver situaci\u00f3n de \u201cEl G\u00fcero\u201d Palma; la audiencia incidental se realizar\u00e1 el 19 de mayo a las 09:40 horas, de conformidad con la fracci\u00f3n II del art\u00edculo 138 de la Ley de Amparo Ciudad de M\u00e9xico.- Un juez federal concedi\u00f3 que en un plazo de 72 horas el Juzgado [&hellip;]<\/p>\n","protected":false},"author":3,"featured_media":46837,"comment_status":"closed","ping_status":"closed","sticky":false,"template":"","format":"standard","meta":{"footnotes":"","_wpscppro_dont_share_socialmedia":false,"_wpscppro_custom_social_share_image":0,"_facebook_share_type":"","_twitter_share_type":"","_linkedin_share_type":"","_pinterest_share_type":"","_linkedin_share_type_page":"","_instagram_share_type":"","_medium_share_type":"","_threads_share_type":"","_google_business_share_type":"","_selected_social_profile":[],"_wpsp_enable_custom_social_template":false,"_wpsp_social_scheduling":{"enabled":false,"datetime":null,"platforms":[],"status":"template_only","dateOption":"today","timeOption":"now","customDays":"","customHours":"","customDate":"","customTime":"","schedulingType":"absolute"},"_wpsp_active_default_template":true},"categories":[99,81],"tags":[],"class_list":["post-46836","post","type-post","status-publish","format-standard","has-post-thumbnail","hentry","category-maxcanu-2","category-nacional"],"yoast_head":"<!-- This site is optimized with the Yoast SEO plugin v27.4 - https:\/\/yoast.com\/product\/yoast-seo-wordpress\/ -->\n<title>DAN PLAZO PARA EL CASO DEL \u201c G\u00dcERO\u201d PALMA - Inspector Nocturno<\/title>\n<meta name=\"robots\" content=\"index, follow, max-snippet:-1, max-image-preview:large, max-video-preview:-1\" \/>\n<link rel=\"canonical\" href=\"https:\/\/inspectornocturno.com.mx\/?p=46836\" \/>\n<meta property=\"og:locale\" content=\"es_ES\" \/>\n<meta property=\"og:type\" content=\"article\" \/>\n<meta property=\"og:title\" content=\"DAN PLAZO PARA EL CASO DEL \u201c G\u00dcERO\u201d PALMA - Inspector Nocturno\" \/>\n<meta property=\"og:description\" content=\"\ud83d\udd3aDan plazo de 72 horas para resolver situaci\u00f3n de \u201cEl G\u00fcero\u201d Palma; la audiencia incidental se realizar\u00e1 el 19 de mayo a las 09:40 horas, de conformidad con la fracci\u00f3n II del art\u00edculo 138 de la Ley de Amparo Ciudad de M\u00e9xico.- Un juez federal concedi\u00f3 que en un plazo de 72 horas el Juzgado [&hellip;]\" \/>\n<meta property=\"og:url\" content=\"https:\/\/inspectornocturno.com.mx\/?p=46836\" \/>\n<meta property=\"og:site_name\" content=\"Inspector Nocturno\" \/>\n<meta property=\"article:published_time\" content=\"2023-05-16T02:42:15+00:00\" \/>\n<meta property=\"article:modified_time\" content=\"2023-05-16T02:42:16+00:00\" \/>\n<meta property=\"og:image\" content=\"https:\/\/inspectornocturno.com.mx\/wp-content\/uploads\/2023\/05\/1BFC634F-5C18-4460-A875-91B85834AA20.jpeg\" \/>\n\t<meta property=\"og:image:width\" content=\"474\" \/>\n\t<meta property=\"og:image:height\" content=\"266\" \/>\n\t<meta property=\"og:image:type\" content=\"image\/jpeg\" \/>\n<meta name=\"author\" content=\"Inspector Nocturno\" \/>\n<meta name=\"twitter:card\" content=\"summary_large_image\" \/>\n<meta name=\"twitter:image\" content=\"https:\/\/inspectornocturno.com.mx\/wp-content\/uploads\/2023\/05\/1BFC634F-5C18-4460-A875-91B85834AA20.jpeg\" \/>\n<script type=\"application\/ld+json\" class=\"yoast-schema-graph\">{\"@context\":\"https:\\\/\\\/schema.org\",\"@graph\":[{\"@type\":\"Article\",\"@id\":\"https:\\\/\\\/inspectornocturno.com.mx\\\/?p=46836#article\",\"isPartOf\":{\"@id\":\"https:\\\/\\\/inspectornocturno.com.mx\\\/?p=46836\"},\"author\":{\"name\":\"Inspector Nocturno\",\"@id\":\"https:\\\/\\\/inspectornocturno.com.mx\\\/#\\\/schema\\\/person\\\/2f4c4173b1712fd9cf4f4b9365ce65db\"},\"headline\":\"DAN PLAZO PARA EL CASO DEL \u201c G\u00dcERO\u201d PALMA\",\"datePublished\":\"2023-05-16T02:42:15+00:00\",\"dateModified\":\"2023-05-16T02:42:16+00:00\",\"mainEntityOfPage\":{\"@id\":\"https:\\\/\\\/inspectornocturno.com.mx\\\/?p=46836\"},\"wordCount\":458,\"publisher\":{\"@id\":\"https:\\\/\\\/inspectornocturno.com.mx\\\/#\\\/schema\\\/person\\\/63eb343fea17271215b1dd2793b27897\"},\"image\":{\"@id\":\"https:\\\/\\\/inspectornocturno.com.mx\\\/?p=46836#primaryimage\"},\"thumbnailUrl\":\"https:\\\/\\\/inspectornocturno.com.mx\\\/wp-content\\\/uploads\\\/2023\\\/05\\\/1BFC634F-5C18-4460-A875-91B85834AA20.jpeg\",\"articleSection\":[\"Maxcan\u00fa\",\"Nacional\"],\"inLanguage\":\"es\"},{\"@type\":\"WebPage\",\"@id\":\"https:\\\/\\\/inspectornocturno.com.mx\\\/?p=46836\",\"url\":\"https:\\\/\\\/inspectornocturno.com.mx\\\/?p=46836\",\"name\":\"DAN PLAZO PARA EL CASO DEL \u201c G\u00dcERO\u201d PALMA - Inspector Nocturno\",\"isPartOf\":{\"@id\":\"https:\\\/\\\/inspectornocturno.com.mx\\\/#website\"},\"primaryImageOfPage\":{\"@id\":\"https:\\\/\\\/inspectornocturno.com.mx\\\/?p=46836#primaryimage\"},\"image\":{\"@id\":\"https:\\\/\\\/inspectornocturno.com.mx\\\/?p=46836#primaryimage\"},\"thumbnailUrl\":\"https:\\\/\\\/inspectornocturno.com.mx\\\/wp-content\\\/uploads\\\/2023\\\/05\\\/1BFC634F-5C18-4460-A875-91B85834AA20.jpeg\",\"datePublished\":\"2023-05-16T02:42:15+00:00\",\"dateModified\":\"2023-05-16T02:42:16+00:00\",\"breadcrumb\":{\"@id\":\"https:\\\/\\\/inspectornocturno.com.mx\\\/?p=46836#breadcrumb\"},\"inLanguage\":\"es\",\"potentialAction\":[{\"@type\":\"ReadAction\",\"target\":[\"https:\\\/\\\/inspectornocturno.com.mx\\\/?p=46836\"]}]},{\"@type\":\"ImageObject\",\"inLanguage\":\"es\",\"@id\":\"https:\\\/\\\/inspectornocturno.com.mx\\\/?p=46836#primaryimage\",\"url\":\"https:\\\/\\\/inspectornocturno.com.mx\\\/wp-content\\\/uploads\\\/2023\\\/05\\\/1BFC634F-5C18-4460-A875-91B85834AA20.jpeg\",\"contentUrl\":\"https:\\\/\\\/inspectornocturno.com.mx\\\/wp-content\\\/uploads\\\/2023\\\/05\\\/1BFC634F-5C18-4460-A875-91B85834AA20.jpeg\",\"width\":474,\"height\":266},{\"@type\":\"BreadcrumbList\",\"@id\":\"https:\\\/\\\/inspectornocturno.com.mx\\\/?p=46836#breadcrumb\",\"itemListElement\":[{\"@type\":\"ListItem\",\"position\":1,\"name\":\"Portada\",\"item\":\"https:\\\/\\\/inspectornocturno.com.mx\\\/\"},{\"@type\":\"ListItem\",\"position\":2,\"name\":\"DAN PLAZO PARA EL CASO DEL \u201c G\u00dcERO\u201d PALMA\"}]},{\"@type\":\"WebSite\",\"@id\":\"https:\\\/\\\/inspectornocturno.com.mx\\\/#website\",\"url\":\"https:\\\/\\\/inspectornocturno.com.mx\\\/\",\"name\":\"Inspector Nocturno\",\"description\":\"Canc\u00fan, noticias al minuto del inspector nocturno\",\"publisher\":{\"@id\":\"https:\\\/\\\/inspectornocturno.com.mx\\\/#\\\/schema\\\/person\\\/63eb343fea17271215b1dd2793b27897\"},\"alternateName\":\"Noticias de impacto al momento de los hechos\",\"potentialAction\":[{\"@type\":\"SearchAction\",\"target\":{\"@type\":\"EntryPoint\",\"urlTemplate\":\"https:\\\/\\\/inspectornocturno.com.mx\\\/?s={search_term_string}\"},\"query-input\":{\"@type\":\"PropertyValueSpecification\",\"valueRequired\":true,\"valueName\":\"search_term_string\"}}],\"inLanguage\":\"es\"},{\"@type\":[\"Person\",\"Organization\"],\"@id\":\"https:\\\/\\\/inspectornocturno.com.mx\\\/#\\\/schema\\\/person\\\/63eb343fea17271215b1dd2793b27897\",\"name\":\"Inspector Nocturno\",\"image\":{\"@type\":\"ImageObject\",\"inLanguage\":\"es\",\"@id\":\"https:\\\/\\\/inspectornocturno.com.mx\\\/wp-content\\\/uploads\\\/2021\\\/10\\\/logo-transparente.png\",\"url\":\"https:\\\/\\\/inspectornocturno.com.mx\\\/wp-content\\\/uploads\\\/2021\\\/10\\\/logo-transparente.png\",\"contentUrl\":\"https:\\\/\\\/inspectornocturno.com.mx\\\/wp-content\\\/uploads\\\/2021\\\/10\\\/logo-transparente.png\",\"width\":561,\"height\":668,\"caption\":\"Inspector Nocturno\"},\"logo\":{\"@id\":\"https:\\\/\\\/inspectornocturno.com.mx\\\/wp-content\\\/uploads\\\/2021\\\/10\\\/logo-transparente.png\"},\"sameAs\":[\"http:\\\/\\\/inspectornocturno.com.mx\"]},{\"@type\":\"Person\",\"@id\":\"https:\\\/\\\/inspectornocturno.com.mx\\\/#\\\/schema\\\/person\\\/2f4c4173b1712fd9cf4f4b9365ce65db\",\"name\":\"Inspector Nocturno\",\"sameAs\":[\"http:\\\/\\\/inspectornocturno.com.mx\"]}]}<\/script>\n<!-- \/ Yoast SEO plugin. -->","yoast_head_json":{"title":"DAN PLAZO PARA EL CASO DEL \u201c G\u00dcERO\u201d PALMA - Inspector Nocturno","robots":{"index":"index","follow":"follow","max-snippet":"max-snippet:-1","max-image-preview":"max-image-preview:large","max-video-preview":"max-video-preview:-1"},"canonical":"https:\/\/inspectornocturno.com.mx\/?p=46836","og_locale":"es_ES","og_type":"article","og_title":"DAN PLAZO PARA EL CASO DEL \u201c G\u00dcERO\u201d PALMA - Inspector Nocturno","og_description":"\ud83d\udd3aDan plazo de 72 horas para resolver situaci\u00f3n de \u201cEl G\u00fcero\u201d Palma; la audiencia incidental se realizar\u00e1 el 19 de mayo a las 09:40 horas, de conformidad con la fracci\u00f3n II del art\u00edculo 138 de la Ley de Amparo Ciudad de M\u00e9xico.- Un juez federal concedi\u00f3 que en un plazo de 72 horas el Juzgado [&hellip;]","og_url":"https:\/\/inspectornocturno.com.mx\/?p=46836","og_site_name":"Inspector Nocturno","article_published_time":"2023-05-16T02:42:15+00:00","article_modified_time":"2023-05-16T02:42:16+00:00","og_image":[{"width":474,"height":266,"url":"https:\/\/inspectornocturno.com.mx\/wp-content\/uploads\/2023\/05\/1BFC634F-5C18-4460-A875-91B85834AA20.jpeg","type":"image\/jpeg"}],"author":"Inspector Nocturno","twitter_card":"summary_large_image","twitter_image":"https:\/\/inspectornocturno.com.mx\/wp-content\/uploads\/2023\/05\/1BFC634F-5C18-4460-A875-91B85834AA20.jpeg","schema":{"@context":"https:\/\/schema.org","@graph":[{"@type":"Article","@id":"https:\/\/inspectornocturno.com.mx\/?p=46836#article","isPartOf":{"@id":"https:\/\/inspectornocturno.com.mx\/?p=46836"},"author":{"name":"Inspector Nocturno","@id":"https:\/\/inspectornocturno.com.mx\/#\/schema\/person\/2f4c4173b1712fd9cf4f4b9365ce65db"},"headline":"DAN PLAZO PARA EL CASO DEL \u201c G\u00dcERO\u201d PALMA","datePublished":"2023-05-16T02:42:15+00:00","dateModified":"2023-05-16T02:42:16+00:00","mainEntityOfPage":{"@id":"https:\/\/inspectornocturno.com.mx\/?p=46836"},"wordCount":458,"publisher":{"@id":"https:\/\/inspectornocturno.com.mx\/#\/schema\/person\/63eb343fea17271215b1dd2793b27897"},"image":{"@id":"https:\/\/inspectornocturno.com.mx\/?p=46836#primaryimage"},"thumbnailUrl":"https:\/\/inspectornocturno.com.mx\/wp-content\/uploads\/2023\/05\/1BFC634F-5C18-4460-A875-91B85834AA20.jpeg","articleSection":["Maxcan\u00fa","Nacional"],"inLanguage":"es"},{"@type":"WebPage","@id":"https:\/\/inspectornocturno.com.mx\/?p=46836","url":"https:\/\/inspectornocturno.com.mx\/?p=46836","name":"DAN PLAZO PARA EL CASO DEL \u201c G\u00dcERO\u201d PALMA - Inspector Nocturno","isPartOf":{"@id":"https:\/\/inspectornocturno.com.mx\/#website"},"primaryImageOfPage":{"@id":"https:\/\/inspectornocturno.com.mx\/?p=46836#primaryimage"},"image":{"@id":"https:\/\/inspectornocturno.com.mx\/?p=46836#primaryimage"},"thumbnailUrl":"https:\/\/inspectornocturno.com.mx\/wp-content\/uploads\/2023\/05\/1BFC634F-5C18-4460-A875-91B85834AA20.jpeg","datePublished":"2023-05-16T02:42:15+00:00","dateModified":"2023-05-16T02:42:16+00:00","breadcrumb":{"@id":"https:\/\/inspectornocturno.com.mx\/?p=46836#breadcrumb"},"inLanguage":"es","potentialAction":[{"@type":"ReadAction","target":["https:\/\/inspectornocturno.com.mx\/?p=46836"]}]},{"@type":"ImageObject","inLanguage":"es","@id":"https:\/\/inspectornocturno.com.mx\/?p=46836#primaryimage","url":"https:\/\/inspectornocturno.com.mx\/wp-content\/uploads\/2023\/05\/1BFC634F-5C18-4460-A875-91B85834AA20.jpeg","contentUrl":"https:\/\/inspectornocturno.com.mx\/wp-content\/uploads\/2023\/05\/1BFC634F-5C18-4460-A875-91B85834AA20.jpeg","width":474,"height":266},{"@type":"BreadcrumbList","@id":"https:\/\/inspectornocturno.com.mx\/?p=46836#breadcrumb","itemListElement":[{"@type":"ListItem","position":1,"name":"Portada","item":"https:\/\/inspectornocturno.com.mx\/"},{"@type":"ListItem","position":2,"name":"DAN PLAZO PARA EL CASO DEL \u201c G\u00dcERO\u201d PALMA"}]},{"@type":"WebSite","@id":"https:\/\/inspectornocturno.com.mx\/#website","url":"https:\/\/inspectornocturno.com.mx\/","name":"Inspector Nocturno","description":"Canc\u00fan, noticias al minuto del inspector nocturno","publisher":{"@id":"https:\/\/inspectornocturno.com.mx\/#\/schema\/person\/63eb343fea17271215b1dd2793b27897"},"alternateName":"Noticias de impacto al momento de los hechos","potentialAction":[{"@type":"SearchAction","target":{"@type":"EntryPoint","urlTemplate":"https:\/\/inspectornocturno.com.mx\/?s={search_term_string}"},"query-input":{"@type":"PropertyValueSpecification","valueRequired":true,"valueName":"search_term_string"}}],"inLanguage":"es"},{"@type":["Person","Organization"],"@id":"https:\/\/inspectornocturno.com.mx\/#\/schema\/person\/63eb343fea17271215b1dd2793b27897","name":"Inspector Nocturno","image":{"@type":"ImageObject","inLanguage":"es","@id":"https:\/\/inspectornocturno.com.mx\/wp-content\/uploads\/2021\/10\/logo-transparente.png","url":"https:\/\/inspectornocturno.com.mx\/wp-content\/uploads\/2021\/10\/logo-transparente.png","contentUrl":"https:\/\/inspectornocturno.com.mx\/wp-content\/uploads\/2021\/10\/logo-transparente.png","width":561,"height":668,"caption":"Inspector Nocturno"},"logo":{"@id":"https:\/\/inspectornocturno.com.mx\/wp-content\/uploads\/2021\/10\/logo-transparente.png"},"sameAs":["http:\/\/inspectornocturno.com.mx"]},{"@type":"Person","@id":"https:\/\/inspectornocturno.com.mx\/#\/schema\/person\/2f4c4173b1712fd9cf4f4b9365ce65db","name":"Inspector Nocturno","sameAs":["http:\/\/inspectornocturno.com.mx"]}]}},"views":1444,"_links":{"self":[{"href":"https:\/\/inspectornocturno.com.mx\/index.php?rest_route=\/wp\/v2\/posts\/46836","targetHints":{"allow":["GET"]}}],"collection":[{"href":"https:\/\/inspectornocturno.com.mx\/index.php?rest_route=\/wp\/v2\/posts"}],"about":[{"href":"https:\/\/inspectornocturno.com.mx\/index.php?rest_route=\/wp\/v2\/types\/post"}],"author":[{"embeddable":true,"href":"https:\/\/inspectornocturno.com.mx\/index.php?rest_route=\/wp\/v2\/users\/3"}],"replies":[{"embeddable":true,"href":"https:\/\/inspectornocturno.com.mx\/index.php?rest_route=%2Fwp%2Fv2%2Fcomments&post=46836"}],"version-history":[{"count":1,"href":"https:\/\/inspectornocturno.com.mx\/index.php?rest_route=\/wp\/v2\/posts\/46836\/revisions"}],"predecessor-version":[{"id":46838,"href":"https:\/\/inspectornocturno.com.mx\/index.php?rest_route=\/wp\/v2\/posts\/46836\/revisions\/46838"}],"wp:featuredmedia":[{"embeddable":true,"href":"https:\/\/inspectornocturno.com.mx\/index.php?rest_route=\/wp\/v2\/media\/46837"}],"wp:attachment":[{"href":"https:\/\/inspectornocturno.com.mx\/index.php?rest_route=%2Fwp%2Fv2%2Fmedia&parent=46836"}],"wp:term":[{"taxonomy":"category","embeddable":true,"href":"https:\/\/inspectornocturno.com.mx\/index.php?rest_route=%2Fwp%2Fv2%2Fcategories&post=46836"},{"taxonomy":"post_tag","embeddable":true,"href":"https:\/\/inspectornocturno.com.mx\/index.php?rest_route=%2Fwp%2Fv2%2Ftags&post=46836"}],"curies":[{"name":"wp","href":"https:\/\/api.w.org\/{rel}","templated":true}]}}