{"id":46815,"date":"2023-05-15T10:13:27","date_gmt":"2023-05-15T15:13:27","guid":{"rendered":"https:\/\/inspectornocturno.com.mx\/?p=46815"},"modified":"2023-05-15T10:13:28","modified_gmt":"2023-05-15T15:13:28","slug":"inicia-la-temporada-de-huracanes","status":"publish","type":"post","link":"https:\/\/inspectornocturno.com.mx\/?p=46815","title":{"rendered":"INICIA LA TEMPORADA DE HURACANES"},"content":{"rendered":"\n<p class=\"wp-block-paragraph\">\ud83d\udd3aEste a\u00f1o, en el Oc\u00e9ano Atl\u00e1ntico el pron\u00f3stico es hasta tres huracanes de categor\u00edas 1 o 2, as\u00ed como hasta cuatro de categor\u00edas 3, 4 o 5.<\/p>\n\n\n\n<p class=\"wp-block-paragraph\">Ciudad de M\u00e9xico.- Este lunes 15 de mayo inicia la temporada de huracanes 2023 en M\u00e9xico. De acuerdo con el Servicio Meteorol\u00f3gico de la Comisi\u00f3n Nacional del Agua (Conagua), en el Atl\u00e1ntico se espera una temporada m\u00e1s tranquila de lo normal, ya que el promedio de 14 ciclones se estima que baje hasta un 10%, en tanto que en el Pac\u00edfico aumentar\u00e1 30% el promedio de 15 fen\u00f3menos.<\/p>\n\n\n\n<p class=\"wp-block-paragraph\">La dependencia se\u00f1al\u00f3 que en esta temporada de huracanes la regi\u00f3n del oc\u00e9ano Pac\u00edfico ser\u00e1 m\u00e1s afectada que en a\u00f1os anteriores, con un aumento de hasta el 30 por ciento de ciclones sobre el promedio, que normalmente es de hasta 15 eventos de este tipo.<\/p>\n\n\n\n<p class=\"wp-block-paragraph\">Del lado del Atl\u00e1ntico se espera un a\u00f1o m\u00e1s tranquilo de lo normal, ya que es posible que el promedio de 14 ciclones baje hasta un 10 por ciento.<\/p>\n\n\n\n<p class=\"wp-block-paragraph\">El Pac\u00edfico espera hasta seis huracanes de categor\u00edas 1 o 2, as\u00ed como hasta cinco huracanes de categor\u00edas 3, 4 o 5.<\/p>\n\n\n\n<p class=\"wp-block-paragraph\">En el Oc\u00e9ano Atl\u00e1ntico el pron\u00f3stico es hasta tres huracanes de categor\u00edas 1 o 2, as\u00ed como hasta cuatro huracanes de categor\u00edas 3, 4 o 5.<\/p>\n\n\n\n<p class=\"wp-block-paragraph\">La Conagua se\u00f1ala que los meses con mayor actividad cicl\u00f3nica son agosto y septiembre.<\/p>\n\n\n\n<p class=\"wp-block-paragraph\">Adem\u00e1s, destac\u00f3 que el fen\u00f3meno El Ni\u00f1o, que lleva alrededor de tres a\u00f1os, puede alcanzar la categor\u00eda de intenso, adem\u00e1s de que sus efectos prolongar\u00e1n las lluvias hasta diciembre.<\/p>\n\n\n\n<p class=\"wp-block-paragraph\">Estos son los nombres que llevar\u00e1n los huracanes durante 2023:<br>En el Oc\u00e9ano Pac\u00edfico ser\u00e1n:<br>&#8220;Adri\u00e1n&#8221;<br>&#8220;Max&#8221;<br>&#8220;Beatriz&#8221;<br>&#8220;Norma&#8221;<br>&#8220;Calvin&#8221;<br>&#8220;Otis&#8221;<br>&#8220;Dora&#8221;<br>&#8220;Pilar&#8221;<br>&#8220;Eugene&#8221;<br>&#8220;Ram\u00f3n&#8221;<br>&#8220;Fernanda&#8221;<br>&#8220;Selma&#8221;<br>&#8220;Greg&#8221;<br>&#8220;Todd&#8221;<br>&#8220;Hilary&#8221;<br>&#8220;Ver\u00f3nica&#8221;<br>&#8220;Irwin&#8221;<br>&#8220;Wiley&#8221;<br>&#8220;Jova&#8221;<br>&#8220;Xina&#8221;<br>&#8220;Kenneth&#8221;<br>&#8220;York&#8221;<br>&#8220;Lidia&#8221;<br>&#8220;Zelda&#8221;<\/p>\n\n\n\n<p class=\"wp-block-paragraph\">En el Oc\u00e9ano Atl\u00e1ntico:<br>&#8220;Arlene&#8221;<br>&#8220;Margot&#8221;<br>&#8220;Bret&#8221;<br>&#8220;Nigel&#8221;<br>&#8220;Cindy&#8221;<br>&#8220;Ophelia&#8221;<br>&#8220;Don&#8221;<br>&#8220;Philippe&#8221;<br>&#8220;Emily&#8221;<br>&#8220;Rina&#8221;<br>&#8220;Franklin&#8221;<br>&#8220;Sean&#8221;<br>&#8220;Gert&#8221;<br>&#8220;Tammy&#8221;<br>&#8220;Harold&#8221;<br>&#8220;Vince&#8221;<br>&#8220;Idalia&#8221;<br>&#8220;Whitney&#8221;<br>&#8220;Jos\u00e9&#8221;<br>&#8220;Katia&#8221;<br>&#8220;Lee&#8221;<\/p>\n","protected":false},"excerpt":{"rendered":"<p>\ud83d\udd3aEste a\u00f1o, en el Oc\u00e9ano Atl\u00e1ntico el pron\u00f3stico es hasta tres huracanes de categor\u00edas 1 o 2, as\u00ed como hasta cuatro de categor\u00edas 3, 4 o 5. Ciudad de M\u00e9xico.- Este lunes 15 de mayo inicia la temporada de huracanes 2023 en M\u00e9xico. De acuerdo con el Servicio Meteorol\u00f3gico de la Comisi\u00f3n Nacional del Agua [&hellip;]<\/p>\n","protected":false},"author":3,"featured_media":46817,"comment_status":"closed","ping_status":"closed","sticky":true,"template":"","format":"standard","meta":{"footnotes":"","_wpscppro_dont_share_socialmedia":false,"_wpscppro_custom_social_share_image":0,"_facebook_share_type":"","_twitter_share_type":"","_linkedin_share_type":"","_pinterest_share_type":"","_linkedin_share_type_page":"","_instagram_share_type":"","_medium_share_type":"","_threads_share_type":"","_google_business_share_type":"","_selected_social_profile":[],"_wpsp_enable_custom_social_template":false,"_wpsp_social_scheduling":{"enabled":false,"datetime":null,"platforms":[],"status":"template_only","dateOption":"today","timeOption":"now","customDays":"","customHours":"","customDate":"","customTime":"","schedulingType":"absolute"},"_wpsp_active_default_template":true},"categories":[78],"tags":[],"class_list":["post-46815","post","type-post","status-publish","format-standard","has-post-thumbnail","hentry","category-el-clima"],"yoast_head":"<!-- This site is optimized with the Yoast SEO plugin v27.7 - https:\/\/yoast.com\/product\/yoast-seo-wordpress\/ -->\n<title>INICIA LA TEMPORADA DE HURACANES - Inspector Nocturno<\/title>\n<meta name=\"robots\" content=\"index, follow, max-snippet:-1, max-image-preview:large, max-video-preview:-1\" \/>\n<link rel=\"canonical\" href=\"https:\/\/inspectornocturno.com.mx\/?p=46815\" \/>\n<meta property=\"og:locale\" content=\"es_ES\" \/>\n<meta property=\"og:type\" content=\"article\" \/>\n<meta property=\"og:title\" content=\"INICIA LA TEMPORADA DE HURACANES - Inspector Nocturno\" \/>\n<meta property=\"og:description\" content=\"\ud83d\udd3aEste a\u00f1o, en el Oc\u00e9ano Atl\u00e1ntico el pron\u00f3stico es hasta tres huracanes de categor\u00edas 1 o 2, as\u00ed como hasta cuatro de categor\u00edas 3, 4 o 5. Ciudad de M\u00e9xico.- Este lunes 15 de mayo inicia la temporada de huracanes 2023 en M\u00e9xico. De acuerdo con el Servicio Meteorol\u00f3gico de la Comisi\u00f3n Nacional del Agua [&hellip;]\" \/>\n<meta property=\"og:url\" content=\"https:\/\/inspectornocturno.com.mx\/?p=46815\" \/>\n<meta property=\"og:site_name\" content=\"Inspector Nocturno\" \/>\n<meta property=\"article:published_time\" content=\"2023-05-15T15:13:27+00:00\" \/>\n<meta property=\"article:modified_time\" content=\"2023-05-15T15:13:28+00:00\" \/>\n<meta property=\"og:image\" content=\"https:\/\/inspectornocturno.com.mx\/wp-content\/uploads\/2023\/05\/20230515_101112.jpg\" \/>\n\t<meta property=\"og:image:width\" content=\"640\" \/>\n\t<meta property=\"og:image:height\" content=\"480\" \/>\n\t<meta property=\"og:image:type\" content=\"image\/jpeg\" \/>\n<meta name=\"author\" content=\"Inspector Nocturno\" \/>\n<meta name=\"twitter:card\" content=\"summary_large_image\" \/>\n<meta name=\"twitter:image\" content=\"https:\/\/inspectornocturno.com.mx\/wp-content\/uploads\/2023\/05\/20230515_101112.jpg\" \/>\n<script type=\"application\/ld+json\" class=\"yoast-schema-graph\">{\"@context\":\"https:\\\/\\\/schema.org\",\"@graph\":[{\"@type\":\"Article\",\"@id\":\"https:\\\/\\\/inspectornocturno.com.mx\\\/?p=46815#article\",\"isPartOf\":{\"@id\":\"https:\\\/\\\/inspectornocturno.com.mx\\\/?p=46815\"},\"author\":{\"name\":\"Inspector Nocturno\",\"@id\":\"https:\\\/\\\/inspectornocturno.com.mx\\\/#\\\/schema\\\/person\\\/2f4c4173b1712fd9cf4f4b9365ce65db\"},\"headline\":\"INICIA LA TEMPORADA DE HURACANES\",\"datePublished\":\"2023-05-15T15:13:27+00:00\",\"dateModified\":\"2023-05-15T15:13:28+00:00\",\"mainEntityOfPage\":{\"@id\":\"https:\\\/\\\/inspectornocturno.com.mx\\\/?p=46815\"},\"wordCount\":353,\"publisher\":{\"@id\":\"https:\\\/\\\/inspectornocturno.com.mx\\\/#\\\/schema\\\/person\\\/63eb343fea17271215b1dd2793b27897\"},\"image\":{\"@id\":\"https:\\\/\\\/inspectornocturno.com.mx\\\/?p=46815#primaryimage\"},\"thumbnailUrl\":\"https:\\\/\\\/inspectornocturno.com.mx\\\/wp-content\\\/uploads\\\/2023\\\/05\\\/20230515_101112.jpg\",\"articleSection\":[\"El Clima\"],\"inLanguage\":\"es\"},{\"@type\":\"WebPage\",\"@id\":\"https:\\\/\\\/inspectornocturno.com.mx\\\/?p=46815\",\"url\":\"https:\\\/\\\/inspectornocturno.com.mx\\\/?p=46815\",\"name\":\"INICIA LA TEMPORADA DE HURACANES - Inspector Nocturno\",\"isPartOf\":{\"@id\":\"https:\\\/\\\/inspectornocturno.com.mx\\\/#website\"},\"primaryImageOfPage\":{\"@id\":\"https:\\\/\\\/inspectornocturno.com.mx\\\/?p=46815#primaryimage\"},\"image\":{\"@id\":\"https:\\\/\\\/inspectornocturno.com.mx\\\/?p=46815#primaryimage\"},\"thumbnailUrl\":\"https:\\\/\\\/inspectornocturno.com.mx\\\/wp-content\\\/uploads\\\/2023\\\/05\\\/20230515_101112.jpg\",\"datePublished\":\"2023-05-15T15:13:27+00:00\",\"dateModified\":\"2023-05-15T15:13:28+00:00\",\"breadcrumb\":{\"@id\":\"https:\\\/\\\/inspectornocturno.com.mx\\\/?p=46815#breadcrumb\"},\"inLanguage\":\"es\",\"potentialAction\":[{\"@type\":\"ReadAction\",\"target\":[\"https:\\\/\\\/inspectornocturno.com.mx\\\/?p=46815\"]}]},{\"@type\":\"ImageObject\",\"inLanguage\":\"es\",\"@id\":\"https:\\\/\\\/inspectornocturno.com.mx\\\/?p=46815#primaryimage\",\"url\":\"https:\\\/\\\/inspectornocturno.com.mx\\\/wp-content\\\/uploads\\\/2023\\\/05\\\/20230515_101112.jpg\",\"contentUrl\":\"https:\\\/\\\/inspectornocturno.com.mx\\\/wp-content\\\/uploads\\\/2023\\\/05\\\/20230515_101112.jpg\",\"width\":640,\"height\":480},{\"@type\":\"BreadcrumbList\",\"@id\":\"https:\\\/\\\/inspectornocturno.com.mx\\\/?p=46815#breadcrumb\",\"itemListElement\":[{\"@type\":\"ListItem\",\"position\":1,\"name\":\"Portada\",\"item\":\"https:\\\/\\\/inspectornocturno.com.mx\\\/\"},{\"@type\":\"ListItem\",\"position\":2,\"name\":\"INICIA LA TEMPORADA DE HURACANES\"}]},{\"@type\":\"WebSite\",\"@id\":\"https:\\\/\\\/inspectornocturno.com.mx\\\/#website\",\"url\":\"https:\\\/\\\/inspectornocturno.com.mx\\\/\",\"name\":\"Inspector Nocturno\",\"description\":\"Canc\u00fan, noticias al minuto del inspector nocturno\",\"publisher\":{\"@id\":\"https:\\\/\\\/inspectornocturno.com.mx\\\/#\\\/schema\\\/person\\\/63eb343fea17271215b1dd2793b27897\"},\"alternateName\":\"Noticias de impacto al momento de los hechos\",\"potentialAction\":[{\"@type\":\"SearchAction\",\"target\":{\"@type\":\"EntryPoint\",\"urlTemplate\":\"https:\\\/\\\/inspectornocturno.com.mx\\\/?s={search_term_string}\"},\"query-input\":{\"@type\":\"PropertyValueSpecification\",\"valueRequired\":true,\"valueName\":\"search_term_string\"}}],\"inLanguage\":\"es\"},{\"@type\":[\"Person\",\"Organization\"],\"@id\":\"https:\\\/\\\/inspectornocturno.com.mx\\\/#\\\/schema\\\/person\\\/63eb343fea17271215b1dd2793b27897\",\"name\":\"Inspector Nocturno\",\"image\":{\"@type\":\"ImageObject\",\"inLanguage\":\"es\",\"@id\":\"https:\\\/\\\/inspectornocturno.com.mx\\\/wp-content\\\/uploads\\\/2021\\\/10\\\/logo-transparente.png\",\"url\":\"https:\\\/\\\/inspectornocturno.com.mx\\\/wp-content\\\/uploads\\\/2021\\\/10\\\/logo-transparente.png\",\"contentUrl\":\"https:\\\/\\\/inspectornocturno.com.mx\\\/wp-content\\\/uploads\\\/2021\\\/10\\\/logo-transparente.png\",\"width\":561,\"height\":668,\"caption\":\"Inspector Nocturno\"},\"logo\":{\"@id\":\"https:\\\/\\\/inspectornocturno.com.mx\\\/wp-content\\\/uploads\\\/2021\\\/10\\\/logo-transparente.png\"},\"sameAs\":[\"http:\\\/\\\/inspectornocturno.com.mx\"]},{\"@type\":\"Person\",\"@id\":\"https:\\\/\\\/inspectornocturno.com.mx\\\/#\\\/schema\\\/person\\\/2f4c4173b1712fd9cf4f4b9365ce65db\",\"name\":\"Inspector Nocturno\",\"sameAs\":[\"http:\\\/\\\/inspectornocturno.com.mx\"]}]}<\/script>\n<!-- \/ Yoast SEO plugin. -->","yoast_head_json":{"title":"INICIA LA TEMPORADA DE HURACANES - Inspector Nocturno","robots":{"index":"index","follow":"follow","max-snippet":"max-snippet:-1","max-image-preview":"max-image-preview:large","max-video-preview":"max-video-preview:-1"},"canonical":"https:\/\/inspectornocturno.com.mx\/?p=46815","og_locale":"es_ES","og_type":"article","og_title":"INICIA LA TEMPORADA DE HURACANES - Inspector Nocturno","og_description":"\ud83d\udd3aEste a\u00f1o, en el Oc\u00e9ano Atl\u00e1ntico el pron\u00f3stico es hasta tres huracanes de categor\u00edas 1 o 2, as\u00ed como hasta cuatro de categor\u00edas 3, 4 o 5. Ciudad de M\u00e9xico.- Este lunes 15 de mayo inicia la temporada de huracanes 2023 en M\u00e9xico. De acuerdo con el Servicio Meteorol\u00f3gico de la Comisi\u00f3n Nacional del Agua [&hellip;]","og_url":"https:\/\/inspectornocturno.com.mx\/?p=46815","og_site_name":"Inspector Nocturno","article_published_time":"2023-05-15T15:13:27+00:00","article_modified_time":"2023-05-15T15:13:28+00:00","og_image":[{"width":640,"height":480,"url":"https:\/\/inspectornocturno.com.mx\/wp-content\/uploads\/2023\/05\/20230515_101112.jpg","type":"image\/jpeg"}],"author":"Inspector Nocturno","twitter_card":"summary_large_image","twitter_image":"https:\/\/inspectornocturno.com.mx\/wp-content\/uploads\/2023\/05\/20230515_101112.jpg","schema":{"@context":"https:\/\/schema.org","@graph":[{"@type":"Article","@id":"https:\/\/inspectornocturno.com.mx\/?p=46815#article","isPartOf":{"@id":"https:\/\/inspectornocturno.com.mx\/?p=46815"},"author":{"name":"Inspector Nocturno","@id":"https:\/\/inspectornocturno.com.mx\/#\/schema\/person\/2f4c4173b1712fd9cf4f4b9365ce65db"},"headline":"INICIA LA TEMPORADA DE HURACANES","datePublished":"2023-05-15T15:13:27+00:00","dateModified":"2023-05-15T15:13:28+00:00","mainEntityOfPage":{"@id":"https:\/\/inspectornocturno.com.mx\/?p=46815"},"wordCount":353,"publisher":{"@id":"https:\/\/inspectornocturno.com.mx\/#\/schema\/person\/63eb343fea17271215b1dd2793b27897"},"image":{"@id":"https:\/\/inspectornocturno.com.mx\/?p=46815#primaryimage"},"thumbnailUrl":"https:\/\/inspectornocturno.com.mx\/wp-content\/uploads\/2023\/05\/20230515_101112.jpg","articleSection":["El Clima"],"inLanguage":"es"},{"@type":"WebPage","@id":"https:\/\/inspectornocturno.com.mx\/?p=46815","url":"https:\/\/inspectornocturno.com.mx\/?p=46815","name":"INICIA LA TEMPORADA DE HURACANES - Inspector Nocturno","isPartOf":{"@id":"https:\/\/inspectornocturno.com.mx\/#website"},"primaryImageOfPage":{"@id":"https:\/\/inspectornocturno.com.mx\/?p=46815#primaryimage"},"image":{"@id":"https:\/\/inspectornocturno.com.mx\/?p=46815#primaryimage"},"thumbnailUrl":"https:\/\/inspectornocturno.com.mx\/wp-content\/uploads\/2023\/05\/20230515_101112.jpg","datePublished":"2023-05-15T15:13:27+00:00","dateModified":"2023-05-15T15:13:28+00:00","breadcrumb":{"@id":"https:\/\/inspectornocturno.com.mx\/?p=46815#breadcrumb"},"inLanguage":"es","potentialAction":[{"@type":"ReadAction","target":["https:\/\/inspectornocturno.com.mx\/?p=46815"]}]},{"@type":"ImageObject","inLanguage":"es","@id":"https:\/\/inspectornocturno.com.mx\/?p=46815#primaryimage","url":"https:\/\/inspectornocturno.com.mx\/wp-content\/uploads\/2023\/05\/20230515_101112.jpg","contentUrl":"https:\/\/inspectornocturno.com.mx\/wp-content\/uploads\/2023\/05\/20230515_101112.jpg","width":640,"height":480},{"@type":"BreadcrumbList","@id":"https:\/\/inspectornocturno.com.mx\/?p=46815#breadcrumb","itemListElement":[{"@type":"ListItem","position":1,"name":"Portada","item":"https:\/\/inspectornocturno.com.mx\/"},{"@type":"ListItem","position":2,"name":"INICIA LA TEMPORADA DE HURACANES"}]},{"@type":"WebSite","@id":"https:\/\/inspectornocturno.com.mx\/#website","url":"https:\/\/inspectornocturno.com.mx\/","name":"Inspector Nocturno","description":"Canc\u00fan, noticias al minuto del inspector nocturno","publisher":{"@id":"https:\/\/inspectornocturno.com.mx\/#\/schema\/person\/63eb343fea17271215b1dd2793b27897"},"alternateName":"Noticias de impacto al momento de los hechos","potentialAction":[{"@type":"SearchAction","target":{"@type":"EntryPoint","urlTemplate":"https:\/\/inspectornocturno.com.mx\/?s={search_term_string}"},"query-input":{"@type":"PropertyValueSpecification","valueRequired":true,"valueName":"search_term_string"}}],"inLanguage":"es"},{"@type":["Person","Organization"],"@id":"https:\/\/inspectornocturno.com.mx\/#\/schema\/person\/63eb343fea17271215b1dd2793b27897","name":"Inspector Nocturno","image":{"@type":"ImageObject","inLanguage":"es","@id":"https:\/\/inspectornocturno.com.mx\/wp-content\/uploads\/2021\/10\/logo-transparente.png","url":"https:\/\/inspectornocturno.com.mx\/wp-content\/uploads\/2021\/10\/logo-transparente.png","contentUrl":"https:\/\/inspectornocturno.com.mx\/wp-content\/uploads\/2021\/10\/logo-transparente.png","width":561,"height":668,"caption":"Inspector Nocturno"},"logo":{"@id":"https:\/\/inspectornocturno.com.mx\/wp-content\/uploads\/2021\/10\/logo-transparente.png"},"sameAs":["http:\/\/inspectornocturno.com.mx"]},{"@type":"Person","@id":"https:\/\/inspectornocturno.com.mx\/#\/schema\/person\/2f4c4173b1712fd9cf4f4b9365ce65db","name":"Inspector Nocturno","sameAs":["http:\/\/inspectornocturno.com.mx"]}]}},"views":1622,"_links":{"self":[{"href":"https:\/\/inspectornocturno.com.mx\/index.php?rest_route=\/wp\/v2\/posts\/46815","targetHints":{"allow":["GET"]}}],"collection":[{"href":"https:\/\/inspectornocturno.com.mx\/index.php?rest_route=\/wp\/v2\/posts"}],"about":[{"href":"https:\/\/inspectornocturno.com.mx\/index.php?rest_route=\/wp\/v2\/types\/post"}],"author":[{"embeddable":true,"href":"https:\/\/inspectornocturno.com.mx\/index.php?rest_route=\/wp\/v2\/users\/3"}],"replies":[{"embeddable":true,"href":"https:\/\/inspectornocturno.com.mx\/index.php?rest_route=%2Fwp%2Fv2%2Fcomments&post=46815"}],"version-history":[{"count":1,"href":"https:\/\/inspectornocturno.com.mx\/index.php?rest_route=\/wp\/v2\/posts\/46815\/revisions"}],"predecessor-version":[{"id":46818,"href":"https:\/\/inspectornocturno.com.mx\/index.php?rest_route=\/wp\/v2\/posts\/46815\/revisions\/46818"}],"wp:featuredmedia":[{"embeddable":true,"href":"https:\/\/inspectornocturno.com.mx\/index.php?rest_route=\/wp\/v2\/media\/46817"}],"wp:attachment":[{"href":"https:\/\/inspectornocturno.com.mx\/index.php?rest_route=%2Fwp%2Fv2%2Fmedia&parent=46815"}],"wp:term":[{"taxonomy":"category","embeddable":true,"href":"https:\/\/inspectornocturno.com.mx\/index.php?rest_route=%2Fwp%2Fv2%2Fcategories&post=46815"},{"taxonomy":"post_tag","embeddable":true,"href":"https:\/\/inspectornocturno.com.mx\/index.php?rest_route=%2Fwp%2Fv2%2Ftags&post=46815"}],"curies":[{"name":"wp","href":"https:\/\/api.w.org\/{rel}","templated":true}]}}